{"id":2896,"date":"2025-07-17T01:07:18","date_gmt":"2025-07-17T01:07:18","guid":{"rendered":"https:\/\/hueleaazufre.com\/wordpress_a\/?p=2896"},"modified":"2025-07-17T01:07:18","modified_gmt":"2025-07-17T01:07:18","slug":"palestina-como-batalla-moral-venezuela-llama-a-la-accion-internacional","status":"publish","type":"post","link":"https:\/\/hueleaazufre.com\/wordpress_a\/index.php\/2025\/07\/17\/palestina-como-batalla-moral-venezuela-llama-a-la-accion-internacional\/","title":{"rendered":"Palestina como batalla moral: Venezuela llama a la acci\u00f3n internacional"},"content":{"rendered":"<p>En una contundente y extensa misiva fechada el 14 de julio de 2025 desde Caracas, el presidente Nicol\u00e1s Maduro se dirigi\u00f3 a sus hom\u00f3logos Gustavo Petro, de Colombia, y Cyril Ramaphosa, de Sud\u00e1frica, pero tambi\u00e9n a \u00ablos pueblos del mundo\u00bb, \u00aba los movimientos en defensa de los derechos humanos\u00bb, \u00aba la conciencia rebelde de la humanidad\u00bb, \u00abal heroico Pueblo palestino\u00bb y \u00aba las naciones de Asia Occidental\u00bb, con la finalidad de expresar el apoyo de Venezuela al pueblo palestino y denunciar ante la comunidad internacional lo que describe como un genocidio estructural, hist\u00f3rico y en curso por parte del r\u00e9gimen israel\u00ed.<\/p>\n<p class=\"graf--startsWithDoubleQuote\">[Puedes leer la carta completa en\u00a0<a href=\"https:\/\/t.me\/DrodriguezVen\/12402\" target=\"_blank\" rel=\"noopener\">aqu\u00ed<\/a>.]<\/p>\n<p>La carta, de car\u00e1cter abierto a todo el mundo, demuestra una clara intenci\u00f3n de movilizaci\u00f3n y conciencia global, con el prop\u00f3sito central de expresar la profunda preocupaci\u00f3n e indignaci\u00f3n de Venezuela por la situaci\u00f3n en Palestina. El presidente Maduro inicia su mensaje elogiando con \u00abesperanza y respeto\u00bb la convocatoria de una \u00abReuni\u00f3n Ministerial Especial de Emergencia promovida por la Rep\u00fablica de Colombia junto a la Rep\u00fablica de Sud\u00e1frica, en el marco del Grupo de La Haya, con el fin de abordar de manera coordinada y urgente las atrocidades que se siguen cometiendo contra el Pueblo palestino\u00bb.<\/p>\n<p>Esta reuni\u00f3n es percibida como fundamental para abordar el \u00abhorror y la impunidad\u00bb que \u00abinterpela a la humanidad entera\u00bb.\u00a0<a href=\"https:\/\/elpais.com\/america-colombia\/2025-07-15\/petro-acoge-la-primera-cumbre-del-grupo-de-la-haya-para-concretar-acciones-contra-la-ofensiva-de-israel-en-gaza.html\" target=\"_blank\" rel=\"noopener\">Dicho evento<\/a>, al que se refiere la carta, es la primera cumbre ministerial de emergencia del Grupo de La Haya convocada por el presidente colombiano, Gustavo Petro, en Bogot\u00e1 para los d\u00edas 15 y 16 de julio.<\/p>\n<p>El objetivo consiste en coordinar, informan medios internacionales, \u00abacciones concretas, incluyendo medidas legales y diplom\u00e1ticas\u00bb, contra la ofensiva de Israel en la Franja de Gaza, la cual los Estados miembros, entre ellos Colombia, califican de genocidio.<\/p>\n<p>El Grupo de La Haya est\u00e1 compuesto por Bolivia, Cuba, Honduras, Senegal, Sud\u00e1frica, Malasia, Namibia y Colombia, y buscar\u00e1 el apoyo de casi 30 pa\u00edses y organismos de la ONU para presionar contra las \u00abviolaciones del derecho internacional de Israel\u00bb.<\/p>\n<p>Entre las acciones conjuntas acordadas por el grupo se encuentran el cumplimiento de las \u00f3rdenes de arresto emitidas por el Tribunal Penal Internacional contra el primer ministro israel\u00ed, Benjam\u00edn Netanyahu, y su exministro de Defensa, Yoav Gallant. Tambi\u00e9n buscan \u00abprevenir el suministro de armas a Israel e impedir que buques vinculados a la industria militar israel\u00ed atraquen en sus puertos\u00bb.<\/p>\n<p>Mauricio Jaramillo, viceministro colombiano de Asuntos Multilaterales,\u00a0<a href=\"https:\/\/elpais.com\/america-colombia\/2025-07-15\/petro-acoge-la-primera-cumbre-del-grupo-de-la-haya-para-concretar-acciones-contra-la-ofensiva-de-israel-en-gaza.html\" target=\"_blank\" rel=\"noopener\">enfatiz\u00f3<\/a>\u00a0la importancia de esta reuni\u00f3n para \u00abpasar del discurso a las acciones y enviar una se\u00f1al de respaldo al sistema multilateral y al derecho internacional\u00bb.<\/p>\n<p>La conferencia cuenta con la participaci\u00f3n de delegados de unos 30 pa\u00edses, incluyendo Irlanda y Espa\u00f1a, y varios relatores de la ONU, como Francesca Albanese,\u00a0<a href=\"https:\/\/www.consortiumnews.com\/es\/2025\/07\/10\/Chris-Hedges%3A-La-persecuci%C3%B3n-de-Francesca-Albanese\/\" target=\"_blank\" rel=\"noopener\">criminalizada y perseguida por Estados Unidos<\/a>\u00a0debido a las denuncias hechas, con fuentes y datos directos en el terreno, del genocidio continuado en Gaza.<\/p>\n<h3><strong>Exterminio de larga data<\/strong><\/h3>\n<p>El presidente venezolano, a nombre de Venezuela, eleva su voz \u00abcon firmeza, conmovida por el sufrimiento del Pueblo palestino y profundamente indignada ante la pasividad del mundo frente al mayor crimen de la historia contempor\u00e1nea: el genocidio en curso contra Palestina\u00bb.<\/p>\n<p>Subraya con vehemencia que esta \u00abno es una tragedia reciente\u00bb. Si bien \u00abdesde octubre de 2023 hemos sido testigos de una fase de exterminio particularmente cruel, que ha dejado cerca de 60.000 m\u00e1rtires, 138.520 heridos y miles de desaparecidos bajo los escombros\u00bb, el genocidio \u00abno comenz\u00f3 hace 21 meses; se remonta a 1948 con el inicio de la ocupaci\u00f3n sionista, con la expulsi\u00f3n forzosa del Pueblo palestino de su tierra y con la instauraci\u00f3n de un r\u00e9gimen colonial y criminal que ha utilizado el despojo, la represi\u00f3n, el bloqueo y el terror como pol\u00edticas de Estado\u00bb.<\/p>\n<p>Se trata de una contextualizaci\u00f3n hist\u00f3rica necesaria, ya que busca evidenciar la naturaleza prolongada y sistem\u00e1tica de la agresi\u00f3n.<\/p>\n<p>La carta enfatiza de manera categ\u00f3rica que lo que ocurre \u00aben Gaza, en Rafah, en Nablus, y en toda Palestina no es un conflicto entre iguales\u00bb. Por el contrario, se describe como \u00abun plan sistem\u00e1tico de destrucci\u00f3n de un pueblo, de erradicaci\u00f3n de su identidad, de borrado de su memoria\u00bb.<\/p>\n<p>Maduro denuncia sin rodeos que esto constituye \u00abun crimen contra la humanidad, sostenido por el flujo constante de armas, dinero, tecnolog\u00edas de vigilancia y protecci\u00f3n diplom\u00e1tica que provienen de las potencias occidentales, quienes insisten en crear un enclave militar en el Asia Occidental\u00bb.<\/p>\n<p>La cr\u00edtica se agudiza al se\u00f1alar que \u00abel r\u00e9gimen de Netanyahu, bajo el control de una \u00e9lite sionista que ha hecho de la guerra y del racismo una doctrina de Estado, se ha convertido en la mayor amenaza contra la humanidad\u00bb.<\/p>\n<p>Cada \u00abbomba que cae sobre un hospital palestino, sobre una escuela, sobre una vivienda, no solo asesina vidas inocentes, tambi\u00e9n destruye los cimientos de la paz mundial, hiere la legalidad internacional y atenta contra el futuro mismo del sistema de Naciones Unidas\u00bb, y agrega: \u00abNo hay legitimidad ni orden que pueda resistir esta barbarie impune\u00bb.<\/p>\n<p>Este enfoque ampliado permite entender la carta como un manifiesto pol\u00edtico y moral que busca posicionar el sufrimiento palestino como uno de los mayores cr\u00edmenes contra la humanidad en la historia contempor\u00e1nea. No se trata de un conflicto m\u00e1s, sino de una radiograf\u00eda sobre el actual momento de putrefacci\u00f3n del orden internacional liderado por Estados Unidos.<\/p>\n<h3><strong>Secuestro colonial de la justicia internacional<\/strong><\/h3>\n<p>Un punto crucial de la misiva es la contundente cr\u00edtica a las instituciones internacionales supuestamente encargadas de proteger a la humanidad. El presidente Maduro lamenta que \u00ablas instituciones creadas para proteger a la humanidad han claudicado\u00bb.<\/p>\n<p>Menciona espec\u00edficamente que \u00abla Corte Internacional de Justicia y la Corte Penal Internacional se han comportado con una lentitud vergonzosa, cuando no con abierta complacencia\u00bb. Sostiene que \u00abestas instancias, que deber\u00edan hacer cumplir el derecho internacional y proteger a los pueblos agredidos, han sido colonizadas por los intereses de Occidente\u00bb y \u00abse han transformado en instrumentos de presi\u00f3n contra los d\u00e9biles, pero jam\u00e1s contra los poderosos\u00bb.<\/p>\n<p>Por ello, se afirma rotundamente que \u00abla justicia internacional, hoy por hoy, est\u00e1 secuestrada\u00bb.<\/p>\n<p>Desde Venezuela, se denuncia \u00abesa colonizaci\u00f3n institucional, esa hipocres\u00eda estructural, ese uso desigual y selectivo del derecho\u00bb.<\/p>\n<p>El texto argumenta que \u00abla arquitectura jur\u00eddica internacional no puede seguir siendo utilizada como una herramienta de castigo contra los pa\u00edses soberanos del Sur Global, mientras se otorgan privilegios de impunidad a quienes cometen cr\u00edmenes de lesa humanidad a gran escala\u00bb.<\/p>\n<p>As\u00ed, se resume con crudeza y claridad la visi\u00f3n geopol\u00edtica que sustenta la carta: un sistema internacional que permite y respalda el genocidio palestino a trav\u00e9s de la complicidad de las potencias occidentales. Este mensaje refleja una postura antiimperialista y cr\u00edtica del orden internacional vigente, que Venezuela considera profundamente injusto y sesgado a favor de los pa\u00edses hist\u00f3ricamente m\u00e1s poderosos del capitalismo central.<\/p>\n<p>Sin duda, es un argumento que constituye como base al\u00a0<a href=\"https:\/\/misionverdad.com\/globalistan\/tres-claves-del-discurso-del-presidente-nicolas-maduro-en-la-cumbre-brics\">insistente llamado<\/a>\u00a0del presidente Maduro de refundar el sistema de Naciones Unidas.<\/p>\n<p>Asimismo reafirma de manera inequ\u00edvoca que \u00abPalestina tiene derecho a existir, a resistir, a vivir en libertad, con un Estado plenamente soberano y con Jerusal\u00e9n Oriental como su capital, conforme a las resoluciones del Consejo de Seguridad de Naciones Unidas\u00bb.<\/p>\n<p>Adem\u00e1s, se insiste en que \u00abno hay soluci\u00f3n justa sin el fin inmediato de la ocupaci\u00f3n, sin la anulaci\u00f3n del r\u00e9gimen de apartheid, sin la reparaci\u00f3n integral del da\u00f1o infligido durante d\u00e9cadas\u00bb.<\/p>\n<h3><strong>Proposici\u00f3n venezolana<\/strong><\/h3>\n<p>Como una propuesta concreta para la acci\u00f3n internacional, Maduro ha planteado \u00abconvocar a una Gran Cumbre Mundial por la Paz y en Contra de la Guerra, con el prop\u00f3sito de construir una salida colectiva y firme que detenga la masacre, desarme nuclearmente al r\u00e9gimen israel\u00ed y lo obligue a someterse al sistema legal internacional\u00bb.<\/p>\n<p>Se especifica que \u00abesta cumbre deber\u00eda estructurar una propuesta de paz justa, efectiva, duradera, nacida desde los pueblos y no desde las \u00e9lites que lucran con la guerra\u00bb.<\/p>\n<p>Finalmente, Venezuela expresa su \u00abrespeto y respaldo a la valiente labor de la Relatora Especial de Naciones Unidas, Francesca Albanese, sobre la situaci\u00f3n de derechos humanos en los Territorios Palestinos Ocupados\u00bb. Su reciente informe \u00abconstituye un acto de dignidad y verdad, por el cual ha sido atacada y amenazada\u00bb.<\/p>\n<p>Es por ello que el primer mandatario nacional le brinda su \u00absolidaridad activa\u00bb y un \u00abdigno reconocimiento a su coraje y el llamado a que no cese en su misi\u00f3n, a pesar de las sanciones y de la estigmatizaci\u00f3n de la que es objeto\u00bb, y enfatiza que \u00absu voz es necesaria. Su verdad inc\u00f3moda a los poderosos, pero salvar\u00e1 a los oprimidos\u00bb.<\/p>\n<p>Este apoyo simb\u00f3lico refuerza la postura de Venezuela de defender a quienes se atreven a enfrentar el poder establecido, claramente de car\u00e1cter colonial y trasnochadamente imperial, en defensa de la justicia y la verdad.<\/p>\n<p>La carta concluye con una declaraci\u00f3n poderosa desde Caracas: \u00abla Causa Palestina no es un asunto regional ni religioso. Es la l\u00ednea que separa la justicia de la barbarie. Es la batalla moral de nuestro tiempo\u00bb.<\/p>\n<p>Con esto sentencia que \u00abdefender a Palestina es defender a la humanidad misma. Callar frente a Palestina es traicionar el esp\u00edritu de todos los pueblos que han luchado por su independencia y dignidad\u00bb.<\/p>\n<p>De esta manera, invoca la fuerza del Libertador Sim\u00f3n Bol\u00edvar y la \u00abclaridad \u00e9tica y pol\u00edtica del Comandante Hugo Ch\u00e1vez\u00bb, para reiterar \u00abnuestra inquebrantable determinaci\u00f3n de afianzar la lucha hasta encontrar el camino hacia la paz duradera en Palestina\u00bb.<\/p>\n<p>El mensaje final es un grito de esperanza, pero con compromiso: \u00abPalestina no est\u00e1 sola. Venezuela est\u00e1 y estar\u00e1 siempre a su lado. Palestina vivir\u00e1. Palestina vencer\u00e1\u00bb.<\/p>\n<p>La misiva abierta es, s\u00ed, una carta diplom\u00e1tica, pero tambi\u00e9n un manifiesto \u00e9tico y pol\u00edtico que busca posicionar la defensa de Palestina como una cuesti\u00f3n central de derechos humanos, justicia internacional y dignidad humana. Son pocos los Estados que han hecho este tipo de declaraciones de manera oficial, aun escrito en un tono firme, emocional y profundamente comprometido.<\/p>\n<p>El gobierno venezolano, as\u00ed, expresa su visi\u00f3n del mundo basada en la resistencia a la hegemon\u00eda occidental y en la defensa de los pueblos oprimidos, y posiciona a Venezuela como un actor firme y coherente en el escenario internacional, con una pol\u00edtica exterior basada en la solidaridad, la justicia y el antiimperialismo.<\/p>\n<p><a href=\"https:\/\/misionverdad.com\/venezuela\/palestina-como-batalla-moral-venezuela-llama-la-accion-internacional\"><strong>Fuente: Misi\u00f3n Verdad<\/strong><\/a><\/p>\n","protected":false},"excerpt":{"rendered":"<p>En una contundente y extensa misiva fechada el 14 de julio de 2025 desde Caracas,&#8230;<\/p>\n","protected":false},"author":1,"featured_media":2897,"comment_status":"open","ping_status":"closed","sticky":false,"template":"","format":"standard","meta":{"footnotes":""},"categories":[56],"tags":[57,104,854,30],"class_list":["post-2896","post","type-post","status-publish","format-standard","has-post-thumbnail","hentry","category-medios-aliados","tag-colombia","tag-palestina","tag-sudafrica","tag-venezuela"],"yoast_head":"<!-- This site is optimized with the Yoast SEO plugin v27.5 - https:\/\/yoast.com\/product\/yoast-seo-wordpress\/ -->\n<title>Palestina como batalla moral: Venezuela llama a la acci\u00f3n internacional -<\/title>\n<meta name=\"description\" content=\"Palestina. En una contundente y extensa misiva fechada el 14 de julio de 2025 desde Caracas, el presidente Nicol\u00e1s Maduro...\" \/>\n<meta name=\"robots\" content=\"index, follow, max-snippet:-1, max-image-preview:large, max-video-preview:-1\" \/>\n<link rel=\"canonical\" href=\"https:\/\/hueleaazufre.com\/wordpress_a\/index.php\/2025\/07\/17\/palestina-como-batalla-moral-venezuela-llama-a-la-accion-internacional\/\" \/>\n<meta property=\"og:locale\" content=\"es_ES\" \/>\n<meta property=\"og:type\" content=\"article\" \/>\n<meta property=\"og:title\" content=\"Palestina como batalla moral: Venezuela llama a la acci\u00f3n internacional -\" \/>\n<meta property=\"og:description\" content=\"Palestina. En una contundente y extensa misiva fechada el 14 de julio de 2025 desde Caracas, el presidente Nicol\u00e1s Maduro...\" \/>\n<meta property=\"og:url\" content=\"https:\/\/hueleaazufre.com\/wordpress_a\/index.php\/2025\/07\/17\/palestina-como-batalla-moral-venezuela-llama-a-la-accion-internacional\/\" \/>\n<meta property=\"article:published_time\" content=\"2025-07-17T01:07:18+00:00\" \/>\n<meta property=\"og:image\" content=\"https:\/\/hueleaazufre.com\/wordpress_a\/wp-content\/uploads\/2025\/07\/2a-4.webp\" \/>\n\t<meta property=\"og:image:width\" content=\"712\" \/>\n\t<meta property=\"og:image:height\" content=\"400\" \/>\n\t<meta property=\"og:image:type\" content=\"image\/webp\" \/>\n<meta name=\"author\" content=\"Huele a azufre\" \/>\n<meta name=\"twitter:card\" content=\"summary_large_image\" \/>\n<meta name=\"twitter:label1\" content=\"Escrito por\" \/>\n\t<meta name=\"twitter:data1\" content=\"Huele a azufre\" \/>\n\t<meta name=\"twitter:label2\" content=\"Tiempo de lectura\" \/>\n\t<meta name=\"twitter:data2\" content=\"8 minutos\" \/>\n<script type=\"application\/ld+json\" class=\"yoast-schema-graph\">{\"@context\":\"https:\\\/\\\/schema.org\",\"@graph\":[{\"@type\":\"Article\",\"@id\":\"https:\\\/\\\/hueleaazufre.com\\\/wordpress_a\\\/index.php\\\/2025\\\/07\\\/17\\\/palestina-como-batalla-moral-venezuela-llama-a-la-accion-internacional\\\/#article\",\"isPartOf\":{\"@id\":\"https:\\\/\\\/hueleaazufre.com\\\/wordpress_a\\\/index.php\\\/2025\\\/07\\\/17\\\/palestina-como-batalla-moral-venezuela-llama-a-la-accion-internacional\\\/\"},\"author\":{\"name\":\"Huele a azufre\",\"@id\":\"https:\\\/\\\/hueleaazufre.com\\\/wordpress_a\\\/#\\\/schema\\\/person\\\/549dd871707ea7f9f1a686323ebe9baa\"},\"headline\":\"Palestina como batalla moral: Venezuela llama a la acci\u00f3n internacional\",\"datePublished\":\"2025-07-17T01:07:18+00:00\",\"mainEntityOfPage\":{\"@id\":\"https:\\\/\\\/hueleaazufre.com\\\/wordpress_a\\\/index.php\\\/2025\\\/07\\\/17\\\/palestina-como-batalla-moral-venezuela-llama-a-la-accion-internacional\\\/\"},\"wordCount\":1810,\"commentCount\":0,\"image\":{\"@id\":\"https:\\\/\\\/hueleaazufre.com\\\/wordpress_a\\\/index.php\\\/2025\\\/07\\\/17\\\/palestina-como-batalla-moral-venezuela-llama-a-la-accion-internacional\\\/#primaryimage\"},\"thumbnailUrl\":\"https:\\\/\\\/hueleaazufre.com\\\/wordpress_a\\\/wp-content\\\/uploads\\\/2025\\\/07\\\/2a-4.webp\",\"keywords\":[\"Colombia\",\"Palestina\",\"Sud\u00e1frica\",\"Venezuela\"],\"articleSection\":[\"Medios aliados\"],\"inLanguage\":\"es\",\"potentialAction\":[{\"@type\":\"CommentAction\",\"name\":\"Comment\",\"target\":[\"https:\\\/\\\/hueleaazufre.com\\\/wordpress_a\\\/index.php\\\/2025\\\/07\\\/17\\\/palestina-como-batalla-moral-venezuela-llama-a-la-accion-internacional\\\/#respond\"]}]},{\"@type\":\"WebPage\",\"@id\":\"https:\\\/\\\/hueleaazufre.com\\\/wordpress_a\\\/index.php\\\/2025\\\/07\\\/17\\\/palestina-como-batalla-moral-venezuela-llama-a-la-accion-internacional\\\/\",\"url\":\"https:\\\/\\\/hueleaazufre.com\\\/wordpress_a\\\/index.php\\\/2025\\\/07\\\/17\\\/palestina-como-batalla-moral-venezuela-llama-a-la-accion-internacional\\\/\",\"name\":\"Palestina como batalla moral: Venezuela llama a la acci\u00f3n internacional -\",\"isPartOf\":{\"@id\":\"https:\\\/\\\/hueleaazufre.com\\\/wordpress_a\\\/#website\"},\"primaryImageOfPage\":{\"@id\":\"https:\\\/\\\/hueleaazufre.com\\\/wordpress_a\\\/index.php\\\/2025\\\/07\\\/17\\\/palestina-como-batalla-moral-venezuela-llama-a-la-accion-internacional\\\/#primaryimage\"},\"image\":{\"@id\":\"https:\\\/\\\/hueleaazufre.com\\\/wordpress_a\\\/index.php\\\/2025\\\/07\\\/17\\\/palestina-como-batalla-moral-venezuela-llama-a-la-accion-internacional\\\/#primaryimage\"},\"thumbnailUrl\":\"https:\\\/\\\/hueleaazufre.com\\\/wordpress_a\\\/wp-content\\\/uploads\\\/2025\\\/07\\\/2a-4.webp\",\"datePublished\":\"2025-07-17T01:07:18+00:00\",\"author\":{\"@id\":\"https:\\\/\\\/hueleaazufre.com\\\/wordpress_a\\\/#\\\/schema\\\/person\\\/549dd871707ea7f9f1a686323ebe9baa\"},\"description\":\"Palestina. En una contundente y extensa misiva fechada el 14 de julio de 2025 desde Caracas, el presidente Nicol\u00e1s Maduro...\",\"breadcrumb\":{\"@id\":\"https:\\\/\\\/hueleaazufre.com\\\/wordpress_a\\\/index.php\\\/2025\\\/07\\\/17\\\/palestina-como-batalla-moral-venezuela-llama-a-la-accion-internacional\\\/#breadcrumb\"},\"inLanguage\":\"es\",\"potentialAction\":[{\"@type\":\"ReadAction\",\"target\":[\"https:\\\/\\\/hueleaazufre.com\\\/wordpress_a\\\/index.php\\\/2025\\\/07\\\/17\\\/palestina-como-batalla-moral-venezuela-llama-a-la-accion-internacional\\\/\"]}]},{\"@type\":\"ImageObject\",\"inLanguage\":\"es\",\"@id\":\"https:\\\/\\\/hueleaazufre.com\\\/wordpress_a\\\/index.php\\\/2025\\\/07\\\/17\\\/palestina-como-batalla-moral-venezuela-llama-a-la-accion-internacional\\\/#primaryimage\",\"url\":\"https:\\\/\\\/hueleaazufre.com\\\/wordpress_a\\\/wp-content\\\/uploads\\\/2025\\\/07\\\/2a-4.webp\",\"contentUrl\":\"https:\\\/\\\/hueleaazufre.com\\\/wordpress_a\\\/wp-content\\\/uploads\\\/2025\\\/07\\\/2a-4.webp\",\"width\":712,\"height\":400},{\"@type\":\"BreadcrumbList\",\"@id\":\"https:\\\/\\\/hueleaazufre.com\\\/wordpress_a\\\/index.php\\\/2025\\\/07\\\/17\\\/palestina-como-batalla-moral-venezuela-llama-a-la-accion-internacional\\\/#breadcrumb\",\"itemListElement\":[{\"@type\":\"ListItem\",\"position\":1,\"name\":\"Portada\",\"item\":\"https:\\\/\\\/hueleaazufre.com\\\/wordpress_a\\\/\"},{\"@type\":\"ListItem\",\"position\":2,\"name\":\"Palestina como batalla moral: Venezuela llama a la acci\u00f3n internacional\"}]},{\"@type\":\"WebSite\",\"@id\":\"https:\\\/\\\/hueleaazufre.com\\\/wordpress_a\\\/#website\",\"url\":\"https:\\\/\\\/hueleaazufre.com\\\/wordpress_a\\\/\",\"name\":\"\",\"description\":\"Huele a azufre es una plataforma digital de an\u00e1lisis geopol\u00edtico.\",\"potentialAction\":[{\"@type\":\"SearchAction\",\"target\":{\"@type\":\"EntryPoint\",\"urlTemplate\":\"https:\\\/\\\/hueleaazufre.com\\\/wordpress_a\\\/?s={search_term_string}\"},\"query-input\":{\"@type\":\"PropertyValueSpecification\",\"valueRequired\":true,\"valueName\":\"search_term_string\"}}],\"inLanguage\":\"es\"},{\"@type\":\"Person\",\"@id\":\"https:\\\/\\\/hueleaazufre.com\\\/wordpress_a\\\/#\\\/schema\\\/person\\\/549dd871707ea7f9f1a686323ebe9baa\",\"name\":\"Huele a azufre\",\"image\":{\"@type\":\"ImageObject\",\"inLanguage\":\"es\",\"@id\":\"https:\\\/\\\/secure.gravatar.com\\\/avatar\\\/e972d5c124b9bf80eb4c9d322a90dd86a59d447f5da36700a77516f13637d44e?s=96&d=mm&r=g\",\"url\":\"https:\\\/\\\/secure.gravatar.com\\\/avatar\\\/e972d5c124b9bf80eb4c9d322a90dd86a59d447f5da36700a77516f13637d44e?s=96&d=mm&r=g\",\"contentUrl\":\"https:\\\/\\\/secure.gravatar.com\\\/avatar\\\/e972d5c124b9bf80eb4c9d322a90dd86a59d447f5da36700a77516f13637d44e?s=96&d=mm&r=g\",\"caption\":\"Huele a azufre\"},\"description\":\"Huele a azufre es una plataforma digital de an\u00e1lisis geopol\u00edtico\u00a0 contrahegem\u00f3nico, que busca visibilizar las voces y los discursos silenciados por el poder medi\u00e1tico.\",\"sameAs\":[\"https:\\\/\\\/hueleaazufre.com\\\/wordpress_a\"],\"url\":\"https:\\\/\\\/hueleaazufre.com\\\/wordpress_a\\\/index.php\\\/author\\\/admin_tupapa\\\/\"}]}<\/script>\n<!-- \/ Yoast SEO plugin. -->","yoast_head_json":{"title":"Palestina como batalla moral: Venezuela llama a la acci\u00f3n internacional -","description":"Palestina. En una contundente y extensa misiva fechada el 14 de julio de 2025 desde Caracas, el presidente Nicol\u00e1s Maduro...","robots":{"index":"index","follow":"follow","max-snippet":"max-snippet:-1","max-image-preview":"max-image-preview:large","max-video-preview":"max-video-preview:-1"},"canonical":"https:\/\/hueleaazufre.com\/wordpress_a\/index.php\/2025\/07\/17\/palestina-como-batalla-moral-venezuela-llama-a-la-accion-internacional\/","og_locale":"es_ES","og_type":"article","og_title":"Palestina como batalla moral: Venezuela llama a la acci\u00f3n internacional -","og_description":"Palestina. En una contundente y extensa misiva fechada el 14 de julio de 2025 desde Caracas, el presidente Nicol\u00e1s Maduro...","og_url":"https:\/\/hueleaazufre.com\/wordpress_a\/index.php\/2025\/07\/17\/palestina-como-batalla-moral-venezuela-llama-a-la-accion-internacional\/","article_published_time":"2025-07-17T01:07:18+00:00","og_image":[{"width":712,"height":400,"url":"https:\/\/hueleaazufre.com\/wordpress_a\/wp-content\/uploads\/2025\/07\/2a-4.webp","type":"image\/webp"}],"author":"Huele a azufre","twitter_card":"summary_large_image","twitter_misc":{"Escrito por":"Huele a azufre","Tiempo de lectura":"8 minutos"},"schema":{"@context":"https:\/\/schema.org","@graph":[{"@type":"Article","@id":"https:\/\/hueleaazufre.com\/wordpress_a\/index.php\/2025\/07\/17\/palestina-como-batalla-moral-venezuela-llama-a-la-accion-internacional\/#article","isPartOf":{"@id":"https:\/\/hueleaazufre.com\/wordpress_a\/index.php\/2025\/07\/17\/palestina-como-batalla-moral-venezuela-llama-a-la-accion-internacional\/"},"author":{"name":"Huele a azufre","@id":"https:\/\/hueleaazufre.com\/wordpress_a\/#\/schema\/person\/549dd871707ea7f9f1a686323ebe9baa"},"headline":"Palestina como batalla moral: Venezuela llama a la acci\u00f3n internacional","datePublished":"2025-07-17T01:07:18+00:00","mainEntityOfPage":{"@id":"https:\/\/hueleaazufre.com\/wordpress_a\/index.php\/2025\/07\/17\/palestina-como-batalla-moral-venezuela-llama-a-la-accion-internacional\/"},"wordCount":1810,"commentCount":0,"image":{"@id":"https:\/\/hueleaazufre.com\/wordpress_a\/index.php\/2025\/07\/17\/palestina-como-batalla-moral-venezuela-llama-a-la-accion-internacional\/#primaryimage"},"thumbnailUrl":"https:\/\/hueleaazufre.com\/wordpress_a\/wp-content\/uploads\/2025\/07\/2a-4.webp","keywords":["Colombia","Palestina","Sud\u00e1frica","Venezuela"],"articleSection":["Medios aliados"],"inLanguage":"es","potentialAction":[{"@type":"CommentAction","name":"Comment","target":["https:\/\/hueleaazufre.com\/wordpress_a\/index.php\/2025\/07\/17\/palestina-como-batalla-moral-venezuela-llama-a-la-accion-internacional\/#respond"]}]},{"@type":"WebPage","@id":"https:\/\/hueleaazufre.com\/wordpress_a\/index.php\/2025\/07\/17\/palestina-como-batalla-moral-venezuela-llama-a-la-accion-internacional\/","url":"https:\/\/hueleaazufre.com\/wordpress_a\/index.php\/2025\/07\/17\/palestina-como-batalla-moral-venezuela-llama-a-la-accion-internacional\/","name":"Palestina como batalla moral: Venezuela llama a la acci\u00f3n internacional -","isPartOf":{"@id":"https:\/\/hueleaazufre.com\/wordpress_a\/#website"},"primaryImageOfPage":{"@id":"https:\/\/hueleaazufre.com\/wordpress_a\/index.php\/2025\/07\/17\/palestina-como-batalla-moral-venezuela-llama-a-la-accion-internacional\/#primaryimage"},"image":{"@id":"https:\/\/hueleaazufre.com\/wordpress_a\/index.php\/2025\/07\/17\/palestina-como-batalla-moral-venezuela-llama-a-la-accion-internacional\/#primaryimage"},"thumbnailUrl":"https:\/\/hueleaazufre.com\/wordpress_a\/wp-content\/uploads\/2025\/07\/2a-4.webp","datePublished":"2025-07-17T01:07:18+00:00","author":{"@id":"https:\/\/hueleaazufre.com\/wordpress_a\/#\/schema\/person\/549dd871707ea7f9f1a686323ebe9baa"},"description":"Palestina. En una contundente y extensa misiva fechada el 14 de julio de 2025 desde Caracas, el presidente Nicol\u00e1s Maduro...","breadcrumb":{"@id":"https:\/\/hueleaazufre.com\/wordpress_a\/index.php\/2025\/07\/17\/palestina-como-batalla-moral-venezuela-llama-a-la-accion-internacional\/#breadcrumb"},"inLanguage":"es","potentialAction":[{"@type":"ReadAction","target":["https:\/\/hueleaazufre.com\/wordpress_a\/index.php\/2025\/07\/17\/palestina-como-batalla-moral-venezuela-llama-a-la-accion-internacional\/"]}]},{"@type":"ImageObject","inLanguage":"es","@id":"https:\/\/hueleaazufre.com\/wordpress_a\/index.php\/2025\/07\/17\/palestina-como-batalla-moral-venezuela-llama-a-la-accion-internacional\/#primaryimage","url":"https:\/\/hueleaazufre.com\/wordpress_a\/wp-content\/uploads\/2025\/07\/2a-4.webp","contentUrl":"https:\/\/hueleaazufre.com\/wordpress_a\/wp-content\/uploads\/2025\/07\/2a-4.webp","width":712,"height":400},{"@type":"BreadcrumbList","@id":"https:\/\/hueleaazufre.com\/wordpress_a\/index.php\/2025\/07\/17\/palestina-como-batalla-moral-venezuela-llama-a-la-accion-internacional\/#breadcrumb","itemListElement":[{"@type":"ListItem","position":1,"name":"Portada","item":"https:\/\/hueleaazufre.com\/wordpress_a\/"},{"@type":"ListItem","position":2,"name":"Palestina como batalla moral: Venezuela llama a la acci\u00f3n internacional"}]},{"@type":"WebSite","@id":"https:\/\/hueleaazufre.com\/wordpress_a\/#website","url":"https:\/\/hueleaazufre.com\/wordpress_a\/","name":"","description":"Huele a azufre es una plataforma digital de an\u00e1lisis geopol\u00edtico.","potentialAction":[{"@type":"SearchAction","target":{"@type":"EntryPoint","urlTemplate":"https:\/\/hueleaazufre.com\/wordpress_a\/?s={search_term_string}"},"query-input":{"@type":"PropertyValueSpecification","valueRequired":true,"valueName":"search_term_string"}}],"inLanguage":"es"},{"@type":"Person","@id":"https:\/\/hueleaazufre.com\/wordpress_a\/#\/schema\/person\/549dd871707ea7f9f1a686323ebe9baa","name":"Huele a azufre","image":{"@type":"ImageObject","inLanguage":"es","@id":"https:\/\/secure.gravatar.com\/avatar\/e972d5c124b9bf80eb4c9d322a90dd86a59d447f5da36700a77516f13637d44e?s=96&d=mm&r=g","url":"https:\/\/secure.gravatar.com\/avatar\/e972d5c124b9bf80eb4c9d322a90dd86a59d447f5da36700a77516f13637d44e?s=96&d=mm&r=g","contentUrl":"https:\/\/secure.gravatar.com\/avatar\/e972d5c124b9bf80eb4c9d322a90dd86a59d447f5da36700a77516f13637d44e?s=96&d=mm&r=g","caption":"Huele a azufre"},"description":"Huele a azufre es una plataforma digital de an\u00e1lisis geopol\u00edtico\u00a0 contrahegem\u00f3nico, que busca visibilizar las voces y los discursos silenciados por el poder medi\u00e1tico.","sameAs":["https:\/\/hueleaazufre.com\/wordpress_a"],"url":"https:\/\/hueleaazufre.com\/wordpress_a\/index.php\/author\/admin_tupapa\/"}]}},"_links":{"self":[{"href":"https:\/\/hueleaazufre.com\/wordpress_a\/index.php\/wp-json\/wp\/v2\/posts\/2896","targetHints":{"allow":["GET"]}}],"collection":[{"href":"https:\/\/hueleaazufre.com\/wordpress_a\/index.php\/wp-json\/wp\/v2\/posts"}],"about":[{"href":"https:\/\/hueleaazufre.com\/wordpress_a\/index.php\/wp-json\/wp\/v2\/types\/post"}],"author":[{"embeddable":true,"href":"https:\/\/hueleaazufre.com\/wordpress_a\/index.php\/wp-json\/wp\/v2\/users\/1"}],"replies":[{"embeddable":true,"href":"https:\/\/hueleaazufre.com\/wordpress_a\/index.php\/wp-json\/wp\/v2\/comments?post=2896"}],"version-history":[{"count":1,"href":"https:\/\/hueleaazufre.com\/wordpress_a\/index.php\/wp-json\/wp\/v2\/posts\/2896\/revisions"}],"predecessor-version":[{"id":2898,"href":"https:\/\/hueleaazufre.com\/wordpress_a\/index.php\/wp-json\/wp\/v2\/posts\/2896\/revisions\/2898"}],"wp:featuredmedia":[{"embeddable":true,"href":"https:\/\/hueleaazufre.com\/wordpress_a\/index.php\/wp-json\/wp\/v2\/media\/2897"}],"wp:attachment":[{"href":"https:\/\/hueleaazufre.com\/wordpress_a\/index.php\/wp-json\/wp\/v2\/media?parent=2896"}],"wp:term":[{"taxonomy":"category","embeddable":true,"href":"https:\/\/hueleaazufre.com\/wordpress_a\/index.php\/wp-json\/wp\/v2\/categories?post=2896"},{"taxonomy":"post_tag","embeddable":true,"href":"https:\/\/hueleaazufre.com\/wordpress_a\/index.php\/wp-json\/wp\/v2\/tags?post=2896"}],"curies":[{"name":"wp","href":"https:\/\/api.w.org\/{rel}","templated":true}]}}