{"id":2917,"date":"2025-07-21T22:12:27","date_gmt":"2025-07-21T22:12:27","guid":{"rendered":"https:\/\/hueleaazufre.com\/wordpress_a\/?p=2917"},"modified":"2025-07-21T22:12:27","modified_gmt":"2025-07-21T22:12:27","slug":"los-secuestrados-venezolanos-y-la-supremacia-de-la-geopolitica","status":"publish","type":"post","link":"https:\/\/hueleaazufre.com\/wordpress_a\/index.php\/2025\/07\/21\/los-secuestrados-venezolanos-y-la-supremacia-de-la-geopolitica\/","title":{"rendered":"Los secuestrados venezolanos y la supremac\u00eda de la geopol\u00edtica"},"content":{"rendered":"<p>El regreso de los 252 venezolanos secuestrados en el vertedero fascista en El Salvador, y los siete ni\u00f1os y ni\u00f1as reci\u00e9n repatriados, son simplemente parte de una realidad m\u00e1s amplia, una in\u00e9dita en las relaciones internacionales, pero que de todas maneras es una que pocos reflexionan y analizan adecuadamente. Nos referimos aqu\u00ed a un plan, elaborado e implementado por un Estado para repatriar a una parte de su poblaci\u00f3n, luego que esto se haya lanzado en grandes aventuras para buscar empleo en otros pa\u00edses, y en vez solo encontraron miseria, pobreza y xenofobia: El Plan Vuelta a la Patria del Gobierno Bolivariano. Este plan inici\u00f3 en el a\u00f1o 2018, mucho antes de la coyuntura actual, por lo cual no es un asunto meramente coyuntural, sino una pol\u00edtica dedicada y consistente del Estado venezolano. Este plan, obviamente, no posee beneficios geoecon\u00f3micos algunos para el Estado venezolano.<\/p>\n<p>Ahora bien, la gran abrumadora mayor\u00eda de las pol\u00edticas exteriores de los pa\u00edses occidentales, suelen enfocarse en obtener beneficios geoestrat\u00e9gicos o geoecon\u00f3micos, lejos de las necesidades de las clases empobrecidas de sus sociedades. Estas pol\u00edticas son definidas en primer lugar por criterios netamente geopol\u00edticos, para dominar corredores estrat\u00e9gicos, v\u00edas mar\u00edtimas y rutas claves para el comercio internacional, como tambi\u00e9n para el dominio sobre los recursos naturales, y las inmensas ganancias que est\u00e1n generan para los cofres estatales y de las empresas multinacionales. Las acciones de estos pa\u00edses siempre poseen una l\u00f3gica netamente geopol\u00edtica, buscando siempre incrementar el poder y las riquezas del Estado y de las elites econ\u00f3micas. La m\u00e1xima de las pol\u00edticas exteriores de estos pa\u00edses es la indiscutible <strong><em>supremac\u00eda de lo geopol\u00edtico<\/em><\/strong>, sobre todas las otras consideraciones.<\/p>\n<p>No solamente los pa\u00edses occidentales, pero muchos otros en Am\u00e9rica Latina y el Caribe, definen sus pol\u00edticas exteriores en base a la supremac\u00eda de las consideraciones geopol\u00edticas. De acuerdo con estas visiones, los migrantes no fueron \u201cexpulsados\u201d de sus pa\u00edses de origen por parte de estos gobiernos, por lo cual sus condiciones en otros pa\u00edses son solo problemas de ellos mismos, y nada que ver con los gobiernos. Naturalmente, atender a estos asuntos no traer\u00e1 ganancias para el Estado y las elites socioecon\u00f3micas, m\u00e1s bien es un peso econ\u00f3mico innecesario que no contribuye a fortalecer el Estado ante los dem\u00e1s actores pol\u00edticos internacionales, por lo cual no forma parte de la pol\u00edtica exterior de estos gobiernos.<\/p>\n<p>Pero contrario a la m\u00e1xima de la <strong><em>supremac\u00eda de la geopol\u00edtica<\/em><\/strong>, el Gobierno Bolivariano utiliza sus pocos recursos econ\u00f3micos \u2013 son pocos, a ra\u00edz de la guerra estructurada en contra de la sociedad venezolana, a trav\u00e9s de las medidas coercitivas unilaterales \u2013 para rescatar a la cantidad m\u00e1s grande posible de los migrantes que no lograron rehacer sus vidas en los distintos pa\u00edses de Am\u00e9rica Latina y en Estados Unidos. Las log\u00edsticas y los costos de la misi\u00f3n Vuelta a la Patria, solo generar\u00e1n gastos financieros para el Estado, sin \u201cabrir\u201d nuevas v\u00edas mar\u00edtimas y comerciales o nuevos accesos a recursos naturales. Lo que s\u00ed hace es demostrarle al pueblo venezolano que la l\u00f3gica de la pol\u00edtica exterior del Gobierno Bolivariano no surge de la \u201c<strong><em>supremac\u00eda de la geopol\u00edtica<\/em><\/strong>\u201d, sino de la Constituci\u00f3n de la Rep\u00fablica Bolivariana de Venezuela, la cual indica que la \u201csoberan\u00eda reside intransferiblemente en el pueblo, quien la ejerce directamente en la forma prevista en esta Constituci\u00f3n y en la ley, e indirectamente, mediante el sufragio, por los \u00f3rganos que ejercen el Poder P\u00fablico\u201d.<\/p>\n<p>No obstante, existen ciertas consideraciones geopol\u00edticas que se pueden leer de estos \u00faltimos intercambios de personas entre Estados Unidos y Venezuela. En primer lugar, las partes negociantes son los gobiernos de estos dos pa\u00edses, y el gobierno de El Salvador es meramente un carcelero, con poca o nula agencia pol\u00edtica propia. Otro asunto es que la llegada de los venezolanos secuestrados en El Salvador a la patria, confirm\u00f3 que nunca fueron miembros de bandas delictivas, sino ciudadanos como muchos otros que migraron en b\u00fasqueda de trabajo en el exterior, y fueron v\u00edctimas del terrorismo de Estado perpetrado por la administraci\u00f3n pol\u00edtica del Se\u00f1or Donald Trump.<\/p>\n<p>M\u00e1s importante, por m\u00e1s \u201cileg\u00edtimo\u201d que se pretende insistir &#8211; por parte de Estados Unidos y sus aliados &#8211; que es el Gobierno Bolivariano, el gobierno de Estados Unidos sigue negociando y tratando con este, ya que las realidades en el terreno siguen indicando claramente que, tanto la primera farsa de Washington \u2013 la del \u201ctreparejas\u201d de la antigua Asamblea Nacional y su \u201cinterinato\u201d \u2013 como la segunda farsa \u2013 la del anciano y su amiga frustrada que insisten en que \u201cganaron\u201d las elecciones presidenciales del 2024 \u2013 no han generado resultados tangibles, y la \u00fanica autoridad en Caracas sigue siendo el Gobierno Bolivariano. No solamente eso, pero debemos recordar que esta no es la primera (ni ser\u00e1 la \u00faltima) vez que Washington negocia directamente con Caracas, y con cada negociaci\u00f3n, queda claro que Caracas cumple; es decir, es un actor confiable, diplom\u00e1ticamente (muy al contrario que Estados Unidos, por ejemplo).<\/p>\n<p>Poco a poco, se desvanecen los irrelevantes actores que, por instrucciones y coordinaciones de Washington, fomentaron el caos contra Venezuela despu\u00e9s de julio de 2024. En lugar de estos actores irrelevantes, se despeja el escenario internacional para revelar lo que muchos comentaristas tienen d\u00e9cadas indicando: el conflicto entre Caracas y Washington es netamente geopol\u00edtico, lejos de los alegatos de derechos humanos y de democracia. Es un conflicto de dominaci\u00f3n y control, de esferas de influencias y de supresi\u00f3n de soberan\u00edas; es de recursos naturales, y, sobre todo, es de alianzas geopol\u00edticas: los aliados m\u00e1s importantes de Caracas, son a la vez los contrincantes m\u00e1s peligrosos y poderosos de Estados Unidos: La Rep\u00fablica Popular China y la Federaci\u00f3n de Rusia.<\/p>\n<p><strong>Fuente: Omar Hassaan\u00a0<\/strong><\/p>\n","protected":false},"excerpt":{"rendered":"<p>El regreso de los 252 venezolanos secuestrados en el vertedero fascista en El Salvador, y&#8230;<\/p>\n","protected":false},"author":1,"featured_media":2918,"comment_status":"open","ping_status":"closed","sticky":false,"template":"","format":"standard","meta":{"footnotes":""},"categories":[70],"tags":[31,862,676],"class_list":["post-2917","post","type-post","status-publish","format-standard","has-post-thumbnail","hentry","category-otras-voces","tag-geopolitica","tag-secuestrados","tag-venezolanos"],"yoast_head":"<!-- This site is optimized with the Yoast SEO plugin v27.5 - https:\/\/yoast.com\/product\/yoast-seo-wordpress\/ -->\n<title>Los secuestrados venezolanos y la supremac\u00eda de la geopol\u00edtica -<\/title>\n<meta name=\"description\" content=\"Secuestrados . El regreso de los 252 venezolanos secuestrados en el vertedero fascista en El Salvador.\" \/>\n<meta name=\"robots\" content=\"index, follow, max-snippet:-1, max-image-preview:large, max-video-preview:-1\" \/>\n<link rel=\"canonical\" href=\"https:\/\/hueleaazufre.com\/wordpress_a\/index.php\/2025\/07\/21\/los-secuestrados-venezolanos-y-la-supremacia-de-la-geopolitica\/\" \/>\n<meta property=\"og:locale\" content=\"es_ES\" \/>\n<meta property=\"og:type\" content=\"article\" \/>\n<meta property=\"og:title\" content=\"Los secuestrados venezolanos y la supremac\u00eda de la geopol\u00edtica -\" \/>\n<meta property=\"og:description\" content=\"Secuestrados . El regreso de los 252 venezolanos secuestrados en el vertedero fascista en El Salvador.\" \/>\n<meta property=\"og:url\" content=\"https:\/\/hueleaazufre.com\/wordpress_a\/index.php\/2025\/07\/21\/los-secuestrados-venezolanos-y-la-supremacia-de-la-geopolitica\/\" \/>\n<meta property=\"article:published_time\" content=\"2025-07-21T22:12:27+00:00\" \/>\n<meta property=\"og:image\" content=\"https:\/\/hueleaazufre.com\/wordpress_a\/wp-content\/uploads\/2025\/07\/2a-5.webp\" \/>\n\t<meta property=\"og:image:width\" content=\"712\" \/>\n\t<meta property=\"og:image:height\" content=\"400\" \/>\n\t<meta property=\"og:image:type\" content=\"image\/webp\" \/>\n<meta name=\"author\" content=\"Huele a azufre\" \/>\n<meta name=\"twitter:card\" content=\"summary_large_image\" \/>\n<meta name=\"twitter:label1\" content=\"Escrito por\" \/>\n\t<meta name=\"twitter:data1\" content=\"Huele a azufre\" \/>\n\t<meta name=\"twitter:label2\" content=\"Tiempo de lectura\" \/>\n\t<meta name=\"twitter:data2\" content=\"5 minutos\" \/>\n<script type=\"application\/ld+json\" class=\"yoast-schema-graph\">{\"@context\":\"https:\\\/\\\/schema.org\",\"@graph\":[{\"@type\":\"Article\",\"@id\":\"https:\\\/\\\/hueleaazufre.com\\\/wordpress_a\\\/index.php\\\/2025\\\/07\\\/21\\\/los-secuestrados-venezolanos-y-la-supremacia-de-la-geopolitica\\\/#article\",\"isPartOf\":{\"@id\":\"https:\\\/\\\/hueleaazufre.com\\\/wordpress_a\\\/index.php\\\/2025\\\/07\\\/21\\\/los-secuestrados-venezolanos-y-la-supremacia-de-la-geopolitica\\\/\"},\"author\":{\"name\":\"Huele a azufre\",\"@id\":\"https:\\\/\\\/hueleaazufre.com\\\/wordpress_a\\\/#\\\/schema\\\/person\\\/549dd871707ea7f9f1a686323ebe9baa\"},\"headline\":\"Los secuestrados venezolanos y la supremac\u00eda de la geopol\u00edtica\",\"datePublished\":\"2025-07-21T22:12:27+00:00\",\"mainEntityOfPage\":{\"@id\":\"https:\\\/\\\/hueleaazufre.com\\\/wordpress_a\\\/index.php\\\/2025\\\/07\\\/21\\\/los-secuestrados-venezolanos-y-la-supremacia-de-la-geopolitica\\\/\"},\"wordCount\":1038,\"commentCount\":0,\"image\":{\"@id\":\"https:\\\/\\\/hueleaazufre.com\\\/wordpress_a\\\/index.php\\\/2025\\\/07\\\/21\\\/los-secuestrados-venezolanos-y-la-supremacia-de-la-geopolitica\\\/#primaryimage\"},\"thumbnailUrl\":\"https:\\\/\\\/hueleaazufre.com\\\/wordpress_a\\\/wp-content\\\/uploads\\\/2025\\\/07\\\/2a-5.webp\",\"keywords\":[\"Geopol\u00edtica\",\"secuestrados\",\"venezolanos\"],\"articleSection\":[\"Otras voces\"],\"inLanguage\":\"es\",\"potentialAction\":[{\"@type\":\"CommentAction\",\"name\":\"Comment\",\"target\":[\"https:\\\/\\\/hueleaazufre.com\\\/wordpress_a\\\/index.php\\\/2025\\\/07\\\/21\\\/los-secuestrados-venezolanos-y-la-supremacia-de-la-geopolitica\\\/#respond\"]}]},{\"@type\":\"WebPage\",\"@id\":\"https:\\\/\\\/hueleaazufre.com\\\/wordpress_a\\\/index.php\\\/2025\\\/07\\\/21\\\/los-secuestrados-venezolanos-y-la-supremacia-de-la-geopolitica\\\/\",\"url\":\"https:\\\/\\\/hueleaazufre.com\\\/wordpress_a\\\/index.php\\\/2025\\\/07\\\/21\\\/los-secuestrados-venezolanos-y-la-supremacia-de-la-geopolitica\\\/\",\"name\":\"Los secuestrados venezolanos y la supremac\u00eda de la geopol\u00edtica -\",\"isPartOf\":{\"@id\":\"https:\\\/\\\/hueleaazufre.com\\\/wordpress_a\\\/#website\"},\"primaryImageOfPage\":{\"@id\":\"https:\\\/\\\/hueleaazufre.com\\\/wordpress_a\\\/index.php\\\/2025\\\/07\\\/21\\\/los-secuestrados-venezolanos-y-la-supremacia-de-la-geopolitica\\\/#primaryimage\"},\"image\":{\"@id\":\"https:\\\/\\\/hueleaazufre.com\\\/wordpress_a\\\/index.php\\\/2025\\\/07\\\/21\\\/los-secuestrados-venezolanos-y-la-supremacia-de-la-geopolitica\\\/#primaryimage\"},\"thumbnailUrl\":\"https:\\\/\\\/hueleaazufre.com\\\/wordpress_a\\\/wp-content\\\/uploads\\\/2025\\\/07\\\/2a-5.webp\",\"datePublished\":\"2025-07-21T22:12:27+00:00\",\"author\":{\"@id\":\"https:\\\/\\\/hueleaazufre.com\\\/wordpress_a\\\/#\\\/schema\\\/person\\\/549dd871707ea7f9f1a686323ebe9baa\"},\"description\":\"Secuestrados . El regreso de los 252 venezolanos secuestrados en el vertedero fascista en El Salvador.\",\"breadcrumb\":{\"@id\":\"https:\\\/\\\/hueleaazufre.com\\\/wordpress_a\\\/index.php\\\/2025\\\/07\\\/21\\\/los-secuestrados-venezolanos-y-la-supremacia-de-la-geopolitica\\\/#breadcrumb\"},\"inLanguage\":\"es\",\"potentialAction\":[{\"@type\":\"ReadAction\",\"target\":[\"https:\\\/\\\/hueleaazufre.com\\\/wordpress_a\\\/index.php\\\/2025\\\/07\\\/21\\\/los-secuestrados-venezolanos-y-la-supremacia-de-la-geopolitica\\\/\"]}]},{\"@type\":\"ImageObject\",\"inLanguage\":\"es\",\"@id\":\"https:\\\/\\\/hueleaazufre.com\\\/wordpress_a\\\/index.php\\\/2025\\\/07\\\/21\\\/los-secuestrados-venezolanos-y-la-supremacia-de-la-geopolitica\\\/#primaryimage\",\"url\":\"https:\\\/\\\/hueleaazufre.com\\\/wordpress_a\\\/wp-content\\\/uploads\\\/2025\\\/07\\\/2a-5.webp\",\"contentUrl\":\"https:\\\/\\\/hueleaazufre.com\\\/wordpress_a\\\/wp-content\\\/uploads\\\/2025\\\/07\\\/2a-5.webp\",\"width\":712,\"height\":400,\"caption\":\"secuestrados\"},{\"@type\":\"BreadcrumbList\",\"@id\":\"https:\\\/\\\/hueleaazufre.com\\\/wordpress_a\\\/index.php\\\/2025\\\/07\\\/21\\\/los-secuestrados-venezolanos-y-la-supremacia-de-la-geopolitica\\\/#breadcrumb\",\"itemListElement\":[{\"@type\":\"ListItem\",\"position\":1,\"name\":\"Portada\",\"item\":\"https:\\\/\\\/hueleaazufre.com\\\/wordpress_a\\\/\"},{\"@type\":\"ListItem\",\"position\":2,\"name\":\"Los secuestrados venezolanos y la supremac\u00eda de la geopol\u00edtica\"}]},{\"@type\":\"WebSite\",\"@id\":\"https:\\\/\\\/hueleaazufre.com\\\/wordpress_a\\\/#website\",\"url\":\"https:\\\/\\\/hueleaazufre.com\\\/wordpress_a\\\/\",\"name\":\"\",\"description\":\"Huele a azufre es una plataforma digital de an\u00e1lisis geopol\u00edtico.\",\"potentialAction\":[{\"@type\":\"SearchAction\",\"target\":{\"@type\":\"EntryPoint\",\"urlTemplate\":\"https:\\\/\\\/hueleaazufre.com\\\/wordpress_a\\\/?s={search_term_string}\"},\"query-input\":{\"@type\":\"PropertyValueSpecification\",\"valueRequired\":true,\"valueName\":\"search_term_string\"}}],\"inLanguage\":\"es\"},{\"@type\":\"Person\",\"@id\":\"https:\\\/\\\/hueleaazufre.com\\\/wordpress_a\\\/#\\\/schema\\\/person\\\/549dd871707ea7f9f1a686323ebe9baa\",\"name\":\"Huele a azufre\",\"image\":{\"@type\":\"ImageObject\",\"inLanguage\":\"es\",\"@id\":\"https:\\\/\\\/secure.gravatar.com\\\/avatar\\\/e972d5c124b9bf80eb4c9d322a90dd86a59d447f5da36700a77516f13637d44e?s=96&d=mm&r=g\",\"url\":\"https:\\\/\\\/secure.gravatar.com\\\/avatar\\\/e972d5c124b9bf80eb4c9d322a90dd86a59d447f5da36700a77516f13637d44e?s=96&d=mm&r=g\",\"contentUrl\":\"https:\\\/\\\/secure.gravatar.com\\\/avatar\\\/e972d5c124b9bf80eb4c9d322a90dd86a59d447f5da36700a77516f13637d44e?s=96&d=mm&r=g\",\"caption\":\"Huele a azufre\"},\"description\":\"Huele a azufre es una plataforma digital de an\u00e1lisis geopol\u00edtico\u00a0 contrahegem\u00f3nico, que busca visibilizar las voces y los discursos silenciados por el poder medi\u00e1tico.\",\"sameAs\":[\"https:\\\/\\\/hueleaazufre.com\\\/wordpress_a\"],\"url\":\"https:\\\/\\\/hueleaazufre.com\\\/wordpress_a\\\/index.php\\\/author\\\/admin_tupapa\\\/\"}]}<\/script>\n<!-- \/ Yoast SEO plugin. -->","yoast_head_json":{"title":"Los secuestrados venezolanos y la supremac\u00eda de la geopol\u00edtica -","description":"Secuestrados . El regreso de los 252 venezolanos secuestrados en el vertedero fascista en El Salvador.","robots":{"index":"index","follow":"follow","max-snippet":"max-snippet:-1","max-image-preview":"max-image-preview:large","max-video-preview":"max-video-preview:-1"},"canonical":"https:\/\/hueleaazufre.com\/wordpress_a\/index.php\/2025\/07\/21\/los-secuestrados-venezolanos-y-la-supremacia-de-la-geopolitica\/","og_locale":"es_ES","og_type":"article","og_title":"Los secuestrados venezolanos y la supremac\u00eda de la geopol\u00edtica -","og_description":"Secuestrados . El regreso de los 252 venezolanos secuestrados en el vertedero fascista en El Salvador.","og_url":"https:\/\/hueleaazufre.com\/wordpress_a\/index.php\/2025\/07\/21\/los-secuestrados-venezolanos-y-la-supremacia-de-la-geopolitica\/","article_published_time":"2025-07-21T22:12:27+00:00","og_image":[{"width":712,"height":400,"url":"https:\/\/hueleaazufre.com\/wordpress_a\/wp-content\/uploads\/2025\/07\/2a-5.webp","type":"image\/webp"}],"author":"Huele a azufre","twitter_card":"summary_large_image","twitter_misc":{"Escrito por":"Huele a azufre","Tiempo de lectura":"5 minutos"},"schema":{"@context":"https:\/\/schema.org","@graph":[{"@type":"Article","@id":"https:\/\/hueleaazufre.com\/wordpress_a\/index.php\/2025\/07\/21\/los-secuestrados-venezolanos-y-la-supremacia-de-la-geopolitica\/#article","isPartOf":{"@id":"https:\/\/hueleaazufre.com\/wordpress_a\/index.php\/2025\/07\/21\/los-secuestrados-venezolanos-y-la-supremacia-de-la-geopolitica\/"},"author":{"name":"Huele a azufre","@id":"https:\/\/hueleaazufre.com\/wordpress_a\/#\/schema\/person\/549dd871707ea7f9f1a686323ebe9baa"},"headline":"Los secuestrados venezolanos y la supremac\u00eda de la geopol\u00edtica","datePublished":"2025-07-21T22:12:27+00:00","mainEntityOfPage":{"@id":"https:\/\/hueleaazufre.com\/wordpress_a\/index.php\/2025\/07\/21\/los-secuestrados-venezolanos-y-la-supremacia-de-la-geopolitica\/"},"wordCount":1038,"commentCount":0,"image":{"@id":"https:\/\/hueleaazufre.com\/wordpress_a\/index.php\/2025\/07\/21\/los-secuestrados-venezolanos-y-la-supremacia-de-la-geopolitica\/#primaryimage"},"thumbnailUrl":"https:\/\/hueleaazufre.com\/wordpress_a\/wp-content\/uploads\/2025\/07\/2a-5.webp","keywords":["Geopol\u00edtica","secuestrados","venezolanos"],"articleSection":["Otras voces"],"inLanguage":"es","potentialAction":[{"@type":"CommentAction","name":"Comment","target":["https:\/\/hueleaazufre.com\/wordpress_a\/index.php\/2025\/07\/21\/los-secuestrados-venezolanos-y-la-supremacia-de-la-geopolitica\/#respond"]}]},{"@type":"WebPage","@id":"https:\/\/hueleaazufre.com\/wordpress_a\/index.php\/2025\/07\/21\/los-secuestrados-venezolanos-y-la-supremacia-de-la-geopolitica\/","url":"https:\/\/hueleaazufre.com\/wordpress_a\/index.php\/2025\/07\/21\/los-secuestrados-venezolanos-y-la-supremacia-de-la-geopolitica\/","name":"Los secuestrados venezolanos y la supremac\u00eda de la geopol\u00edtica -","isPartOf":{"@id":"https:\/\/hueleaazufre.com\/wordpress_a\/#website"},"primaryImageOfPage":{"@id":"https:\/\/hueleaazufre.com\/wordpress_a\/index.php\/2025\/07\/21\/los-secuestrados-venezolanos-y-la-supremacia-de-la-geopolitica\/#primaryimage"},"image":{"@id":"https:\/\/hueleaazufre.com\/wordpress_a\/index.php\/2025\/07\/21\/los-secuestrados-venezolanos-y-la-supremacia-de-la-geopolitica\/#primaryimage"},"thumbnailUrl":"https:\/\/hueleaazufre.com\/wordpress_a\/wp-content\/uploads\/2025\/07\/2a-5.webp","datePublished":"2025-07-21T22:12:27+00:00","author":{"@id":"https:\/\/hueleaazufre.com\/wordpress_a\/#\/schema\/person\/549dd871707ea7f9f1a686323ebe9baa"},"description":"Secuestrados . El regreso de los 252 venezolanos secuestrados en el vertedero fascista en El Salvador.","breadcrumb":{"@id":"https:\/\/hueleaazufre.com\/wordpress_a\/index.php\/2025\/07\/21\/los-secuestrados-venezolanos-y-la-supremacia-de-la-geopolitica\/#breadcrumb"},"inLanguage":"es","potentialAction":[{"@type":"ReadAction","target":["https:\/\/hueleaazufre.com\/wordpress_a\/index.php\/2025\/07\/21\/los-secuestrados-venezolanos-y-la-supremacia-de-la-geopolitica\/"]}]},{"@type":"ImageObject","inLanguage":"es","@id":"https:\/\/hueleaazufre.com\/wordpress_a\/index.php\/2025\/07\/21\/los-secuestrados-venezolanos-y-la-supremacia-de-la-geopolitica\/#primaryimage","url":"https:\/\/hueleaazufre.com\/wordpress_a\/wp-content\/uploads\/2025\/07\/2a-5.webp","contentUrl":"https:\/\/hueleaazufre.com\/wordpress_a\/wp-content\/uploads\/2025\/07\/2a-5.webp","width":712,"height":400,"caption":"secuestrados"},{"@type":"BreadcrumbList","@id":"https:\/\/hueleaazufre.com\/wordpress_a\/index.php\/2025\/07\/21\/los-secuestrados-venezolanos-y-la-supremacia-de-la-geopolitica\/#breadcrumb","itemListElement":[{"@type":"ListItem","position":1,"name":"Portada","item":"https:\/\/hueleaazufre.com\/wordpress_a\/"},{"@type":"ListItem","position":2,"name":"Los secuestrados venezolanos y la supremac\u00eda de la geopol\u00edtica"}]},{"@type":"WebSite","@id":"https:\/\/hueleaazufre.com\/wordpress_a\/#website","url":"https:\/\/hueleaazufre.com\/wordpress_a\/","name":"","description":"Huele a azufre es una plataforma digital de an\u00e1lisis geopol\u00edtico.","potentialAction":[{"@type":"SearchAction","target":{"@type":"EntryPoint","urlTemplate":"https:\/\/hueleaazufre.com\/wordpress_a\/?s={search_term_string}"},"query-input":{"@type":"PropertyValueSpecification","valueRequired":true,"valueName":"search_term_string"}}],"inLanguage":"es"},{"@type":"Person","@id":"https:\/\/hueleaazufre.com\/wordpress_a\/#\/schema\/person\/549dd871707ea7f9f1a686323ebe9baa","name":"Huele a azufre","image":{"@type":"ImageObject","inLanguage":"es","@id":"https:\/\/secure.gravatar.com\/avatar\/e972d5c124b9bf80eb4c9d322a90dd86a59d447f5da36700a77516f13637d44e?s=96&d=mm&r=g","url":"https:\/\/secure.gravatar.com\/avatar\/e972d5c124b9bf80eb4c9d322a90dd86a59d447f5da36700a77516f13637d44e?s=96&d=mm&r=g","contentUrl":"https:\/\/secure.gravatar.com\/avatar\/e972d5c124b9bf80eb4c9d322a90dd86a59d447f5da36700a77516f13637d44e?s=96&d=mm&r=g","caption":"Huele a azufre"},"description":"Huele a azufre es una plataforma digital de an\u00e1lisis geopol\u00edtico\u00a0 contrahegem\u00f3nico, que busca visibilizar las voces y los discursos silenciados por el poder medi\u00e1tico.","sameAs":["https:\/\/hueleaazufre.com\/wordpress_a"],"url":"https:\/\/hueleaazufre.com\/wordpress_a\/index.php\/author\/admin_tupapa\/"}]}},"_links":{"self":[{"href":"https:\/\/hueleaazufre.com\/wordpress_a\/index.php\/wp-json\/wp\/v2\/posts\/2917","targetHints":{"allow":["GET"]}}],"collection":[{"href":"https:\/\/hueleaazufre.com\/wordpress_a\/index.php\/wp-json\/wp\/v2\/posts"}],"about":[{"href":"https:\/\/hueleaazufre.com\/wordpress_a\/index.php\/wp-json\/wp\/v2\/types\/post"}],"author":[{"embeddable":true,"href":"https:\/\/hueleaazufre.com\/wordpress_a\/index.php\/wp-json\/wp\/v2\/users\/1"}],"replies":[{"embeddable":true,"href":"https:\/\/hueleaazufre.com\/wordpress_a\/index.php\/wp-json\/wp\/v2\/comments?post=2917"}],"version-history":[{"count":1,"href":"https:\/\/hueleaazufre.com\/wordpress_a\/index.php\/wp-json\/wp\/v2\/posts\/2917\/revisions"}],"predecessor-version":[{"id":2919,"href":"https:\/\/hueleaazufre.com\/wordpress_a\/index.php\/wp-json\/wp\/v2\/posts\/2917\/revisions\/2919"}],"wp:featuredmedia":[{"embeddable":true,"href":"https:\/\/hueleaazufre.com\/wordpress_a\/index.php\/wp-json\/wp\/v2\/media\/2918"}],"wp:attachment":[{"href":"https:\/\/hueleaazufre.com\/wordpress_a\/index.php\/wp-json\/wp\/v2\/media?parent=2917"}],"wp:term":[{"taxonomy":"category","embeddable":true,"href":"https:\/\/hueleaazufre.com\/wordpress_a\/index.php\/wp-json\/wp\/v2\/categories?post=2917"},{"taxonomy":"post_tag","embeddable":true,"href":"https:\/\/hueleaazufre.com\/wordpress_a\/index.php\/wp-json\/wp\/v2\/tags?post=2917"}],"curies":[{"name":"wp","href":"https:\/\/api.w.org\/{rel}","templated":true}]}}