{"id":302,"date":"2023-12-27T18:30:04","date_gmt":"2023-12-27T18:30:04","guid":{"rendered":"https:\/\/hueleaazufre.com\/wordpress_a\/?p=302"},"modified":"2023-12-28T18:43:38","modified_gmt":"2023-12-28T18:43:38","slug":"el-v-ciclo-y-los-puntos-criticos","status":"publish","type":"post","link":"https:\/\/hueleaazufre.com\/wordpress_a\/index.php\/2023\/12\/27\/el-v-ciclo-y-los-puntos-criticos\/","title":{"rendered":"El V ciclo y los puntos cr\u00edticos"},"content":{"rendered":"<p><span style=\"font-weight: 400;\">Los d\u00edas previos y en el mismo transcurso del V Ciclo de conversaciones realizado en M\u00e9xico, las grandes empresas de la comunicaci\u00f3n funcionales al Estado y al Gobierno Colombiano lanzaron una gran ofensiva medi\u00e1tica presionando al ELN para que aceptara modificaciones en la Agenda pactada, as\u00ed como tambi\u00e9n se inclinara a las imposiciones de la manipulaci\u00f3n que trata de hacer creer que \u00abla sociedad\u00bb es quien habla por la voz de los agenciadores de opini\u00f3n.<\/span><\/p>\n<p><span style=\"font-weight: 400;\">Se sabe que por dichas empresas de la comunicaci\u00f3n, quienes hablan son los <\/span><i><span style=\"font-weight: 400;\">Due\u00f1os<\/span><\/i><span style=\"font-weight: 400;\">, los <\/span><i><span style=\"font-weight: 400;\">Directores<\/span><\/i><span style=\"font-weight: 400;\"> y el <\/span><i><span style=\"font-weight: 400;\">R\u00e9gimen Pol\u00edtico<\/span><\/i><span style=\"font-weight: 400;\">, as\u00ed como acontece en la Revista Semana, Blu Radio u otros de los ya conocidos. Cuando mucho podr\u00edamos aceptar que una encuesta exprese una opini\u00f3n que resulte de una \u00abmuestra\u00bb que por lo general alcanza a dos mil o tres mil personas, seleccionadas a criterio de la empresa encuestadora.<\/span><\/p>\n<p><span style=\"font-weight: 400;\">Desde luego que los resultados de una encuesta tiene prop\u00f3sitos de los encuestadores y a veces busca inclinar una opini\u00f3n seg\u00fan se seleccione la poblaci\u00f3n de la \u00abmuestra\u00bb, pero tambi\u00e9n se cuidan de ganar credibilidad con resultados aproximados sobre todo cuando son eventos de gran inter\u00e9s nacional donde priman los de los Grandes Grupos Econ\u00f3micos.<\/span><\/p>\n<p><span style=\"font-weight: 400;\">Pero en el manejo medi\u00e1tico cotidiano dan por hecho que lo que se dice por los micr\u00f3fonos es \u00abla opini\u00f3n de los colombianos\u00bb.<\/span><\/p>\n<p><span style=\"font-weight: 400;\">Al inicio del V Ciclo la Delegaci\u00f3n del ELN y la del Gobierno acordaron discutir un listado de temas, no lo que caprichosamente y de manera unilateral el Gobierno hab\u00eda anunciado p\u00fablicamente. Una vez discutidos los temas, se construyeron acuerdos que se dieron a conocer en el comunicado conjunto n\u00famero 19 del 17 de diciembre. Junto con dicho comunicado se redactaron y firmaron siete acuerdos.<\/span><\/p>\n<blockquote class=\"twitter-tweet\" data-width=\"550\" data-dnt=\"true\">\n<p lang=\"es\" dir=\"ltr\"><a href=\"https:\/\/twitter.com\/hashtag\/ATENCION?src=hash&amp;ref_src=twsrc%5Etfw\">#ATENCION<\/a><br \/>EL QUINTO CICLO DE DI\u00c1LOGOS AFIANZA EL PROCESO DE PAZ<\/p>\n<p>Las delegaciones del Gobierno de la Rep\u00fablica de Colombia y del Ej\u00e9rcito de Liberaci\u00f3n Nacional \u2013 ELN, hemos avanzado en afianzar el Proceso de Paz iniciado en la ciudad de Caracas en noviembre de 2022. <a href=\"https:\/\/t.co\/E5a2W8ISk3\">pic.twitter.com\/E5a2W8ISk3<\/a><\/p>\n<p>&mdash; Delegaci\u00f3n ELN (@DelegacionEln) <a href=\"https:\/\/twitter.com\/DelegacionEln\/status\/1736428937729733039?ref_src=twsrc%5Etfw\">December 17, 2023<\/a><\/p><\/blockquote>\n<p><script async src=\"https:\/\/platform.twitter.com\/widgets.js\" charset=\"utf-8\"><\/script><\/p>\n<p>&nbsp;<\/p>\n<p><span style=\"font-weight: 400;\">Cada acuerdo precisa cada uno de los asuntos se\u00f1alados en el comunicado n\u00famero 19.<\/span><\/p>\n<p><span style=\"font-weight: 400;\">As\u00ed las cosas, la ruta a seguir ser\u00e1 el cumplimiento de dichos acuerdos, tal y como est\u00e1n redactados, no lo que algunos interpretan o se imaginan.<\/span><\/p>\n<p><span style=\"font-weight: 400;\">Por ejemplo, en el asunto referido a la suspensi\u00f3n de las retenciones con fines econ\u00f3micos en el Comunicado conjunto n\u00famero 19, en el punto 2 dice:<\/span><\/p>\n<p><span style=\"font-weight: 400;\">\u00abLa suspensi\u00f3n de las retenciones con fines econ\u00f3micos, seg\u00fan el ELN, en el marco de la prolongaci\u00f3n del Cese al fuego prevista para finales de enero del a\u00f1o entrante\u00bb.<\/span><\/p>\n<p><span style=\"font-weight: 400;\">Y en Acuerdo n\u00famero 16 se anota:<\/span><\/p>\n<p><span style=\"font-weight: 400;\">\u00abAnunciar p\u00fablicamente la decisi\u00f3n del ELN de suspender las retenciones con fines econ\u00f3micos, seg\u00fan la denominaci\u00f3n del ELN, ligada a la pr\u00f3rroga del Cese al Fuego Bilateral, Nacional y Temporal (CFBNT) que se har\u00e1 efectiva el 30 de enero de 2024\u00bb.<\/span><\/p>\n<p><span style=\"font-weight: 400;\">Como puede verse, lo acordado sobre esa suspensi\u00f3n ser\u00e1 en el marco de una \u00abpr\u00f3rroga del Cese el Fuego Bilateral, Nacional y Temporal\u00bb, no puede darse por fuera de dicha pr\u00f3rroga, entendiendo que no est\u00e1 firmado ning\u00fan cese definitivo, sino temporal.<\/span><\/p>\n<p><span style=\"font-weight: 400;\">Hemos de repetir que a\u00fan no existe ning\u00fan acuerdo sustancial sobre la paz por cuanto el Proceso de Participaci\u00f3n de la Sociedad que construir\u00e1 una Agenda de Cambios para el pa\u00eds, a\u00fan est\u00e1 en su fase inicial. Por ahora, lo acordado es una Agenda de discusi\u00f3n y apenas se est\u00e1 dise\u00f1ando c\u00f3mo ser\u00e1 la Participaci\u00f3n de la Sociedad.<\/span><\/p>\n<p><span style=\"font-weight: 400;\">Junto a lo anterior hemos acordado un Cese el Fuego Temporal para generar un mejor ambiente en el curso de las conversaciones, que no viene funcionando bien y ser\u00e1 evaluando antes de cumplir los seis meses, con el prop\u00f3sito de prorrogarlo, pero hay que hacer ajustes para que se cumpla bien. Pese a nuestra buena voluntad para cumplir este Cese, siguen las masacres y asesinatos de dirigentes sociales, as\u00ed como la persecuci\u00f3n contra ellos. Y el Estado y sus Fuerzas Armadas tranquilos que no es con ellos.<\/span><\/p>\n<p><span style=\"font-weight: 400;\">Dicha suspensi\u00f3n de retenciones est\u00e1 relacionada con otro acuerdo referido a la financiaci\u00f3n del ELN y del Proceso de Paz. En el punto 4 del Comunicado Conjunto n\u00famero 19 se dice:<\/span><\/p>\n<p><span style=\"font-weight: 400;\">\u00abLa creaci\u00f3n de condiciones econ\u00f3micas y financieras para la materializaci\u00f3n del Acuerdo de M\u00e9xico\u00bb.<\/span><\/p>\n<p><span style=\"font-weight: 400;\">Y en el Acuerdo n\u00famero 21, en el punto 1 dice:<\/span><\/p>\n<p><span style=\"font-weight: 400;\">\u00ab&#8230; se conformar\u00e1 un equipo integrado por delegados y asesores de las Partes, con el acompa\u00f1amiento del Representante del Secretario General de la Organizaci\u00f3n de las Naciones Unidas en Colombia, del Reino de Noruega y del Grupo de Pa\u00edses de Apoyo, Acompa\u00f1amiento y Cooperaci\u00f3n (GPAAC). Esta comisi\u00f3n propondr\u00e1 las fuentes, v\u00edas y actividades ligadas a la financiaci\u00f3n del proceso de paz y del CFBNT con el ELN, y la Mesa de Di\u00e1logos de Paz las definir\u00e1\u00bb.<\/span><\/p>\n<p><span style=\"font-weight: 400;\">Es de sentido com\u00fan que estos tres asuntos mencionados est\u00e1n relacionados, tal como aparecen redactados en los textos: 1) pr\u00f3rroga del Cese el Fuego Temporal, 2) suspensi\u00f3n de retenciones con fines econ\u00f3micos y 3) la Financiaci\u00f3n; donde el punto 2 no podr\u00e1 darse sin el 3, mejor dicho simult\u00e1neamente, para que todos seamos interpretados.<\/span><\/p>\n<p><span style=\"font-weight: 400;\">Estos asuntos no son nuevos, han estado presentes en todos procesos de paz con el ELN, siempre hemos estado abiertos a discutirlos para crear soluciones que permitan construir la paz para que Colombia sea justa, democr\u00e1tica e incluyente.<\/span><\/p>\n<p><span style=\"font-weight: 400;\">Debemos aprender de lo que actualmente acontece en el mundo, donde los mismos Estados Unidos se mueve para buscar soluciones aceptando canje de personas privadas de la libertad, igual lo hace Israel en medio de su intransigencia.<\/span><\/p>\n<p><span style=\"font-weight: 400;\">La paz no es para que solo gane una sola parte, sino todos, sobre todo el pa\u00eds.<\/span><\/p>\n<p><b>Autor: Antonio Garc\u00eda<\/b><\/p>\n<p>&nbsp;<\/p>\n","protected":false},"excerpt":{"rendered":"<p>Los d\u00edas previos y en el mismo transcurso del V Ciclo de conversaciones realizado en&#8230;<\/p>\n","protected":false},"author":1,"featured_media":303,"comment_status":"open","ping_status":"closed","sticky":false,"template":"","format":"standard","meta":{"footnotes":""},"categories":[12,70],"tags":[57,19],"class_list":["post-302","post","type-post","status-publish","format-standard","has-post-thumbnail","hentry","category-antonio-garcia","category-otras-voces","tag-colombia","tag-eln"],"yoast_head":"<!-- This site is optimized with the Yoast SEO plugin v27.5 - https:\/\/yoast.com\/product\/yoast-seo-wordpress\/ -->\n<title>El V ciclo y los puntos cr\u00edticos -<\/title>\n<meta name=\"robots\" content=\"index, follow, max-snippet:-1, max-image-preview:large, max-video-preview:-1\" \/>\n<link rel=\"canonical\" href=\"https:\/\/hueleaazufre.com\/wordpress_a\/index.php\/2023\/12\/27\/el-v-ciclo-y-los-puntos-criticos\/\" \/>\n<meta property=\"og:locale\" content=\"es_ES\" \/>\n<meta property=\"og:type\" content=\"article\" \/>\n<meta property=\"og:title\" content=\"El V ciclo y los puntos cr\u00edticos -\" \/>\n<meta property=\"og:description\" content=\"Los d\u00edas previos y en el mismo transcurso del V Ciclo de conversaciones realizado en...\" \/>\n<meta property=\"og:url\" content=\"https:\/\/hueleaazufre.com\/wordpress_a\/index.php\/2023\/12\/27\/el-v-ciclo-y-los-puntos-criticos\/\" \/>\n<meta property=\"article:published_time\" content=\"2023-12-27T18:30:04+00:00\" \/>\n<meta property=\"article:modified_time\" content=\"2023-12-28T18:43:38+00:00\" \/>\n<meta property=\"og:image\" content=\"https:\/\/hueleaazufre.com\/wordpress_a\/wp-content\/uploads\/2023\/12\/banderacol-scaled.jpg\" \/>\n\t<meta property=\"og:image:width\" content=\"2560\" \/>\n\t<meta property=\"og:image:height\" content=\"1707\" \/>\n\t<meta property=\"og:image:type\" content=\"image\/jpeg\" \/>\n<meta name=\"author\" content=\"Huele a azufre\" \/>\n<meta name=\"twitter:card\" content=\"summary_large_image\" \/>\n<meta name=\"twitter:label1\" content=\"Escrito por\" \/>\n\t<meta name=\"twitter:data1\" content=\"Huele a azufre\" \/>\n\t<meta name=\"twitter:label2\" content=\"Tiempo de lectura\" \/>\n\t<meta name=\"twitter:data2\" content=\"5 minutos\" \/>\n<script type=\"application\/ld+json\" class=\"yoast-schema-graph\">{\"@context\":\"https:\\\/\\\/schema.org\",\"@graph\":[{\"@type\":\"Article\",\"@id\":\"https:\\\/\\\/hueleaazufre.com\\\/wordpress_a\\\/index.php\\\/2023\\\/12\\\/27\\\/el-v-ciclo-y-los-puntos-criticos\\\/#article\",\"isPartOf\":{\"@id\":\"https:\\\/\\\/hueleaazufre.com\\\/wordpress_a\\\/index.php\\\/2023\\\/12\\\/27\\\/el-v-ciclo-y-los-puntos-criticos\\\/\"},\"author\":{\"name\":\"Huele a azufre\",\"@id\":\"https:\\\/\\\/hueleaazufre.com\\\/wordpress_a\\\/#\\\/schema\\\/person\\\/549dd871707ea7f9f1a686323ebe9baa\"},\"headline\":\"El V ciclo y los puntos cr\u00edticos\",\"datePublished\":\"2023-12-27T18:30:04+00:00\",\"dateModified\":\"2023-12-28T18:43:38+00:00\",\"mainEntityOfPage\":{\"@id\":\"https:\\\/\\\/hueleaazufre.com\\\/wordpress_a\\\/index.php\\\/2023\\\/12\\\/27\\\/el-v-ciclo-y-los-puntos-criticos\\\/\"},\"wordCount\":981,\"commentCount\":0,\"image\":{\"@id\":\"https:\\\/\\\/hueleaazufre.com\\\/wordpress_a\\\/index.php\\\/2023\\\/12\\\/27\\\/el-v-ciclo-y-los-puntos-criticos\\\/#primaryimage\"},\"thumbnailUrl\":\"https:\\\/\\\/hueleaazufre.com\\\/wordpress_a\\\/wp-content\\\/uploads\\\/2023\\\/12\\\/banderacol-scaled.jpg\",\"keywords\":[\"Colombia\",\"ELN\"],\"articleSection\":[\"Antonio Garc\u00eda\u00a0\",\"Otras voces\"],\"inLanguage\":\"es\",\"potentialAction\":[{\"@type\":\"CommentAction\",\"name\":\"Comment\",\"target\":[\"https:\\\/\\\/hueleaazufre.com\\\/wordpress_a\\\/index.php\\\/2023\\\/12\\\/27\\\/el-v-ciclo-y-los-puntos-criticos\\\/#respond\"]}]},{\"@type\":\"WebPage\",\"@id\":\"https:\\\/\\\/hueleaazufre.com\\\/wordpress_a\\\/index.php\\\/2023\\\/12\\\/27\\\/el-v-ciclo-y-los-puntos-criticos\\\/\",\"url\":\"https:\\\/\\\/hueleaazufre.com\\\/wordpress_a\\\/index.php\\\/2023\\\/12\\\/27\\\/el-v-ciclo-y-los-puntos-criticos\\\/\",\"name\":\"El V ciclo y los puntos cr\u00edticos -\",\"isPartOf\":{\"@id\":\"https:\\\/\\\/hueleaazufre.com\\\/wordpress_a\\\/#website\"},\"primaryImageOfPage\":{\"@id\":\"https:\\\/\\\/hueleaazufre.com\\\/wordpress_a\\\/index.php\\\/2023\\\/12\\\/27\\\/el-v-ciclo-y-los-puntos-criticos\\\/#primaryimage\"},\"image\":{\"@id\":\"https:\\\/\\\/hueleaazufre.com\\\/wordpress_a\\\/index.php\\\/2023\\\/12\\\/27\\\/el-v-ciclo-y-los-puntos-criticos\\\/#primaryimage\"},\"thumbnailUrl\":\"https:\\\/\\\/hueleaazufre.com\\\/wordpress_a\\\/wp-content\\\/uploads\\\/2023\\\/12\\\/banderacol-scaled.jpg\",\"datePublished\":\"2023-12-27T18:30:04+00:00\",\"dateModified\":\"2023-12-28T18:43:38+00:00\",\"author\":{\"@id\":\"https:\\\/\\\/hueleaazufre.com\\\/wordpress_a\\\/#\\\/schema\\\/person\\\/549dd871707ea7f9f1a686323ebe9baa\"},\"breadcrumb\":{\"@id\":\"https:\\\/\\\/hueleaazufre.com\\\/wordpress_a\\\/index.php\\\/2023\\\/12\\\/27\\\/el-v-ciclo-y-los-puntos-criticos\\\/#breadcrumb\"},\"inLanguage\":\"es\",\"potentialAction\":[{\"@type\":\"ReadAction\",\"target\":[\"https:\\\/\\\/hueleaazufre.com\\\/wordpress_a\\\/index.php\\\/2023\\\/12\\\/27\\\/el-v-ciclo-y-los-puntos-criticos\\\/\"]}]},{\"@type\":\"ImageObject\",\"inLanguage\":\"es\",\"@id\":\"https:\\\/\\\/hueleaazufre.com\\\/wordpress_a\\\/index.php\\\/2023\\\/12\\\/27\\\/el-v-ciclo-y-los-puntos-criticos\\\/#primaryimage\",\"url\":\"https:\\\/\\\/hueleaazufre.com\\\/wordpress_a\\\/wp-content\\\/uploads\\\/2023\\\/12\\\/banderacol-scaled.jpg\",\"contentUrl\":\"https:\\\/\\\/hueleaazufre.com\\\/wordpress_a\\\/wp-content\\\/uploads\\\/2023\\\/12\\\/banderacol-scaled.jpg\",\"width\":2560,\"height\":1707,\"caption\":\"Flag of Colombia\"},{\"@type\":\"BreadcrumbList\",\"@id\":\"https:\\\/\\\/hueleaazufre.com\\\/wordpress_a\\\/index.php\\\/2023\\\/12\\\/27\\\/el-v-ciclo-y-los-puntos-criticos\\\/#breadcrumb\",\"itemListElement\":[{\"@type\":\"ListItem\",\"position\":1,\"name\":\"Portada\",\"item\":\"https:\\\/\\\/hueleaazufre.com\\\/wordpress_a\\\/\"},{\"@type\":\"ListItem\",\"position\":2,\"name\":\"El V ciclo y los puntos cr\u00edticos\"}]},{\"@type\":\"WebSite\",\"@id\":\"https:\\\/\\\/hueleaazufre.com\\\/wordpress_a\\\/#website\",\"url\":\"https:\\\/\\\/hueleaazufre.com\\\/wordpress_a\\\/\",\"name\":\"\",\"description\":\"Huele a azufre es una plataforma digital de an\u00e1lisis geopol\u00edtico.\",\"potentialAction\":[{\"@type\":\"SearchAction\",\"target\":{\"@type\":\"EntryPoint\",\"urlTemplate\":\"https:\\\/\\\/hueleaazufre.com\\\/wordpress_a\\\/?s={search_term_string}\"},\"query-input\":{\"@type\":\"PropertyValueSpecification\",\"valueRequired\":true,\"valueName\":\"search_term_string\"}}],\"inLanguage\":\"es\"},{\"@type\":\"Person\",\"@id\":\"https:\\\/\\\/hueleaazufre.com\\\/wordpress_a\\\/#\\\/schema\\\/person\\\/549dd871707ea7f9f1a686323ebe9baa\",\"name\":\"Huele a azufre\",\"image\":{\"@type\":\"ImageObject\",\"inLanguage\":\"es\",\"@id\":\"https:\\\/\\\/secure.gravatar.com\\\/avatar\\\/e972d5c124b9bf80eb4c9d322a90dd86a59d447f5da36700a77516f13637d44e?s=96&d=mm&r=g\",\"url\":\"https:\\\/\\\/secure.gravatar.com\\\/avatar\\\/e972d5c124b9bf80eb4c9d322a90dd86a59d447f5da36700a77516f13637d44e?s=96&d=mm&r=g\",\"contentUrl\":\"https:\\\/\\\/secure.gravatar.com\\\/avatar\\\/e972d5c124b9bf80eb4c9d322a90dd86a59d447f5da36700a77516f13637d44e?s=96&d=mm&r=g\",\"caption\":\"Huele a azufre\"},\"description\":\"Huele a azufre es una plataforma digital de an\u00e1lisis geopol\u00edtico\u00a0 contrahegem\u00f3nico, que busca visibilizar las voces y los discursos silenciados por el poder medi\u00e1tico.\",\"sameAs\":[\"https:\\\/\\\/hueleaazufre.com\\\/wordpress_a\"],\"url\":\"https:\\\/\\\/hueleaazufre.com\\\/wordpress_a\\\/index.php\\\/author\\\/admin_tupapa\\\/\"}]}<\/script>\n<!-- \/ Yoast SEO plugin. -->","yoast_head_json":{"title":"El V ciclo y los puntos cr\u00edticos -","robots":{"index":"index","follow":"follow","max-snippet":"max-snippet:-1","max-image-preview":"max-image-preview:large","max-video-preview":"max-video-preview:-1"},"canonical":"https:\/\/hueleaazufre.com\/wordpress_a\/index.php\/2023\/12\/27\/el-v-ciclo-y-los-puntos-criticos\/","og_locale":"es_ES","og_type":"article","og_title":"El V ciclo y los puntos cr\u00edticos -","og_description":"Los d\u00edas previos y en el mismo transcurso del V Ciclo de conversaciones realizado en...","og_url":"https:\/\/hueleaazufre.com\/wordpress_a\/index.php\/2023\/12\/27\/el-v-ciclo-y-los-puntos-criticos\/","article_published_time":"2023-12-27T18:30:04+00:00","article_modified_time":"2023-12-28T18:43:38+00:00","og_image":[{"width":2560,"height":1707,"url":"https:\/\/hueleaazufre.com\/wordpress_a\/wp-content\/uploads\/2023\/12\/banderacol-scaled.jpg","type":"image\/jpeg"}],"author":"Huele a azufre","twitter_card":"summary_large_image","twitter_misc":{"Escrito por":"Huele a azufre","Tiempo de lectura":"5 minutos"},"schema":{"@context":"https:\/\/schema.org","@graph":[{"@type":"Article","@id":"https:\/\/hueleaazufre.com\/wordpress_a\/index.php\/2023\/12\/27\/el-v-ciclo-y-los-puntos-criticos\/#article","isPartOf":{"@id":"https:\/\/hueleaazufre.com\/wordpress_a\/index.php\/2023\/12\/27\/el-v-ciclo-y-los-puntos-criticos\/"},"author":{"name":"Huele a azufre","@id":"https:\/\/hueleaazufre.com\/wordpress_a\/#\/schema\/person\/549dd871707ea7f9f1a686323ebe9baa"},"headline":"El V ciclo y los puntos cr\u00edticos","datePublished":"2023-12-27T18:30:04+00:00","dateModified":"2023-12-28T18:43:38+00:00","mainEntityOfPage":{"@id":"https:\/\/hueleaazufre.com\/wordpress_a\/index.php\/2023\/12\/27\/el-v-ciclo-y-los-puntos-criticos\/"},"wordCount":981,"commentCount":0,"image":{"@id":"https:\/\/hueleaazufre.com\/wordpress_a\/index.php\/2023\/12\/27\/el-v-ciclo-y-los-puntos-criticos\/#primaryimage"},"thumbnailUrl":"https:\/\/hueleaazufre.com\/wordpress_a\/wp-content\/uploads\/2023\/12\/banderacol-scaled.jpg","keywords":["Colombia","ELN"],"articleSection":["Antonio Garc\u00eda\u00a0","Otras voces"],"inLanguage":"es","potentialAction":[{"@type":"CommentAction","name":"Comment","target":["https:\/\/hueleaazufre.com\/wordpress_a\/index.php\/2023\/12\/27\/el-v-ciclo-y-los-puntos-criticos\/#respond"]}]},{"@type":"WebPage","@id":"https:\/\/hueleaazufre.com\/wordpress_a\/index.php\/2023\/12\/27\/el-v-ciclo-y-los-puntos-criticos\/","url":"https:\/\/hueleaazufre.com\/wordpress_a\/index.php\/2023\/12\/27\/el-v-ciclo-y-los-puntos-criticos\/","name":"El V ciclo y los puntos cr\u00edticos -","isPartOf":{"@id":"https:\/\/hueleaazufre.com\/wordpress_a\/#website"},"primaryImageOfPage":{"@id":"https:\/\/hueleaazufre.com\/wordpress_a\/index.php\/2023\/12\/27\/el-v-ciclo-y-los-puntos-criticos\/#primaryimage"},"image":{"@id":"https:\/\/hueleaazufre.com\/wordpress_a\/index.php\/2023\/12\/27\/el-v-ciclo-y-los-puntos-criticos\/#primaryimage"},"thumbnailUrl":"https:\/\/hueleaazufre.com\/wordpress_a\/wp-content\/uploads\/2023\/12\/banderacol-scaled.jpg","datePublished":"2023-12-27T18:30:04+00:00","dateModified":"2023-12-28T18:43:38+00:00","author":{"@id":"https:\/\/hueleaazufre.com\/wordpress_a\/#\/schema\/person\/549dd871707ea7f9f1a686323ebe9baa"},"breadcrumb":{"@id":"https:\/\/hueleaazufre.com\/wordpress_a\/index.php\/2023\/12\/27\/el-v-ciclo-y-los-puntos-criticos\/#breadcrumb"},"inLanguage":"es","potentialAction":[{"@type":"ReadAction","target":["https:\/\/hueleaazufre.com\/wordpress_a\/index.php\/2023\/12\/27\/el-v-ciclo-y-los-puntos-criticos\/"]}]},{"@type":"ImageObject","inLanguage":"es","@id":"https:\/\/hueleaazufre.com\/wordpress_a\/index.php\/2023\/12\/27\/el-v-ciclo-y-los-puntos-criticos\/#primaryimage","url":"https:\/\/hueleaazufre.com\/wordpress_a\/wp-content\/uploads\/2023\/12\/banderacol-scaled.jpg","contentUrl":"https:\/\/hueleaazufre.com\/wordpress_a\/wp-content\/uploads\/2023\/12\/banderacol-scaled.jpg","width":2560,"height":1707,"caption":"Flag of Colombia"},{"@type":"BreadcrumbList","@id":"https:\/\/hueleaazufre.com\/wordpress_a\/index.php\/2023\/12\/27\/el-v-ciclo-y-los-puntos-criticos\/#breadcrumb","itemListElement":[{"@type":"ListItem","position":1,"name":"Portada","item":"https:\/\/hueleaazufre.com\/wordpress_a\/"},{"@type":"ListItem","position":2,"name":"El V ciclo y los puntos cr\u00edticos"}]},{"@type":"WebSite","@id":"https:\/\/hueleaazufre.com\/wordpress_a\/#website","url":"https:\/\/hueleaazufre.com\/wordpress_a\/","name":"","description":"Huele a azufre es una plataforma digital de an\u00e1lisis geopol\u00edtico.","potentialAction":[{"@type":"SearchAction","target":{"@type":"EntryPoint","urlTemplate":"https:\/\/hueleaazufre.com\/wordpress_a\/?s={search_term_string}"},"query-input":{"@type":"PropertyValueSpecification","valueRequired":true,"valueName":"search_term_string"}}],"inLanguage":"es"},{"@type":"Person","@id":"https:\/\/hueleaazufre.com\/wordpress_a\/#\/schema\/person\/549dd871707ea7f9f1a686323ebe9baa","name":"Huele a azufre","image":{"@type":"ImageObject","inLanguage":"es","@id":"https:\/\/secure.gravatar.com\/avatar\/e972d5c124b9bf80eb4c9d322a90dd86a59d447f5da36700a77516f13637d44e?s=96&d=mm&r=g","url":"https:\/\/secure.gravatar.com\/avatar\/e972d5c124b9bf80eb4c9d322a90dd86a59d447f5da36700a77516f13637d44e?s=96&d=mm&r=g","contentUrl":"https:\/\/secure.gravatar.com\/avatar\/e972d5c124b9bf80eb4c9d322a90dd86a59d447f5da36700a77516f13637d44e?s=96&d=mm&r=g","caption":"Huele a azufre"},"description":"Huele a azufre es una plataforma digital de an\u00e1lisis geopol\u00edtico\u00a0 contrahegem\u00f3nico, que busca visibilizar las voces y los discursos silenciados por el poder medi\u00e1tico.","sameAs":["https:\/\/hueleaazufre.com\/wordpress_a"],"url":"https:\/\/hueleaazufre.com\/wordpress_a\/index.php\/author\/admin_tupapa\/"}]}},"_links":{"self":[{"href":"https:\/\/hueleaazufre.com\/wordpress_a\/index.php\/wp-json\/wp\/v2\/posts\/302","targetHints":{"allow":["GET"]}}],"collection":[{"href":"https:\/\/hueleaazufre.com\/wordpress_a\/index.php\/wp-json\/wp\/v2\/posts"}],"about":[{"href":"https:\/\/hueleaazufre.com\/wordpress_a\/index.php\/wp-json\/wp\/v2\/types\/post"}],"author":[{"embeddable":true,"href":"https:\/\/hueleaazufre.com\/wordpress_a\/index.php\/wp-json\/wp\/v2\/users\/1"}],"replies":[{"embeddable":true,"href":"https:\/\/hueleaazufre.com\/wordpress_a\/index.php\/wp-json\/wp\/v2\/comments?post=302"}],"version-history":[{"count":1,"href":"https:\/\/hueleaazufre.com\/wordpress_a\/index.php\/wp-json\/wp\/v2\/posts\/302\/revisions"}],"predecessor-version":[{"id":304,"href":"https:\/\/hueleaazufre.com\/wordpress_a\/index.php\/wp-json\/wp\/v2\/posts\/302\/revisions\/304"}],"wp:featuredmedia":[{"embeddable":true,"href":"https:\/\/hueleaazufre.com\/wordpress_a\/index.php\/wp-json\/wp\/v2\/media\/303"}],"wp:attachment":[{"href":"https:\/\/hueleaazufre.com\/wordpress_a\/index.php\/wp-json\/wp\/v2\/media?parent=302"}],"wp:term":[{"taxonomy":"category","embeddable":true,"href":"https:\/\/hueleaazufre.com\/wordpress_a\/index.php\/wp-json\/wp\/v2\/categories?post=302"},{"taxonomy":"post_tag","embeddable":true,"href":"https:\/\/hueleaazufre.com\/wordpress_a\/index.php\/wp-json\/wp\/v2\/tags?post=302"}],"curies":[{"name":"wp","href":"https:\/\/api.w.org\/{rel}","templated":true}]}}