{"id":3027,"date":"2025-08-14T18:31:55","date_gmt":"2025-08-14T18:31:55","guid":{"rendered":"https:\/\/hueleaazufre.com\/wordpress_a\/?p=3027"},"modified":"2025-08-14T18:31:55","modified_gmt":"2025-08-14T18:31:55","slug":"zona-economica-binacional-entre-venezuela-y-colombia-que-mas-hay-detras","status":"publish","type":"post","link":"https:\/\/hueleaazufre.com\/wordpress_a\/index.php\/2025\/08\/14\/zona-economica-binacional-entre-venezuela-y-colombia-que-mas-hay-detras\/","title":{"rendered":"Zona Econ\u00f3mica Binacional entre Venezuela y Colombia: \u00bfqu\u00e9 m\u00e1s hay detr\u00e1s?"},"content":{"rendered":"<p>El presidente de Venezuela, Nicol\u00e1s Maduro Moros dio recientemente detalles sobre la creaci\u00f3n de la Zona Econ\u00f3mica Binacional con Colombia, gracias a un acuerdo en el que ambas naciones vienen trabajando desde que el presidente Gustavo Petro lleg\u00f3 al gobierno.<\/p>\n<p>Si bien las dos administraciones han hablado sobre las bondades econ\u00f3micas que estos acuerdos pueden aportar, desde Caribe Investigaci\u00f3n consideramos necesario darle una mirada alternativa al tema que contribuya a fortalecer los lazos de hermandad \u2014no solo comerciales; una lectura cr\u00edtica que prevea escenarios futuros inmediatos (militares y geopol\u00edticos, por ejemplo), el marco sancionatorio que a\u00fan pesa sobre Venezuela, o la postura e intromisi\u00f3n de la administraci\u00f3n Trump en estos y otros asuntos del hemisferio.<\/p>\n<p>Hasta ahora, ninguno de los dos gobiernos ha aclarado si estos acuerdos estar\u00e1n fuera del alcance e influencia de los Estados Unidos y de la pol\u00edtica sancionatoria de la administraci\u00f3n Trump. Responder\u00edan de manera ret\u00f3rica, y con argumentos, que son pa\u00edses soberanos y que, desde un marco jur\u00eddico, pueden blindar la Zona Econ\u00f3mica Binacional.<\/p>\n<p>Lo que no se puede obviar es que la econom\u00eda colombiana est\u00e1 comprometida comercialmente con Estados Unidos: su pol\u00edtica de drogas sigue sometida al yugo prohibicionista de la DEA. En enero de 2025, tras un choque diplom\u00e1tico con el presidente Gustavo Petro, se reactiv\u00f3 la amenaza de descertificaci\u00f3n. Aunque Trump suspendi\u00f3 las sanciones econ\u00f3micas y migratorias contra Colombia, dej\u00f3 abierta la posibilidad de retirar recursos clave para la lucha antidrogas, lo que convierte esto \u00faltimo en un arma de presi\u00f3n sobre la administraci\u00f3n Petro.<\/p>\n<p>Tampoco puede pasarse por alto que la econom\u00eda venezolana, en constante crecimiento en los \u00faltimos tres a\u00f1os, sigue arrastrando las consecuencias de las sanciones unilaterales e ilegales impuestas por los Estados Unidos. Cualquier intento de diversificar su econom\u00eda fuera de sus fronteras estar\u00e1 siempre bajo el radar estadounidense.<\/p>\n<p>Ser\u00eda atrevido inferir \u2014aunque no descabellado\u2014 que existen acuerdos y negociaciones a tres bandas, a trav\u00e9s de las cuales Venezuela, Colombia y Estados Unidos van levantando una agenda conforme a los intereses de cada cual (cada uno por su lado). Sobre todo en lo que respecta a la seguridad fronteriza con Venezuela, porque Colombia sigue supeditada militarmente a Estados Unidos: con bases militares en su territorio, la misma doctrina militar de la d\u00e9cada de 1950, el Plan Colombia y la pol\u00edtica antidrogas.<\/p>\n<p>No hay negociaci\u00f3n pol\u00edtica, acuerdos, di\u00e1logos o procesos con organizaciones armadas ilegales en Colombia que no est\u00e9n supeditados a la intromisi\u00f3n estadounidense. Se debe tomar en cuenta el vigente acuerdo de extradici\u00f3n entre ambos pa\u00edses y la ayuda militar que sigue llegando.<\/p>\n<p><strong>\u00bfQu\u00e9 pueden negociar?<\/strong><\/p>\n<p>El Gobierno venezolano se la ha jugado en los \u00faltimos a\u00f1os para revertir las sanciones econ\u00f3micas, impulsando la producci\u00f3n nacional de alimentos y diversificando las exportaciones que garantizan el ingreso de divisas. Tambi\u00e9n est\u00e1 construyendo alianzas estrat\u00e9gicas en materia energ\u00e9tica para no depender de las licencias de exportaci\u00f3n otorgadas por Estados Unidos.<\/p>\n<p>En el caso de Colombia, la reactivaci\u00f3n del gasoducto Antonio Ricaurte, que conecta al estado Zulia (occidente venezolano) con el departamento de La Guajira, ser\u00eda un ganar-ganar para ambas naciones: suministro de gas a precio mucho m\u00e1s bajo que el que paga actualmente Colombia a Estados Unidos y Europa, y desarrollo de la actividad gas\u00edfera de Venezuela (cuarta mayor reserva de gas del mundo). Pero esto no estar\u00eda fuera del alcance de lo que decida Estados Unidos, como veremos m\u00e1s adelante.<\/p>\n<p>Un acuerdo en materia de gas entre ambos pa\u00edses encontr\u00f3 resistencia y rechazo temprano por parte del sector energ\u00e9tico colombiano, especialmente de los encargados de importarlo y comercializarlo. Este sector no solo tiene peso econ\u00f3mico y pol\u00edtico en Colombia; muchas veces sus intereses tienen vasos comunicantes con empresas transnacionales radicadas en Estados Unidos. Adem\u00e1s, el gas importado en los \u00faltimos a\u00f1os proviene de dicho pa\u00eds.<\/p>\n<p>De igual manera, cualquier acuerdo energ\u00e9tico entre ambos pa\u00edses no ser\u00eda posible sin que Estados Unidos tome partido y d\u00e9 luz verde a la Oficina de Control de Activos Extranjeros (OFAC) para expedir licencias especiales. Esto nos lleva a pensar que, de las negociaciones que mantiene Venezuela con Estados Unidos, solo conocemos algunos temas (migraci\u00f3n y excarcelaci\u00f3n de presos, entre otros). \u00bfEstar\u00e1n bajo la lupa de Trump estos acuerdos entre Colombia y Venezuela? Lo planteamos especialmente por la administraci\u00f3n Petro y el incierto resultado electoral de las presidenciales de 2026.<\/p>\n<p>Queda claro que el Gobierno venezolano no se somete a chantajes ni presiones, y que las sanciones tampoco surtieron el efecto que Estados Unidos esperaba. Sin embargo, encontramos a un Nicol\u00e1s Maduro m\u00e1s negociador y dialogante que, sin ceder a presiones, va abriendo camino diplom\u00e1ticamente.<\/p>\n<p>Otro elemento que entra en juego hoy, aunque no est\u00e9 dentro de los acuerdos macro de la Zona Econ\u00f3mica Binacional, es la venta de la importante y estrat\u00e9gica empresa Mon\u00f3meros al Estado colombiano. Tambi\u00e9n es una apuesta ganar-ganar: Venezuela evita futuras intervenciones, sanciones o robo de activos; Colombia se queda con un negocio y una empresa no solo rentable, sino clave para abaratar los costos de la producci\u00f3n agr\u00edcola. Y Petro suma un logro incuestionable de cara a las elecciones de 2026.<\/p>\n<p><strong>Arma de doble filo<\/strong><\/p>\n<p>Desde el inicio de la administraci\u00f3n Petro, este Gobierno ha insistido en que Venezuela se involucre m\u00e1s en temas de seguridad binacional para combatir el \u201cnarcotr\u00e1fico\u201d y tambi\u00e9n a la guerrilla del ELN (s\u00ed, espec\u00edficamente, el presidente Petro pidi\u00f3 a Venezuela combatir a esa guerrilla).<\/p>\n<p>Primero lo hizo en abril de 2023, cuando declar\u00f3 desde Washington que exist\u00eda un acuerdo militar con Venezuela para \u201cquitarle espacio\u201d a los elenos. El 31 de enero de este a\u00f1o, luego de la confrontaci\u00f3n armada entre el ELN y las disidencias en el Catatumbo, Petro tambi\u00e9n anunci\u00f3 operativos conjuntos para combatir la insurgencia.<\/p>\n<p>Sobre la creaci\u00f3n de la Zona Econ\u00f3mica Binacional y la seguridad fronteriza, el presidente Maduro expres\u00f3: \u201cLa idea es que toda esa zona sea de paz, de integraci\u00f3n comercial, desarrollo agroindustrial, de sustituci\u00f3n de importaciones\u2026 Uni\u00f3n pol\u00edtica de las autoridades, conversaci\u00f3n y di\u00e1logo, y, lo m\u00e1s importante, uni\u00f3n de los pueblos\u2026 liberar esa zona de violencia, narcotr\u00e1fico, paramilitares\u201d.<\/p>\n<p>\u00bfC\u00f3mo ser\u00e1 esta cooperaci\u00f3n militar? \u00bfTendr\u00e1 alguna influencia Estados Unidos y sus bases militares? No lo sabemos. Pero queda claro que el Gobierno venezolano pone toda la carne en el asador: apuesta por el desarrollo econ\u00f3mico e industrial, y se compromete formalmente en un tema bastante delicado, tomando en cuenta la influencia militar y pol\u00edtica de Estados Unidos en Colombia.<\/p>\n<p>El Plan Colombia, antes de implementarse, siempre tuvo como prop\u00f3sito controlar militarmente a Colombia para someter a Venezuela. Petro, por mucho discurso radical y antiimperialista que pronuncie, no solo deja intacta la doctrina del enemigo interno colombiana, sino que no hace nada ni tiene c\u00f3mo hacer para sacar las bases militares estadounidenses; al contrario, bajo el pretexto de investigaciones biol\u00f3gicas, cedi\u00f3 un permiso para operaciones de la Armada estadounidense en la Isla Gorgona (Pac\u00edfico colombiano).<\/p>\n<p><strong>Dos elementos adicionales para concluir:<\/strong><\/p>\n<p>La \u00e9lite y la industria colombiana, sobre todo la del centro del pa\u00eds, est\u00e1n conscientes de la importancia del intercambio comercial con Venezuela. Primero, por las materias primas venezolanas; segundo, por la ubicaci\u00f3n estrat\u00e9gica del Lago de Maracaibo, que acorta las rutas comerciales de los productos colombianos del centro del pa\u00eds hacia Estados Unidos y Europa, sin tener que transitar por el Caribe colombiano.<\/p>\n<p>Petro goza de popularidad, eso no est\u00e1 en duda. Pero el futuro inmediato es incierto: se define en apenas meses con las elecciones presidenciales de 2026. Hay un sector empresarial colombiano que gana por partida doble, sin importar qui\u00e9n llegue a la presidencia el pr\u00f3ximo a\u00f1o. Otro sector, el energ\u00e9tico, est\u00e1 totalmente en contra, porque un acuerdo en gas o petr\u00f3leo les tumba el negocio de la importaci\u00f3n de gas licuado desde Estados Unidos y otros pa\u00edses.<\/p>\n<p>&nbsp;<\/p>\n<p><a href=\"https:\/\/periferiaprensa.com\/zona-economica-binacional-entre-venezuela-y-colombia-que-mas-hay-detras\/\"><strong>Fuente: Periferia Prensa\u00a0<\/strong><\/a><\/p>\n","protected":false},"excerpt":{"rendered":"<p>El presidente de Venezuela, Nicol\u00e1s Maduro Moros dio recientemente detalles sobre la creaci\u00f3n de la&#8230;<\/p>\n","protected":false},"author":1,"featured_media":3028,"comment_status":"open","ping_status":"closed","sticky":false,"template":"","format":"standard","meta":{"footnotes":""},"categories":[56],"tags":[57,116,81,30],"class_list":["post-3027","post","type-post","status-publish","format-standard","has-post-thumbnail","hentry","category-medios-aliados","tag-colombia","tag-gustavo-petro","tag-nicolas-maduro","tag-venezuela"],"yoast_head":"<!-- This site is optimized with the Yoast SEO plugin v27.5 - https:\/\/yoast.com\/product\/yoast-seo-wordpress\/ -->\n<title>Zona Econ\u00f3mica Binacional entre Venezuela y Colombia: \u00bfqu\u00e9 m\u00e1s hay detr\u00e1s? -<\/title>\n<meta name=\"description\" content=\"El presidente de Venezuela, Nicol\u00e1s Maduro Moros dio recientemente detalles sobre la creaci\u00f3n de la Zona Econ\u00f3mica Binacional con Colombia.\" \/>\n<meta name=\"robots\" content=\"index, follow, max-snippet:-1, max-image-preview:large, max-video-preview:-1\" \/>\n<link rel=\"canonical\" href=\"https:\/\/hueleaazufre.com\/wordpress_a\/index.php\/2025\/08\/14\/zona-economica-binacional-entre-venezuela-y-colombia-que-mas-hay-detras\/\" \/>\n<meta property=\"og:locale\" content=\"es_ES\" \/>\n<meta property=\"og:type\" content=\"article\" \/>\n<meta property=\"og:title\" content=\"Zona Econ\u00f3mica Binacional entre Venezuela y Colombia: \u00bfqu\u00e9 m\u00e1s hay detr\u00e1s? -\" \/>\n<meta property=\"og:description\" content=\"El presidente de Venezuela, Nicol\u00e1s Maduro Moros dio recientemente detalles sobre la creaci\u00f3n de la Zona Econ\u00f3mica Binacional con Colombia.\" \/>\n<meta property=\"og:url\" content=\"https:\/\/hueleaazufre.com\/wordpress_a\/index.php\/2025\/08\/14\/zona-economica-binacional-entre-venezuela-y-colombia-que-mas-hay-detras\/\" \/>\n<meta property=\"article:published_time\" content=\"2025-08-14T18:31:55+00:00\" \/>\n<meta property=\"og:image\" content=\"https:\/\/hueleaazufre.com\/wordpress_a\/wp-content\/uploads\/2025\/08\/2a-5.webp\" \/>\n\t<meta property=\"og:image:width\" content=\"1600\" \/>\n\t<meta property=\"og:image:height\" content=\"800\" \/>\n\t<meta property=\"og:image:type\" content=\"image\/webp\" \/>\n<meta name=\"author\" content=\"Huele a azufre\" \/>\n<meta name=\"twitter:card\" content=\"summary_large_image\" \/>\n<meta name=\"twitter:label1\" content=\"Escrito por\" \/>\n\t<meta name=\"twitter:data1\" content=\"Huele a azufre\" \/>\n\t<meta name=\"twitter:label2\" content=\"Tiempo de lectura\" \/>\n\t<meta name=\"twitter:data2\" content=\"7 minutos\" \/>\n<script type=\"application\/ld+json\" class=\"yoast-schema-graph\">{\"@context\":\"https:\\\/\\\/schema.org\",\"@graph\":[{\"@type\":\"Article\",\"@id\":\"https:\\\/\\\/hueleaazufre.com\\\/wordpress_a\\\/index.php\\\/2025\\\/08\\\/14\\\/zona-economica-binacional-entre-venezuela-y-colombia-que-mas-hay-detras\\\/#article\",\"isPartOf\":{\"@id\":\"https:\\\/\\\/hueleaazufre.com\\\/wordpress_a\\\/index.php\\\/2025\\\/08\\\/14\\\/zona-economica-binacional-entre-venezuela-y-colombia-que-mas-hay-detras\\\/\"},\"author\":{\"name\":\"Huele a azufre\",\"@id\":\"https:\\\/\\\/hueleaazufre.com\\\/wordpress_a\\\/#\\\/schema\\\/person\\\/549dd871707ea7f9f1a686323ebe9baa\"},\"headline\":\"Zona Econ\u00f3mica Binacional entre Venezuela y Colombia: \u00bfqu\u00e9 m\u00e1s hay detr\u00e1s?\",\"datePublished\":\"2025-08-14T18:31:55+00:00\",\"mainEntityOfPage\":{\"@id\":\"https:\\\/\\\/hueleaazufre.com\\\/wordpress_a\\\/index.php\\\/2025\\\/08\\\/14\\\/zona-economica-binacional-entre-venezuela-y-colombia-que-mas-hay-detras\\\/\"},\"wordCount\":1411,\"commentCount\":0,\"image\":{\"@id\":\"https:\\\/\\\/hueleaazufre.com\\\/wordpress_a\\\/index.php\\\/2025\\\/08\\\/14\\\/zona-economica-binacional-entre-venezuela-y-colombia-que-mas-hay-detras\\\/#primaryimage\"},\"thumbnailUrl\":\"https:\\\/\\\/hueleaazufre.com\\\/wordpress_a\\\/wp-content\\\/uploads\\\/2025\\\/08\\\/2a-5.webp\",\"keywords\":[\"Colombia\",\"Gustavo Petro\",\"Nicol\u00e1s Maduro\",\"Venezuela\"],\"articleSection\":[\"Medios aliados\"],\"inLanguage\":\"es\",\"potentialAction\":[{\"@type\":\"CommentAction\",\"name\":\"Comment\",\"target\":[\"https:\\\/\\\/hueleaazufre.com\\\/wordpress_a\\\/index.php\\\/2025\\\/08\\\/14\\\/zona-economica-binacional-entre-venezuela-y-colombia-que-mas-hay-detras\\\/#respond\"]}]},{\"@type\":\"WebPage\",\"@id\":\"https:\\\/\\\/hueleaazufre.com\\\/wordpress_a\\\/index.php\\\/2025\\\/08\\\/14\\\/zona-economica-binacional-entre-venezuela-y-colombia-que-mas-hay-detras\\\/\",\"url\":\"https:\\\/\\\/hueleaazufre.com\\\/wordpress_a\\\/index.php\\\/2025\\\/08\\\/14\\\/zona-economica-binacional-entre-venezuela-y-colombia-que-mas-hay-detras\\\/\",\"name\":\"Zona Econ\u00f3mica Binacional entre Venezuela y Colombia: \u00bfqu\u00e9 m\u00e1s hay detr\u00e1s? -\",\"isPartOf\":{\"@id\":\"https:\\\/\\\/hueleaazufre.com\\\/wordpress_a\\\/#website\"},\"primaryImageOfPage\":{\"@id\":\"https:\\\/\\\/hueleaazufre.com\\\/wordpress_a\\\/index.php\\\/2025\\\/08\\\/14\\\/zona-economica-binacional-entre-venezuela-y-colombia-que-mas-hay-detras\\\/#primaryimage\"},\"image\":{\"@id\":\"https:\\\/\\\/hueleaazufre.com\\\/wordpress_a\\\/index.php\\\/2025\\\/08\\\/14\\\/zona-economica-binacional-entre-venezuela-y-colombia-que-mas-hay-detras\\\/#primaryimage\"},\"thumbnailUrl\":\"https:\\\/\\\/hueleaazufre.com\\\/wordpress_a\\\/wp-content\\\/uploads\\\/2025\\\/08\\\/2a-5.webp\",\"datePublished\":\"2025-08-14T18:31:55+00:00\",\"author\":{\"@id\":\"https:\\\/\\\/hueleaazufre.com\\\/wordpress_a\\\/#\\\/schema\\\/person\\\/549dd871707ea7f9f1a686323ebe9baa\"},\"description\":\"El presidente de Venezuela, Nicol\u00e1s Maduro Moros dio recientemente detalles sobre la creaci\u00f3n de la Zona Econ\u00f3mica Binacional con Colombia.\",\"breadcrumb\":{\"@id\":\"https:\\\/\\\/hueleaazufre.com\\\/wordpress_a\\\/index.php\\\/2025\\\/08\\\/14\\\/zona-economica-binacional-entre-venezuela-y-colombia-que-mas-hay-detras\\\/#breadcrumb\"},\"inLanguage\":\"es\",\"potentialAction\":[{\"@type\":\"ReadAction\",\"target\":[\"https:\\\/\\\/hueleaazufre.com\\\/wordpress_a\\\/index.php\\\/2025\\\/08\\\/14\\\/zona-economica-binacional-entre-venezuela-y-colombia-que-mas-hay-detras\\\/\"]}]},{\"@type\":\"ImageObject\",\"inLanguage\":\"es\",\"@id\":\"https:\\\/\\\/hueleaazufre.com\\\/wordpress_a\\\/index.php\\\/2025\\\/08\\\/14\\\/zona-economica-binacional-entre-venezuela-y-colombia-que-mas-hay-detras\\\/#primaryimage\",\"url\":\"https:\\\/\\\/hueleaazufre.com\\\/wordpress_a\\\/wp-content\\\/uploads\\\/2025\\\/08\\\/2a-5.webp\",\"contentUrl\":\"https:\\\/\\\/hueleaazufre.com\\\/wordpress_a\\\/wp-content\\\/uploads\\\/2025\\\/08\\\/2a-5.webp\",\"width\":1600,\"height\":800},{\"@type\":\"BreadcrumbList\",\"@id\":\"https:\\\/\\\/hueleaazufre.com\\\/wordpress_a\\\/index.php\\\/2025\\\/08\\\/14\\\/zona-economica-binacional-entre-venezuela-y-colombia-que-mas-hay-detras\\\/#breadcrumb\",\"itemListElement\":[{\"@type\":\"ListItem\",\"position\":1,\"name\":\"Portada\",\"item\":\"https:\\\/\\\/hueleaazufre.com\\\/wordpress_a\\\/\"},{\"@type\":\"ListItem\",\"position\":2,\"name\":\"Zona Econ\u00f3mica Binacional entre Venezuela y Colombia: \u00bfqu\u00e9 m\u00e1s hay detr\u00e1s?\"}]},{\"@type\":\"WebSite\",\"@id\":\"https:\\\/\\\/hueleaazufre.com\\\/wordpress_a\\\/#website\",\"url\":\"https:\\\/\\\/hueleaazufre.com\\\/wordpress_a\\\/\",\"name\":\"\",\"description\":\"Huele a azufre es una plataforma digital de an\u00e1lisis geopol\u00edtico.\",\"potentialAction\":[{\"@type\":\"SearchAction\",\"target\":{\"@type\":\"EntryPoint\",\"urlTemplate\":\"https:\\\/\\\/hueleaazufre.com\\\/wordpress_a\\\/?s={search_term_string}\"},\"query-input\":{\"@type\":\"PropertyValueSpecification\",\"valueRequired\":true,\"valueName\":\"search_term_string\"}}],\"inLanguage\":\"es\"},{\"@type\":\"Person\",\"@id\":\"https:\\\/\\\/hueleaazufre.com\\\/wordpress_a\\\/#\\\/schema\\\/person\\\/549dd871707ea7f9f1a686323ebe9baa\",\"name\":\"Huele a azufre\",\"image\":{\"@type\":\"ImageObject\",\"inLanguage\":\"es\",\"@id\":\"https:\\\/\\\/secure.gravatar.com\\\/avatar\\\/e972d5c124b9bf80eb4c9d322a90dd86a59d447f5da36700a77516f13637d44e?s=96&d=mm&r=g\",\"url\":\"https:\\\/\\\/secure.gravatar.com\\\/avatar\\\/e972d5c124b9bf80eb4c9d322a90dd86a59d447f5da36700a77516f13637d44e?s=96&d=mm&r=g\",\"contentUrl\":\"https:\\\/\\\/secure.gravatar.com\\\/avatar\\\/e972d5c124b9bf80eb4c9d322a90dd86a59d447f5da36700a77516f13637d44e?s=96&d=mm&r=g\",\"caption\":\"Huele a azufre\"},\"description\":\"Huele a azufre es una plataforma digital de an\u00e1lisis geopol\u00edtico\u00a0 contrahegem\u00f3nico, que busca visibilizar las voces y los discursos silenciados por el poder medi\u00e1tico.\",\"sameAs\":[\"https:\\\/\\\/hueleaazufre.com\\\/wordpress_a\"],\"url\":\"https:\\\/\\\/hueleaazufre.com\\\/wordpress_a\\\/index.php\\\/author\\\/admin_tupapa\\\/\"}]}<\/script>\n<!-- \/ Yoast SEO plugin. -->","yoast_head_json":{"title":"Zona Econ\u00f3mica Binacional entre Venezuela y Colombia: \u00bfqu\u00e9 m\u00e1s hay detr\u00e1s? -","description":"El presidente de Venezuela, Nicol\u00e1s Maduro Moros dio recientemente detalles sobre la creaci\u00f3n de la Zona Econ\u00f3mica Binacional con Colombia.","robots":{"index":"index","follow":"follow","max-snippet":"max-snippet:-1","max-image-preview":"max-image-preview:large","max-video-preview":"max-video-preview:-1"},"canonical":"https:\/\/hueleaazufre.com\/wordpress_a\/index.php\/2025\/08\/14\/zona-economica-binacional-entre-venezuela-y-colombia-que-mas-hay-detras\/","og_locale":"es_ES","og_type":"article","og_title":"Zona Econ\u00f3mica Binacional entre Venezuela y Colombia: \u00bfqu\u00e9 m\u00e1s hay detr\u00e1s? -","og_description":"El presidente de Venezuela, Nicol\u00e1s Maduro Moros dio recientemente detalles sobre la creaci\u00f3n de la Zona Econ\u00f3mica Binacional con Colombia.","og_url":"https:\/\/hueleaazufre.com\/wordpress_a\/index.php\/2025\/08\/14\/zona-economica-binacional-entre-venezuela-y-colombia-que-mas-hay-detras\/","article_published_time":"2025-08-14T18:31:55+00:00","og_image":[{"width":1600,"height":800,"url":"https:\/\/hueleaazufre.com\/wordpress_a\/wp-content\/uploads\/2025\/08\/2a-5.webp","type":"image\/webp"}],"author":"Huele a azufre","twitter_card":"summary_large_image","twitter_misc":{"Escrito por":"Huele a azufre","Tiempo de lectura":"7 minutos"},"schema":{"@context":"https:\/\/schema.org","@graph":[{"@type":"Article","@id":"https:\/\/hueleaazufre.com\/wordpress_a\/index.php\/2025\/08\/14\/zona-economica-binacional-entre-venezuela-y-colombia-que-mas-hay-detras\/#article","isPartOf":{"@id":"https:\/\/hueleaazufre.com\/wordpress_a\/index.php\/2025\/08\/14\/zona-economica-binacional-entre-venezuela-y-colombia-que-mas-hay-detras\/"},"author":{"name":"Huele a azufre","@id":"https:\/\/hueleaazufre.com\/wordpress_a\/#\/schema\/person\/549dd871707ea7f9f1a686323ebe9baa"},"headline":"Zona Econ\u00f3mica Binacional entre Venezuela y Colombia: \u00bfqu\u00e9 m\u00e1s hay detr\u00e1s?","datePublished":"2025-08-14T18:31:55+00:00","mainEntityOfPage":{"@id":"https:\/\/hueleaazufre.com\/wordpress_a\/index.php\/2025\/08\/14\/zona-economica-binacional-entre-venezuela-y-colombia-que-mas-hay-detras\/"},"wordCount":1411,"commentCount":0,"image":{"@id":"https:\/\/hueleaazufre.com\/wordpress_a\/index.php\/2025\/08\/14\/zona-economica-binacional-entre-venezuela-y-colombia-que-mas-hay-detras\/#primaryimage"},"thumbnailUrl":"https:\/\/hueleaazufre.com\/wordpress_a\/wp-content\/uploads\/2025\/08\/2a-5.webp","keywords":["Colombia","Gustavo Petro","Nicol\u00e1s Maduro","Venezuela"],"articleSection":["Medios aliados"],"inLanguage":"es","potentialAction":[{"@type":"CommentAction","name":"Comment","target":["https:\/\/hueleaazufre.com\/wordpress_a\/index.php\/2025\/08\/14\/zona-economica-binacional-entre-venezuela-y-colombia-que-mas-hay-detras\/#respond"]}]},{"@type":"WebPage","@id":"https:\/\/hueleaazufre.com\/wordpress_a\/index.php\/2025\/08\/14\/zona-economica-binacional-entre-venezuela-y-colombia-que-mas-hay-detras\/","url":"https:\/\/hueleaazufre.com\/wordpress_a\/index.php\/2025\/08\/14\/zona-economica-binacional-entre-venezuela-y-colombia-que-mas-hay-detras\/","name":"Zona Econ\u00f3mica Binacional entre Venezuela y Colombia: \u00bfqu\u00e9 m\u00e1s hay detr\u00e1s? -","isPartOf":{"@id":"https:\/\/hueleaazufre.com\/wordpress_a\/#website"},"primaryImageOfPage":{"@id":"https:\/\/hueleaazufre.com\/wordpress_a\/index.php\/2025\/08\/14\/zona-economica-binacional-entre-venezuela-y-colombia-que-mas-hay-detras\/#primaryimage"},"image":{"@id":"https:\/\/hueleaazufre.com\/wordpress_a\/index.php\/2025\/08\/14\/zona-economica-binacional-entre-venezuela-y-colombia-que-mas-hay-detras\/#primaryimage"},"thumbnailUrl":"https:\/\/hueleaazufre.com\/wordpress_a\/wp-content\/uploads\/2025\/08\/2a-5.webp","datePublished":"2025-08-14T18:31:55+00:00","author":{"@id":"https:\/\/hueleaazufre.com\/wordpress_a\/#\/schema\/person\/549dd871707ea7f9f1a686323ebe9baa"},"description":"El presidente de Venezuela, Nicol\u00e1s Maduro Moros dio recientemente detalles sobre la creaci\u00f3n de la Zona Econ\u00f3mica Binacional con Colombia.","breadcrumb":{"@id":"https:\/\/hueleaazufre.com\/wordpress_a\/index.php\/2025\/08\/14\/zona-economica-binacional-entre-venezuela-y-colombia-que-mas-hay-detras\/#breadcrumb"},"inLanguage":"es","potentialAction":[{"@type":"ReadAction","target":["https:\/\/hueleaazufre.com\/wordpress_a\/index.php\/2025\/08\/14\/zona-economica-binacional-entre-venezuela-y-colombia-que-mas-hay-detras\/"]}]},{"@type":"ImageObject","inLanguage":"es","@id":"https:\/\/hueleaazufre.com\/wordpress_a\/index.php\/2025\/08\/14\/zona-economica-binacional-entre-venezuela-y-colombia-que-mas-hay-detras\/#primaryimage","url":"https:\/\/hueleaazufre.com\/wordpress_a\/wp-content\/uploads\/2025\/08\/2a-5.webp","contentUrl":"https:\/\/hueleaazufre.com\/wordpress_a\/wp-content\/uploads\/2025\/08\/2a-5.webp","width":1600,"height":800},{"@type":"BreadcrumbList","@id":"https:\/\/hueleaazufre.com\/wordpress_a\/index.php\/2025\/08\/14\/zona-economica-binacional-entre-venezuela-y-colombia-que-mas-hay-detras\/#breadcrumb","itemListElement":[{"@type":"ListItem","position":1,"name":"Portada","item":"https:\/\/hueleaazufre.com\/wordpress_a\/"},{"@type":"ListItem","position":2,"name":"Zona Econ\u00f3mica Binacional entre Venezuela y Colombia: \u00bfqu\u00e9 m\u00e1s hay detr\u00e1s?"}]},{"@type":"WebSite","@id":"https:\/\/hueleaazufre.com\/wordpress_a\/#website","url":"https:\/\/hueleaazufre.com\/wordpress_a\/","name":"","description":"Huele a azufre es una plataforma digital de an\u00e1lisis geopol\u00edtico.","potentialAction":[{"@type":"SearchAction","target":{"@type":"EntryPoint","urlTemplate":"https:\/\/hueleaazufre.com\/wordpress_a\/?s={search_term_string}"},"query-input":{"@type":"PropertyValueSpecification","valueRequired":true,"valueName":"search_term_string"}}],"inLanguage":"es"},{"@type":"Person","@id":"https:\/\/hueleaazufre.com\/wordpress_a\/#\/schema\/person\/549dd871707ea7f9f1a686323ebe9baa","name":"Huele a azufre","image":{"@type":"ImageObject","inLanguage":"es","@id":"https:\/\/secure.gravatar.com\/avatar\/e972d5c124b9bf80eb4c9d322a90dd86a59d447f5da36700a77516f13637d44e?s=96&d=mm&r=g","url":"https:\/\/secure.gravatar.com\/avatar\/e972d5c124b9bf80eb4c9d322a90dd86a59d447f5da36700a77516f13637d44e?s=96&d=mm&r=g","contentUrl":"https:\/\/secure.gravatar.com\/avatar\/e972d5c124b9bf80eb4c9d322a90dd86a59d447f5da36700a77516f13637d44e?s=96&d=mm&r=g","caption":"Huele a azufre"},"description":"Huele a azufre es una plataforma digital de an\u00e1lisis geopol\u00edtico\u00a0 contrahegem\u00f3nico, que busca visibilizar las voces y los discursos silenciados por el poder medi\u00e1tico.","sameAs":["https:\/\/hueleaazufre.com\/wordpress_a"],"url":"https:\/\/hueleaazufre.com\/wordpress_a\/index.php\/author\/admin_tupapa\/"}]}},"_links":{"self":[{"href":"https:\/\/hueleaazufre.com\/wordpress_a\/index.php\/wp-json\/wp\/v2\/posts\/3027","targetHints":{"allow":["GET"]}}],"collection":[{"href":"https:\/\/hueleaazufre.com\/wordpress_a\/index.php\/wp-json\/wp\/v2\/posts"}],"about":[{"href":"https:\/\/hueleaazufre.com\/wordpress_a\/index.php\/wp-json\/wp\/v2\/types\/post"}],"author":[{"embeddable":true,"href":"https:\/\/hueleaazufre.com\/wordpress_a\/index.php\/wp-json\/wp\/v2\/users\/1"}],"replies":[{"embeddable":true,"href":"https:\/\/hueleaazufre.com\/wordpress_a\/index.php\/wp-json\/wp\/v2\/comments?post=3027"}],"version-history":[{"count":1,"href":"https:\/\/hueleaazufre.com\/wordpress_a\/index.php\/wp-json\/wp\/v2\/posts\/3027\/revisions"}],"predecessor-version":[{"id":3029,"href":"https:\/\/hueleaazufre.com\/wordpress_a\/index.php\/wp-json\/wp\/v2\/posts\/3027\/revisions\/3029"}],"wp:featuredmedia":[{"embeddable":true,"href":"https:\/\/hueleaazufre.com\/wordpress_a\/index.php\/wp-json\/wp\/v2\/media\/3028"}],"wp:attachment":[{"href":"https:\/\/hueleaazufre.com\/wordpress_a\/index.php\/wp-json\/wp\/v2\/media?parent=3027"}],"wp:term":[{"taxonomy":"category","embeddable":true,"href":"https:\/\/hueleaazufre.com\/wordpress_a\/index.php\/wp-json\/wp\/v2\/categories?post=3027"},{"taxonomy":"post_tag","embeddable":true,"href":"https:\/\/hueleaazufre.com\/wordpress_a\/index.php\/wp-json\/wp\/v2\/tags?post=3027"}],"curies":[{"name":"wp","href":"https:\/\/api.w.org\/{rel}","templated":true}]}}