{"id":3189,"date":"2025-09-25T01:49:43","date_gmt":"2025-09-25T01:49:43","guid":{"rendered":"https:\/\/hueleaazufre.com\/wordpress_a\/?p=3189"},"modified":"2025-09-26T14:46:22","modified_gmt":"2025-09-26T14:46:22","slug":"argentina-del-lawfare-a-la-neocolonia-fascista","status":"publish","type":"post","link":"https:\/\/hueleaazufre.com\/wordpress_a\/index.php\/2025\/09\/25\/argentina-del-lawfare-a-la-neocolonia-fascista\/","title":{"rendered":"Argentina: del lawfare a la neocolonia fascista"},"content":{"rendered":"<p>La jurista Claudia Rocca analiza la estrategia del imperialismo en Nuestra Am\u00e9rica que socava las bases democr\u00e1ticas de los Estados afectados al comprometer la capacidad de autodeterminaci\u00f3n y promover la subordinaci\u00f3n a agendas externas.<\/p>\n<p>Saludos desde la oficina Nuestra Am\u00e9rica del Instituto Tricontinental de Investigaci\u00f3n Social,<\/p>\n<p>En los \u00faltimos meses en nuestra regi\u00f3n el rol del poder judicial ha sido protag\u00f3nico: desde el\u00a0<em>lawfare<\/em>\u00a0orquestado contra la expresidenta de Argentina hasta las hist\u00f3ricas condenas contra expresidentes de la extrema derecha regional, como \u00c1lvaro Uribe V\u00e9lez en Colombia y Jair Bolsonaro en Brasil. Sin embargo, vale la pena aclarar que, muy por el contrario de lo que intenta instalar la prensa hegem\u00f3nica sobre la similitud de los casos de\u00a0<em>lawfare<\/em>\u00a0con los de justicia por delitos comprobados, ambos responden a naturalezas muy diferentes. Para comprender mejor el\u00a0<em>lawfare<\/em>\u00a0como estrategia del imperialismo en Nuestra Am\u00e9rica, pedimos a Claudia Rocca de la Asociaci\u00f3n Americana de Juristas una contribuci\u00f3n a este debate:<\/p>\n<p>El\u00a0<i>lawfare<\/i>\u00a0es una guerra pol\u00edtica por la v\u00eda judicial-medi\u00e1tica, que responde a intereses econ\u00f3micos, pol\u00edticos y geopol\u00edticos. Involucra a jueces, fiscales, corporaciones de la comunicaci\u00f3n, periodistas y l\u00edderes de opini\u00f3n, polic\u00edas, funcionarios de embajadas y agentes de inteligencia, tanto locales como extranjeros.<\/p>\n<p>Se caracteriza por el abuso de prisiones preventivas, delaciones premiadas y veredictos construidos sin respetar el debido proceso judicial, mediante acoso y desmoralizaci\u00f3n a trav\u00e9s de los medios de comunicaci\u00f3n. Incluye allanamientos de locales pol\u00edticos y hogares de militantes, persecuci\u00f3n y amenazas a familiares, obligando a situaciones de exilio y refugio pol\u00edtico, manipulaci\u00f3n y propagaci\u00f3n de miedo en los involucrados en determinados procesos pol\u00edticos.<\/p>\n<p>En los \u00faltimos a\u00f1os, estas t\u00e1cticas han sido utilizadas contra decenas de l\u00edderes pol\u00edticos y\/o exfuncionarios\/as de gobiernos en Argentina, Ecuador, Chile,<a href=\"https:\/\/thetricontinental.org\/es\/dossier-5-lula-y-la-batalla-por-democracia-en-brasil\/\">\u00a0Brasil<\/a>, Bolivia, Per\u00fa y El Salvador, vinculados a gobiernos, programas o proyectos que cuestionan con mayor o menor alcance la ortodoxia neoliberal.<\/p>\n<p>Esta guerra opera \u201cdesde arriba\u201d, por medio de un aparato judicial que se coloca por encima del poder legislativo y del ejecutivo, ampliando el margen de maniobra y poder para los jueces, quienes se involucran en operaciones pol\u00edticas, desencadenando la\u00a0 p\u00e9rdida de equilibrio entre poderes, permitiendo una creciente \u201cjuristocracia\u201d y normalizando en muchos casos el doble rasero de la ley. Este proceso hist\u00f3rico de reposicionamiento del poder judicial por sobre los dem\u00e1s, es caracter\u00edstico del neoconstitucionalismo,<a href=\"https:\/\/rephip.unr.edu.ar\/server\/api\/core\/bitstreams\/95a421fc-d71b-433a-b27b-2fa169b93dbe\/content\">\u00a0orden jur\u00eddico predominante<\/a>\u00a0en buena parte de Europa y Am\u00e9rica Latina en las \u00faltimas d\u00e9cadas.<\/p>\n<p>El encumbramiento del aparato judicial y la selectividad en los casos judiciales, se articula con un rol protag\u00f3nico de los medios de comunicaci\u00f3n, que operan para la criminalizaci\u00f3n de sectores o l\u00edderes y lideresas pol\u00edticos. Se suman voces de \u201cespecialistas\u201d, muchas provenientes de \u201ccentros de pensamiento de expertos\u201d de EE. UU., a quienes se les atribuye una pretendida\u00a0 \u201cfuerza de verdad\u201d\u00a0 en los principales medios y redes sociales.<\/p>\n<p>Es llamativo el rol que juegan agencias del gobierno estadounidense como la USAID y otras, as\u00ed como intereses del sector privado estadounidense: ambos est\u00e1n involucradas tanto en los procesos judiciales como en los resultados y eventos posteriores a los mismos, que muestran la instrumentalizaci\u00f3n del aparato judicial-medi\u00e1tico a favor de objetivos econ\u00f3micos, pol\u00edticos y geopol\u00edticos for\u00e1neos, que comparten intereses y negocios con minor\u00edas privilegiadas locales.<\/p>\n<p>Pero este mecanismo no se agota en los \u00e1mbitos internos de los pa\u00edses. Para aquellas naciones en las cuales el nuevo poder econ\u00f3mico occidental no ha logrado horadar los procesos pol\u00edticos nacionales y soberanos, aplican las mismas recetas utilizando el sistema internacional de flujo de divisas, los aranceles y rutas comerciales, los sistemas de prevenci\u00f3n de lavado de dinero, los sistemas de control migratorio, con v\u00edas de sanciones y medidas coercitivas unilaterales, con cargos y acusaciones, solo basadas en decisiones de oficinas administrativas y, por tanto, son meras decisiones pol\u00edticas de la administraci\u00f3n estadounidense.<\/p>\n<div class=\"single-post--content--media-block single-post--content--image\">\n<div id=\"attachment_128679\" class=\"wp-caption aligncenter\">\n<p><img fetchpriority=\"high\" decoding=\"async\" class=\"wp-image-128679 size-full img-responsive\" src=\"https:\/\/thetricontinental.org\/wp-content\/uploads\/2025\/09\/2_Tejada.jpeg\" sizes=\"(max-width: 893px) 100vw, 893px\" srcset=\"https:\/\/thetricontinental.org\/wp-content\/uploads\/2025\/09\/2_Tejada.jpeg 893w, https:\/\/thetricontinental.org\/wp-content\/uploads\/2025\/09\/2_Tejada-300x209.jpeg 300w, https:\/\/thetricontinental.org\/wp-content\/uploads\/2025\/09\/2_Tejada-768x535.jpeg 768w\" alt=\"\" width=\"893\" height=\"622\" aria-describedby=\"caption-attachment-128679\" \/><\/p>\n<p id=\"caption-attachment-128679\" class=\"wp-caption-text\">Lucy Tejada,\u00a0<i>Atados\u00a0<\/i>(Colombia), 1977.<\/p>\n<\/div>\n<\/div>\n<p>Varias publicaciones del \u00e1mbito militar consideran que el\u00a0<i>lawfare<\/i>\u00a0es uno de los componentes de nuevas guerras \u201cno convencionales\u201d, como la<a href=\"https:\/\/ns.afahc.ro\/ro\/revista\/2015_1\/49.pdf\">\u00a0guerra h\u00edbrida<\/a>. Guerra que puede ser ejercida por actores estatales o no estatales, que act\u00faan con todas las modalidades del espectro de este tipo de guerra, considerando las capacidades militares convencionales, t\u00e1cticas y unidades de combate no convencionales, u otras acciones terroristas, planificaci\u00f3n del caos mediante hechos de violencia, ciberguerra, guerra financiera o medi\u00e1tica.<\/p>\n<p>Bastar\u00e1 invocar lo \u201cno legal\u201d de las leyes\/normas de otros Estados, que no se apegan al canon occidental, para que sean catalogadas como violentas (\u201c<a href=\"https:\/\/www.dw.com\/es\/eeuu-sigue-considerando-a-venezuela-una-amenaza\/a-68449576\">amenaza inusual y extraordinaria<\/a>\u201d), pretendiendo legitimar as\u00ed ataques que hoy cobran<a href=\"https:\/\/thetricontinental.org\/es\/dossier-17-venezuela-y-las-guerras-hibridas-en-nuestra-america\/\">\u00a0dimensiones m\u00faltiples<\/a>.<\/p>\n<p>Si bien, como hemos dicho, el\u00a0<i>lawfare<\/i>\u00a0constituye una herramienta utilizada desde el Estado, el gobierno o desde minor\u00edas privilegiadas a nivel local, tambi\u00e9n lo es a nivel transnacional, implementada desde el norte global.<\/p>\n<p>Para las naciones que se someten, este es el n\u00facleo de las relaciones coloniales y de dependencia exacerbadas con la expansi\u00f3n del capitalismo.\u00a0 En el marco de esta desigual relaci\u00f3n, EE. UU. y sus aliados reorganizan el escenario a favor de los intereses de una red transnacional de poder, creando una suerte de \u201c<a href=\"https:\/\/thetricontinental.org\/es\/ocho-contradicciones-del-orden-basado-en-reglas-imperialista\/\">orden jur\u00eddico leg\u00edtimo<\/a>\u201d; y definen el alcance de su jurisdicci\u00f3n, desconociendo la soberan\u00eda de los estados m\u00e1s d\u00e9biles que no tienen capacidad de imponer su ley por la fuerza o de ejercer resistencia.<\/p>\n<p>La jurisdicci\u00f3n no es simplemente una regla, sino que determina qu\u00e9 reglas se aplicar\u00e1n, d\u00f3nde, c\u00f3mo y qui\u00e9nes lo har\u00e1n. All\u00ed radica el poder de sometimiento del centro de poder occidental sobre nuestros pa\u00edses latinoamericanos, vehiculizado a trav\u00e9s del\u00a0<i>lawfare<\/i>.<\/p>\n<p>La instalaci\u00f3n de esta \u201cjuristocracia\u201d ha tenido como consecuencia la judicializaci\u00f3n de la gran pol\u00edtica y de la democracia, pues al deslegitimar y neutralizar a lideresas y l\u00edderes pol\u00edticos inc\u00f3modos para ciertos intereses econ\u00f3micos y geopol\u00edticos no solo afectaron a las y los individuos directamente implicados, sino que socavaron las bases democr\u00e1ticas de los Estados afectados, comprometiendo su capacidad de autodeterminaci\u00f3n y promoviendo la subordinaci\u00f3n a agendas externas.<\/p>\n<div class=\"single-post--content--media-block single-post--content--image\">\n<div id=\"attachment_128649\" class=\"wp-caption aligncenter\">\n<p><img decoding=\"async\" class=\"wp-image-128649 size-large img-responsive\" src=\"https:\/\/thetricontinental.org\/wp-content\/uploads\/2025\/09\/3_Hybrid-War-ES-728x1024.jpg\" sizes=\"(max-width: 728px) 100vw, 728px\" srcset=\"https:\/\/thetricontinental.org\/wp-content\/uploads\/2025\/09\/3_Hybrid-War-ES-728x1024.jpg 728w, https:\/\/thetricontinental.org\/wp-content\/uploads\/2025\/09\/3_Hybrid-War-ES-213x300.jpg 213w, https:\/\/thetricontinental.org\/wp-content\/uploads\/2025\/09\/3_Hybrid-War-ES-768x1081.jpg 768w, https:\/\/thetricontinental.org\/wp-content\/uploads\/2025\/09\/3_Hybrid-War-ES-1091x1536.jpg 1091w, https:\/\/thetricontinental.org\/wp-content\/uploads\/2025\/09\/3_Hybrid-War-ES.jpg 1200w\" alt=\"\" width=\"728\" height=\"1024\" aria-describedby=\"caption-attachment-128649\" \/><\/p>\n<p id=\"caption-attachment-128649\" class=\"wp-caption-text\">Instituto Tricontinental,\u00a0<i>Guerras H\u00edbridas<\/i>, 2020.<\/p>\n<\/div>\n<\/div>\n<h2>El caso argentino<\/h2>\n<p>La persecuci\u00f3n judicial de los l\u00edderes y las lideresas pol\u00edticos y sociales en la Argentina viene desarroll\u00e1ndose desde el final de la \u00faltima gesti\u00f3n de gobierno de Cristina Fern\u00e1ndez de Kirchner, momento en el que comienzan a tomar protagonismo personajes que desfilaban por los medios de comunicaci\u00f3n, denunciando la supuesta corrupci\u00f3n de las y los funcionarios kirchneristas, sin argumentos probatorios, pero con una gran espectacularidad e impacto que les brindaban los medios de comunicaci\u00f3n masivos. Los ataques ten\u00edan especial epicentro en la figura de la primera mandataria, e incluso llegaron a instalar la idea de que ella era la autora intelectual de la muerte del fiscal Nisman, a pesar de que toda la prueba recabada en la investigaci\u00f3n dio cuenta que se trat\u00f3 de un suicidio.<\/p>\n<p>El fuero penal federal, junto con otros altos funcionarios del Poder Judicial, se convirti\u00f3 en el principal partido de oposici\u00f3n. Este proceso fue determinante para el triunfo de Mauricio Macri, cuya gesti\u00f3n sumi\u00f3 al pa\u00eds en un proceso de desindustrializaci\u00f3n, concentraci\u00f3n de riquezas a trav\u00e9s de la especulaci\u00f3n financiera, entrega de recursos estrat\u00e9gicos, debilitamiento de la capacidad del Estado, mientras se multiplicaban las causas que criminalizaron al kirchnerismo en particular, y a las y los l\u00edderes sociales del campo popular en general. Milagro Sala es el ejemplo m\u00e1s paradigm\u00e1tico.\u00a0 En la \u00faltima parte de su mandato, Macri contrajo en tiempo r\u00e9cord un<a href=\"https:\/\/thetricontinental.org\/es\/argentina\/nuestraamerica1-cantamuttoylopez\/\">\u00a0endeudamiento formidable<\/a>.\u00a0 Los casi 50.000 millones de d\u00f3lares otorgados por el FMI en forma absolutamente irregular son parte del monto\u00a0<a href=\"https:\/\/www.bcra.gob.ar\/Noticias\/publicacion-de-informe-mercado-cambios-deuda-2015-2019.asp\">que se fug\u00f3<\/a>\u00a0del pa\u00eds a posteriori.<\/p>\n<p>Fruto de la evidente inviabilidad de dicho programa de gobierno y del deterioro social y econ\u00f3mico causado, en el 2019 el peronismo gan\u00f3 las elecciones presidenciales. Pero, claramente, no obtuvo el poder. El\u00a0<i>lawfare<\/i>\u00a0no cedi\u00f3 ni un \u00e1pice.<\/p>\n<p>Una de las causas emblem\u00e1ticas es sin duda la llamada causa \u201cVialidad\u201d, en la que se conden\u00f3 a 6 a\u00f1os de prisi\u00f3n a\u00a0 Cristina Fern\u00e1ndez de Kirchner por la comisi\u00f3n del delito de administraci\u00f3n fraudulenta.\u00a0 En el marco de dicho proceso se han violado las garant\u00edas de defensa en juicio, emanadas del art\u00edculo 380 del C\u00f3digo Procesal Penal de la Naci\u00f3n, con base en el art\u00edculo 18 de la Constituci\u00f3n Nacional y reforzado por los tratados componentes del Derecho Internacional de los Derechos Humanos; se han violentado el elenco de reglas sobre la conducta judicial conocido como Principios de Bangalore (adoptado por el Consejo Econ\u00f3mico y Social de las Naciones Unidas en su Resoluci\u00f3n E\/CN.4\/2003\/65\/Anexo de noviembre de 2002, aprobado formalmente el 10 de enero de 2003), atento la p\u00fablica y notoria falta de imparcialidad del sentenciante y sus evidenciados v\u00ednculos con la fiscal\u00eda. En la arbitrariedad judicial manifestada en los procedimientos seguidos contra la vicepresidenta se observan los mismos patrones persecutorios que en las proscripciones pol\u00edticas de los dem\u00e1s l\u00edderes latinoamericanos, y ello se aprecia claramente a partir de una sentencia que en nada se relaciona con la prueba producida en el expediente, donde no ha sido incorporado ning\u00fan elemento que acrediten las conductas que se le atribuyen a la exmandataria.<\/p>\n<p>Luego de una confirmaci\u00f3n por parte de la C\u00e1mara de Casaci\u00f3n \u2014que no atendi\u00f3 a ninguno de los argumentos antes se\u00f1alados\u2014, en solo dos meses la Corte Suprema de Justicia de la Naci\u00f3n dej\u00f3 firme la condena \u2014mientras las dem\u00e1s causas aguardan a\u00f1os e incluso d\u00e9cadas\u2014. Con el ya habitual anuncio previo y preciso de los medios, el inconstitucional fallo logr\u00f3 el prop\u00f3sito acu\u00f1ado desde el inicio: la proscripci\u00f3n de Cristina.<\/p>\n<div class=\"single-post--content--media-block single-post--content--image\">\n<div id=\"attachment_128689\" class=\"wp-caption aligncenter\">\n<p><img decoding=\"async\" class=\"wp-image-128689 size-large img-responsive\" src=\"https:\/\/thetricontinental.org\/wp-content\/uploads\/2025\/09\/4_Alonso-1024x1024.jpg\" sizes=\"auto, (max-width: 1024px) 100vw, 1024px\" srcset=\"https:\/\/thetricontinental.org\/wp-content\/uploads\/2025\/09\/4_Alonso-1024x1024.jpg 1024w, https:\/\/thetricontinental.org\/wp-content\/uploads\/2025\/09\/4_Alonso-300x300.jpg 300w, https:\/\/thetricontinental.org\/wp-content\/uploads\/2025\/09\/4_Alonso-150x150.jpg 150w, https:\/\/thetricontinental.org\/wp-content\/uploads\/2025\/09\/4_Alonso-768x768.jpg 768w, https:\/\/thetricontinental.org\/wp-content\/uploads\/2025\/09\/4_Alonso.jpg 1200w\" alt=\"\" width=\"1024\" height=\"1024\" aria-describedby=\"caption-attachment-128689\" \/><\/p>\n<p id=\"caption-attachment-128689\" class=\"wp-caption-text\">Carlos Alonso (Argentina),\u00a0<i>Carne de primera,\u00a0<\/i>1972.<\/p>\n<\/div>\n<\/div>\n<p>Podemos afirmar que el\u00a0<i>lawfare<\/i>\u00a0fue un factor central en el acceso al gobierno de Javier Milei, personaje con caracter\u00edsticas siniestras, impulsado y sostenido por tres centros de poder econ\u00f3mico: el financiero especulativo y de inversi\u00f3n en recursos estrat\u00e9gicos (como la JP Morgan, BlackRock, y otros), los grupos denominados \u201cse\u00f1ores tecnofeudales\u201d \u2014amos de la las redes\u2014 y los medios de comunicaci\u00f3n.<\/p>\n<p><a href=\"https:\/\/thetricontinental.org\/es\/dossier-neofascismo-latinoamerica\/\">A partir de su asunci\u00f3n<\/a>, Milei\u00a0 llev\u00f3 adelante un proceso de desmantelamiento del Estado; vaciamiento de las pol\u00edticas p\u00fablicas para el desarrollo, de derechos humanos, de inclusi\u00f3n, de g\u00e9nero y diversidad, en el marco de un proceso de devastaci\u00f3n econ\u00f3mica;\u00a0 el despliegue de medidas represivas con la expansi\u00f3n de las fuerzas y \u00f3rganos de seguridad, destinado a acallar la protesta social ante el vaciamiento de un sistema estatal para la efectiva protecci\u00f3n de los derechos econ\u00f3micos sociales y culturales; y el empobrecimiento brutal de la poblaci\u00f3n.<\/p>\n<p>Se produjeron despidos masivos, mientras se privatizan empresas, recursos estrat\u00e9gicos y otros bienes p\u00fablicos. El intento de suprimir los derechos laborales, combinado con la persecuci\u00f3n a las organizaciones sindicales, sociales y de econom\u00eda popular \u2014denuncias penales, quita de los alimentos y otras prestaciones garantizadas por programas sociales que fueron abruptamente descontinuados\u2014 dan cuenta de un proyecto pol\u00edtico de acumulaci\u00f3n en favor de los sectores concentrados de la econom\u00eda y la especulaci\u00f3n financiera. En el marco de un proceso inflacionario, por la desregulaci\u00f3n de los factores econ\u00f3micos esenciales como servicios, prestaciones y precios en general, se produjo una abrupta p\u00e9rdida del poder adquisitivo de los salarios y el aumento de la desocupaci\u00f3n y la pobreza.<\/p>\n<p>En 2024, las peque\u00f1as y medianas empresas contabilizaron una p\u00e9rdida de m\u00e1s de 217.000 puestos de trabajo y el cierre de 9.923 empresas,\u00a0<a href=\"https:\/\/urgente24.com\/dinero\/empleo-y-la-gran-caida-2024-se-perdieron-mas-217000-puestos-trabajo-n592515\">seg\u00fan inform\u00f3<\/a>\u00a0Industriales Pymes Argentinos (IPA). Los<a href=\"https:\/\/www.telesurtv.net\/gobierno-de-milei-elimino-mas-de-160-000-puestos-de-trabajo-en-2024\/\">\u00a0sectores m\u00e1s afectados<\/a>\u00a0fueron la construcci\u00f3n y la industria, con 69.738 y 25.186 puestos menos, respectivamente. En el sector p\u00fablico, entre noviembre de 2023 y mayo de 2025 se eliminaron m\u00e1s de\u00a0<a href=\"https:\/\/www.eltribuno.com\/nacionales\/2025-8-19-19-25-0-se-perdieron-mas-de-180-000-puestos-de-trabajo-en-el-sector-publico-desde-que-asumio-milei\">180.000 puestos de trabajo<\/a>. Se produjo un aumento del trabajo informal y condiciones laborales de semi-esclavitud.<\/p>\n<p>La<a href=\"https:\/\/www.eldestapeweb.com\/economia\/salarios\/radiografia-salarial-cuanto-perdieron-los-ingresos-populares-con-milei-2024126059\">\u00a0p\u00e9rdida de poder adquisitivo<\/a>\u00a0de los ingresos, producto del cambio en la pol\u00edtica econ\u00f3mica implementada por el actual gobierno, represent\u00f3 la mayor ca\u00edda mensual de los \u00faltimos 30 a\u00f1os (8,4 por ciento interanual en el poder adquisitivo).<\/p>\n<p>Hubo una\u00a0<a href=\"https:\/\/www.pagina12.com.ar\/797155-caida-historica-en-bienes-de-consumo-masivo\">contracci\u00f3n del consumo<\/a>\u00a0de mayor magnitud tanto en las ventas de supermercados y autoservicios, como en comercios minoristas de distintos rubros. En el 2025, la inflaci\u00f3n est\u00e1 cediendo, solo fruto de una recesi\u00f3n econ\u00f3mica y deterioro de todos los factores, sin precedentes. Las consecuencias en t\u00e9rminos humanos son hoy evidentes y alarmantes.<\/p>\n<p>Este acelerado proceso de devastaci\u00f3n fue acompa\u00f1ado de una pr\u00e1ctica y ret\u00f3rica fascista, trasuntando desprecio por la condici\u00f3n humana, una concepci\u00f3n supremacista, patriarcal y el m\u00e1s servil e indigno sometimiento a los intereses de Estados Unidos y al gobierno genocida sionista de Israel, vociferado por el presidente argentino.<\/p>\n<p>A modo de conclusi\u00f3n, podr\u00edamos ensayar a estas alturas una definici\u00f3n del fascismo en el siglo XXI como una pr\u00e1ctica social que se manifiesta a trav\u00e9s de movimientos pol\u00edticos, impulsados por el nuevo poder econ\u00f3mico imperante en Occidente, que utilizan el odio y la polarizaci\u00f3n como estrategias para socavar la democracia liberal, romper con el orden social y el Estado de derecho. Instalan as\u00ed reg\u00edmenes autoritarios y nepotismo, con programas econ\u00f3micos que propician acelerados procesos de concentraci\u00f3n de riquezas, en beneficio de los grupos transnacionales a los que responden y favoreciendo la especulaci\u00f3n financiera. Sus consecuencias son la destrucci\u00f3n de las organizaciones sociales, la exclusi\u00f3n de grandes mayor\u00edas, la devastaci\u00f3n econ\u00f3mica y la represi\u00f3n como m\u00e9todo de control social.<\/p>\n<p>El ejemplo argentino \u2014como tantos otros\u2014 nos demuestra que la sumisi\u00f3n al actual poder econ\u00f3mico occidental representado por Estados Unidos solo trae consecuencias infinitamente m\u00e1s tr\u00e1gicas que el costo de resistirlo. No solo no hay ning\u00fan beneficio ni misericordia: nos deja sin horizonte y sin futuro.\u00a0 Por ello, ceder o someterse no es opci\u00f3n para un pueblo soberano.<\/p>\n<p>Saludos a todos y todas.<\/p>\n<p><a href=\"https:\/\/thetricontinental.org\/es\/argentina-lawfare-neocolonialismo\/\"><strong>Fuente: The Tricontinental\/Claudia Rocca<\/strong><\/a><\/p>\n","protected":false},"excerpt":{"rendered":"<p>La jurista Claudia Rocca analiza la estrategia del imperialismo en Nuestra Am\u00e9rica que socava las&#8230;<\/p>\n","protected":false},"author":1,"featured_media":3190,"comment_status":"open","ping_status":"closed","sticky":false,"template":"","format":"standard","meta":{"footnotes":""},"categories":[70],"tags":[18,962,510,961],"class_list":["post-3189","post","type-post","status-publish","format-standard","has-post-thumbnail","hentry","category-otras-voces","tag-argentina","tag-fascista","tag-lawfare","tag-neocolonia"],"yoast_head":"<!-- This site is optimized with the Yoast SEO plugin v27.5 - https:\/\/yoast.com\/product\/yoast-seo-wordpress\/ -->\n<title>Argentina: del lawfare a la neocolonia fascista -<\/title>\n<meta name=\"description\" content=\"Argentina. La jurista Claudia Rocca analiza la estrategia del imperialismo en Nuestra Am\u00e9rica que socava las bases democr\u00e1ticas.\" \/>\n<meta name=\"robots\" content=\"index, follow, max-snippet:-1, max-image-preview:large, max-video-preview:-1\" \/>\n<link rel=\"canonical\" href=\"https:\/\/hueleaazufre.com\/wordpress_a\/index.php\/2025\/09\/25\/argentina-del-lawfare-a-la-neocolonia-fascista\/\" \/>\n<meta property=\"og:locale\" content=\"es_ES\" \/>\n<meta property=\"og:type\" content=\"article\" \/>\n<meta property=\"og:title\" content=\"Argentina: del lawfare a la neocolonia fascista -\" \/>\n<meta property=\"og:description\" content=\"Argentina. La jurista Claudia Rocca analiza la estrategia del imperialismo en Nuestra Am\u00e9rica que socava las bases democr\u00e1ticas.\" \/>\n<meta property=\"og:url\" content=\"https:\/\/hueleaazufre.com\/wordpress_a\/index.php\/2025\/09\/25\/argentina-del-lawfare-a-la-neocolonia-fascista\/\" \/>\n<meta property=\"article:published_time\" content=\"2025-09-25T01:49:43+00:00\" \/>\n<meta property=\"article:modified_time\" content=\"2025-09-26T14:46:22+00:00\" \/>\n<meta property=\"og:image\" content=\"https:\/\/hueleaazufre.com\/wordpress_a\/wp-content\/uploads\/2025\/09\/2a-7.webp\" \/>\n\t<meta property=\"og:image:width\" content=\"1011\" \/>\n\t<meta property=\"og:image:height\" content=\"1024\" \/>\n\t<meta property=\"og:image:type\" content=\"image\/webp\" \/>\n<meta name=\"author\" content=\"Huele a azufre\" \/>\n<meta name=\"twitter:card\" content=\"summary_large_image\" \/>\n<meta name=\"twitter:label1\" content=\"Escrito por\" \/>\n\t<meta name=\"twitter:data1\" content=\"Huele a azufre\" \/>\n\t<meta name=\"twitter:label2\" content=\"Tiempo de lectura\" \/>\n\t<meta name=\"twitter:data2\" content=\"2 minutos\" \/>\n<script type=\"application\/ld+json\" class=\"yoast-schema-graph\">{\"@context\":\"https:\\\/\\\/schema.org\",\"@graph\":[{\"@type\":\"Article\",\"@id\":\"https:\\\/\\\/hueleaazufre.com\\\/wordpress_a\\\/index.php\\\/2025\\\/09\\\/25\\\/argentina-del-lawfare-a-la-neocolonia-fascista\\\/#article\",\"isPartOf\":{\"@id\":\"https:\\\/\\\/hueleaazufre.com\\\/wordpress_a\\\/index.php\\\/2025\\\/09\\\/25\\\/argentina-del-lawfare-a-la-neocolonia-fascista\\\/\"},\"author\":{\"name\":\"Huele a azufre\",\"@id\":\"https:\\\/\\\/hueleaazufre.com\\\/wordpress_a\\\/#\\\/schema\\\/person\\\/549dd871707ea7f9f1a686323ebe9baa\"},\"headline\":\"Argentina: del lawfare a la neocolonia fascista\",\"datePublished\":\"2025-09-25T01:49:43+00:00\",\"dateModified\":\"2025-09-26T14:46:22+00:00\",\"mainEntityOfPage\":{\"@id\":\"https:\\\/\\\/hueleaazufre.com\\\/wordpress_a\\\/index.php\\\/2025\\\/09\\\/25\\\/argentina-del-lawfare-a-la-neocolonia-fascista\\\/\"},\"wordCount\":2460,\"commentCount\":0,\"image\":{\"@id\":\"https:\\\/\\\/hueleaazufre.com\\\/wordpress_a\\\/index.php\\\/2025\\\/09\\\/25\\\/argentina-del-lawfare-a-la-neocolonia-fascista\\\/#primaryimage\"},\"thumbnailUrl\":\"https:\\\/\\\/hueleaazufre.com\\\/wordpress_a\\\/wp-content\\\/uploads\\\/2025\\\/09\\\/2a-7.webp\",\"keywords\":[\"Argentina\",\"fascista\",\"Lawfare\",\"neocolonia\"],\"articleSection\":[\"Otras voces\"],\"inLanguage\":\"es\",\"potentialAction\":[{\"@type\":\"CommentAction\",\"name\":\"Comment\",\"target\":[\"https:\\\/\\\/hueleaazufre.com\\\/wordpress_a\\\/index.php\\\/2025\\\/09\\\/25\\\/argentina-del-lawfare-a-la-neocolonia-fascista\\\/#respond\"]}]},{\"@type\":\"WebPage\",\"@id\":\"https:\\\/\\\/hueleaazufre.com\\\/wordpress_a\\\/index.php\\\/2025\\\/09\\\/25\\\/argentina-del-lawfare-a-la-neocolonia-fascista\\\/\",\"url\":\"https:\\\/\\\/hueleaazufre.com\\\/wordpress_a\\\/index.php\\\/2025\\\/09\\\/25\\\/argentina-del-lawfare-a-la-neocolonia-fascista\\\/\",\"name\":\"Argentina: del lawfare a la neocolonia fascista -\",\"isPartOf\":{\"@id\":\"https:\\\/\\\/hueleaazufre.com\\\/wordpress_a\\\/#website\"},\"primaryImageOfPage\":{\"@id\":\"https:\\\/\\\/hueleaazufre.com\\\/wordpress_a\\\/index.php\\\/2025\\\/09\\\/25\\\/argentina-del-lawfare-a-la-neocolonia-fascista\\\/#primaryimage\"},\"image\":{\"@id\":\"https:\\\/\\\/hueleaazufre.com\\\/wordpress_a\\\/index.php\\\/2025\\\/09\\\/25\\\/argentina-del-lawfare-a-la-neocolonia-fascista\\\/#primaryimage\"},\"thumbnailUrl\":\"https:\\\/\\\/hueleaazufre.com\\\/wordpress_a\\\/wp-content\\\/uploads\\\/2025\\\/09\\\/2a-7.webp\",\"datePublished\":\"2025-09-25T01:49:43+00:00\",\"dateModified\":\"2025-09-26T14:46:22+00:00\",\"author\":{\"@id\":\"https:\\\/\\\/hueleaazufre.com\\\/wordpress_a\\\/#\\\/schema\\\/person\\\/549dd871707ea7f9f1a686323ebe9baa\"},\"description\":\"Argentina. La jurista Claudia Rocca analiza la estrategia del imperialismo en Nuestra Am\u00e9rica que socava las bases democr\u00e1ticas.\",\"breadcrumb\":{\"@id\":\"https:\\\/\\\/hueleaazufre.com\\\/wordpress_a\\\/index.php\\\/2025\\\/09\\\/25\\\/argentina-del-lawfare-a-la-neocolonia-fascista\\\/#breadcrumb\"},\"inLanguage\":\"es\",\"potentialAction\":[{\"@type\":\"ReadAction\",\"target\":[\"https:\\\/\\\/hueleaazufre.com\\\/wordpress_a\\\/index.php\\\/2025\\\/09\\\/25\\\/argentina-del-lawfare-a-la-neocolonia-fascista\\\/\"]}]},{\"@type\":\"ImageObject\",\"inLanguage\":\"es\",\"@id\":\"https:\\\/\\\/hueleaazufre.com\\\/wordpress_a\\\/index.php\\\/2025\\\/09\\\/25\\\/argentina-del-lawfare-a-la-neocolonia-fascista\\\/#primaryimage\",\"url\":\"https:\\\/\\\/hueleaazufre.com\\\/wordpress_a\\\/wp-content\\\/uploads\\\/2025\\\/09\\\/2a-7.webp\",\"contentUrl\":\"https:\\\/\\\/hueleaazufre.com\\\/wordpress_a\\\/wp-content\\\/uploads\\\/2025\\\/09\\\/2a-7.webp\",\"width\":1011,\"height\":1024,\"caption\":\"Argentina\"},{\"@type\":\"BreadcrumbList\",\"@id\":\"https:\\\/\\\/hueleaazufre.com\\\/wordpress_a\\\/index.php\\\/2025\\\/09\\\/25\\\/argentina-del-lawfare-a-la-neocolonia-fascista\\\/#breadcrumb\",\"itemListElement\":[{\"@type\":\"ListItem\",\"position\":1,\"name\":\"Portada\",\"item\":\"https:\\\/\\\/hueleaazufre.com\\\/wordpress_a\\\/\"},{\"@type\":\"ListItem\",\"position\":2,\"name\":\"Argentina: del lawfare a la neocolonia fascista\"}]},{\"@type\":\"WebSite\",\"@id\":\"https:\\\/\\\/hueleaazufre.com\\\/wordpress_a\\\/#website\",\"url\":\"https:\\\/\\\/hueleaazufre.com\\\/wordpress_a\\\/\",\"name\":\"\",\"description\":\"Huele a azufre es una plataforma digital de an\u00e1lisis geopol\u00edtico.\",\"potentialAction\":[{\"@type\":\"SearchAction\",\"target\":{\"@type\":\"EntryPoint\",\"urlTemplate\":\"https:\\\/\\\/hueleaazufre.com\\\/wordpress_a\\\/?s={search_term_string}\"},\"query-input\":{\"@type\":\"PropertyValueSpecification\",\"valueRequired\":true,\"valueName\":\"search_term_string\"}}],\"inLanguage\":\"es\"},{\"@type\":\"Person\",\"@id\":\"https:\\\/\\\/hueleaazufre.com\\\/wordpress_a\\\/#\\\/schema\\\/person\\\/549dd871707ea7f9f1a686323ebe9baa\",\"name\":\"Huele a azufre\",\"image\":{\"@type\":\"ImageObject\",\"inLanguage\":\"es\",\"@id\":\"https:\\\/\\\/secure.gravatar.com\\\/avatar\\\/e972d5c124b9bf80eb4c9d322a90dd86a59d447f5da36700a77516f13637d44e?s=96&d=mm&r=g\",\"url\":\"https:\\\/\\\/secure.gravatar.com\\\/avatar\\\/e972d5c124b9bf80eb4c9d322a90dd86a59d447f5da36700a77516f13637d44e?s=96&d=mm&r=g\",\"contentUrl\":\"https:\\\/\\\/secure.gravatar.com\\\/avatar\\\/e972d5c124b9bf80eb4c9d322a90dd86a59d447f5da36700a77516f13637d44e?s=96&d=mm&r=g\",\"caption\":\"Huele a azufre\"},\"description\":\"Huele a azufre es una plataforma digital de an\u00e1lisis geopol\u00edtico\u00a0 contrahegem\u00f3nico, que busca visibilizar las voces y los discursos silenciados por el poder medi\u00e1tico.\",\"sameAs\":[\"https:\\\/\\\/hueleaazufre.com\\\/wordpress_a\"],\"url\":\"https:\\\/\\\/hueleaazufre.com\\\/wordpress_a\\\/index.php\\\/author\\\/admin_tupapa\\\/\"}]}<\/script>\n<!-- \/ Yoast SEO plugin. -->","yoast_head_json":{"title":"Argentina: del lawfare a la neocolonia fascista -","description":"Argentina. La jurista Claudia Rocca analiza la estrategia del imperialismo en Nuestra Am\u00e9rica que socava las bases democr\u00e1ticas.","robots":{"index":"index","follow":"follow","max-snippet":"max-snippet:-1","max-image-preview":"max-image-preview:large","max-video-preview":"max-video-preview:-1"},"canonical":"https:\/\/hueleaazufre.com\/wordpress_a\/index.php\/2025\/09\/25\/argentina-del-lawfare-a-la-neocolonia-fascista\/","og_locale":"es_ES","og_type":"article","og_title":"Argentina: del lawfare a la neocolonia fascista -","og_description":"Argentina. La jurista Claudia Rocca analiza la estrategia del imperialismo en Nuestra Am\u00e9rica que socava las bases democr\u00e1ticas.","og_url":"https:\/\/hueleaazufre.com\/wordpress_a\/index.php\/2025\/09\/25\/argentina-del-lawfare-a-la-neocolonia-fascista\/","article_published_time":"2025-09-25T01:49:43+00:00","article_modified_time":"2025-09-26T14:46:22+00:00","og_image":[{"width":1011,"height":1024,"url":"https:\/\/hueleaazufre.com\/wordpress_a\/wp-content\/uploads\/2025\/09\/2a-7.webp","type":"image\/webp"}],"author":"Huele a azufre","twitter_card":"summary_large_image","twitter_misc":{"Escrito por":"Huele a azufre","Tiempo de lectura":"2 minutos"},"schema":{"@context":"https:\/\/schema.org","@graph":[{"@type":"Article","@id":"https:\/\/hueleaazufre.com\/wordpress_a\/index.php\/2025\/09\/25\/argentina-del-lawfare-a-la-neocolonia-fascista\/#article","isPartOf":{"@id":"https:\/\/hueleaazufre.com\/wordpress_a\/index.php\/2025\/09\/25\/argentina-del-lawfare-a-la-neocolonia-fascista\/"},"author":{"name":"Huele a azufre","@id":"https:\/\/hueleaazufre.com\/wordpress_a\/#\/schema\/person\/549dd871707ea7f9f1a686323ebe9baa"},"headline":"Argentina: del lawfare a la neocolonia fascista","datePublished":"2025-09-25T01:49:43+00:00","dateModified":"2025-09-26T14:46:22+00:00","mainEntityOfPage":{"@id":"https:\/\/hueleaazufre.com\/wordpress_a\/index.php\/2025\/09\/25\/argentina-del-lawfare-a-la-neocolonia-fascista\/"},"wordCount":2460,"commentCount":0,"image":{"@id":"https:\/\/hueleaazufre.com\/wordpress_a\/index.php\/2025\/09\/25\/argentina-del-lawfare-a-la-neocolonia-fascista\/#primaryimage"},"thumbnailUrl":"https:\/\/hueleaazufre.com\/wordpress_a\/wp-content\/uploads\/2025\/09\/2a-7.webp","keywords":["Argentina","fascista","Lawfare","neocolonia"],"articleSection":["Otras voces"],"inLanguage":"es","potentialAction":[{"@type":"CommentAction","name":"Comment","target":["https:\/\/hueleaazufre.com\/wordpress_a\/index.php\/2025\/09\/25\/argentina-del-lawfare-a-la-neocolonia-fascista\/#respond"]}]},{"@type":"WebPage","@id":"https:\/\/hueleaazufre.com\/wordpress_a\/index.php\/2025\/09\/25\/argentina-del-lawfare-a-la-neocolonia-fascista\/","url":"https:\/\/hueleaazufre.com\/wordpress_a\/index.php\/2025\/09\/25\/argentina-del-lawfare-a-la-neocolonia-fascista\/","name":"Argentina: del lawfare a la neocolonia fascista -","isPartOf":{"@id":"https:\/\/hueleaazufre.com\/wordpress_a\/#website"},"primaryImageOfPage":{"@id":"https:\/\/hueleaazufre.com\/wordpress_a\/index.php\/2025\/09\/25\/argentina-del-lawfare-a-la-neocolonia-fascista\/#primaryimage"},"image":{"@id":"https:\/\/hueleaazufre.com\/wordpress_a\/index.php\/2025\/09\/25\/argentina-del-lawfare-a-la-neocolonia-fascista\/#primaryimage"},"thumbnailUrl":"https:\/\/hueleaazufre.com\/wordpress_a\/wp-content\/uploads\/2025\/09\/2a-7.webp","datePublished":"2025-09-25T01:49:43+00:00","dateModified":"2025-09-26T14:46:22+00:00","author":{"@id":"https:\/\/hueleaazufre.com\/wordpress_a\/#\/schema\/person\/549dd871707ea7f9f1a686323ebe9baa"},"description":"Argentina. La jurista Claudia Rocca analiza la estrategia del imperialismo en Nuestra Am\u00e9rica que socava las bases democr\u00e1ticas.","breadcrumb":{"@id":"https:\/\/hueleaazufre.com\/wordpress_a\/index.php\/2025\/09\/25\/argentina-del-lawfare-a-la-neocolonia-fascista\/#breadcrumb"},"inLanguage":"es","potentialAction":[{"@type":"ReadAction","target":["https:\/\/hueleaazufre.com\/wordpress_a\/index.php\/2025\/09\/25\/argentina-del-lawfare-a-la-neocolonia-fascista\/"]}]},{"@type":"ImageObject","inLanguage":"es","@id":"https:\/\/hueleaazufre.com\/wordpress_a\/index.php\/2025\/09\/25\/argentina-del-lawfare-a-la-neocolonia-fascista\/#primaryimage","url":"https:\/\/hueleaazufre.com\/wordpress_a\/wp-content\/uploads\/2025\/09\/2a-7.webp","contentUrl":"https:\/\/hueleaazufre.com\/wordpress_a\/wp-content\/uploads\/2025\/09\/2a-7.webp","width":1011,"height":1024,"caption":"Argentina"},{"@type":"BreadcrumbList","@id":"https:\/\/hueleaazufre.com\/wordpress_a\/index.php\/2025\/09\/25\/argentina-del-lawfare-a-la-neocolonia-fascista\/#breadcrumb","itemListElement":[{"@type":"ListItem","position":1,"name":"Portada","item":"https:\/\/hueleaazufre.com\/wordpress_a\/"},{"@type":"ListItem","position":2,"name":"Argentina: del lawfare a la neocolonia fascista"}]},{"@type":"WebSite","@id":"https:\/\/hueleaazufre.com\/wordpress_a\/#website","url":"https:\/\/hueleaazufre.com\/wordpress_a\/","name":"","description":"Huele a azufre es una plataforma digital de an\u00e1lisis geopol\u00edtico.","potentialAction":[{"@type":"SearchAction","target":{"@type":"EntryPoint","urlTemplate":"https:\/\/hueleaazufre.com\/wordpress_a\/?s={search_term_string}"},"query-input":{"@type":"PropertyValueSpecification","valueRequired":true,"valueName":"search_term_string"}}],"inLanguage":"es"},{"@type":"Person","@id":"https:\/\/hueleaazufre.com\/wordpress_a\/#\/schema\/person\/549dd871707ea7f9f1a686323ebe9baa","name":"Huele a azufre","image":{"@type":"ImageObject","inLanguage":"es","@id":"https:\/\/secure.gravatar.com\/avatar\/e972d5c124b9bf80eb4c9d322a90dd86a59d447f5da36700a77516f13637d44e?s=96&d=mm&r=g","url":"https:\/\/secure.gravatar.com\/avatar\/e972d5c124b9bf80eb4c9d322a90dd86a59d447f5da36700a77516f13637d44e?s=96&d=mm&r=g","contentUrl":"https:\/\/secure.gravatar.com\/avatar\/e972d5c124b9bf80eb4c9d322a90dd86a59d447f5da36700a77516f13637d44e?s=96&d=mm&r=g","caption":"Huele a azufre"},"description":"Huele a azufre es una plataforma digital de an\u00e1lisis geopol\u00edtico\u00a0 contrahegem\u00f3nico, que busca visibilizar las voces y los discursos silenciados por el poder medi\u00e1tico.","sameAs":["https:\/\/hueleaazufre.com\/wordpress_a"],"url":"https:\/\/hueleaazufre.com\/wordpress_a\/index.php\/author\/admin_tupapa\/"}]}},"_links":{"self":[{"href":"https:\/\/hueleaazufre.com\/wordpress_a\/index.php\/wp-json\/wp\/v2\/posts\/3189","targetHints":{"allow":["GET"]}}],"collection":[{"href":"https:\/\/hueleaazufre.com\/wordpress_a\/index.php\/wp-json\/wp\/v2\/posts"}],"about":[{"href":"https:\/\/hueleaazufre.com\/wordpress_a\/index.php\/wp-json\/wp\/v2\/types\/post"}],"author":[{"embeddable":true,"href":"https:\/\/hueleaazufre.com\/wordpress_a\/index.php\/wp-json\/wp\/v2\/users\/1"}],"replies":[{"embeddable":true,"href":"https:\/\/hueleaazufre.com\/wordpress_a\/index.php\/wp-json\/wp\/v2\/comments?post=3189"}],"version-history":[{"count":2,"href":"https:\/\/hueleaazufre.com\/wordpress_a\/index.php\/wp-json\/wp\/v2\/posts\/3189\/revisions"}],"predecessor-version":[{"id":3195,"href":"https:\/\/hueleaazufre.com\/wordpress_a\/index.php\/wp-json\/wp\/v2\/posts\/3189\/revisions\/3195"}],"wp:featuredmedia":[{"embeddable":true,"href":"https:\/\/hueleaazufre.com\/wordpress_a\/index.php\/wp-json\/wp\/v2\/media\/3190"}],"wp:attachment":[{"href":"https:\/\/hueleaazufre.com\/wordpress_a\/index.php\/wp-json\/wp\/v2\/media?parent=3189"}],"wp:term":[{"taxonomy":"category","embeddable":true,"href":"https:\/\/hueleaazufre.com\/wordpress_a\/index.php\/wp-json\/wp\/v2\/categories?post=3189"},{"taxonomy":"post_tag","embeddable":true,"href":"https:\/\/hueleaazufre.com\/wordpress_a\/index.php\/wp-json\/wp\/v2\/tags?post=3189"}],"curies":[{"name":"wp","href":"https:\/\/api.w.org\/{rel}","templated":true}]}}