{"id":3220,"date":"2025-10-02T02:54:11","date_gmt":"2025-10-02T02:54:11","guid":{"rendered":"https:\/\/hueleaazufre.com\/wordpress_a\/?p=3220"},"modified":"2025-10-02T02:54:11","modified_gmt":"2025-10-02T02:54:11","slug":"hamas-en-la-asamblea-general-de-la-onu","status":"publish","type":"post","link":"https:\/\/hueleaazufre.com\/wordpress_a\/index.php\/2025\/10\/02\/hamas-en-la-asamblea-general-de-la-onu\/","title":{"rendered":"Hamas en la Asamblea General de la ONU"},"content":{"rendered":"<p><em>La Intransigencia Sionista durante los tiempos de Sadat y de Hamas<\/em><\/p>\n<p>Durante la semana de Alto Nivel en el marco del octog\u00e9simo periodo de sesiones de la Asamblea General de la Organizaci\u00f3n de las Naciones Unidas (22 \u2013 30 de septiembre de 2025), sucedieron muchos eventos interesantes y divertidos, como por ejemplo el famoso \u201cEscaltor-gate\u201d del Se\u00f1or Trump, la famosa frase \u201ctodos sus pa\u00edses ir\u00e1n al infierno\u201d del mismo se\u00f1or, y el des\u00e9rtico sal\u00f3n de reuniones durante el discurso del carnicero de Tel Aviv. Igualmente, fue bastante agradable escuchar al Presidente Gustavo Petro descargar d\u00e9cadas de frustraci\u00f3n con el imperialismo estadounidense, de manera reminiscente de los discursos de Nasser, Fidel y Ernesto Guevara.<\/p>\n<p>No obstante, lo m\u00e1s relevante de las reuniones de la ONU, fue la Conferencia de Alto Nivel sobre la Soluci\u00f3n Pac\u00edfica de la Cuesti\u00f3n de Palestina y la Aplicaci\u00f3n de la Soluci\u00f3n de Dos Estados, junto con la oleada de pa\u00edses occidentales que reconocieron el Estado de Palestina. A pesar de lo positivo (aunque simb\u00f3lico) de este gesto \u2013 uno que se da con d\u00e9cadas de retraso &#8211; todos estamos bastante claros que estos reconocimientos fueron meras expresiones de un triste esfuerzo para \u201cvengarse\u201d de las humillaciones infligidas por el Se\u00f1or Trump. Los tristes l\u00edderes europeos solo se \u201cdieron cuenta\u201d que es un genocidio, un a\u00f1o y medio despu\u00e9s de su intensificaci\u00f3n, y solo a ra\u00edz de la necesidad de absorber un poco de la ira en sus calles, por el holocausto sionista y el rol europeo en este.<\/p>\n<p>Entre estos pa\u00edses, fue interesante la estrategia pro-sionista de Nueva Zelandia. Nueva Zelandia hizo lo posible para mantener una postura que le agrade a Tel Aviv, pero sin quedarse tan lejos de las dem\u00e1s capitales europeas y de Camberra (Australia), por lo cual gener\u00f3 en su ponencia en la ONU, una narrativa interesante para tratar de ocultar su fidelidad al sionismo. Wellington (la capital de Nueva Zelandia) decidi\u00f3 no reconocer a Palestina, porque aparentemente \u201cel reconocimiento en este momento est\u00e1 sujeto a la manipulaci\u00f3n pol\u00edtica tanto de Ham\u00e1s como de Israel. Ham\u00e1s intentar\u00e1 presentar nuestro reconocimiento de Palestina como una victoria, como ya lo ha hecho en respuesta a los anuncios de sus socios. Israel argumentar\u00e1 que el reconocimiento recompensa para Ham\u00e1s y que elimina la presi\u00f3n sobre ellos para liberar a los rehenes y acordar un alto el fuego. Por lo cual, no estamos preparados para hacer ese gesto\u2026con una guerra en curso, Hamas todav\u00eda en el poder y sin claridad sobre los pr\u00f3ximos pasos, creemos que no ha llegado el momento\u201d.<\/p>\n<p>Casi todos los occidentales han repetido variaciones de este mismo argumento, aunque nunca demuestran el coraje para subrayar que el acto de desistir de reconocer al Estado de Palestina, ser\u00eda efectivamente una recompensa para Tel Aviv, y estar\u00eda eliminando la presi\u00f3n sobre los sionistas para liberar a los prisioneros palestinos (son miles de estos, no uno pu\u00f1ado, como es el caso de los sionistas), aceptar el cese al fuego y suspender el genocidio. La excusa, como siempre, es \u201cHamas\u201d: es la palabra m\u00e1gica que se emplea para justificar todo lo que se les hace a los palestinos.<\/p>\n<p>Los occidentales no pueden proceder a reconocer el Estado de Palestina, ni tampoco expresar algo positivo sobre esa causa, sin primeramente denunciar y condenar el \u201cmonstruo\u201d que es Hamas y todas sus reprensibles acciones, desde su existencia y hasta la actualidad, colocando el \u00e9nfasis naturalmente en las operaciones del 07 de octubre de 2023. Sin condenar a los \u201cterroristas\u201d, nadie puede proceder a decir cualquier cosa sobre el Medio Oriente. Primero se tiene que denunciar a Hamas, y solo despu\u00e9s ser\u00eda prudente opinar sobre cualquier conflicto en la regi\u00f3n, o quiz\u00e1s algo m\u00e1s atrevido, como criticar una acci\u00f3n u otra del sionismo.<\/p>\n<p>Los neozelandeses buscaron en su discurso una manera para proyectarse como \u201cequilibrados\u201d y \u201camantes de la paz\u201d, y la encontraron con la figura del ex Presidente egipcio Mohammad Anwar el Sadat (1970 \u2013 1981). Wellington se\u00f1al\u00f3 en su discurso que \u201cfue un liderazgo valiente el que impuls\u00f3 al presidente egipcio Anwar Sadat a dirigirse a la Knesset en Jerusal\u00e9n, en noviembre de 1977, para ensalzar la paz. Sadat pagar\u00eda el m\u00e1ximo sacrificio por su valent\u00eda, pero su pa\u00eds se benefici\u00f3 de su coraje en las d\u00e9cadas transcurridas desde entonces.\u201d<\/p>\n<p>Se les olvida a los neozelandeses, o quiz\u00e1s lo omiten intencionalmente, que para esa visita del Presidente egipcio al Knesset en las tierras palestinas robadas, fue necesario previamente una guerra en la cual El Cairo le tuvo que enviar a Tel Aviv casi 3.000 muertos y muchos m\u00e1s heridos, para que la Entidad Sionista cambie su inflexible y altamente arrogante postura, y tome el camino de las negociaciones serias, muy al contrario de su postura entre los a\u00f1os 1967 a 1973, cuando se mantuvo \u2013 por dise\u00f1os de Washington \u2013 un estado de \u201cNo-Guerra y No-Paz\u201d, conveniente para Tel Aviv y Washington, pero desastrosa para todos los \u00e1rabes, incluso hasta para los europeos, quienes depend\u00edan del canal de Suez.<\/p>\n<p>Se les olvida muy convenientemente a los neozelandeses y al resto de los occidentales que la posici\u00f3n de los palestinos antes del 07 de octubre de 2023, era muy semejante a la situaci\u00f3n de los \u00e1rabes \u2013 particularmente los egipcios y los sirios \u2013 antes del 06 de octubre de 1973, y a ra\u00edz de estas semejanzas, el partido y movimiento pol\u00edtico de Hamas se encontr\u00f3 obligado a hacer lo mismo que Sadat y El Assad tuvieron que hacer, ya m\u00e1s de cincuenta a\u00f1os antes.<\/p>\n<p>En 1967, los sionistas iniciaron una agresi\u00f3n contra todos sus vecinos, atacando a Palestina, Egipto, Jordania y Siria. Todas estas perdieron parte de sus territorios. El presidente egipcio Gamal Abdel Nasser (1954 \u2013 1970), y luego su sucesor Anwar el Sadat, hicieron todo lo posible a trav\u00e9s de la diplomacia y las negociaciones internacionales, para destrabar la compleja e intransigente situaci\u00f3n pos guerra que impuso la Entidad Sionista, despu\u00e9s de su hurto de los territorios \u00e1rabes en 1967. Entre 1967 y 1973, todas las iniciativas en el Consejo de Seguridad de la ONU que llamaban a las negociaciones y a un retiro parcial de los sionistas de los territorios \u00e1rabes ocupados, fueron vetadas por Estados Unidos.<\/p>\n<p>De acuerdo con el periodista Mohammad Hassanein Haykal (mano derecha de Nasser y Sadat), el gobierno egipcio de Nasser entendi\u00f3 claramente a trav\u00e9s de la pol\u00edtica multilateral y la diplomacia con las potencias occidentales en el periodo 1967 \u2013 1970, que la potencia principal que planific\u00f3 y aprob\u00f3 la agresi\u00f3n de 1967 contra los \u00e1rabes, fue Estados Unidos, empleando a la Entidad Sionista como su \u201cbrazo ejecutor\u201d en el Medio Oriente. Luego de la victoria sionista, esta entidad se dio el lujo de ser bastante intransigente a ra\u00edz del apoyo ilimitado que recib\u00eda de Washington: armas con tecnolog\u00eda de punta, apoyo econ\u00f3mico y financiero ilimitado, pero m\u00e1s importante, el empleo de todas las capitales occidentales y sus redes de inteligencia, para vigilar a los \u00e1rabes y pasar toda la informaci\u00f3n estrat\u00e9gica sobre estos, a Tel Aviv, ventaja que los mismos \u00e1rabes nunca tuvieron.<\/p>\n<p>El Presidente Sadat nunca quiso tomar el camino de la guerra, y desde 1970 y hasta un momento en particular del a\u00f1o 1973, hizo todo lo posible para obtener un retiro parcial de las fuerzas sionistas que ocupaban la orilla este del canal de Suez. Luego de tres a\u00f1os intensos de negociaciones con Estados Unidos, qued\u00f3 claro que la situaci\u00f3n de \u201cNo-Guerra y No-Paz\u201d impuesta por Tel Aviv y Washington era muy conveniente para estos dos, por lo cual no estaban dispuestos a alterarla a trav\u00e9s de acuerdos diplom\u00e1ticos, al menos que El Cairo est\u00e9 dispuesta a ofrecer \u201cflexibilidades\u201d que le puedan interesar a Tel Aviv, o, en otras palabras, Egipto tendr\u00e1 que aceptar su posici\u00f3n de derrota y ajustarse a las exigencias estrat\u00e9gicas y pol\u00edticas de Washington y Tel Aviv.<\/p>\n<p>A lo largo de las negociaciones con el secretario de Estado estadounidense William Rogers (1969 \u2013 1973) y su seguidor, Henry Kissinger (1973 &#8211; 1977), le qued\u00f3 claro a los egipcios que no habr\u00e1 cambio en la condici\u00f3n de No-Guerra y No-Paz, y no existir\u00e1 una soluci\u00f3n negociada. Tel Aviv y Washington estaban completamente convencidos de que Egipto nunca podr\u00e1 lanzar una guerra contra Tel Aviv, y Damasco nunca iniciar\u00eda una guerra sin El Cairo. Los resultados de la guerra de 1967 generaron una \u201cecuaci\u00f3n de seguridad\u201d para Tel Aviv que hizo cualquier tipo de negociaciones diplom\u00e1ticas, totalmente innecesarias, postura que fue la piedra angular de su pol\u00edtica y la de Washington en el Medio Oriente, hasta octubre de 1973. La convicci\u00f3n del sionismo sobre la incapacidad de El Cairo de tomar acciones b\u00e9licas, combinada con el apoyo incondicional que recib\u00eda de Washington y todas las capitales de la OTAN, garantizaron que ninguna soluci\u00f3n negociada, pac\u00edfica y diplom\u00e1tica, pudiera materializarse para la situaci\u00f3n de entonces, al menos que sea una rendici\u00f3n total de los \u00e1rabes.<\/p>\n<p>Por eso, El Sadat, a mediados de 1973, lleg\u00f3 a una realizaci\u00f3n concreta: o inician una guerra, o se rinden por completo, y quiz\u00e1s nunca recuperar territorios. El Presidente Sadat hab\u00eda indicado en su autobiograf\u00eda intitulada \u201cLa B\u00fasqueda de una Identidad\u201d, que \u201ctenemos que prender el fuego en la regi\u00f3n, solo entonces nuestras palabras tendr\u00e1n valor\u201d. Sadat habl\u00f3 de generar una crisis internacional a trav\u00e9s del \u00fanico m\u00e9todo que qued\u00f3, despu\u00e9s del callej\u00f3n sin salida de la diplomacia internacional: la acci\u00f3n militar. Al ser generada esta crisis, ser\u00eda posible alterar el equilibrio del poder en la regi\u00f3n, lo que neutralizar\u00eda la ecuaci\u00f3n de seguridad que hab\u00eda impuesto Tel Aviv desde 1967. Solo con la desarticulaci\u00f3n de esta ecuaci\u00f3n, a trav\u00e9s de una operaci\u00f3n militar que logre infligir la mayor cantidad de p\u00e9rdidas tanto en personal como en equipo militar a la Entidad Sionista, lo que implicar\u00eda para esta que la continua ocupaci\u00f3n del territorio egipcio, ser\u00eda demasiado costosa para mantener.<\/p>\n<p>Ahora bien, \u00bfQu\u00e9 hizo Hamas en octubre de 2023? Pues se encontr\u00f3 en la misma situaci\u00f3n de los egipcios y los sirios, antes de 1973. Lo que obstaculiza nuestra comprensi\u00f3n adecuada de las acciones de Hamas, son efectivamente las narrativas sionistas y occidentales. Al igual que Hamas despu\u00e9s del 2023, Sadat y El Assad fueron brutalmente criticados y denunciados por iniciar la guerra de octubre de 1973. Los l\u00edderes \u00e1rabes fueron acusados de ser \u201cagresores\u201d y \u201cdesestabilizadores\u201d, violentos y todo lo dem\u00e1s. No los pudieron calificar de \u201cterroristas\u201d, simplemente porque eso implicar\u00eda acusar a una sociedad completa de ser terroristas, asunto que no se hubiera visto como factible, pero los \u00e1rabes fueron \u201ccondenados\u201d por todos los occidentales, olvidando por completo el hecho que los \u00e1rabes fueron puestos \u201ccontra la pared\u201d, antes del 06 de octubre de 1973.<\/p>\n<p>La estrategia discursiva era simple: separar la secuencia de los sucesos, y pretender que no exist\u00eda un \u201cantes\u201d del 06 de octubre de 1973, procediendo as\u00ed a generar una narrativa que asume la existencia de una situaci\u00f3n altamente ficticia en la cual reinaba lo \u201cpac\u00edfico\u201d, lo \u201cid\u00edlica\u201d y lo \u201ctranquilo\u201d antes de la fecha indicada, para luego pasar \u201crepentinamente\u201d a una situaci\u00f3n de violencia, guerra y muerte, generada sin provocaci\u00f3n alguna por los \u00e1rabes y sus locuras violentas. El hurto de las tierras de 1967 nunca figur\u00f3 en estas narrativas, y mucho menos figuraron los casi seis a\u00f1os de esfuerzos magnos por parte de la diplomacia egipcia, para lograr un acuerdo que hubiera evitado otra guerra.<\/p>\n<p>En pocas palabras, la narrativa construida al estallar la guerra de octubre de 1973, depend\u00eda de borrar las ra\u00edces y razones por las cuales los egipcios y los sirios atacaron, y tomar como punto de partida el ataque \u00e1rabe que supuestamente no fue provocado. Era un caso t\u00edpico de descontextualizar, cortar y extraer el pasado que no conviene, y empezar la historia desde el punto que sea m\u00e1s favorable y conveniente para quienes generan la narrativa.<\/p>\n<p>Entonces, \u00bfC\u00f3mo era la situaci\u00f3n del pueblo y la causa palestina, antes del 07 de octubre de 2023? Pues tendremos que repetir lo indicado en los p\u00e1rrafos anteriores, pero cambiando los actores \u00e1rabes: La destrucci\u00f3n de los acuerdos de Oslo y Madrid, la acelerada brutalizaci\u00f3n de la poblaci\u00f3n palestina, las agresiones constantes a los sitios sagrados del cristianismo y el islam, junto a la destrucci\u00f3n de la soluci\u00f3n de Dos Estados, todas con impunidad total y sin consecuencias para esta, crearon una \u201cecuaci\u00f3n de seguridad\u201d para Tel Aviv que hizo cualquier tipo de negociaciones diplom\u00e1ticas totalmente innecesario, lo que se transform\u00f3 en la piedra angular del sistema que busca imponer Estados Unidos y la Entidad Sionista, en Palestina.<\/p>\n<p>La insistencia del sionismo en la incapacidad de las facciones palestinas de tomar acciones b\u00e9licas contundentes contra este, combinada con el apoyo incondicional que recib\u00eda (y sigue recibiendo, naturalmente) de Washington y todas las capitales de la OTAN, garantizaron que ninguna soluci\u00f3n negociada, pac\u00edfica y diplom\u00e1tica pudiera materializarse para la situaci\u00f3n de Palestina, al menos que sea una rendici\u00f3n y sometimiento total de esta a los sionistas y, por extensi\u00f3n, a Washington. Al sentirse tan poderosos, los sionistas y sus aliados en Washington cerraron el camino a cualquier soluci\u00f3n pac\u00edfica a la crisis generada por el expansionismo sionista y sus hurtos de tierras en 1967 y luego con los asentamientos ilegales en Cisjordania, y solo prevaleci\u00f3 la imposici\u00f3n de un \u201cfait accompli\u201d que los vencedores imponen a los vencidos.<\/p>\n<p>No es necesario tomar las palabras del autor de este art\u00edculo sobre el tema, los lectores pueden hacer sus propias investigaciones, desde el 06 de octubre de 2023, y hacia atr\u00e1s. Para entonces, la soluci\u00f3n de los Dos Estados estaba cl\u00ednicamente muerta, y los palestinos mor\u00edan todos los d\u00edas, a ra\u00edz de las represiones y las persecuciones sionistas. Los muertos eran hombres, mujeres, ni\u00f1os y de la tercera edad, pero porque no eran 100 o 300 muertos cada d\u00eda, el mundo occidental no lograba \u201cver\u201d el genocidio.<\/p>\n<p>Igualmente fue el caso de los territorios \u00e1rabes entre 1967 y 1973: despu\u00e9s de seis a\u00f1os de los \u00e1rabes pidiendo y suplicando tristemente por sus derechos a trav\u00e9s de los canales y los medios que son \u201caceptables\u201d y \u201ctolerables\u201d \u2013 los mismos que fueron neutralizados por el sionismo y sus jefes en Washington \u2013 \u201cestallaron\u201d los \u00e1rabes en una explosi\u00f3n de furia y de guerra, en la cual desarticularon la llamada \u201cecuaci\u00f3n de seguridad\u201d de los sionistas, y con esto obligaron al mundo entero a \u201cdescongelar\u201d el tema de los territorios \u00e1rabes de 1967. De lo contrario, nunca hubieron recibido justicia.<\/p>\n<p>\u00bfC\u00f3mo ser\u00eda la situaci\u00f3n de los palestinos en el 2025, si el 07 de octubre de 2023 nunca hubiera sucedido? Estuvi\u00e9ramos aun observando el a\u00fan \u201cm\u00edtico\u201d Estado palestino en sus \u00faltimos estertores de muerte, y seguramente no tendr\u00edamos tantos palestinos asesinados, pero con la garant\u00eda de que estos, o a m\u00e1s tardar sus hijos, perder\u00e1n o sus hogares en la Franja o en Cisjordania, o sus propias vidas. Hamas, con sus acciones, tom\u00f3 una decisi\u00f3n altamente arriesgada, llevando a muchos de sus compatriotas a la muerte, como tambi\u00e9n a muchos de sus propios soldados y l\u00edderes (no nos olvidemos que la cantidad m\u00e1s grande de m\u00e1rtires, la pone siempre Hamas y el Yihad el Islami), con la finalidad de evitar la muerte de la propia causa palestina, la cual la estaban asesinado lenta pero seguramente, los sionistas y sus jefes en Washington.<\/p>\n<p>Todos los occidentales tienen que condenar y rechazar las \u201creprensibles\u201d acciones de Hamas, incluso hasta la propia existencia de este, pero nunca pueden responder a esta simple y sencilla pregunta: \u00bfQu\u00e9 deber\u00eda haber realizado Hamas, m\u00e1s all\u00e1 de pegarse un tiro en la cabeza y caer todos muertos, solo para darle la gran satisfacci\u00f3n a los sionistas y a los estadounidenses? \u00bfQu\u00e9 se esperaba de Hamas, c\u00f3mo ten\u00eda que haber actuado para que sea aceptable para los occidentales? \u00bfDeber\u00edan haber participado en m\u00e1s negociaciones con el sionismo? Ya se hab\u00eda demostrado de manera contundente lo tan in\u00fatil que fueron estas, incluso hasta d\u00e9cadas antes del 2023, al igual que fue el caso de la inutilidad de las negociaciones diplom\u00e1ticas, antes del 06 de octubre de 1973. \u00bfEsperaban quiz\u00e1s m\u00e1s paciencia, por parte de Hamas y del pueblo palestino en general? En 1948, en la bendita ONU, no se cre\u00f3 solamente la \u201cEntidad Sionista\u201d, sino fueron creados dos Estados, el sionista y el palestino. No obstante, desde ese mismo a\u00f1o, solo existe uno de esos, el mismo que ha hecho todo lo posible para borrar la existencia de la Palestina que s\u00ed existi\u00f3 por siglos y milenios, mucho antes y hasta el a\u00f1o 1948, cuando se impone a trav\u00e9s de masacres, la Entidad Sionista.<\/p>\n<p>La espera del pueblo palestino ha sido ya de 77 a\u00f1os, y cada a\u00f1o que pasa, el potencial Estado palestino se pone m\u00e1s peque\u00f1o en territorio, menos viable en su extensi\u00f3n territorial, incluso hasta se cuestionaba y se sigue cuestionando la continuidad del propio pueblo palestino. Sin acciones contundentes que destruyan la ecuaci\u00f3n de seguridad del sionismo, ni el Sina\u00ed hubiera regresado a Egipto, ni existir\u00eda esperanza alguna para la causa palestina, la cual estaba bastante moribunda, antes del 07 de octubre de 2023.<\/p>\n<p>Condenar a Hamas por terrorismo ser\u00eda igual a condenar a cada movimiento de liberaci\u00f3n nacional, cuando estos toman las armas para negarle al invasor la paz que siempre anhelan los ladrones de tierras, y eso incluye al \u201cterrorismo\u201d de los franceses que lucharon contra la invasi\u00f3n y ocupaci\u00f3n nazi, durante la Segunda Guerra Mundial. El resto, son meras narrativas sionistas y gringas tan absurdas, como la de Venezuela como el \u201cexportador de drogas m\u00e1s grande del mundo\u201d.<\/p>\n<p>A medida de que las repercusiones de la guerra se ciernen sobre la Entidad Sionista tras el fin de esta etapa del conflicto, los palestinos deben aprovechar al m\u00e1ximo el impulso internacional alcanzado durante esta \u00faltima fase del Genocidio, logrado \u00fanicamente a trav\u00e9s del sacrificio sangriento de los hombres, mujeres y ni\u00f1os de Gaza y Cisjordania, y que como resultado, ha logrado transformar la percepci\u00f3n internacional hacia Palestina y ha paralizado, por lo menos por ahora, la destrucci\u00f3n de su causa.<\/p>\n<p>Esta misma causa se enfrenta a una situaci\u00f3n hist\u00f3ricamente dif\u00edcil y extremadamente dura, mientras su pueblo est\u00e1 siendo exterminado como consecuencia del plan sionista para aniquilar la causa palestina. No obstante, se enfrenta a oportunidades sin precedentes creadas por los ataques del 7 de octubre de 2023, que pausaron la destrucci\u00f3n casi segura de la causa palestina, y la llevaron a espacios que los sionistas y sus secuaces en Washington ya no pueden eludir. En \u00faltima instancia, la regi\u00f3n del Medio Oriente nunca ser\u00e1 estable, a menos que finalmente se logre una soluci\u00f3n justa para el pueblo palestino, y ninguna fuerza podr\u00e1 borrar la historia, las narrativas, los actos de resistencia, los enormes sacrificios y la vida misma, del pueblo palestino.<\/p>\n<p>&nbsp;<\/p>\n<p><strong>Fuente: Omar Hassaan Fari\u00f1as\u00a0<\/strong><\/p>\n","protected":false},"excerpt":{"rendered":"<p>La Intransigencia Sionista durante los tiempos de Sadat y de Hamas Durante la semana de&#8230;<\/p>\n","protected":false},"author":1,"featured_media":3221,"comment_status":"open","ping_status":"closed","sticky":false,"template":"","format":"standard","meta":{"footnotes":""},"categories":[70],"tags":[975,206,32],"class_list":["post-3220","post","type-post","status-publish","format-standard","has-post-thumbnail","hentry","category-otras-voces","tag-asamblea-general","tag-hamas","tag-onu"],"yoast_head":"<!-- This site is optimized with the Yoast SEO plugin v27.5 - https:\/\/yoast.com\/product\/yoast-seo-wordpress\/ -->\n<title>Hamas en la Asamblea General de la ONU -<\/title>\n<meta name=\"description\" content=\"Hamas. Durante la semana de Alto Nivel en el marco del octog\u00e9simo periodo de sesiones de la Asamblea General de la Organizaci\u00f3n de las Naciones Unidas\" \/>\n<meta name=\"robots\" content=\"index, follow, max-snippet:-1, max-image-preview:large, max-video-preview:-1\" \/>\n<link rel=\"canonical\" href=\"https:\/\/hueleaazufre.com\/wordpress_a\/index.php\/2025\/10\/02\/hamas-en-la-asamblea-general-de-la-onu\/\" \/>\n<meta property=\"og:locale\" content=\"es_ES\" \/>\n<meta property=\"og:type\" content=\"article\" \/>\n<meta property=\"og:title\" content=\"Hamas en la Asamblea General de la ONU -\" \/>\n<meta property=\"og:description\" content=\"Hamas. Durante la semana de Alto Nivel en el marco del octog\u00e9simo periodo de sesiones de la Asamblea General de la Organizaci\u00f3n de las Naciones Unidas\" \/>\n<meta property=\"og:url\" content=\"https:\/\/hueleaazufre.com\/wordpress_a\/index.php\/2025\/10\/02\/hamas-en-la-asamblea-general-de-la-onu\/\" \/>\n<meta property=\"article:published_time\" content=\"2025-10-02T02:54:11+00:00\" \/>\n<meta property=\"og:image\" content=\"https:\/\/hueleaazufre.com\/wordpress_a\/wp-content\/uploads\/2025\/10\/3a.webp\" \/>\n\t<meta property=\"og:image:width\" content=\"1024\" \/>\n\t<meta property=\"og:image:height\" content=\"903\" \/>\n\t<meta property=\"og:image:type\" content=\"image\/webp\" \/>\n<meta name=\"author\" content=\"Huele a azufre\" \/>\n<meta name=\"twitter:card\" content=\"summary_large_image\" \/>\n<meta name=\"twitter:label1\" content=\"Escrito por\" \/>\n\t<meta name=\"twitter:data1\" content=\"Huele a azufre\" \/>\n\t<meta name=\"twitter:label2\" content=\"Tiempo de lectura\" \/>\n\t<meta name=\"twitter:data2\" content=\"15 minutos\" \/>\n<script type=\"application\/ld+json\" class=\"yoast-schema-graph\">{\"@context\":\"https:\\\/\\\/schema.org\",\"@graph\":[{\"@type\":\"Article\",\"@id\":\"https:\\\/\\\/hueleaazufre.com\\\/wordpress_a\\\/index.php\\\/2025\\\/10\\\/02\\\/hamas-en-la-asamblea-general-de-la-onu\\\/#article\",\"isPartOf\":{\"@id\":\"https:\\\/\\\/hueleaazufre.com\\\/wordpress_a\\\/index.php\\\/2025\\\/10\\\/02\\\/hamas-en-la-asamblea-general-de-la-onu\\\/\"},\"author\":{\"name\":\"Huele a azufre\",\"@id\":\"https:\\\/\\\/hueleaazufre.com\\\/wordpress_a\\\/#\\\/schema\\\/person\\\/549dd871707ea7f9f1a686323ebe9baa\"},\"headline\":\"Hamas en la Asamblea General de la ONU\",\"datePublished\":\"2025-10-02T02:54:11+00:00\",\"mainEntityOfPage\":{\"@id\":\"https:\\\/\\\/hueleaazufre.com\\\/wordpress_a\\\/index.php\\\/2025\\\/10\\\/02\\\/hamas-en-la-asamblea-general-de-la-onu\\\/\"},\"wordCount\":3291,\"commentCount\":0,\"image\":{\"@id\":\"https:\\\/\\\/hueleaazufre.com\\\/wordpress_a\\\/index.php\\\/2025\\\/10\\\/02\\\/hamas-en-la-asamblea-general-de-la-onu\\\/#primaryimage\"},\"thumbnailUrl\":\"https:\\\/\\\/hueleaazufre.com\\\/wordpress_a\\\/wp-content\\\/uploads\\\/2025\\\/10\\\/3a.webp\",\"keywords\":[\"Asamblea General\",\"HAMAS\",\"ONU\"],\"articleSection\":[\"Otras voces\"],\"inLanguage\":\"es\",\"potentialAction\":[{\"@type\":\"CommentAction\",\"name\":\"Comment\",\"target\":[\"https:\\\/\\\/hueleaazufre.com\\\/wordpress_a\\\/index.php\\\/2025\\\/10\\\/02\\\/hamas-en-la-asamblea-general-de-la-onu\\\/#respond\"]}]},{\"@type\":\"WebPage\",\"@id\":\"https:\\\/\\\/hueleaazufre.com\\\/wordpress_a\\\/index.php\\\/2025\\\/10\\\/02\\\/hamas-en-la-asamblea-general-de-la-onu\\\/\",\"url\":\"https:\\\/\\\/hueleaazufre.com\\\/wordpress_a\\\/index.php\\\/2025\\\/10\\\/02\\\/hamas-en-la-asamblea-general-de-la-onu\\\/\",\"name\":\"Hamas en la Asamblea General de la ONU -\",\"isPartOf\":{\"@id\":\"https:\\\/\\\/hueleaazufre.com\\\/wordpress_a\\\/#website\"},\"primaryImageOfPage\":{\"@id\":\"https:\\\/\\\/hueleaazufre.com\\\/wordpress_a\\\/index.php\\\/2025\\\/10\\\/02\\\/hamas-en-la-asamblea-general-de-la-onu\\\/#primaryimage\"},\"image\":{\"@id\":\"https:\\\/\\\/hueleaazufre.com\\\/wordpress_a\\\/index.php\\\/2025\\\/10\\\/02\\\/hamas-en-la-asamblea-general-de-la-onu\\\/#primaryimage\"},\"thumbnailUrl\":\"https:\\\/\\\/hueleaazufre.com\\\/wordpress_a\\\/wp-content\\\/uploads\\\/2025\\\/10\\\/3a.webp\",\"datePublished\":\"2025-10-02T02:54:11+00:00\",\"author\":{\"@id\":\"https:\\\/\\\/hueleaazufre.com\\\/wordpress_a\\\/#\\\/schema\\\/person\\\/549dd871707ea7f9f1a686323ebe9baa\"},\"description\":\"Hamas. Durante la semana de Alto Nivel en el marco del octog\u00e9simo periodo de sesiones de la Asamblea General de la Organizaci\u00f3n de las Naciones Unidas\",\"breadcrumb\":{\"@id\":\"https:\\\/\\\/hueleaazufre.com\\\/wordpress_a\\\/index.php\\\/2025\\\/10\\\/02\\\/hamas-en-la-asamblea-general-de-la-onu\\\/#breadcrumb\"},\"inLanguage\":\"es\",\"potentialAction\":[{\"@type\":\"ReadAction\",\"target\":[\"https:\\\/\\\/hueleaazufre.com\\\/wordpress_a\\\/index.php\\\/2025\\\/10\\\/02\\\/hamas-en-la-asamblea-general-de-la-onu\\\/\"]}]},{\"@type\":\"ImageObject\",\"inLanguage\":\"es\",\"@id\":\"https:\\\/\\\/hueleaazufre.com\\\/wordpress_a\\\/index.php\\\/2025\\\/10\\\/02\\\/hamas-en-la-asamblea-general-de-la-onu\\\/#primaryimage\",\"url\":\"https:\\\/\\\/hueleaazufre.com\\\/wordpress_a\\\/wp-content\\\/uploads\\\/2025\\\/10\\\/3a.webp\",\"contentUrl\":\"https:\\\/\\\/hueleaazufre.com\\\/wordpress_a\\\/wp-content\\\/uploads\\\/2025\\\/10\\\/3a.webp\",\"width\":1024,\"height\":903},{\"@type\":\"BreadcrumbList\",\"@id\":\"https:\\\/\\\/hueleaazufre.com\\\/wordpress_a\\\/index.php\\\/2025\\\/10\\\/02\\\/hamas-en-la-asamblea-general-de-la-onu\\\/#breadcrumb\",\"itemListElement\":[{\"@type\":\"ListItem\",\"position\":1,\"name\":\"Portada\",\"item\":\"https:\\\/\\\/hueleaazufre.com\\\/wordpress_a\\\/\"},{\"@type\":\"ListItem\",\"position\":2,\"name\":\"Hamas en la Asamblea General de la ONU\"}]},{\"@type\":\"WebSite\",\"@id\":\"https:\\\/\\\/hueleaazufre.com\\\/wordpress_a\\\/#website\",\"url\":\"https:\\\/\\\/hueleaazufre.com\\\/wordpress_a\\\/\",\"name\":\"\",\"description\":\"Huele a azufre es una plataforma digital de an\u00e1lisis geopol\u00edtico.\",\"potentialAction\":[{\"@type\":\"SearchAction\",\"target\":{\"@type\":\"EntryPoint\",\"urlTemplate\":\"https:\\\/\\\/hueleaazufre.com\\\/wordpress_a\\\/?s={search_term_string}\"},\"query-input\":{\"@type\":\"PropertyValueSpecification\",\"valueRequired\":true,\"valueName\":\"search_term_string\"}}],\"inLanguage\":\"es\"},{\"@type\":\"Person\",\"@id\":\"https:\\\/\\\/hueleaazufre.com\\\/wordpress_a\\\/#\\\/schema\\\/person\\\/549dd871707ea7f9f1a686323ebe9baa\",\"name\":\"Huele a azufre\",\"image\":{\"@type\":\"ImageObject\",\"inLanguage\":\"es\",\"@id\":\"https:\\\/\\\/secure.gravatar.com\\\/avatar\\\/e972d5c124b9bf80eb4c9d322a90dd86a59d447f5da36700a77516f13637d44e?s=96&d=mm&r=g\",\"url\":\"https:\\\/\\\/secure.gravatar.com\\\/avatar\\\/e972d5c124b9bf80eb4c9d322a90dd86a59d447f5da36700a77516f13637d44e?s=96&d=mm&r=g\",\"contentUrl\":\"https:\\\/\\\/secure.gravatar.com\\\/avatar\\\/e972d5c124b9bf80eb4c9d322a90dd86a59d447f5da36700a77516f13637d44e?s=96&d=mm&r=g\",\"caption\":\"Huele a azufre\"},\"description\":\"Huele a azufre es una plataforma digital de an\u00e1lisis geopol\u00edtico\u00a0 contrahegem\u00f3nico, que busca visibilizar las voces y los discursos silenciados por el poder medi\u00e1tico.\",\"sameAs\":[\"https:\\\/\\\/hueleaazufre.com\\\/wordpress_a\"],\"url\":\"https:\\\/\\\/hueleaazufre.com\\\/wordpress_a\\\/index.php\\\/author\\\/admin_tupapa\\\/\"}]}<\/script>\n<!-- \/ Yoast SEO plugin. -->","yoast_head_json":{"title":"Hamas en la Asamblea General de la ONU -","description":"Hamas. Durante la semana de Alto Nivel en el marco del octog\u00e9simo periodo de sesiones de la Asamblea General de la Organizaci\u00f3n de las Naciones Unidas","robots":{"index":"index","follow":"follow","max-snippet":"max-snippet:-1","max-image-preview":"max-image-preview:large","max-video-preview":"max-video-preview:-1"},"canonical":"https:\/\/hueleaazufre.com\/wordpress_a\/index.php\/2025\/10\/02\/hamas-en-la-asamblea-general-de-la-onu\/","og_locale":"es_ES","og_type":"article","og_title":"Hamas en la Asamblea General de la ONU -","og_description":"Hamas. Durante la semana de Alto Nivel en el marco del octog\u00e9simo periodo de sesiones de la Asamblea General de la Organizaci\u00f3n de las Naciones Unidas","og_url":"https:\/\/hueleaazufre.com\/wordpress_a\/index.php\/2025\/10\/02\/hamas-en-la-asamblea-general-de-la-onu\/","article_published_time":"2025-10-02T02:54:11+00:00","og_image":[{"width":1024,"height":903,"url":"https:\/\/hueleaazufre.com\/wordpress_a\/wp-content\/uploads\/2025\/10\/3a.webp","type":"image\/webp"}],"author":"Huele a azufre","twitter_card":"summary_large_image","twitter_misc":{"Escrito por":"Huele a azufre","Tiempo de lectura":"15 minutos"},"schema":{"@context":"https:\/\/schema.org","@graph":[{"@type":"Article","@id":"https:\/\/hueleaazufre.com\/wordpress_a\/index.php\/2025\/10\/02\/hamas-en-la-asamblea-general-de-la-onu\/#article","isPartOf":{"@id":"https:\/\/hueleaazufre.com\/wordpress_a\/index.php\/2025\/10\/02\/hamas-en-la-asamblea-general-de-la-onu\/"},"author":{"name":"Huele a azufre","@id":"https:\/\/hueleaazufre.com\/wordpress_a\/#\/schema\/person\/549dd871707ea7f9f1a686323ebe9baa"},"headline":"Hamas en la Asamblea General de la ONU","datePublished":"2025-10-02T02:54:11+00:00","mainEntityOfPage":{"@id":"https:\/\/hueleaazufre.com\/wordpress_a\/index.php\/2025\/10\/02\/hamas-en-la-asamblea-general-de-la-onu\/"},"wordCount":3291,"commentCount":0,"image":{"@id":"https:\/\/hueleaazufre.com\/wordpress_a\/index.php\/2025\/10\/02\/hamas-en-la-asamblea-general-de-la-onu\/#primaryimage"},"thumbnailUrl":"https:\/\/hueleaazufre.com\/wordpress_a\/wp-content\/uploads\/2025\/10\/3a.webp","keywords":["Asamblea General","HAMAS","ONU"],"articleSection":["Otras voces"],"inLanguage":"es","potentialAction":[{"@type":"CommentAction","name":"Comment","target":["https:\/\/hueleaazufre.com\/wordpress_a\/index.php\/2025\/10\/02\/hamas-en-la-asamblea-general-de-la-onu\/#respond"]}]},{"@type":"WebPage","@id":"https:\/\/hueleaazufre.com\/wordpress_a\/index.php\/2025\/10\/02\/hamas-en-la-asamblea-general-de-la-onu\/","url":"https:\/\/hueleaazufre.com\/wordpress_a\/index.php\/2025\/10\/02\/hamas-en-la-asamblea-general-de-la-onu\/","name":"Hamas en la Asamblea General de la ONU -","isPartOf":{"@id":"https:\/\/hueleaazufre.com\/wordpress_a\/#website"},"primaryImageOfPage":{"@id":"https:\/\/hueleaazufre.com\/wordpress_a\/index.php\/2025\/10\/02\/hamas-en-la-asamblea-general-de-la-onu\/#primaryimage"},"image":{"@id":"https:\/\/hueleaazufre.com\/wordpress_a\/index.php\/2025\/10\/02\/hamas-en-la-asamblea-general-de-la-onu\/#primaryimage"},"thumbnailUrl":"https:\/\/hueleaazufre.com\/wordpress_a\/wp-content\/uploads\/2025\/10\/3a.webp","datePublished":"2025-10-02T02:54:11+00:00","author":{"@id":"https:\/\/hueleaazufre.com\/wordpress_a\/#\/schema\/person\/549dd871707ea7f9f1a686323ebe9baa"},"description":"Hamas. Durante la semana de Alto Nivel en el marco del octog\u00e9simo periodo de sesiones de la Asamblea General de la Organizaci\u00f3n de las Naciones Unidas","breadcrumb":{"@id":"https:\/\/hueleaazufre.com\/wordpress_a\/index.php\/2025\/10\/02\/hamas-en-la-asamblea-general-de-la-onu\/#breadcrumb"},"inLanguage":"es","potentialAction":[{"@type":"ReadAction","target":["https:\/\/hueleaazufre.com\/wordpress_a\/index.php\/2025\/10\/02\/hamas-en-la-asamblea-general-de-la-onu\/"]}]},{"@type":"ImageObject","inLanguage":"es","@id":"https:\/\/hueleaazufre.com\/wordpress_a\/index.php\/2025\/10\/02\/hamas-en-la-asamblea-general-de-la-onu\/#primaryimage","url":"https:\/\/hueleaazufre.com\/wordpress_a\/wp-content\/uploads\/2025\/10\/3a.webp","contentUrl":"https:\/\/hueleaazufre.com\/wordpress_a\/wp-content\/uploads\/2025\/10\/3a.webp","width":1024,"height":903},{"@type":"BreadcrumbList","@id":"https:\/\/hueleaazufre.com\/wordpress_a\/index.php\/2025\/10\/02\/hamas-en-la-asamblea-general-de-la-onu\/#breadcrumb","itemListElement":[{"@type":"ListItem","position":1,"name":"Portada","item":"https:\/\/hueleaazufre.com\/wordpress_a\/"},{"@type":"ListItem","position":2,"name":"Hamas en la Asamblea General de la ONU"}]},{"@type":"WebSite","@id":"https:\/\/hueleaazufre.com\/wordpress_a\/#website","url":"https:\/\/hueleaazufre.com\/wordpress_a\/","name":"","description":"Huele a azufre es una plataforma digital de an\u00e1lisis geopol\u00edtico.","potentialAction":[{"@type":"SearchAction","target":{"@type":"EntryPoint","urlTemplate":"https:\/\/hueleaazufre.com\/wordpress_a\/?s={search_term_string}"},"query-input":{"@type":"PropertyValueSpecification","valueRequired":true,"valueName":"search_term_string"}}],"inLanguage":"es"},{"@type":"Person","@id":"https:\/\/hueleaazufre.com\/wordpress_a\/#\/schema\/person\/549dd871707ea7f9f1a686323ebe9baa","name":"Huele a azufre","image":{"@type":"ImageObject","inLanguage":"es","@id":"https:\/\/secure.gravatar.com\/avatar\/e972d5c124b9bf80eb4c9d322a90dd86a59d447f5da36700a77516f13637d44e?s=96&d=mm&r=g","url":"https:\/\/secure.gravatar.com\/avatar\/e972d5c124b9bf80eb4c9d322a90dd86a59d447f5da36700a77516f13637d44e?s=96&d=mm&r=g","contentUrl":"https:\/\/secure.gravatar.com\/avatar\/e972d5c124b9bf80eb4c9d322a90dd86a59d447f5da36700a77516f13637d44e?s=96&d=mm&r=g","caption":"Huele a azufre"},"description":"Huele a azufre es una plataforma digital de an\u00e1lisis geopol\u00edtico\u00a0 contrahegem\u00f3nico, que busca visibilizar las voces y los discursos silenciados por el poder medi\u00e1tico.","sameAs":["https:\/\/hueleaazufre.com\/wordpress_a"],"url":"https:\/\/hueleaazufre.com\/wordpress_a\/index.php\/author\/admin_tupapa\/"}]}},"_links":{"self":[{"href":"https:\/\/hueleaazufre.com\/wordpress_a\/index.php\/wp-json\/wp\/v2\/posts\/3220","targetHints":{"allow":["GET"]}}],"collection":[{"href":"https:\/\/hueleaazufre.com\/wordpress_a\/index.php\/wp-json\/wp\/v2\/posts"}],"about":[{"href":"https:\/\/hueleaazufre.com\/wordpress_a\/index.php\/wp-json\/wp\/v2\/types\/post"}],"author":[{"embeddable":true,"href":"https:\/\/hueleaazufre.com\/wordpress_a\/index.php\/wp-json\/wp\/v2\/users\/1"}],"replies":[{"embeddable":true,"href":"https:\/\/hueleaazufre.com\/wordpress_a\/index.php\/wp-json\/wp\/v2\/comments?post=3220"}],"version-history":[{"count":1,"href":"https:\/\/hueleaazufre.com\/wordpress_a\/index.php\/wp-json\/wp\/v2\/posts\/3220\/revisions"}],"predecessor-version":[{"id":3222,"href":"https:\/\/hueleaazufre.com\/wordpress_a\/index.php\/wp-json\/wp\/v2\/posts\/3220\/revisions\/3222"}],"wp:featuredmedia":[{"embeddable":true,"href":"https:\/\/hueleaazufre.com\/wordpress_a\/index.php\/wp-json\/wp\/v2\/media\/3221"}],"wp:attachment":[{"href":"https:\/\/hueleaazufre.com\/wordpress_a\/index.php\/wp-json\/wp\/v2\/media?parent=3220"}],"wp:term":[{"taxonomy":"category","embeddable":true,"href":"https:\/\/hueleaazufre.com\/wordpress_a\/index.php\/wp-json\/wp\/v2\/categories?post=3220"},{"taxonomy":"post_tag","embeddable":true,"href":"https:\/\/hueleaazufre.com\/wordpress_a\/index.php\/wp-json\/wp\/v2\/tags?post=3220"}],"curies":[{"name":"wp","href":"https:\/\/api.w.org\/{rel}","templated":true}]}}