{"id":3226,"date":"2025-10-03T22:26:02","date_gmt":"2025-10-03T22:26:02","guid":{"rendered":"https:\/\/hueleaazufre.com\/wordpress_a\/?p=3226"},"modified":"2025-10-03T22:28:10","modified_gmt":"2025-10-03T22:28:10","slug":"gustavo-petro-propone-que-el-grupo-de-la-haya-convoque-una-huelga-general-mundial-en-apoyo-a-palestina","status":"publish","type":"post","link":"https:\/\/hueleaazufre.com\/wordpress_a\/index.php\/2025\/10\/03\/gustavo-petro-propone-que-el-grupo-de-la-haya-convoque-una-huelga-general-mundial-en-apoyo-a-palestina\/","title":{"rendered":"Gustavo Petro propone que el Grupo de La Haya convoque una huelga general mundial en apoyo a Palestina"},"content":{"rendered":"<p>El presidente de Colombia, Gustavo Petro, propuso este jueves que el Grupo de La Haya convoque una huelga general mundial en apoyo a la poblaci\u00f3n palestina y a la Flotilla Global Sumud, cuyo despliegue humano fue interceptado en gran medida por fuerzas israel\u00edes en el Mediterr\u00e1neo, seg\u00fan inform\u00f3 el propio mandatario en su cuenta de X.<\/p>\n<p>El Grupo de La Haya, al que Petro ha pedido dirigir la convocatoria, se constituy\u00f3 en enero pasado y re\u00fane a pa\u00edses como Bolivia, Colombia, Cuba, Honduras, Malasia, Namibia, Senegal y Sud\u00e1frica. Seg\u00fan las defensas oficiales del grupo, su objetivo es respaldar el cumplimiento de \u00f3rdenes judiciales de la CPI contra figuras de alto perfil en el conflicto; sin embargo, su estatus y alcance internacional, as\u00ed como la legitimidad de sus llamados a huelga, han sido objeto de debate entre analistas y actores regionales.<\/p>\n<p>En el marco de la crisis humanitaria en Gaza, la Flotilla Global Sumud logr\u00f3 que una gran parte de sus integrantes fuera interceptada por fuerzas israel\u00edes al intentar acercarse a la franja para entregar ayuda humanitaria. El n\u00famero de detenciones asciende a m\u00e1s del 90% de las personas a bordo, seg\u00fan la informaci\u00f3n difundida por portavoces de la iniciativa; entre las personas retenidas figuran dos ciudadanas colombianas, Manuela Bedoya y Luna Barreto, seg\u00fan reportes no verificados de fuentes cercanas a la Flotilla.<\/p>\n<p>Petro a\u00f1adi\u00f3 que el presidente de Estados Unidos, en ese momento, \u201cdebe entender que no podr\u00e1 avanzar ning\u00fan plan de paz si no llega comida a la poblaci\u00f3n de Gaza\u201d y sostuvo que \u201cno habr\u00e1 paz si a la gente la matan por inanici\u00f3n\u201d. El mandatario colombiano tambi\u00e9n afirm\u00f3 que Estados Unidos y Europa perder\u00e1n libertad y democracia si permiten la retenci\u00f3n de personas que llevan ayuda humanitaria.<\/p>\n<p>Asimismo, Petro anunci\u00f3 este mi\u00e9rcoles la salida de toda la delegaci\u00f3n diplom\u00e1tica de Israel de Colombia y la denuncia del Tratado de Libre Comercio (TLC) bilateral, en respuesta a la interceptaci\u00f3n de la Flotilla Global Sumud. Estas medidas se anunciaron tras la interrupci\u00f3n de la flotilla, en la que participaban colombianos y otras nacionalidades.<\/p>\n<p>En respuesta a estos hechos, simpatizantes pro-palestinos se manifestaron el mi\u00e9rcoles en Bogot\u00e1, frente a la sede de la Asociaci\u00f3n Nacional de Empresarios de Colombia (ANDI), a la que se\u00f1alan de funcionar como plataforma de comercio con Israel; los manifestantes prometieron regresar a las calles.<\/p>\n<hr \/>\n<p><iframe id=\"instagram-embed-0\" class=\"instagram-media instagram-media-rendered\" src=\"https:\/\/www.instagram.com\/p\/DPU5Q9NDL7F\/embed\/captioned\/?cr=1&amp;v=14&amp;wp=540&amp;rd=https%3A%2F%2Fwww.nodal.am&amp;rp=%2F2025%2F10%2Fcolombia-gustavo-petro-propuso-que-el-grupo-de-la-haya-convoque-una-huelga-general-mundial-en-apoyo-a-los-palestinos-y-a-la-flotilla-global-sumud%2F#%7B%22ci%22%3A0%2C%22os%22%3A8413.899999999994%2C%22ls%22%3A4810.700000000012%2C%22le%22%3A7405.700000000012%7D\" height=\"1341\" frameborder=\"0\" scrolling=\"no\" allowfullscreen=\"allowfullscreen\" data-instgrm-payload-id=\"instagram-media-payload-0\" data-mce-fragment=\"1\"><\/iframe><\/p>\n<p>&nbsp;<\/p>\n<div class=\"eldvzwq eldvzwq-clearfix eldvzwq-post-bottom eldvzwq-float-center eldvzwq-align-center eldvzwq-column-1\">\n<div id=\"eldvzwq-319108-289765245\" class=\"eldvzwq-container eldvzwq-type-custom_code \" data-adid=\"319108\" data-type=\"custom_code\">\n<div id=\"126332-28\"><\/div>\n<\/div>\n<\/div>\n<div class=\"eldvzwq eldvzwq-clearfix eldvzwq-post-bottom eldvzwq-float-center eldvzwq-align-center eldvzwq-column-1\">\n<div id=\"eldvzwq-319108-289765245\" class=\"eldvzwq-container eldvzwq-type-custom_code \" data-adid=\"319108\" data-type=\"custom_code\">\n<div id=\"126332-28\"><a href=\"https:\/\/www.nodal.am\/2025\/10\/colombia-gustavo-petro-propuso-que-el-grupo-de-la-haya-convoque-una-huelga-general-mundial-en-apoyo-a-los-palestinos-y-a-la-flotilla-global-sumud\/\"><strong>Fuente: NODAL\u00a0<\/strong><\/a><\/div>\n<div><\/div>\n<\/div>\n<\/div>\n","protected":false},"excerpt":{"rendered":"<p>El presidente de Colombia, Gustavo Petro, propuso este jueves que el Grupo de La Haya&#8230;<\/p>\n","protected":false},"author":1,"featured_media":3227,"comment_status":"open","ping_status":"closed","sticky":false,"template":"","format":"standard","meta":{"footnotes":""},"categories":[56],"tags":[116,978,476,104],"class_list":["post-3226","post","type-post","status-publish","format-standard","has-post-thumbnail","hentry","category-medios-aliados","tag-gustavo-petro","tag-haya","tag-huelga","tag-palestina"],"yoast_head":"<!-- This site is optimized with the Yoast SEO plugin v27.5 - https:\/\/yoast.com\/product\/yoast-seo-wordpress\/ -->\n<title>Gustavo Petro propone que el Grupo de La Haya convoque una huelga general mundial en apoyo a Palestina -<\/title>\n<meta name=\"description\" content=\"Gustavo Petro. El presidente de Colombia, propuso este jueves que el Grupo de La Haya convoque una huelga general mundial.\" \/>\n<meta name=\"robots\" content=\"index, follow, max-snippet:-1, max-image-preview:large, max-video-preview:-1\" \/>\n<link rel=\"canonical\" href=\"https:\/\/hueleaazufre.com\/wordpress_a\/index.php\/2025\/10\/03\/gustavo-petro-propone-que-el-grupo-de-la-haya-convoque-una-huelga-general-mundial-en-apoyo-a-palestina\/\" \/>\n<meta property=\"og:locale\" content=\"es_ES\" \/>\n<meta property=\"og:type\" content=\"article\" \/>\n<meta property=\"og:title\" content=\"Gustavo Petro propone que el Grupo de La Haya convoque una huelga general mundial en apoyo a Palestina -\" \/>\n<meta property=\"og:description\" content=\"Gustavo Petro. El presidente de Colombia, propuso este jueves que el Grupo de La Haya convoque una huelga general mundial.\" \/>\n<meta property=\"og:url\" content=\"https:\/\/hueleaazufre.com\/wordpress_a\/index.php\/2025\/10\/03\/gustavo-petro-propone-que-el-grupo-de-la-haya-convoque-una-huelga-general-mundial-en-apoyo-a-palestina\/\" \/>\n<meta property=\"article:published_time\" content=\"2025-10-03T22:26:02+00:00\" \/>\n<meta property=\"article:modified_time\" content=\"2025-10-03T22:28:10+00:00\" \/>\n<meta property=\"og:image\" content=\"https:\/\/hueleaazufre.com\/wordpress_a\/wp-content\/uploads\/2025\/10\/1a-1.webp\" \/>\n\t<meta property=\"og:image:width\" content=\"800\" \/>\n\t<meta property=\"og:image:height\" content=\"485\" \/>\n\t<meta property=\"og:image:type\" content=\"image\/webp\" \/>\n<meta name=\"author\" content=\"Huele a azufre\" \/>\n<meta name=\"twitter:card\" content=\"summary_large_image\" \/>\n<meta name=\"twitter:label1\" content=\"Escrito por\" \/>\n\t<meta name=\"twitter:data1\" content=\"Huele a azufre\" \/>\n\t<meta name=\"twitter:label2\" content=\"Tiempo de lectura\" \/>\n\t<meta name=\"twitter:data2\" content=\"2 minutos\" \/>\n<script type=\"application\/ld+json\" class=\"yoast-schema-graph\">{\"@context\":\"https:\\\/\\\/schema.org\",\"@graph\":[{\"@type\":\"Article\",\"@id\":\"https:\\\/\\\/hueleaazufre.com\\\/wordpress_a\\\/index.php\\\/2025\\\/10\\\/03\\\/gustavo-petro-propone-que-el-grupo-de-la-haya-convoque-una-huelga-general-mundial-en-apoyo-a-palestina\\\/#article\",\"isPartOf\":{\"@id\":\"https:\\\/\\\/hueleaazufre.com\\\/wordpress_a\\\/index.php\\\/2025\\\/10\\\/03\\\/gustavo-petro-propone-que-el-grupo-de-la-haya-convoque-una-huelga-general-mundial-en-apoyo-a-palestina\\\/\"},\"author\":{\"name\":\"Huele a azufre\",\"@id\":\"https:\\\/\\\/hueleaazufre.com\\\/wordpress_a\\\/#\\\/schema\\\/person\\\/549dd871707ea7f9f1a686323ebe9baa\"},\"headline\":\"Gustavo Petro propone que el Grupo de La Haya convoque una huelga general mundial en apoyo a Palestina\",\"datePublished\":\"2025-10-03T22:26:02+00:00\",\"dateModified\":\"2025-10-03T22:28:10+00:00\",\"mainEntityOfPage\":{\"@id\":\"https:\\\/\\\/hueleaazufre.com\\\/wordpress_a\\\/index.php\\\/2025\\\/10\\\/03\\\/gustavo-petro-propone-que-el-grupo-de-la-haya-convoque-una-huelga-general-mundial-en-apoyo-a-palestina\\\/\"},\"wordCount\":438,\"commentCount\":0,\"image\":{\"@id\":\"https:\\\/\\\/hueleaazufre.com\\\/wordpress_a\\\/index.php\\\/2025\\\/10\\\/03\\\/gustavo-petro-propone-que-el-grupo-de-la-haya-convoque-una-huelga-general-mundial-en-apoyo-a-palestina\\\/#primaryimage\"},\"thumbnailUrl\":\"https:\\\/\\\/hueleaazufre.com\\\/wordpress_a\\\/wp-content\\\/uploads\\\/2025\\\/10\\\/1a-1.webp\",\"keywords\":[\"Gustavo Petro\",\"Haya\",\"huelga\",\"Palestina\"],\"articleSection\":[\"Medios aliados\"],\"inLanguage\":\"es\",\"potentialAction\":[{\"@type\":\"CommentAction\",\"name\":\"Comment\",\"target\":[\"https:\\\/\\\/hueleaazufre.com\\\/wordpress_a\\\/index.php\\\/2025\\\/10\\\/03\\\/gustavo-petro-propone-que-el-grupo-de-la-haya-convoque-una-huelga-general-mundial-en-apoyo-a-palestina\\\/#respond\"]}]},{\"@type\":\"WebPage\",\"@id\":\"https:\\\/\\\/hueleaazufre.com\\\/wordpress_a\\\/index.php\\\/2025\\\/10\\\/03\\\/gustavo-petro-propone-que-el-grupo-de-la-haya-convoque-una-huelga-general-mundial-en-apoyo-a-palestina\\\/\",\"url\":\"https:\\\/\\\/hueleaazufre.com\\\/wordpress_a\\\/index.php\\\/2025\\\/10\\\/03\\\/gustavo-petro-propone-que-el-grupo-de-la-haya-convoque-una-huelga-general-mundial-en-apoyo-a-palestina\\\/\",\"name\":\"Gustavo Petro propone que el Grupo de La Haya convoque una huelga general mundial en apoyo a Palestina -\",\"isPartOf\":{\"@id\":\"https:\\\/\\\/hueleaazufre.com\\\/wordpress_a\\\/#website\"},\"primaryImageOfPage\":{\"@id\":\"https:\\\/\\\/hueleaazufre.com\\\/wordpress_a\\\/index.php\\\/2025\\\/10\\\/03\\\/gustavo-petro-propone-que-el-grupo-de-la-haya-convoque-una-huelga-general-mundial-en-apoyo-a-palestina\\\/#primaryimage\"},\"image\":{\"@id\":\"https:\\\/\\\/hueleaazufre.com\\\/wordpress_a\\\/index.php\\\/2025\\\/10\\\/03\\\/gustavo-petro-propone-que-el-grupo-de-la-haya-convoque-una-huelga-general-mundial-en-apoyo-a-palestina\\\/#primaryimage\"},\"thumbnailUrl\":\"https:\\\/\\\/hueleaazufre.com\\\/wordpress_a\\\/wp-content\\\/uploads\\\/2025\\\/10\\\/1a-1.webp\",\"datePublished\":\"2025-10-03T22:26:02+00:00\",\"dateModified\":\"2025-10-03T22:28:10+00:00\",\"author\":{\"@id\":\"https:\\\/\\\/hueleaazufre.com\\\/wordpress_a\\\/#\\\/schema\\\/person\\\/549dd871707ea7f9f1a686323ebe9baa\"},\"description\":\"Gustavo Petro. El presidente de Colombia, propuso este jueves que el Grupo de La Haya convoque una huelga general mundial.\",\"breadcrumb\":{\"@id\":\"https:\\\/\\\/hueleaazufre.com\\\/wordpress_a\\\/index.php\\\/2025\\\/10\\\/03\\\/gustavo-petro-propone-que-el-grupo-de-la-haya-convoque-una-huelga-general-mundial-en-apoyo-a-palestina\\\/#breadcrumb\"},\"inLanguage\":\"es\",\"potentialAction\":[{\"@type\":\"ReadAction\",\"target\":[\"https:\\\/\\\/hueleaazufre.com\\\/wordpress_a\\\/index.php\\\/2025\\\/10\\\/03\\\/gustavo-petro-propone-que-el-grupo-de-la-haya-convoque-una-huelga-general-mundial-en-apoyo-a-palestina\\\/\"]}]},{\"@type\":\"ImageObject\",\"inLanguage\":\"es\",\"@id\":\"https:\\\/\\\/hueleaazufre.com\\\/wordpress_a\\\/index.php\\\/2025\\\/10\\\/03\\\/gustavo-petro-propone-que-el-grupo-de-la-haya-convoque-una-huelga-general-mundial-en-apoyo-a-palestina\\\/#primaryimage\",\"url\":\"https:\\\/\\\/hueleaazufre.com\\\/wordpress_a\\\/wp-content\\\/uploads\\\/2025\\\/10\\\/1a-1.webp\",\"contentUrl\":\"https:\\\/\\\/hueleaazufre.com\\\/wordpress_a\\\/wp-content\\\/uploads\\\/2025\\\/10\\\/1a-1.webp\",\"width\":800,\"height\":485},{\"@type\":\"BreadcrumbList\",\"@id\":\"https:\\\/\\\/hueleaazufre.com\\\/wordpress_a\\\/index.php\\\/2025\\\/10\\\/03\\\/gustavo-petro-propone-que-el-grupo-de-la-haya-convoque-una-huelga-general-mundial-en-apoyo-a-palestina\\\/#breadcrumb\",\"itemListElement\":[{\"@type\":\"ListItem\",\"position\":1,\"name\":\"Portada\",\"item\":\"https:\\\/\\\/hueleaazufre.com\\\/wordpress_a\\\/\"},{\"@type\":\"ListItem\",\"position\":2,\"name\":\"Gustavo Petro propone que el Grupo de La Haya convoque una huelga general mundial en apoyo a Palestina\"}]},{\"@type\":\"WebSite\",\"@id\":\"https:\\\/\\\/hueleaazufre.com\\\/wordpress_a\\\/#website\",\"url\":\"https:\\\/\\\/hueleaazufre.com\\\/wordpress_a\\\/\",\"name\":\"\",\"description\":\"Huele a azufre es una plataforma digital de an\u00e1lisis geopol\u00edtico.\",\"potentialAction\":[{\"@type\":\"SearchAction\",\"target\":{\"@type\":\"EntryPoint\",\"urlTemplate\":\"https:\\\/\\\/hueleaazufre.com\\\/wordpress_a\\\/?s={search_term_string}\"},\"query-input\":{\"@type\":\"PropertyValueSpecification\",\"valueRequired\":true,\"valueName\":\"search_term_string\"}}],\"inLanguage\":\"es\"},{\"@type\":\"Person\",\"@id\":\"https:\\\/\\\/hueleaazufre.com\\\/wordpress_a\\\/#\\\/schema\\\/person\\\/549dd871707ea7f9f1a686323ebe9baa\",\"name\":\"Huele a azufre\",\"image\":{\"@type\":\"ImageObject\",\"inLanguage\":\"es\",\"@id\":\"https:\\\/\\\/secure.gravatar.com\\\/avatar\\\/e972d5c124b9bf80eb4c9d322a90dd86a59d447f5da36700a77516f13637d44e?s=96&d=mm&r=g\",\"url\":\"https:\\\/\\\/secure.gravatar.com\\\/avatar\\\/e972d5c124b9bf80eb4c9d322a90dd86a59d447f5da36700a77516f13637d44e?s=96&d=mm&r=g\",\"contentUrl\":\"https:\\\/\\\/secure.gravatar.com\\\/avatar\\\/e972d5c124b9bf80eb4c9d322a90dd86a59d447f5da36700a77516f13637d44e?s=96&d=mm&r=g\",\"caption\":\"Huele a azufre\"},\"description\":\"Huele a azufre es una plataforma digital de an\u00e1lisis geopol\u00edtico\u00a0 contrahegem\u00f3nico, que busca visibilizar las voces y los discursos silenciados por el poder medi\u00e1tico.\",\"sameAs\":[\"https:\\\/\\\/hueleaazufre.com\\\/wordpress_a\"],\"url\":\"https:\\\/\\\/hueleaazufre.com\\\/wordpress_a\\\/index.php\\\/author\\\/admin_tupapa\\\/\"}]}<\/script>\n<!-- \/ Yoast SEO plugin. -->","yoast_head_json":{"title":"Gustavo Petro propone que el Grupo de La Haya convoque una huelga general mundial en apoyo a Palestina -","description":"Gustavo Petro. El presidente de Colombia, propuso este jueves que el Grupo de La Haya convoque una huelga general mundial.","robots":{"index":"index","follow":"follow","max-snippet":"max-snippet:-1","max-image-preview":"max-image-preview:large","max-video-preview":"max-video-preview:-1"},"canonical":"https:\/\/hueleaazufre.com\/wordpress_a\/index.php\/2025\/10\/03\/gustavo-petro-propone-que-el-grupo-de-la-haya-convoque-una-huelga-general-mundial-en-apoyo-a-palestina\/","og_locale":"es_ES","og_type":"article","og_title":"Gustavo Petro propone que el Grupo de La Haya convoque una huelga general mundial en apoyo a Palestina -","og_description":"Gustavo Petro. El presidente de Colombia, propuso este jueves que el Grupo de La Haya convoque una huelga general mundial.","og_url":"https:\/\/hueleaazufre.com\/wordpress_a\/index.php\/2025\/10\/03\/gustavo-petro-propone-que-el-grupo-de-la-haya-convoque-una-huelga-general-mundial-en-apoyo-a-palestina\/","article_published_time":"2025-10-03T22:26:02+00:00","article_modified_time":"2025-10-03T22:28:10+00:00","og_image":[{"width":800,"height":485,"url":"https:\/\/hueleaazufre.com\/wordpress_a\/wp-content\/uploads\/2025\/10\/1a-1.webp","type":"image\/webp"}],"author":"Huele a azufre","twitter_card":"summary_large_image","twitter_misc":{"Escrito por":"Huele a azufre","Tiempo de lectura":"2 minutos"},"schema":{"@context":"https:\/\/schema.org","@graph":[{"@type":"Article","@id":"https:\/\/hueleaazufre.com\/wordpress_a\/index.php\/2025\/10\/03\/gustavo-petro-propone-que-el-grupo-de-la-haya-convoque-una-huelga-general-mundial-en-apoyo-a-palestina\/#article","isPartOf":{"@id":"https:\/\/hueleaazufre.com\/wordpress_a\/index.php\/2025\/10\/03\/gustavo-petro-propone-que-el-grupo-de-la-haya-convoque-una-huelga-general-mundial-en-apoyo-a-palestina\/"},"author":{"name":"Huele a azufre","@id":"https:\/\/hueleaazufre.com\/wordpress_a\/#\/schema\/person\/549dd871707ea7f9f1a686323ebe9baa"},"headline":"Gustavo Petro propone que el Grupo de La Haya convoque una huelga general mundial en apoyo a Palestina","datePublished":"2025-10-03T22:26:02+00:00","dateModified":"2025-10-03T22:28:10+00:00","mainEntityOfPage":{"@id":"https:\/\/hueleaazufre.com\/wordpress_a\/index.php\/2025\/10\/03\/gustavo-petro-propone-que-el-grupo-de-la-haya-convoque-una-huelga-general-mundial-en-apoyo-a-palestina\/"},"wordCount":438,"commentCount":0,"image":{"@id":"https:\/\/hueleaazufre.com\/wordpress_a\/index.php\/2025\/10\/03\/gustavo-petro-propone-que-el-grupo-de-la-haya-convoque-una-huelga-general-mundial-en-apoyo-a-palestina\/#primaryimage"},"thumbnailUrl":"https:\/\/hueleaazufre.com\/wordpress_a\/wp-content\/uploads\/2025\/10\/1a-1.webp","keywords":["Gustavo Petro","Haya","huelga","Palestina"],"articleSection":["Medios aliados"],"inLanguage":"es","potentialAction":[{"@type":"CommentAction","name":"Comment","target":["https:\/\/hueleaazufre.com\/wordpress_a\/index.php\/2025\/10\/03\/gustavo-petro-propone-que-el-grupo-de-la-haya-convoque-una-huelga-general-mundial-en-apoyo-a-palestina\/#respond"]}]},{"@type":"WebPage","@id":"https:\/\/hueleaazufre.com\/wordpress_a\/index.php\/2025\/10\/03\/gustavo-petro-propone-que-el-grupo-de-la-haya-convoque-una-huelga-general-mundial-en-apoyo-a-palestina\/","url":"https:\/\/hueleaazufre.com\/wordpress_a\/index.php\/2025\/10\/03\/gustavo-petro-propone-que-el-grupo-de-la-haya-convoque-una-huelga-general-mundial-en-apoyo-a-palestina\/","name":"Gustavo Petro propone que el Grupo de La Haya convoque una huelga general mundial en apoyo a Palestina -","isPartOf":{"@id":"https:\/\/hueleaazufre.com\/wordpress_a\/#website"},"primaryImageOfPage":{"@id":"https:\/\/hueleaazufre.com\/wordpress_a\/index.php\/2025\/10\/03\/gustavo-petro-propone-que-el-grupo-de-la-haya-convoque-una-huelga-general-mundial-en-apoyo-a-palestina\/#primaryimage"},"image":{"@id":"https:\/\/hueleaazufre.com\/wordpress_a\/index.php\/2025\/10\/03\/gustavo-petro-propone-que-el-grupo-de-la-haya-convoque-una-huelga-general-mundial-en-apoyo-a-palestina\/#primaryimage"},"thumbnailUrl":"https:\/\/hueleaazufre.com\/wordpress_a\/wp-content\/uploads\/2025\/10\/1a-1.webp","datePublished":"2025-10-03T22:26:02+00:00","dateModified":"2025-10-03T22:28:10+00:00","author":{"@id":"https:\/\/hueleaazufre.com\/wordpress_a\/#\/schema\/person\/549dd871707ea7f9f1a686323ebe9baa"},"description":"Gustavo Petro. El presidente de Colombia, propuso este jueves que el Grupo de La Haya convoque una huelga general mundial.","breadcrumb":{"@id":"https:\/\/hueleaazufre.com\/wordpress_a\/index.php\/2025\/10\/03\/gustavo-petro-propone-que-el-grupo-de-la-haya-convoque-una-huelga-general-mundial-en-apoyo-a-palestina\/#breadcrumb"},"inLanguage":"es","potentialAction":[{"@type":"ReadAction","target":["https:\/\/hueleaazufre.com\/wordpress_a\/index.php\/2025\/10\/03\/gustavo-petro-propone-que-el-grupo-de-la-haya-convoque-una-huelga-general-mundial-en-apoyo-a-palestina\/"]}]},{"@type":"ImageObject","inLanguage":"es","@id":"https:\/\/hueleaazufre.com\/wordpress_a\/index.php\/2025\/10\/03\/gustavo-petro-propone-que-el-grupo-de-la-haya-convoque-una-huelga-general-mundial-en-apoyo-a-palestina\/#primaryimage","url":"https:\/\/hueleaazufre.com\/wordpress_a\/wp-content\/uploads\/2025\/10\/1a-1.webp","contentUrl":"https:\/\/hueleaazufre.com\/wordpress_a\/wp-content\/uploads\/2025\/10\/1a-1.webp","width":800,"height":485},{"@type":"BreadcrumbList","@id":"https:\/\/hueleaazufre.com\/wordpress_a\/index.php\/2025\/10\/03\/gustavo-petro-propone-que-el-grupo-de-la-haya-convoque-una-huelga-general-mundial-en-apoyo-a-palestina\/#breadcrumb","itemListElement":[{"@type":"ListItem","position":1,"name":"Portada","item":"https:\/\/hueleaazufre.com\/wordpress_a\/"},{"@type":"ListItem","position":2,"name":"Gustavo Petro propone que el Grupo de La Haya convoque una huelga general mundial en apoyo a Palestina"}]},{"@type":"WebSite","@id":"https:\/\/hueleaazufre.com\/wordpress_a\/#website","url":"https:\/\/hueleaazufre.com\/wordpress_a\/","name":"","description":"Huele a azufre es una plataforma digital de an\u00e1lisis geopol\u00edtico.","potentialAction":[{"@type":"SearchAction","target":{"@type":"EntryPoint","urlTemplate":"https:\/\/hueleaazufre.com\/wordpress_a\/?s={search_term_string}"},"query-input":{"@type":"PropertyValueSpecification","valueRequired":true,"valueName":"search_term_string"}}],"inLanguage":"es"},{"@type":"Person","@id":"https:\/\/hueleaazufre.com\/wordpress_a\/#\/schema\/person\/549dd871707ea7f9f1a686323ebe9baa","name":"Huele a azufre","image":{"@type":"ImageObject","inLanguage":"es","@id":"https:\/\/secure.gravatar.com\/avatar\/e972d5c124b9bf80eb4c9d322a90dd86a59d447f5da36700a77516f13637d44e?s=96&d=mm&r=g","url":"https:\/\/secure.gravatar.com\/avatar\/e972d5c124b9bf80eb4c9d322a90dd86a59d447f5da36700a77516f13637d44e?s=96&d=mm&r=g","contentUrl":"https:\/\/secure.gravatar.com\/avatar\/e972d5c124b9bf80eb4c9d322a90dd86a59d447f5da36700a77516f13637d44e?s=96&d=mm&r=g","caption":"Huele a azufre"},"description":"Huele a azufre es una plataforma digital de an\u00e1lisis geopol\u00edtico\u00a0 contrahegem\u00f3nico, que busca visibilizar las voces y los discursos silenciados por el poder medi\u00e1tico.","sameAs":["https:\/\/hueleaazufre.com\/wordpress_a"],"url":"https:\/\/hueleaazufre.com\/wordpress_a\/index.php\/author\/admin_tupapa\/"}]}},"_links":{"self":[{"href":"https:\/\/hueleaazufre.com\/wordpress_a\/index.php\/wp-json\/wp\/v2\/posts\/3226","targetHints":{"allow":["GET"]}}],"collection":[{"href":"https:\/\/hueleaazufre.com\/wordpress_a\/index.php\/wp-json\/wp\/v2\/posts"}],"about":[{"href":"https:\/\/hueleaazufre.com\/wordpress_a\/index.php\/wp-json\/wp\/v2\/types\/post"}],"author":[{"embeddable":true,"href":"https:\/\/hueleaazufre.com\/wordpress_a\/index.php\/wp-json\/wp\/v2\/users\/1"}],"replies":[{"embeddable":true,"href":"https:\/\/hueleaazufre.com\/wordpress_a\/index.php\/wp-json\/wp\/v2\/comments?post=3226"}],"version-history":[{"count":2,"href":"https:\/\/hueleaazufre.com\/wordpress_a\/index.php\/wp-json\/wp\/v2\/posts\/3226\/revisions"}],"predecessor-version":[{"id":3229,"href":"https:\/\/hueleaazufre.com\/wordpress_a\/index.php\/wp-json\/wp\/v2\/posts\/3226\/revisions\/3229"}],"wp:featuredmedia":[{"embeddable":true,"href":"https:\/\/hueleaazufre.com\/wordpress_a\/index.php\/wp-json\/wp\/v2\/media\/3227"}],"wp:attachment":[{"href":"https:\/\/hueleaazufre.com\/wordpress_a\/index.php\/wp-json\/wp\/v2\/media?parent=3226"}],"wp:term":[{"taxonomy":"category","embeddable":true,"href":"https:\/\/hueleaazufre.com\/wordpress_a\/index.php\/wp-json\/wp\/v2\/categories?post=3226"},{"taxonomy":"post_tag","embeddable":true,"href":"https:\/\/hueleaazufre.com\/wordpress_a\/index.php\/wp-json\/wp\/v2\/tags?post=3226"}],"curies":[{"name":"wp","href":"https:\/\/api.w.org\/{rel}","templated":true}]}}