{"id":3279,"date":"2025-10-15T20:26:45","date_gmt":"2025-10-15T20:26:45","guid":{"rendered":"https:\/\/hueleaazufre.com\/wordpress_a\/?p=3279"},"modified":"2025-10-15T20:26:45","modified_gmt":"2025-10-15T20:26:45","slug":"la-paz-tiene-rostro-de-mujer","status":"publish","type":"post","link":"https:\/\/hueleaazufre.com\/wordpress_a\/index.php\/2025\/10\/15\/la-paz-tiene-rostro-de-mujer\/","title":{"rendered":"La Paz tiene rostro de mujer."},"content":{"rendered":"<p>Su lucha por los derechos de las mujeres, los pueblos afrodescendientes y originarios desafi\u00f3 al poder mafioso y pol\u00edtico que captur\u00f3 al Estado. La reciente sentencia contra Narv\u00e1ez, 26 a\u00f1os despu\u00e9s, reabre verdades y consagra a Piedad C\u00f3rdoba como s\u00edmbolo de dignidad y resistencia, una verdadera luchadora por una Paz con cambios.<\/p>\n<p>Una reciente\u00a0<a href=\"https:\/\/cambiocolombia.com\/justicia\/articulo\/2025\/10\/primicia-condenan-a-28-anos-de-prision-a-jose-miguel-narvaez-por-el-secuestro-de-piedad-cordoba\/\" target=\"_blank\" rel=\"noopener\">sentencia del Juzgado Tercero Penal del Circuito de Medell\u00edn<\/a>\u00a0contra Jos\u00e9 Miguel Narv\u00e1ez, exsubdirector del DAS y responsable intelectual de graves violaciones a los derechos humanos, entre ellos el asesinato del periodista Jaime Garz\u00f3n, entre otros cr\u00edmenes, marca un punto de inflexi\u00f3n en la historia judicial y pol\u00edtica de Colombia.<\/p>\n<p>La sentencia revela c\u00f3mo el Departamento Administrativo de Seguridad (DAS), bajo la direcci\u00f3n de Narv\u00e1ez,\u00a0<a href=\"https:\/\/www.librosyletras.com\/entrevista-julian-martinez-autor-de\/\" target=\"_blank\" rel=\"noopener\">se convirti\u00f3 en una estructura criminal al servicio de intereses mafiosos, empresariales y pol\u00edticos<\/a>.<\/p>\n<p>Interceptaciones ilegales, seguimientos, montajes judiciales y acciones de intimidaci\u00f3n contra l\u00edderes sociales fueron parte de una estrategia sistem\u00e1tica para aniquilar la disidencia. En este engranaje, Piedad C\u00f3rdoba se convirti\u00f3 en uno de los principales objetivos por su papel como mediadora de paz, defensora de derechos humanos y cr\u00edtica abierta del orden olig\u00e1rquico colombiano.<\/p>\n<p>Este fallo, m\u00e1s que un hecho aislado, desentra\u00f1a las profundas conexiones entre el Estado, las \u00e9lites econ\u00f3micas y el aparato paramilitar que ha moldeado la violencia pol\u00edtica del pa\u00eds.<\/p>\n<p>La decisi\u00f3n judicial, sustentada en nuevas revelaciones de alias Ernesto B\u00e1ez, exjefe pol\u00edtico de las AUC grupo paramilitar firmante del acuerdo de sometimiento (2005), confirma que durante el secuestro de la senadora Piedad C\u00f3rdoba existi\u00f3 una orden empresarial directa de asesinarla.<\/p>\n<p>Este hecho fue develado por\u00a0<a href=\"https:\/\/www.youtube.com\/watch?v=C-O-_hwrmHQ\" target=\"_blank\" rel=\"noopener\">Se\u00f1al Colombia y la revista Raya el pasado 12 de octubre en emisi\u00f3n<\/a>\u00a0especial, se trat\u00f3 del empresario antioque\u00f1o Hern\u00e1n Echavarr\u00eda Ol\u00f3zaga descendiente de familia de empresarios que participaron en la creaci\u00f3n y desarrollo de numerosas empresas como Coltejer, la Compa\u00f1\u00eda Colombiana de Navegaci\u00f3n A\u00e9rea, Imusa, Calceter\u00eda Alfa, Calceter\u00eda Pepalfa, Locer\u00eda Colombiana.<\/p>\n<p>El caso demuestra que la violencia en Colombia no ha sido simplemente resultado de enfrentamientos entre actores armados, sino una estrategia pol\u00edtica del poder que articula, a\u00fan hoy, a pol\u00edticos, mafiosos y paramilitares en una perversa alianza. Esta\u00a0<a href=\"https:\/\/revistas.uexternado.edu.co\/index.php\/opera\/article\/view\/9977\" target=\"_blank\" rel=\"noopener\">captura del Estado busca mantener el control territorial<\/a>, econ\u00f3mico y simb\u00f3lico al servicio de \u00e9lites locales e internacionales.<\/p>\n<p>La persecuci\u00f3n contra C\u00f3rdoba fue un mensaje, todo liderazgo que cuestione el modelo neoliberal y exija justicia social puede ser silenciado mediante la violencia, la criminalizaci\u00f3n o el descr\u00e9dito.<\/p>\n<p>Durante a\u00f1os, los grandes medios, en complicidad con sectores pol\u00edticos, mafiosos y empresariales, sostuvieron una campa\u00f1a sistem\u00e1tica de desprestigio contra C\u00f3rdoba, present\u00e1ndola falsamente como colaboradora de las FARC, corrupta o enemiga del Estado.<\/p>\n<p>Cada acusaci\u00f3n contra Piedad C\u00f3rdoba fue desmontada por la justicia, revelando un patr\u00f3n sistem\u00e1tico de\u00a0<a href=\"https:\/\/www.ambitojuridico.com\/noticias\/administrativo\/esta-es-la-sentencia-que-anula-una-sancion-impuesta-por-la-procuraduria-en\" target=\"_blank\" rel=\"noopener\">montaje judicial y medi\u00e1tico<\/a>\u00a0al servicio de intereses pol\u00edticos y econ\u00f3micos. La manipulaci\u00f3n de la opini\u00f3n p\u00fablica fue, y sigue siendo, un arma de guerra en Colombia.<\/p>\n<p>C\u00f3rdoba pag\u00f3 con su libertad, su seguridad y su reputaci\u00f3n el precio de denunciar, con valent\u00eda, el maridaje entre el Estado, el paramilitarismo y las \u00e9lites econ\u00f3micas. Tuvo la osad\u00eda de se\u00f1alar a los m\u00e1ximos responsables, entre ellos al expresidente \u00c1lvaro Uribe V\u00e9lez.<\/p>\n<p>Lejos de replegarse ante la persecuci\u00f3n, Piedad C\u00f3rdoba resisti\u00f3 desde todos los frentes, el exilio, los tribunales y las calles. Continu\u00f3 impulsando el di\u00e1logo pol\u00edtico como herramienta para la paz, siendo reconocida oficialmente como gestora en los procesos con las FARC-EP y en gestiones humanitarias con el ELN, donde facilit\u00f3 liberaciones de secuestrados y abri\u00f3 caminos de entendimiento pol\u00edtico.<\/p>\n<p>M\u00e1s all\u00e1 de gobiernos o coyunturas, su trabajo se sostuvo sobre una convicci\u00f3n profunda, la paz deb\u00eda ser completa, con justicia social, inclusi\u00f3n y transformaciones estructurales. C\u00f3rdoba tambi\u00e9n propuso abrir canales de di\u00e1logo con las Autodefensas Gaitanistas de Colombia (AGC), conocidas como el Clan del Golfo, argumentando que no pod\u00eda haber paz real sin reconocer y desactivar todas las expresiones armadas derivadas del modelo paramilitar.<\/p>\n<p>Su visi\u00f3n, valiente y pol\u00e9mica, comprend\u00eda la paz como un proceso integral y emancipador, no como un acuerdo entre \u00e9lites. Esa coherencia pol\u00edtica la consolid\u00f3 como una de las voces m\u00e1s consistentes y luminosas del pensamiento latinoamericano contempor\u00e1neo.<\/p>\n<p>La reciente sentencia contra Jos\u00e9 Miguel Narv\u00e1ez no solo reivindica su nombre, sino que pone al descubierto una verdad mayor, el Estado colombiano ha sido un actor activo en la guerra sucia contra su propio pueblo.<\/p>\n<p>La responsabilidad no recae \u00fanicamente en los ejecutores materiales, sino tambi\u00e9n en quienes, desde los escritorios ministeriales, las agencias de inteligencia o las juntas empresariales, financiaron, promovieron y legitimaron la eliminaci\u00f3n sistem\u00e1tica de lo que se\u00f1alaban como oposici\u00f3n.<\/p>\n<p>Los \u201cm\u00e1ximos responsables\u201d de la violencia en Colombia son aquellos que usaron el poder institucional y medi\u00e1tico para garantizar su impunidad y perpetuar un orden social desigual, racista y violento.<\/p>\n<p>El legado de Piedad C\u00f3rdoba trasciende su biograf\u00eda, encarna una \u00e9tica pol\u00edtica sustentada en la dignidad, la justicia y la solidaridad de los pueblos. Su compromiso con las mujeres, los pueblos afrodescendientes, ind\u00edgenas y campesinos, as\u00ed como su defensa de una integraci\u00f3n latinoamericana basada en la justicia social, representan un horizonte de esperanza para una regi\u00f3n todav\u00eda marcada por el despojo, el patriarcado y el neoliberalismo.<\/p>\n<p>En foros internacionales y espacios populares, defendi\u00f3 una paz que no se limita al silenciamiento de las armas, sino que exige desmantelar las estructuras de poder que las sostienen: el racismo, el extractivismo, el clasismo y el imperialismo.<\/p>\n<p>Piedad C\u00f3rdoba falleci\u00f3 en enero de 2024, pero su fuerza pol\u00edtica y moral permanece viva, inspirando la lucha por la verdad, la justicia y una paz transformadora con cambios reales.<\/p>\n<p>Su nombre se inscribe junto al de las grandes mujeres latinoamericanas que enfrentaron la violencia del poder con la palabra, la ternura y la fuerza de la verdad.<\/p>\n<p>Su historia interpela a Colombia y a toda Am\u00e9rica Latina, \u00bfpuede haber paz sin justicia? \u00bfReconciliaci\u00f3n cuando los victimarios gobiernan y los pueblos siguen silenciados?<\/p>\n<p>Honrar su legado exige un compromiso colectivo con la memoria, la verdad y la justicia. Porque la paz aut\u00e9ntica \u2014la que nace desde los pueblos y no desde los palacios ni los premios internacionales\u2014 tiene rostro de mujer, de comunidad, de resistencia.<\/p>\n<p>Tiene rostro de Piedad C\u00f3rdoba, y con ella, el de toda una Am\u00e9rica Latina que a\u00fan sue\u00f1a y lucha por una paz con dignidad.<\/p>\n<p>&nbsp;<\/p>\n<p><a href=\"https:\/\/www.telesurtv.net\/opinion\/la-paz-tiene-rostro-de-mujer\/\"><strong>Fuente: Telesur\/Alfonso Insuasty<\/strong><\/a><\/p>\n","protected":false},"excerpt":{"rendered":"<p>Su lucha por los derechos de las mujeres, los pueblos afrodescendientes y originarios desafi\u00f3 al&#8230;<\/p>\n","protected":false},"author":1,"featured_media":3280,"comment_status":"open","ping_status":"closed","sticky":false,"template":"","format":"standard","meta":{"footnotes":""},"categories":[56],"tags":[57,992,51,993],"class_list":["post-3279","post","type-post","status-publish","format-standard","has-post-thumbnail","hentry","category-medios-aliados","tag-colombia","tag-das","tag-paz","tag-piedad-cordoba"],"yoast_head":"<!-- This site is optimized with the Yoast SEO plugin v27.5 - https:\/\/yoast.com\/product\/yoast-seo-wordpress\/ -->\n<title>La Paz tiene rostro de mujer. -<\/title>\n<meta name=\"description\" content=\"Paz. Su lucha por los derechos de las mujeres, los pueblos afrodescendientes y originarios desafi\u00f3 al poder mafioso y pol\u00edtico que captur\u00f3 al Estado.\" \/>\n<meta name=\"robots\" content=\"index, follow, max-snippet:-1, max-image-preview:large, max-video-preview:-1\" \/>\n<link rel=\"canonical\" href=\"https:\/\/hueleaazufre.com\/wordpress_a\/index.php\/2025\/10\/15\/la-paz-tiene-rostro-de-mujer\/\" \/>\n<meta property=\"og:locale\" content=\"es_ES\" \/>\n<meta property=\"og:type\" content=\"article\" \/>\n<meta property=\"og:title\" content=\"La Paz tiene rostro de mujer. -\" \/>\n<meta property=\"og:description\" content=\"Paz. Su lucha por los derechos de las mujeres, los pueblos afrodescendientes y originarios desafi\u00f3 al poder mafioso y pol\u00edtico que captur\u00f3 al Estado.\" \/>\n<meta property=\"og:url\" content=\"https:\/\/hueleaazufre.com\/wordpress_a\/index.php\/2025\/10\/15\/la-paz-tiene-rostro-de-mujer\/\" \/>\n<meta property=\"article:published_time\" content=\"2025-10-15T20:26:45+00:00\" \/>\n<meta property=\"og:image\" content=\"https:\/\/hueleaazufre.com\/wordpress_a\/wp-content\/uploads\/2025\/10\/3a-4.webp\" \/>\n\t<meta property=\"og:image:width\" content=\"418\" \/>\n\t<meta property=\"og:image:height\" content=\"235\" \/>\n\t<meta property=\"og:image:type\" content=\"image\/webp\" \/>\n<meta name=\"author\" content=\"Huele a azufre\" \/>\n<meta name=\"twitter:card\" content=\"summary_large_image\" \/>\n<meta name=\"twitter:label1\" content=\"Escrito por\" \/>\n\t<meta name=\"twitter:data1\" content=\"Huele a azufre\" \/>\n\t<meta name=\"twitter:label2\" content=\"Tiempo de lectura\" \/>\n\t<meta name=\"twitter:data2\" content=\"5 minutos\" \/>\n<script type=\"application\/ld+json\" class=\"yoast-schema-graph\">{\"@context\":\"https:\\\/\\\/schema.org\",\"@graph\":[{\"@type\":\"Article\",\"@id\":\"https:\\\/\\\/hueleaazufre.com\\\/wordpress_a\\\/index.php\\\/2025\\\/10\\\/15\\\/la-paz-tiene-rostro-de-mujer\\\/#article\",\"isPartOf\":{\"@id\":\"https:\\\/\\\/hueleaazufre.com\\\/wordpress_a\\\/index.php\\\/2025\\\/10\\\/15\\\/la-paz-tiene-rostro-de-mujer\\\/\"},\"author\":{\"name\":\"Huele a azufre\",\"@id\":\"https:\\\/\\\/hueleaazufre.com\\\/wordpress_a\\\/#\\\/schema\\\/person\\\/549dd871707ea7f9f1a686323ebe9baa\"},\"headline\":\"La Paz tiene rostro de mujer.\",\"datePublished\":\"2025-10-15T20:26:45+00:00\",\"mainEntityOfPage\":{\"@id\":\"https:\\\/\\\/hueleaazufre.com\\\/wordpress_a\\\/index.php\\\/2025\\\/10\\\/15\\\/la-paz-tiene-rostro-de-mujer\\\/\"},\"wordCount\":1162,\"commentCount\":0,\"image\":{\"@id\":\"https:\\\/\\\/hueleaazufre.com\\\/wordpress_a\\\/index.php\\\/2025\\\/10\\\/15\\\/la-paz-tiene-rostro-de-mujer\\\/#primaryimage\"},\"thumbnailUrl\":\"https:\\\/\\\/hueleaazufre.com\\\/wordpress_a\\\/wp-content\\\/uploads\\\/2025\\\/10\\\/3a-4.webp\",\"keywords\":[\"Colombia\",\"DAS\",\"PAZ\",\"Piedad C\u00f3rdoba\"],\"articleSection\":[\"Medios aliados\"],\"inLanguage\":\"es\",\"potentialAction\":[{\"@type\":\"CommentAction\",\"name\":\"Comment\",\"target\":[\"https:\\\/\\\/hueleaazufre.com\\\/wordpress_a\\\/index.php\\\/2025\\\/10\\\/15\\\/la-paz-tiene-rostro-de-mujer\\\/#respond\"]}]},{\"@type\":\"WebPage\",\"@id\":\"https:\\\/\\\/hueleaazufre.com\\\/wordpress_a\\\/index.php\\\/2025\\\/10\\\/15\\\/la-paz-tiene-rostro-de-mujer\\\/\",\"url\":\"https:\\\/\\\/hueleaazufre.com\\\/wordpress_a\\\/index.php\\\/2025\\\/10\\\/15\\\/la-paz-tiene-rostro-de-mujer\\\/\",\"name\":\"La Paz tiene rostro de mujer. -\",\"isPartOf\":{\"@id\":\"https:\\\/\\\/hueleaazufre.com\\\/wordpress_a\\\/#website\"},\"primaryImageOfPage\":{\"@id\":\"https:\\\/\\\/hueleaazufre.com\\\/wordpress_a\\\/index.php\\\/2025\\\/10\\\/15\\\/la-paz-tiene-rostro-de-mujer\\\/#primaryimage\"},\"image\":{\"@id\":\"https:\\\/\\\/hueleaazufre.com\\\/wordpress_a\\\/index.php\\\/2025\\\/10\\\/15\\\/la-paz-tiene-rostro-de-mujer\\\/#primaryimage\"},\"thumbnailUrl\":\"https:\\\/\\\/hueleaazufre.com\\\/wordpress_a\\\/wp-content\\\/uploads\\\/2025\\\/10\\\/3a-4.webp\",\"datePublished\":\"2025-10-15T20:26:45+00:00\",\"author\":{\"@id\":\"https:\\\/\\\/hueleaazufre.com\\\/wordpress_a\\\/#\\\/schema\\\/person\\\/549dd871707ea7f9f1a686323ebe9baa\"},\"description\":\"Paz. Su lucha por los derechos de las mujeres, los pueblos afrodescendientes y originarios desafi\u00f3 al poder mafioso y pol\u00edtico que captur\u00f3 al Estado.\",\"breadcrumb\":{\"@id\":\"https:\\\/\\\/hueleaazufre.com\\\/wordpress_a\\\/index.php\\\/2025\\\/10\\\/15\\\/la-paz-tiene-rostro-de-mujer\\\/#breadcrumb\"},\"inLanguage\":\"es\",\"potentialAction\":[{\"@type\":\"ReadAction\",\"target\":[\"https:\\\/\\\/hueleaazufre.com\\\/wordpress_a\\\/index.php\\\/2025\\\/10\\\/15\\\/la-paz-tiene-rostro-de-mujer\\\/\"]}]},{\"@type\":\"ImageObject\",\"inLanguage\":\"es\",\"@id\":\"https:\\\/\\\/hueleaazufre.com\\\/wordpress_a\\\/index.php\\\/2025\\\/10\\\/15\\\/la-paz-tiene-rostro-de-mujer\\\/#primaryimage\",\"url\":\"https:\\\/\\\/hueleaazufre.com\\\/wordpress_a\\\/wp-content\\\/uploads\\\/2025\\\/10\\\/3a-4.webp\",\"contentUrl\":\"https:\\\/\\\/hueleaazufre.com\\\/wordpress_a\\\/wp-content\\\/uploads\\\/2025\\\/10\\\/3a-4.webp\",\"width\":418,\"height\":235},{\"@type\":\"BreadcrumbList\",\"@id\":\"https:\\\/\\\/hueleaazufre.com\\\/wordpress_a\\\/index.php\\\/2025\\\/10\\\/15\\\/la-paz-tiene-rostro-de-mujer\\\/#breadcrumb\",\"itemListElement\":[{\"@type\":\"ListItem\",\"position\":1,\"name\":\"Portada\",\"item\":\"https:\\\/\\\/hueleaazufre.com\\\/wordpress_a\\\/\"},{\"@type\":\"ListItem\",\"position\":2,\"name\":\"La Paz tiene rostro de mujer.\"}]},{\"@type\":\"WebSite\",\"@id\":\"https:\\\/\\\/hueleaazufre.com\\\/wordpress_a\\\/#website\",\"url\":\"https:\\\/\\\/hueleaazufre.com\\\/wordpress_a\\\/\",\"name\":\"\",\"description\":\"Huele a azufre es una plataforma digital de an\u00e1lisis geopol\u00edtico.\",\"potentialAction\":[{\"@type\":\"SearchAction\",\"target\":{\"@type\":\"EntryPoint\",\"urlTemplate\":\"https:\\\/\\\/hueleaazufre.com\\\/wordpress_a\\\/?s={search_term_string}\"},\"query-input\":{\"@type\":\"PropertyValueSpecification\",\"valueRequired\":true,\"valueName\":\"search_term_string\"}}],\"inLanguage\":\"es\"},{\"@type\":\"Person\",\"@id\":\"https:\\\/\\\/hueleaazufre.com\\\/wordpress_a\\\/#\\\/schema\\\/person\\\/549dd871707ea7f9f1a686323ebe9baa\",\"name\":\"Huele a azufre\",\"image\":{\"@type\":\"ImageObject\",\"inLanguage\":\"es\",\"@id\":\"https:\\\/\\\/secure.gravatar.com\\\/avatar\\\/e972d5c124b9bf80eb4c9d322a90dd86a59d447f5da36700a77516f13637d44e?s=96&d=mm&r=g\",\"url\":\"https:\\\/\\\/secure.gravatar.com\\\/avatar\\\/e972d5c124b9bf80eb4c9d322a90dd86a59d447f5da36700a77516f13637d44e?s=96&d=mm&r=g\",\"contentUrl\":\"https:\\\/\\\/secure.gravatar.com\\\/avatar\\\/e972d5c124b9bf80eb4c9d322a90dd86a59d447f5da36700a77516f13637d44e?s=96&d=mm&r=g\",\"caption\":\"Huele a azufre\"},\"description\":\"Huele a azufre es una plataforma digital de an\u00e1lisis geopol\u00edtico\u00a0 contrahegem\u00f3nico, que busca visibilizar las voces y los discursos silenciados por el poder medi\u00e1tico.\",\"sameAs\":[\"https:\\\/\\\/hueleaazufre.com\\\/wordpress_a\"],\"url\":\"https:\\\/\\\/hueleaazufre.com\\\/wordpress_a\\\/index.php\\\/author\\\/admin_tupapa\\\/\"}]}<\/script>\n<!-- \/ Yoast SEO plugin. -->","yoast_head_json":{"title":"La Paz tiene rostro de mujer. -","description":"Paz. Su lucha por los derechos de las mujeres, los pueblos afrodescendientes y originarios desafi\u00f3 al poder mafioso y pol\u00edtico que captur\u00f3 al Estado.","robots":{"index":"index","follow":"follow","max-snippet":"max-snippet:-1","max-image-preview":"max-image-preview:large","max-video-preview":"max-video-preview:-1"},"canonical":"https:\/\/hueleaazufre.com\/wordpress_a\/index.php\/2025\/10\/15\/la-paz-tiene-rostro-de-mujer\/","og_locale":"es_ES","og_type":"article","og_title":"La Paz tiene rostro de mujer. -","og_description":"Paz. Su lucha por los derechos de las mujeres, los pueblos afrodescendientes y originarios desafi\u00f3 al poder mafioso y pol\u00edtico que captur\u00f3 al Estado.","og_url":"https:\/\/hueleaazufre.com\/wordpress_a\/index.php\/2025\/10\/15\/la-paz-tiene-rostro-de-mujer\/","article_published_time":"2025-10-15T20:26:45+00:00","og_image":[{"width":418,"height":235,"url":"https:\/\/hueleaazufre.com\/wordpress_a\/wp-content\/uploads\/2025\/10\/3a-4.webp","type":"image\/webp"}],"author":"Huele a azufre","twitter_card":"summary_large_image","twitter_misc":{"Escrito por":"Huele a azufre","Tiempo de lectura":"5 minutos"},"schema":{"@context":"https:\/\/schema.org","@graph":[{"@type":"Article","@id":"https:\/\/hueleaazufre.com\/wordpress_a\/index.php\/2025\/10\/15\/la-paz-tiene-rostro-de-mujer\/#article","isPartOf":{"@id":"https:\/\/hueleaazufre.com\/wordpress_a\/index.php\/2025\/10\/15\/la-paz-tiene-rostro-de-mujer\/"},"author":{"name":"Huele a azufre","@id":"https:\/\/hueleaazufre.com\/wordpress_a\/#\/schema\/person\/549dd871707ea7f9f1a686323ebe9baa"},"headline":"La Paz tiene rostro de mujer.","datePublished":"2025-10-15T20:26:45+00:00","mainEntityOfPage":{"@id":"https:\/\/hueleaazufre.com\/wordpress_a\/index.php\/2025\/10\/15\/la-paz-tiene-rostro-de-mujer\/"},"wordCount":1162,"commentCount":0,"image":{"@id":"https:\/\/hueleaazufre.com\/wordpress_a\/index.php\/2025\/10\/15\/la-paz-tiene-rostro-de-mujer\/#primaryimage"},"thumbnailUrl":"https:\/\/hueleaazufre.com\/wordpress_a\/wp-content\/uploads\/2025\/10\/3a-4.webp","keywords":["Colombia","DAS","PAZ","Piedad C\u00f3rdoba"],"articleSection":["Medios aliados"],"inLanguage":"es","potentialAction":[{"@type":"CommentAction","name":"Comment","target":["https:\/\/hueleaazufre.com\/wordpress_a\/index.php\/2025\/10\/15\/la-paz-tiene-rostro-de-mujer\/#respond"]}]},{"@type":"WebPage","@id":"https:\/\/hueleaazufre.com\/wordpress_a\/index.php\/2025\/10\/15\/la-paz-tiene-rostro-de-mujer\/","url":"https:\/\/hueleaazufre.com\/wordpress_a\/index.php\/2025\/10\/15\/la-paz-tiene-rostro-de-mujer\/","name":"La Paz tiene rostro de mujer. -","isPartOf":{"@id":"https:\/\/hueleaazufre.com\/wordpress_a\/#website"},"primaryImageOfPage":{"@id":"https:\/\/hueleaazufre.com\/wordpress_a\/index.php\/2025\/10\/15\/la-paz-tiene-rostro-de-mujer\/#primaryimage"},"image":{"@id":"https:\/\/hueleaazufre.com\/wordpress_a\/index.php\/2025\/10\/15\/la-paz-tiene-rostro-de-mujer\/#primaryimage"},"thumbnailUrl":"https:\/\/hueleaazufre.com\/wordpress_a\/wp-content\/uploads\/2025\/10\/3a-4.webp","datePublished":"2025-10-15T20:26:45+00:00","author":{"@id":"https:\/\/hueleaazufre.com\/wordpress_a\/#\/schema\/person\/549dd871707ea7f9f1a686323ebe9baa"},"description":"Paz. Su lucha por los derechos de las mujeres, los pueblos afrodescendientes y originarios desafi\u00f3 al poder mafioso y pol\u00edtico que captur\u00f3 al Estado.","breadcrumb":{"@id":"https:\/\/hueleaazufre.com\/wordpress_a\/index.php\/2025\/10\/15\/la-paz-tiene-rostro-de-mujer\/#breadcrumb"},"inLanguage":"es","potentialAction":[{"@type":"ReadAction","target":["https:\/\/hueleaazufre.com\/wordpress_a\/index.php\/2025\/10\/15\/la-paz-tiene-rostro-de-mujer\/"]}]},{"@type":"ImageObject","inLanguage":"es","@id":"https:\/\/hueleaazufre.com\/wordpress_a\/index.php\/2025\/10\/15\/la-paz-tiene-rostro-de-mujer\/#primaryimage","url":"https:\/\/hueleaazufre.com\/wordpress_a\/wp-content\/uploads\/2025\/10\/3a-4.webp","contentUrl":"https:\/\/hueleaazufre.com\/wordpress_a\/wp-content\/uploads\/2025\/10\/3a-4.webp","width":418,"height":235},{"@type":"BreadcrumbList","@id":"https:\/\/hueleaazufre.com\/wordpress_a\/index.php\/2025\/10\/15\/la-paz-tiene-rostro-de-mujer\/#breadcrumb","itemListElement":[{"@type":"ListItem","position":1,"name":"Portada","item":"https:\/\/hueleaazufre.com\/wordpress_a\/"},{"@type":"ListItem","position":2,"name":"La Paz tiene rostro de mujer."}]},{"@type":"WebSite","@id":"https:\/\/hueleaazufre.com\/wordpress_a\/#website","url":"https:\/\/hueleaazufre.com\/wordpress_a\/","name":"","description":"Huele a azufre es una plataforma digital de an\u00e1lisis geopol\u00edtico.","potentialAction":[{"@type":"SearchAction","target":{"@type":"EntryPoint","urlTemplate":"https:\/\/hueleaazufre.com\/wordpress_a\/?s={search_term_string}"},"query-input":{"@type":"PropertyValueSpecification","valueRequired":true,"valueName":"search_term_string"}}],"inLanguage":"es"},{"@type":"Person","@id":"https:\/\/hueleaazufre.com\/wordpress_a\/#\/schema\/person\/549dd871707ea7f9f1a686323ebe9baa","name":"Huele a azufre","image":{"@type":"ImageObject","inLanguage":"es","@id":"https:\/\/secure.gravatar.com\/avatar\/e972d5c124b9bf80eb4c9d322a90dd86a59d447f5da36700a77516f13637d44e?s=96&d=mm&r=g","url":"https:\/\/secure.gravatar.com\/avatar\/e972d5c124b9bf80eb4c9d322a90dd86a59d447f5da36700a77516f13637d44e?s=96&d=mm&r=g","contentUrl":"https:\/\/secure.gravatar.com\/avatar\/e972d5c124b9bf80eb4c9d322a90dd86a59d447f5da36700a77516f13637d44e?s=96&d=mm&r=g","caption":"Huele a azufre"},"description":"Huele a azufre es una plataforma digital de an\u00e1lisis geopol\u00edtico\u00a0 contrahegem\u00f3nico, que busca visibilizar las voces y los discursos silenciados por el poder medi\u00e1tico.","sameAs":["https:\/\/hueleaazufre.com\/wordpress_a"],"url":"https:\/\/hueleaazufre.com\/wordpress_a\/index.php\/author\/admin_tupapa\/"}]}},"_links":{"self":[{"href":"https:\/\/hueleaazufre.com\/wordpress_a\/index.php\/wp-json\/wp\/v2\/posts\/3279","targetHints":{"allow":["GET"]}}],"collection":[{"href":"https:\/\/hueleaazufre.com\/wordpress_a\/index.php\/wp-json\/wp\/v2\/posts"}],"about":[{"href":"https:\/\/hueleaazufre.com\/wordpress_a\/index.php\/wp-json\/wp\/v2\/types\/post"}],"author":[{"embeddable":true,"href":"https:\/\/hueleaazufre.com\/wordpress_a\/index.php\/wp-json\/wp\/v2\/users\/1"}],"replies":[{"embeddable":true,"href":"https:\/\/hueleaazufre.com\/wordpress_a\/index.php\/wp-json\/wp\/v2\/comments?post=3279"}],"version-history":[{"count":1,"href":"https:\/\/hueleaazufre.com\/wordpress_a\/index.php\/wp-json\/wp\/v2\/posts\/3279\/revisions"}],"predecessor-version":[{"id":3281,"href":"https:\/\/hueleaazufre.com\/wordpress_a\/index.php\/wp-json\/wp\/v2\/posts\/3279\/revisions\/3281"}],"wp:featuredmedia":[{"embeddable":true,"href":"https:\/\/hueleaazufre.com\/wordpress_a\/index.php\/wp-json\/wp\/v2\/media\/3280"}],"wp:attachment":[{"href":"https:\/\/hueleaazufre.com\/wordpress_a\/index.php\/wp-json\/wp\/v2\/media?parent=3279"}],"wp:term":[{"taxonomy":"category","embeddable":true,"href":"https:\/\/hueleaazufre.com\/wordpress_a\/index.php\/wp-json\/wp\/v2\/categories?post=3279"},{"taxonomy":"post_tag","embeddable":true,"href":"https:\/\/hueleaazufre.com\/wordpress_a\/index.php\/wp-json\/wp\/v2\/tags?post=3279"}],"curies":[{"name":"wp","href":"https:\/\/api.w.org\/{rel}","templated":true}]}}