{"id":3294,"date":"2025-10-17T22:36:36","date_gmt":"2025-10-17T22:36:36","guid":{"rendered":"https:\/\/hueleaazufre.com\/wordpress_a\/?p=3294"},"modified":"2025-10-17T22:36:36","modified_gmt":"2025-10-17T22:36:36","slug":"el-espiritu-de-sankara-de-la-revolucion-de-1983-a-las-luchas-contemporaneas-del-sahel","status":"publish","type":"post","link":"https:\/\/hueleaazufre.com\/wordpress_a\/index.php\/2025\/10\/17\/el-espiritu-de-sankara-de-la-revolucion-de-1983-a-las-luchas-contemporaneas-del-sahel\/","title":{"rendered":"El esp\u00edritu de Sankara: de la revoluci\u00f3n de 1983 a las luchas contempor\u00e1neas del Sahel"},"content":{"rendered":"<p><strong>L\u00edder visionario, pionero de la justicia social y la emancipaci\u00f3n africana, cuyo pensamiento sigue vigente en los movimientos actuales.<\/strong><\/p>\n<p>Thomas Sankara (1949-1987) no fue solo un l\u00edder de Burkina Faso, sino un s\u00edmbolo del panafricanismo y de la revoluci\u00f3n social en \u00c1frica. Su visi\u00f3n combinaba justicia social, soberan\u00eda econ\u00f3mica, emancipaci\u00f3n cultural y defensa del medio ambiente, en un proyecto integral de liberaci\u00f3n frente a los legados coloniales y la dependencia internacional. En cuatro a\u00f1os de gobierno, Sankara transform\u00f3 la pol\u00edtica, la econom\u00eda y la cultura de su pa\u00eds, dejando un ejemplo de coherencia, \u00e9tica y compromiso que sigue inspirando movimientos y l\u00edderes en el Sahel y m\u00e1s all\u00e1.<\/p>\n<h2><strong>De la infancia al liderazgo revolucionario<\/strong><\/h2>\n<p>Thomas Isidore No\u00ebl Sankara naci\u00f3 el 21 de diciembre de 1949 en Yako, una peque\u00f1a localidad del entonces Alto Volta, bajo el dominio colonial franc\u00e9s. Proven\u00eda de una familia modesta: su padre, un gendarme volt\u00e9s que hab\u00eda servido en el ej\u00e9rcito colonial, y su madre, campesina de profundas convicciones religiosas. Esa mezcla de disciplina y humildad marc\u00f3 su car\u00e1cter. Desde joven se destac\u00f3 por su inteligencia, su sentido de la justicia y una curiosidad incesante por comprender el mundo.<\/p>\n<p>Durante su infancia y adolescencia, la estructura colonial pesaba todav\u00eda sobre la vida cotidiana: el franc\u00e9s era la lengua de la escuela y de la administraci\u00f3n, los productos b\u00e1sicos proven\u00edan de la metr\u00f3poli, y la econom\u00eda estaba orientada a la exportaci\u00f3n de materias primas como el algod\u00f3n y el man\u00ed, sin desarrollo industrial ni autonom\u00eda financiera. Alto Volta figuraba entre los pa\u00edses m\u00e1s pobres del planeta: en 1960, a\u00f1o de su independencia formal, el PIB per c\u00e1pita apenas superaba los 80 d\u00f3lares anuales, y m\u00e1s del 90% de la poblaci\u00f3n era analfabeta (Banco Mundial, 1961).<\/p>\n<p>Ese contexto de pobreza estructural, unido a la continuidad del dominio pol\u00edtico franc\u00e9s a trav\u00e9s de las \u00e9lites locales, gener\u00f3 en Sankara una profunda desconfianza hacia las independencias \u201cfalsas\u201d, controladas desde Par\u00eds mediante el franco CFA y acuerdos militares y econ\u00f3micos asim\u00e9tricos. La independencia de 1960, dec\u00eda, \u201cno fue m\u00e1s que un cambio de amo, no una liberaci\u00f3n del pueblo\u201d.<\/p>\n<p>Su ingreso a la Academia Militar de Kadiogo, en 1966, coincidi\u00f3 con la ola de golpes militares que sacud\u00edan \u00c1frica occidental. All\u00ed conoci\u00f3 a j\u00f3venes oficiales como Blaise Compaor\u00e9, Henry Zongo y Jean-Baptiste Boukary Lingani, con quienes formar\u00eda una generaci\u00f3n marcada por la b\u00fasqueda de un nuevo camino africano. En ese espacio, Sankara encontr\u00f3 no solo instrucci\u00f3n militar sino tambi\u00e9n la posibilidad de formarse pol\u00edticamente.<\/p>\n<p>Durante su estancia en Madagascar, a principios de los a\u00f1os setenta, asisti\u00f3 a las movilizaciones estudiantiles y obreras que sacudieron al gobierno de Philibert Tsiranana. Aquella experiencia fue decisiva: lo confront\u00f3 con la dimensi\u00f3n social de la lucha pol\u00edtica. \u201cComprend\u00ed \u2014dir\u00eda a\u00f1os despu\u00e9s\u2014 que la miseria no era una fatalidad, sino una consecuencia del orden impuesto por el hombre\u201d.<\/p>\n<p>Fue tambi\u00e9n en esos a\u00f1os cuando se sumergi\u00f3 en la lectura de Marx, Lenin, Mao, Fanon, Cabral y Nkrumah, y comenz\u00f3 a articular su pensamiento con la tradici\u00f3n revolucionaria africana. Sankara entend\u00eda el panafricanismo no solo como unidad pol\u00edtica, sino como una \u00e9tica de responsabilidad colectiva frente a la historia. De Frantz Fanon retom\u00f3 la idea de que la liberaci\u00f3n deb\u00eda ser total: econ\u00f3mica, cultural y mental. De Am\u00edlcar Cabral, la noci\u00f3n de \u201creafricanizar los esp\u00edritus\u201d como paso previo a la emancipaci\u00f3n material.<\/p>\n<p>A comienzos de los a\u00f1os ochenta, cuando Alto Volta atravesaba una nueva crisis pol\u00edtica y social, con sucesivos golpes y gobiernos corruptos subordinados al capital extranjero, Sankara ya era un joven capit\u00e1n conocido por su honestidad, su austeridad y su discurso radical. Su paso como secretario de Estado de Informaci\u00f3n (1981) y luego como primer ministro (1983) lo coloc\u00f3 en el centro de la escena. Desde esos cargos denunci\u00f3 abiertamente la corrupci\u00f3n de las \u00e9lites, la dependencia de la ayuda internacional y la presencia militar francesa. \u201cNos han ense\u00f1ado a estirar la mano en nombre de la cooperaci\u00f3n. Pero quien alimenta a otro impone su voluntad\u201d, declar\u00f3 en una de sus primeras conferencias p\u00fablicas, anticipando el n\u00facleo de su pensamiento pol\u00edtico.<\/p>\n<p>El 4 de agosto de 1983, un grupo de j\u00f3venes oficiales encabezados por Thomas Sankara, Blaise Compaor\u00e9, Henri Zongo y Jean-Baptiste Boukary Lingani tom\u00f3 el poder mediante un golpe de Estado que derroc\u00f3 al r\u00e9gimen de Jean-Baptiste Ou\u00e9draogo. Al d\u00eda siguiente, el pa\u00eds dej\u00f3 atr\u00e1s su nombre colonial \u2014Haute-Volta\u2014 para renacer como Burkina Faso, \u201cla patria de los hombres \u00edntegros\u201d.<\/p>\n<h2><strong>Revoluci\u00f3n social, econ\u00f3mica y cultural<\/strong><\/h2>\n<p>En los cuatro a\u00f1os que dur\u00f3 su gobierno (1983\u20131987), Burkina Faso se convirti\u00f3 en uno de los laboratorios revolucionarios m\u00e1s audaces del \u00c1frica contempor\u00e1nea. Las reformas fueron profundas y multifac\u00e9ticas, orientadas a la autosuficiencia econ\u00f3mica, la participaci\u00f3n popular y la descolonizaci\u00f3n cultural. Sankara impuls\u00f3 una reforma agraria in\u00e9dita: se nacionalizaron las tierras y se entregaron directamente a los campesinos organizados en Comit\u00e9s de Defensa de la Revoluci\u00f3n (CDR), estructuras locales que funcionaban como n\u00facleos de poder popular. La producci\u00f3n agr\u00edcola, especialmente la de cereales b\u00e1sicos como el mijo y el sorgo, creci\u00f3 un 75% entre 1983 y 1986, alcanzando la autosuficiencia alimentaria seg\u00fan datos de la FAO.<\/p>\n<p>El programa de reforestaci\u00f3n plant\u00f3 m\u00e1s de 10 millones de \u00e1rboles para frenar la desertificaci\u00f3n, mientras se promov\u00edan cooperativas rurales y se limitaba el consumo suntuario. La salud p\u00fablica fue otra prioridad: en menos de dos a\u00f1os, m\u00e1s de 2,5 millones de ni\u00f1os fueron vacunados contra la meningitis, la fiebre amarilla y el sarampi\u00f3n, reduciendo la mortalidad infantil de 208 por mil en 1983 a 145 por mil en 1986 (OMS, 1987). En educaci\u00f3n, la alfabetizaci\u00f3n aument\u00f3 del 13% al 22%.<\/p>\n<p>Una de las transformaciones m\u00e1s profundas del proceso sankarista fue la lucha por la liberaci\u00f3n de las mujeres. Sankara consideraba que \u201cla revoluci\u00f3n y la liberaci\u00f3n de la mujer van de la mano\u201d. Bajo su gobierno se prohibieron los matrimonios forzados, la mutilaci\u00f3n genital femenina y la poligamia en el funcionariado p\u00fablico, y se alent\u00f3 a las mujeres a ocupar espacios de poder. Se crearon cooperativas femeninas y campa\u00f1as contra la violencia dom\u00e9stica.<\/p>\n<p>Culturalmente, Sankara promovi\u00f3 el uso de lenguas africanas en la administraci\u00f3n y la educaci\u00f3n, la vestimenta tradicional y la m\u00fasica local. Bajo su gobierno, Burkina Faso se convirti\u00f3 en un centro cultural emergente: en 1983 se fund\u00f3 el FESPACO, que hasta hoy es el principal festival cinematogr\u00e1fico del continente.<\/p>\n<h2><strong>Panafricanismo y antiimperialismo<\/strong><\/h2>\n<p>Sankara entendi\u00f3 desde el inicio que la revoluci\u00f3n en Burkina Faso solo tendr\u00eda sentido si estaba inscrita en un proyecto continental de emancipaci\u00f3n. Su visi\u00f3n de panafricanismo buscaba la unidad pol\u00edtica, econ\u00f3mica y militar de \u00c1frica frente al neocolonialismo. Critic\u00f3 abiertamente la deuda externa, afirmando: \u201cNo podemos pagar la deuda porque no somos responsables de ella. Fue impuesta por las potencias coloniales para mantenernos esclavos. Si Burkina Faso se levanta solo, no estar\u00e9 en la pr\u00f3xima reuni\u00f3n. Pero si todos nos levantamos juntos, no podr\u00e1n cobrarnos.\u201d<\/p>\n<p>Mantuvo relaciones estrechas con l\u00edderes como Fidel Castro, quien destac\u00f3 la dignidad de su revoluci\u00f3n, y Muamar Gadafi, que lo consider\u00f3 un hermano africano. La cooperaci\u00f3n con Ghana bajo Jerry Rawlings y con otros gobiernos progresistas de \u00c1frica buscaba crear un bloque regional capaz de resistir la presi\u00f3n pol\u00edtica y econ\u00f3mica externa. Sankara promovi\u00f3 la idea de un eje revolucionario en \u00c1frica Occidental, con la aspiraci\u00f3n de federar estados que compartieran principios de soberan\u00eda, justicia social y desarrollo aut\u00f3ctono.<\/p>\n<p>Su pensamiento no se limitaba a la ret\u00f3rica: promovi\u00f3 la producci\u00f3n local, la sustituci\u00f3n de importaciones y la creaci\u00f3n de cooperativas regionales para fortalecer la econom\u00eda interna frente a los intereses externos. Adem\u00e1s, articul\u00f3 su visi\u00f3n con la ecolog\u00eda: la defensa de los bosques y la soberan\u00eda sobre los recursos naturales eran parte integral de la emancipaci\u00f3n continental.<\/p>\n<p>El pensamiento sankarista sirvi\u00f3 de inspiraci\u00f3n para movimientos posteriores de resistencia frente a la injerencia extranjera y la corrupci\u00f3n, influyendo en l\u00edderes y organizaciones que promueven la autonom\u00eda africana y la cooperaci\u00f3n Sur-Sur, en l\u00ednea con el esp\u00edritu de los BRICS y la Nueva Ruta de la Seda, con un enfoque africano de desarrollo soberano.<\/p>\n<figure class=\"wp-block-image size-large\"><a href=\"https:\/\/noticiaspia.com\/wp-content\/uploads\/2025\/10\/image-113.png\"><img fetchpriority=\"high\" decoding=\"async\" class=\"wp-image-67858\" src=\"https:\/\/noticiaspia.com\/wp-content\/uploads\/2025\/10\/image-113-1024x448.png\" sizes=\"auto, (max-width: 1024px) 100vw, 1024px\" srcset=\"https:\/\/noticiaspia.com\/wp-content\/uploads\/2025\/10\/image-113-1024x448.png 1024w, https:\/\/noticiaspia.com\/wp-content\/uploads\/2025\/10\/image-113-300x131.png 300w, https:\/\/noticiaspia.com\/wp-content\/uploads\/2025\/10\/image-113-768x336.png 768w, https:\/\/noticiaspia.com\/wp-content\/uploads\/2025\/10\/image-113-810x354.png 810w, https:\/\/noticiaspia.com\/wp-content\/uploads\/2025\/10\/image-113.png 1080w\" alt=\"\" width=\"1024\" height=\"448\" \/><\/a><\/figure>\n<h2><strong>Legado y vigencia en el siglo XXI<\/strong><\/h2>\n<p>El 15 de octubre de 1987, Thomas Sankara fue asesinado durante un golpe de Estado encabezado por Blaise Compaor\u00e9. Sin embargo, su legado perdur\u00f3 en la memoria popular y en los movimientos pol\u00edticos africanos. Su \u00e9tica de liderazgo, su coherencia moral y su visi\u00f3n de emancipaci\u00f3n contin\u00faan inspirando la pol\u00edtica contempor\u00e1nea en el Sahel y m\u00e1s all\u00e1.<\/p>\n<p>Movimientos revolucionarios actuales en Burkina Faso, Mal\u00ed y N\u00edger retoman sus principios: la lucha contra la corrupci\u00f3n, la soberan\u00eda frente a potencias externas, la emancipaci\u00f3n econ\u00f3mica y la participaci\u00f3n popular. Ibrahim Traor\u00e9 en Burkina Faso, Assimi Go\u00efta en Mal\u00ed y Abdourahamane Tiani en N\u00edger han citado expl\u00edcitamente la influencia de Sankara en sus pol\u00edticas y estrategias de gobierno.<\/p>\n<p>Adem\u00e1s, su enfoque en la liberaci\u00f3n de las mujeres, la educaci\u00f3n, la salud p\u00fablica y la protecci\u00f3n del medio ambiente sigue siendo un referente para los movimientos juveniles y feministas africanos. Instituciones como la Universidad de Ouagadougou, el Memorial Thomas Sankara y la revitalizaci\u00f3n del FESPACO contin\u00faan promoviendo su legado cultural y pol\u00edtico.<\/p>\n<p>La creaci\u00f3n de la Alianza de Estados del Sahel (AES) y la Confederaci\u00f3n del Sahel refleja, en t\u00e9rminos institucionales, la vigencia de su sue\u00f1o de unidad africana y soberan\u00eda regional. En el siglo XXI, su pensamiento sirve como marco para la cooperaci\u00f3n estrat\u00e9gica africana, la resistencia frente a la presi\u00f3n econ\u00f3mica internacional y la reafirmaci\u00f3n del orgullo y la identidad africanos.<\/p>\n<p>Treinta y ocho a\u00f1os despu\u00e9s de su asesinato, Thomas Sankara sigue siendo un s\u00edmbolo vivo de la lucha por la dignidad, la justicia y la soberan\u00eda en \u00c1frica, demostrando que las ideas revolucionarias pueden trascender generaciones y geopol\u00edticas, inspirando movimientos de transformaci\u00f3n en el continente y m\u00e1s all\u00e1.<\/p>\n<p>El legado de Thomas Sankara trasciende las fronteras de Burkina Faso y el tiempo: su pensamiento contin\u00faa influyendo en las revoluciones africanas actuales, la lucha contra la corrupci\u00f3n y la defensa de la soberan\u00eda de los pueblos. Sankara nos recuerda que la emancipaci\u00f3n de \u00c1frica requiere acci\u00f3n, visi\u00f3n y coherencia, y que las ideas revolucionarias pueden ser tan poderosas como los movimientos que las llevan a la pr\u00e1ctica. Hoy, su voz sigue viva, invitando a nuevas generaciones a so\u00f1ar y construir un continente libre, justo y unido.<\/p>\n<p><a href=\"https:\/\/noticiaspia.com\/el-espiritu-de-sankara-de-la-revolucion-de-1983-a-las-luchas-contemporaneas-del-sahel\/\"><strong>Fuente: PIA Global\/Beto Cremonte<\/strong><\/a><\/p>\n","protected":false},"excerpt":{"rendered":"<p>L\u00edder visionario, pionero de la justicia social y la emancipaci\u00f3n africana, cuyo pensamiento sigue vigente&#8230;<\/p>\n","protected":false},"author":1,"featured_media":3295,"comment_status":"open","ping_status":"closed","sticky":false,"template":"","format":"standard","meta":{"footnotes":""},"categories":[70],"tags":[77,670,999],"class_list":["post-3294","post","type-post","status-publish","format-standard","has-post-thumbnail","hentry","category-otras-voces","tag-revolucion","tag-sahel","tag-sankara"],"yoast_head":"<!-- This site is optimized with the Yoast SEO plugin v27.5 - https:\/\/yoast.com\/product\/yoast-seo-wordpress\/ -->\n<title>El esp\u00edritu de Sankara: de la revoluci\u00f3n de 1983 a las luchas contempor\u00e1neas del Sahel -<\/title>\n<meta name=\"description\" content=\"Thomas Sankara (1949-1987) no fue solo un l\u00edder de Burkina Faso, sino un s\u00edmbolo del panafricanismo y de la revoluci\u00f3n social en \u00c1frica.\" \/>\n<meta name=\"robots\" content=\"index, follow, max-snippet:-1, max-image-preview:large, max-video-preview:-1\" \/>\n<link rel=\"canonical\" href=\"https:\/\/hueleaazufre.com\/wordpress_a\/index.php\/2025\/10\/17\/el-espiritu-de-sankara-de-la-revolucion-de-1983-a-las-luchas-contemporaneas-del-sahel\/\" \/>\n<meta property=\"og:locale\" content=\"es_ES\" \/>\n<meta property=\"og:type\" content=\"article\" \/>\n<meta property=\"og:title\" content=\"El esp\u00edritu de Sankara: de la revoluci\u00f3n de 1983 a las luchas contempor\u00e1neas del Sahel -\" \/>\n<meta property=\"og:description\" content=\"Thomas Sankara (1949-1987) no fue solo un l\u00edder de Burkina Faso, sino un s\u00edmbolo del panafricanismo y de la revoluci\u00f3n social en \u00c1frica.\" \/>\n<meta property=\"og:url\" content=\"https:\/\/hueleaazufre.com\/wordpress_a\/index.php\/2025\/10\/17\/el-espiritu-de-sankara-de-la-revolucion-de-1983-a-las-luchas-contemporaneas-del-sahel\/\" \/>\n<meta property=\"article:published_time\" content=\"2025-10-17T22:36:36+00:00\" \/>\n<meta property=\"og:image\" content=\"https:\/\/hueleaazufre.com\/wordpress_a\/wp-content\/uploads\/2025\/10\/3a-5.webp\" \/>\n\t<meta property=\"og:image:width\" content=\"810\" \/>\n\t<meta property=\"og:image:height\" content=\"608\" \/>\n\t<meta property=\"og:image:type\" content=\"image\/webp\" \/>\n<meta name=\"author\" content=\"Huele a azufre\" \/>\n<meta name=\"twitter:card\" content=\"summary_large_image\" \/>\n<meta name=\"twitter:label1\" content=\"Escrito por\" \/>\n\t<meta name=\"twitter:data1\" content=\"Huele a azufre\" \/>\n\t<meta name=\"twitter:label2\" content=\"Tiempo de lectura\" \/>\n\t<meta name=\"twitter:data2\" content=\"9 minutos\" \/>\n<script type=\"application\/ld+json\" class=\"yoast-schema-graph\">{\"@context\":\"https:\\\/\\\/schema.org\",\"@graph\":[{\"@type\":\"Article\",\"@id\":\"https:\\\/\\\/hueleaazufre.com\\\/wordpress_a\\\/index.php\\\/2025\\\/10\\\/17\\\/el-espiritu-de-sankara-de-la-revolucion-de-1983-a-las-luchas-contemporaneas-del-sahel\\\/#article\",\"isPartOf\":{\"@id\":\"https:\\\/\\\/hueleaazufre.com\\\/wordpress_a\\\/index.php\\\/2025\\\/10\\\/17\\\/el-espiritu-de-sankara-de-la-revolucion-de-1983-a-las-luchas-contemporaneas-del-sahel\\\/\"},\"author\":{\"name\":\"Huele a azufre\",\"@id\":\"https:\\\/\\\/hueleaazufre.com\\\/wordpress_a\\\/#\\\/schema\\\/person\\\/549dd871707ea7f9f1a686323ebe9baa\"},\"headline\":\"El esp\u00edritu de Sankara: de la revoluci\u00f3n de 1983 a las luchas contempor\u00e1neas del Sahel\",\"datePublished\":\"2025-10-17T22:36:36+00:00\",\"mainEntityOfPage\":{\"@id\":\"https:\\\/\\\/hueleaazufre.com\\\/wordpress_a\\\/index.php\\\/2025\\\/10\\\/17\\\/el-espiritu-de-sankara-de-la-revolucion-de-1983-a-las-luchas-contemporaneas-del-sahel\\\/\"},\"wordCount\":1914,\"commentCount\":0,\"image\":{\"@id\":\"https:\\\/\\\/hueleaazufre.com\\\/wordpress_a\\\/index.php\\\/2025\\\/10\\\/17\\\/el-espiritu-de-sankara-de-la-revolucion-de-1983-a-las-luchas-contemporaneas-del-sahel\\\/#primaryimage\"},\"thumbnailUrl\":\"https:\\\/\\\/hueleaazufre.com\\\/wordpress_a\\\/wp-content\\\/uploads\\\/2025\\\/10\\\/3a-5.webp\",\"keywords\":[\"revoluci\u00f3n\",\"Sahel\",\"Sankara\"],\"articleSection\":[\"Otras voces\"],\"inLanguage\":\"es\",\"potentialAction\":[{\"@type\":\"CommentAction\",\"name\":\"Comment\",\"target\":[\"https:\\\/\\\/hueleaazufre.com\\\/wordpress_a\\\/index.php\\\/2025\\\/10\\\/17\\\/el-espiritu-de-sankara-de-la-revolucion-de-1983-a-las-luchas-contemporaneas-del-sahel\\\/#respond\"]}]},{\"@type\":\"WebPage\",\"@id\":\"https:\\\/\\\/hueleaazufre.com\\\/wordpress_a\\\/index.php\\\/2025\\\/10\\\/17\\\/el-espiritu-de-sankara-de-la-revolucion-de-1983-a-las-luchas-contemporaneas-del-sahel\\\/\",\"url\":\"https:\\\/\\\/hueleaazufre.com\\\/wordpress_a\\\/index.php\\\/2025\\\/10\\\/17\\\/el-espiritu-de-sankara-de-la-revolucion-de-1983-a-las-luchas-contemporaneas-del-sahel\\\/\",\"name\":\"El esp\u00edritu de Sankara: de la revoluci\u00f3n de 1983 a las luchas contempor\u00e1neas del Sahel -\",\"isPartOf\":{\"@id\":\"https:\\\/\\\/hueleaazufre.com\\\/wordpress_a\\\/#website\"},\"primaryImageOfPage\":{\"@id\":\"https:\\\/\\\/hueleaazufre.com\\\/wordpress_a\\\/index.php\\\/2025\\\/10\\\/17\\\/el-espiritu-de-sankara-de-la-revolucion-de-1983-a-las-luchas-contemporaneas-del-sahel\\\/#primaryimage\"},\"image\":{\"@id\":\"https:\\\/\\\/hueleaazufre.com\\\/wordpress_a\\\/index.php\\\/2025\\\/10\\\/17\\\/el-espiritu-de-sankara-de-la-revolucion-de-1983-a-las-luchas-contemporaneas-del-sahel\\\/#primaryimage\"},\"thumbnailUrl\":\"https:\\\/\\\/hueleaazufre.com\\\/wordpress_a\\\/wp-content\\\/uploads\\\/2025\\\/10\\\/3a-5.webp\",\"datePublished\":\"2025-10-17T22:36:36+00:00\",\"author\":{\"@id\":\"https:\\\/\\\/hueleaazufre.com\\\/wordpress_a\\\/#\\\/schema\\\/person\\\/549dd871707ea7f9f1a686323ebe9baa\"},\"description\":\"Thomas Sankara (1949-1987) no fue solo un l\u00edder de Burkina Faso, sino un s\u00edmbolo del panafricanismo y de la revoluci\u00f3n social en \u00c1frica.\",\"breadcrumb\":{\"@id\":\"https:\\\/\\\/hueleaazufre.com\\\/wordpress_a\\\/index.php\\\/2025\\\/10\\\/17\\\/el-espiritu-de-sankara-de-la-revolucion-de-1983-a-las-luchas-contemporaneas-del-sahel\\\/#breadcrumb\"},\"inLanguage\":\"es\",\"potentialAction\":[{\"@type\":\"ReadAction\",\"target\":[\"https:\\\/\\\/hueleaazufre.com\\\/wordpress_a\\\/index.php\\\/2025\\\/10\\\/17\\\/el-espiritu-de-sankara-de-la-revolucion-de-1983-a-las-luchas-contemporaneas-del-sahel\\\/\"]}]},{\"@type\":\"ImageObject\",\"inLanguage\":\"es\",\"@id\":\"https:\\\/\\\/hueleaazufre.com\\\/wordpress_a\\\/index.php\\\/2025\\\/10\\\/17\\\/el-espiritu-de-sankara-de-la-revolucion-de-1983-a-las-luchas-contemporaneas-del-sahel\\\/#primaryimage\",\"url\":\"https:\\\/\\\/hueleaazufre.com\\\/wordpress_a\\\/wp-content\\\/uploads\\\/2025\\\/10\\\/3a-5.webp\",\"contentUrl\":\"https:\\\/\\\/hueleaazufre.com\\\/wordpress_a\\\/wp-content\\\/uploads\\\/2025\\\/10\\\/3a-5.webp\",\"width\":810,\"height\":608},{\"@type\":\"BreadcrumbList\",\"@id\":\"https:\\\/\\\/hueleaazufre.com\\\/wordpress_a\\\/index.php\\\/2025\\\/10\\\/17\\\/el-espiritu-de-sankara-de-la-revolucion-de-1983-a-las-luchas-contemporaneas-del-sahel\\\/#breadcrumb\",\"itemListElement\":[{\"@type\":\"ListItem\",\"position\":1,\"name\":\"Portada\",\"item\":\"https:\\\/\\\/hueleaazufre.com\\\/wordpress_a\\\/\"},{\"@type\":\"ListItem\",\"position\":2,\"name\":\"El esp\u00edritu de Sankara: de la revoluci\u00f3n de 1983 a las luchas contempor\u00e1neas del Sahel\"}]},{\"@type\":\"WebSite\",\"@id\":\"https:\\\/\\\/hueleaazufre.com\\\/wordpress_a\\\/#website\",\"url\":\"https:\\\/\\\/hueleaazufre.com\\\/wordpress_a\\\/\",\"name\":\"\",\"description\":\"Huele a azufre es una plataforma digital de an\u00e1lisis geopol\u00edtico.\",\"potentialAction\":[{\"@type\":\"SearchAction\",\"target\":{\"@type\":\"EntryPoint\",\"urlTemplate\":\"https:\\\/\\\/hueleaazufre.com\\\/wordpress_a\\\/?s={search_term_string}\"},\"query-input\":{\"@type\":\"PropertyValueSpecification\",\"valueRequired\":true,\"valueName\":\"search_term_string\"}}],\"inLanguage\":\"es\"},{\"@type\":\"Person\",\"@id\":\"https:\\\/\\\/hueleaazufre.com\\\/wordpress_a\\\/#\\\/schema\\\/person\\\/549dd871707ea7f9f1a686323ebe9baa\",\"name\":\"Huele a azufre\",\"image\":{\"@type\":\"ImageObject\",\"inLanguage\":\"es\",\"@id\":\"https:\\\/\\\/secure.gravatar.com\\\/avatar\\\/e972d5c124b9bf80eb4c9d322a90dd86a59d447f5da36700a77516f13637d44e?s=96&d=mm&r=g\",\"url\":\"https:\\\/\\\/secure.gravatar.com\\\/avatar\\\/e972d5c124b9bf80eb4c9d322a90dd86a59d447f5da36700a77516f13637d44e?s=96&d=mm&r=g\",\"contentUrl\":\"https:\\\/\\\/secure.gravatar.com\\\/avatar\\\/e972d5c124b9bf80eb4c9d322a90dd86a59d447f5da36700a77516f13637d44e?s=96&d=mm&r=g\",\"caption\":\"Huele a azufre\"},\"description\":\"Huele a azufre es una plataforma digital de an\u00e1lisis geopol\u00edtico\u00a0 contrahegem\u00f3nico, que busca visibilizar las voces y los discursos silenciados por el poder medi\u00e1tico.\",\"sameAs\":[\"https:\\\/\\\/hueleaazufre.com\\\/wordpress_a\"],\"url\":\"https:\\\/\\\/hueleaazufre.com\\\/wordpress_a\\\/index.php\\\/author\\\/admin_tupapa\\\/\"}]}<\/script>\n<!-- \/ Yoast SEO plugin. -->","yoast_head_json":{"title":"El esp\u00edritu de Sankara: de la revoluci\u00f3n de 1983 a las luchas contempor\u00e1neas del Sahel -","description":"Thomas Sankara (1949-1987) no fue solo un l\u00edder de Burkina Faso, sino un s\u00edmbolo del panafricanismo y de la revoluci\u00f3n social en \u00c1frica.","robots":{"index":"index","follow":"follow","max-snippet":"max-snippet:-1","max-image-preview":"max-image-preview:large","max-video-preview":"max-video-preview:-1"},"canonical":"https:\/\/hueleaazufre.com\/wordpress_a\/index.php\/2025\/10\/17\/el-espiritu-de-sankara-de-la-revolucion-de-1983-a-las-luchas-contemporaneas-del-sahel\/","og_locale":"es_ES","og_type":"article","og_title":"El esp\u00edritu de Sankara: de la revoluci\u00f3n de 1983 a las luchas contempor\u00e1neas del Sahel -","og_description":"Thomas Sankara (1949-1987) no fue solo un l\u00edder de Burkina Faso, sino un s\u00edmbolo del panafricanismo y de la revoluci\u00f3n social en \u00c1frica.","og_url":"https:\/\/hueleaazufre.com\/wordpress_a\/index.php\/2025\/10\/17\/el-espiritu-de-sankara-de-la-revolucion-de-1983-a-las-luchas-contemporaneas-del-sahel\/","article_published_time":"2025-10-17T22:36:36+00:00","og_image":[{"width":810,"height":608,"url":"https:\/\/hueleaazufre.com\/wordpress_a\/wp-content\/uploads\/2025\/10\/3a-5.webp","type":"image\/webp"}],"author":"Huele a azufre","twitter_card":"summary_large_image","twitter_misc":{"Escrito por":"Huele a azufre","Tiempo de lectura":"9 minutos"},"schema":{"@context":"https:\/\/schema.org","@graph":[{"@type":"Article","@id":"https:\/\/hueleaazufre.com\/wordpress_a\/index.php\/2025\/10\/17\/el-espiritu-de-sankara-de-la-revolucion-de-1983-a-las-luchas-contemporaneas-del-sahel\/#article","isPartOf":{"@id":"https:\/\/hueleaazufre.com\/wordpress_a\/index.php\/2025\/10\/17\/el-espiritu-de-sankara-de-la-revolucion-de-1983-a-las-luchas-contemporaneas-del-sahel\/"},"author":{"name":"Huele a azufre","@id":"https:\/\/hueleaazufre.com\/wordpress_a\/#\/schema\/person\/549dd871707ea7f9f1a686323ebe9baa"},"headline":"El esp\u00edritu de Sankara: de la revoluci\u00f3n de 1983 a las luchas contempor\u00e1neas del Sahel","datePublished":"2025-10-17T22:36:36+00:00","mainEntityOfPage":{"@id":"https:\/\/hueleaazufre.com\/wordpress_a\/index.php\/2025\/10\/17\/el-espiritu-de-sankara-de-la-revolucion-de-1983-a-las-luchas-contemporaneas-del-sahel\/"},"wordCount":1914,"commentCount":0,"image":{"@id":"https:\/\/hueleaazufre.com\/wordpress_a\/index.php\/2025\/10\/17\/el-espiritu-de-sankara-de-la-revolucion-de-1983-a-las-luchas-contemporaneas-del-sahel\/#primaryimage"},"thumbnailUrl":"https:\/\/hueleaazufre.com\/wordpress_a\/wp-content\/uploads\/2025\/10\/3a-5.webp","keywords":["revoluci\u00f3n","Sahel","Sankara"],"articleSection":["Otras voces"],"inLanguage":"es","potentialAction":[{"@type":"CommentAction","name":"Comment","target":["https:\/\/hueleaazufre.com\/wordpress_a\/index.php\/2025\/10\/17\/el-espiritu-de-sankara-de-la-revolucion-de-1983-a-las-luchas-contemporaneas-del-sahel\/#respond"]}]},{"@type":"WebPage","@id":"https:\/\/hueleaazufre.com\/wordpress_a\/index.php\/2025\/10\/17\/el-espiritu-de-sankara-de-la-revolucion-de-1983-a-las-luchas-contemporaneas-del-sahel\/","url":"https:\/\/hueleaazufre.com\/wordpress_a\/index.php\/2025\/10\/17\/el-espiritu-de-sankara-de-la-revolucion-de-1983-a-las-luchas-contemporaneas-del-sahel\/","name":"El esp\u00edritu de Sankara: de la revoluci\u00f3n de 1983 a las luchas contempor\u00e1neas del Sahel -","isPartOf":{"@id":"https:\/\/hueleaazufre.com\/wordpress_a\/#website"},"primaryImageOfPage":{"@id":"https:\/\/hueleaazufre.com\/wordpress_a\/index.php\/2025\/10\/17\/el-espiritu-de-sankara-de-la-revolucion-de-1983-a-las-luchas-contemporaneas-del-sahel\/#primaryimage"},"image":{"@id":"https:\/\/hueleaazufre.com\/wordpress_a\/index.php\/2025\/10\/17\/el-espiritu-de-sankara-de-la-revolucion-de-1983-a-las-luchas-contemporaneas-del-sahel\/#primaryimage"},"thumbnailUrl":"https:\/\/hueleaazufre.com\/wordpress_a\/wp-content\/uploads\/2025\/10\/3a-5.webp","datePublished":"2025-10-17T22:36:36+00:00","author":{"@id":"https:\/\/hueleaazufre.com\/wordpress_a\/#\/schema\/person\/549dd871707ea7f9f1a686323ebe9baa"},"description":"Thomas Sankara (1949-1987) no fue solo un l\u00edder de Burkina Faso, sino un s\u00edmbolo del panafricanismo y de la revoluci\u00f3n social en \u00c1frica.","breadcrumb":{"@id":"https:\/\/hueleaazufre.com\/wordpress_a\/index.php\/2025\/10\/17\/el-espiritu-de-sankara-de-la-revolucion-de-1983-a-las-luchas-contemporaneas-del-sahel\/#breadcrumb"},"inLanguage":"es","potentialAction":[{"@type":"ReadAction","target":["https:\/\/hueleaazufre.com\/wordpress_a\/index.php\/2025\/10\/17\/el-espiritu-de-sankara-de-la-revolucion-de-1983-a-las-luchas-contemporaneas-del-sahel\/"]}]},{"@type":"ImageObject","inLanguage":"es","@id":"https:\/\/hueleaazufre.com\/wordpress_a\/index.php\/2025\/10\/17\/el-espiritu-de-sankara-de-la-revolucion-de-1983-a-las-luchas-contemporaneas-del-sahel\/#primaryimage","url":"https:\/\/hueleaazufre.com\/wordpress_a\/wp-content\/uploads\/2025\/10\/3a-5.webp","contentUrl":"https:\/\/hueleaazufre.com\/wordpress_a\/wp-content\/uploads\/2025\/10\/3a-5.webp","width":810,"height":608},{"@type":"BreadcrumbList","@id":"https:\/\/hueleaazufre.com\/wordpress_a\/index.php\/2025\/10\/17\/el-espiritu-de-sankara-de-la-revolucion-de-1983-a-las-luchas-contemporaneas-del-sahel\/#breadcrumb","itemListElement":[{"@type":"ListItem","position":1,"name":"Portada","item":"https:\/\/hueleaazufre.com\/wordpress_a\/"},{"@type":"ListItem","position":2,"name":"El esp\u00edritu de Sankara: de la revoluci\u00f3n de 1983 a las luchas contempor\u00e1neas del Sahel"}]},{"@type":"WebSite","@id":"https:\/\/hueleaazufre.com\/wordpress_a\/#website","url":"https:\/\/hueleaazufre.com\/wordpress_a\/","name":"","description":"Huele a azufre es una plataforma digital de an\u00e1lisis geopol\u00edtico.","potentialAction":[{"@type":"SearchAction","target":{"@type":"EntryPoint","urlTemplate":"https:\/\/hueleaazufre.com\/wordpress_a\/?s={search_term_string}"},"query-input":{"@type":"PropertyValueSpecification","valueRequired":true,"valueName":"search_term_string"}}],"inLanguage":"es"},{"@type":"Person","@id":"https:\/\/hueleaazufre.com\/wordpress_a\/#\/schema\/person\/549dd871707ea7f9f1a686323ebe9baa","name":"Huele a azufre","image":{"@type":"ImageObject","inLanguage":"es","@id":"https:\/\/secure.gravatar.com\/avatar\/e972d5c124b9bf80eb4c9d322a90dd86a59d447f5da36700a77516f13637d44e?s=96&d=mm&r=g","url":"https:\/\/secure.gravatar.com\/avatar\/e972d5c124b9bf80eb4c9d322a90dd86a59d447f5da36700a77516f13637d44e?s=96&d=mm&r=g","contentUrl":"https:\/\/secure.gravatar.com\/avatar\/e972d5c124b9bf80eb4c9d322a90dd86a59d447f5da36700a77516f13637d44e?s=96&d=mm&r=g","caption":"Huele a azufre"},"description":"Huele a azufre es una plataforma digital de an\u00e1lisis geopol\u00edtico\u00a0 contrahegem\u00f3nico, que busca visibilizar las voces y los discursos silenciados por el poder medi\u00e1tico.","sameAs":["https:\/\/hueleaazufre.com\/wordpress_a"],"url":"https:\/\/hueleaazufre.com\/wordpress_a\/index.php\/author\/admin_tupapa\/"}]}},"_links":{"self":[{"href":"https:\/\/hueleaazufre.com\/wordpress_a\/index.php\/wp-json\/wp\/v2\/posts\/3294","targetHints":{"allow":["GET"]}}],"collection":[{"href":"https:\/\/hueleaazufre.com\/wordpress_a\/index.php\/wp-json\/wp\/v2\/posts"}],"about":[{"href":"https:\/\/hueleaazufre.com\/wordpress_a\/index.php\/wp-json\/wp\/v2\/types\/post"}],"author":[{"embeddable":true,"href":"https:\/\/hueleaazufre.com\/wordpress_a\/index.php\/wp-json\/wp\/v2\/users\/1"}],"replies":[{"embeddable":true,"href":"https:\/\/hueleaazufre.com\/wordpress_a\/index.php\/wp-json\/wp\/v2\/comments?post=3294"}],"version-history":[{"count":1,"href":"https:\/\/hueleaazufre.com\/wordpress_a\/index.php\/wp-json\/wp\/v2\/posts\/3294\/revisions"}],"predecessor-version":[{"id":3296,"href":"https:\/\/hueleaazufre.com\/wordpress_a\/index.php\/wp-json\/wp\/v2\/posts\/3294\/revisions\/3296"}],"wp:featuredmedia":[{"embeddable":true,"href":"https:\/\/hueleaazufre.com\/wordpress_a\/index.php\/wp-json\/wp\/v2\/media\/3295"}],"wp:attachment":[{"href":"https:\/\/hueleaazufre.com\/wordpress_a\/index.php\/wp-json\/wp\/v2\/media?parent=3294"}],"wp:term":[{"taxonomy":"category","embeddable":true,"href":"https:\/\/hueleaazufre.com\/wordpress_a\/index.php\/wp-json\/wp\/v2\/categories?post=3294"},{"taxonomy":"post_tag","embeddable":true,"href":"https:\/\/hueleaazufre.com\/wordpress_a\/index.php\/wp-json\/wp\/v2\/tags?post=3294"}],"curies":[{"name":"wp","href":"https:\/\/api.w.org\/{rel}","templated":true}]}}