{"id":3311,"date":"2025-10-23T14:12:53","date_gmt":"2025-10-23T14:12:53","guid":{"rendered":"https:\/\/hueleaazufre.com\/wordpress_a\/?p=3311"},"modified":"2025-10-23T14:12:53","modified_gmt":"2025-10-23T14:12:53","slug":"el-narcoescandalo-que-pone-en-jaque-la-imagen-de-milei","status":"publish","type":"post","link":"https:\/\/hueleaazufre.com\/wordpress_a\/index.php\/2025\/10\/23\/el-narcoescandalo-que-pone-en-jaque-la-imagen-de-milei\/","title":{"rendered":"El narcoesc\u00e1ndalo que pone en jaque la imagen de Milei"},"content":{"rendered":"<p>En pleno proceso comicial \u2014las pr\u00f3ximas elecciones legislativas nacionales del 26 de octubre\u2014, Argentina enfrenta uno de los esc\u00e1ndalos m\u00e1s graves de su historia reciente: la irrupci\u00f3n del narcotr\u00e1fico en el coraz\u00f3n del poder pol\u00edtico.<\/p>\n<p>Lo que antes se susurraba en los pasillos de la justicia o se denunciaba desde los m\u00e1rgenes del periodismo de investigaci\u00f3n, hoy se expone con crudeza en documentos judiciales, testimonios y declaraciones que involucran directamente al partido de gobierno, La Libertad Avanza (LLA), y a su l\u00edder indiscutido, el presidente Javier Milei.<\/p>\n<p>El epicentro del caso es Federico \u00abFred\u00bb Machado, un supuesto empresario minero que, seg\u00fan la justicia estadounidense, est\u00e1 acusado de lavado de activos, estafas y narcotr\u00e1fico. Machado no solo financi\u00f3 con al menos un mill\u00f3n de d\u00f3lares la campa\u00f1a de 2019 del economista Jos\u00e9 Luis Espert \u2014quien luego se integr\u00f3 a LLA\u2014, sino que tambi\u00e9n mantuvo reuniones recurrentes con Milei en los inicios del espacio pol\u00edtico libertario.<\/p>\n<p>Documentos encontrados en su domicilio en Viedma, R\u00edo Negro, corroboran el v\u00ednculo contractual con Espert, lo que oblig\u00f3 a este \u00faltimo a renunciar a su candidatura legislativa en las elecciones de este a\u00f1o.<\/p>\n<p>Pero el esc\u00e1ndalo va mucho m\u00e1s all\u00e1. En una entrevista concedida horas antes de ser trasladado a prisi\u00f3n \u2014y a d\u00edas de su extradici\u00f3n a Estados Unidos, prevista para el 5 de noviembre\u2014, Machado\u00a0<a href=\"https:\/\/www.pagina12.com.ar\/867097-un-narco-que-amenaza-con-hacer-temblar-al-gobierno\" target=\"_blank\" rel=\"noopener\">lanz\u00f3 una amenaza<\/a>\u00a0que reson\u00f3 como un terremoto pol\u00edtico:<\/p>\n<blockquote>\n<p class=\"graf--startsWithDoubleQuote\">\u00abSi yo hablo, se cae el pa\u00eds ma\u00f1ana\u00bb.<\/p>\n<\/blockquote>\n<p>Y dej\u00f3 claro que su mensaje iba dirigido al c\u00edrculo \u00edntimo del presidente: \u00abA Santiago Caputo le hago llegar un mensaje: &#8216;Yo no quiero ir a Estados Unidos. Si esto explota, yo fundo todo'\u00bb.<\/p>\n<h2><strong>Milei, entre el silencio y las contradicciones<\/strong><\/h2>\n<p>Lo m\u00e1s explosivo no es solo la proximidad de Machado con figuras de LLA sino las propias declaraciones del presidente. Gast\u00f3n Alberdi, exaliado cercano de Milei y uno de los primeros en impulsar su carrera pol\u00edtica,\u00a0<a href=\"https:\/\/www.pagina12.com.ar\/867161-la-explosiva-revelacion-de-un-exaliado-de-milei-me-dijo-que-\" target=\"_blank\" rel=\"noopener\">revel\u00f3 en una entrevista<\/a>\u00a0que en 2021 el hoy mandatario le confes\u00f3 haber asesorado a narcotraficantes.<\/p>\n<p>\u00ab\u00c9l me lo dijo, que hab\u00eda asesorado a narcos\u00bb, afirm\u00f3 Alberdi, quien crey\u00f3 inicialmente que se trataba de un rol profesional previo a su incursi\u00f3n en la pol\u00edtica, pero hoy entiende que el v\u00ednculo era parte del armado pol\u00edtico de LLA.<\/p>\n<p>Alberdi detall\u00f3 que, en aquel entonces, ve\u00eda entrar y salir a Machado, a su primo Claudio Cicarelli, a su pareja Lorena Villaverde, y a otros funcionarios claves del entorno de Milei.<\/p>\n<blockquote>\n<p class=\"graf--startsWithDoubleQuote\">\u00abA m\u00ed me lo presentaron como un empresario minero que ten\u00eda aviones y estaba colaborando con la campa\u00f1a. Pero mirando para atr\u00e1s me doy cuenta de que era narco-financiamiento espurio\u00bb, dijo.<\/p>\n<\/blockquote>\n<p>Y a\u00f1adi\u00f3: \u00abYo le dije a Milei que se sacudiera a los dos piojos, a Machado y a Rosales. Y \u00e9l me respondi\u00f3: &#8216;Bueno, qu\u00e9 hacemos&#8217;. Le suger\u00ed que invirti\u00e9ramos las palabras: en lugar de Avanza Libertad, que sea Libertad Avanza\u00bb.<\/p>\n<blockquote>\n<p class=\"graf--startsWithDoubleQuote\">\u00abYo segu\u00ed porque cre\u00ed que hab\u00edan sido solo Espert y Rosales.\u00a0No pens\u00e9 que hab\u00eda sido Javier.\u00a0Yo pens\u00e9 que Milei solo hab\u00eda asesorado a narcos en su rol profesional\u00bb.<\/p>\n<p class=\"graf--startsWithDoubleQuote\">\u00abPero ahora me doy cuenta de que era &#8216;Fred&#8217; Machado.\u00a0\u00c9l me lo dijo. Que hab\u00eda asesorado narcos. No solo a m\u00ed, se lo dijo tambi\u00e9n a Santiago C\u00faneo. Yo lo que le dije es que esperaba que no tuviera nada que ver con el armado pol\u00edtico.\u00a0Y me dijo que no, que se reun\u00edan con empresarios y los asesoraban\u00bb, revel\u00f3.<\/p>\n<p class=\"graf--startsWithDoubleQuote\">Finalmente, dijo: \u00abYo hace cuatro a\u00f1os lo vengo diciendo: el loco no era yo.\u00a0Ahora todos se hacen los boludos. Yo ayer publiqu\u00e9 todos los dep\u00f3sitos que les hizo Machado a los Bada V\u00e1zquez \u2014quienes luego aportaron a la campa\u00f1a de Bullrich\u2014. Todos son negadores seriales, pero ah\u00ed est\u00e1n los resultados\u00bb.<\/p>\n<\/blockquote>\n<p>A pesar de las pruebas acumuladas, Milei ha defendido a Espert calificando el esc\u00e1ndalo como una \u00abcampa\u00f1a sucia\u00bb, y ha evitado pronunciarse sobre sus propios encuentros con Machado.<\/p>\n<p>Mientras tanto, su gobierno impulsa una pol\u00edtica de blanqueo de capitales que, seg\u00fan especialistas y jueces federales, facilita el ingreso de dinero il\u00edcito al sistema financiero argentino. El presidente ha dicho que \u00abel narcotr\u00e1fico es un problema de seguridad, no se lo combate con la econom\u00eda\u00bb, una postura que, seg\u00fan fuentes judiciales\u00a0<a href=\"https:\/\/www.pagina12.com.ar\/827471-milei-abre-las-puertas-al-lavado-de-dinero-no-me-importa-de-\" target=\"_blank\" rel=\"noopener\">consultadas por\u00a0<em>P\u00e1gina\/12<\/em><\/a>, podr\u00eda configurar instigaci\u00f3n al delito de lavado de dinero.<\/p>\n<p>Peor aun: Milei ha propuesto eliminar los Reportes de Operaciones Sospechosas (ROS), una herramienta relevante para la lucha contra el lavado, utilizada en el caso del abogado narco Carlos Salvatore, cuya red fue desmantelada gracias justamente a un ROS emitido por un escribano.<\/p>\n<h2><strong>La sombra de Villaverde y el entramado en R\u00edo Negro<\/strong><\/h2>\n<p>El caso Machado\u00a0<a href=\"https:\/\/www.pagina12.com.ar\/867356-se-agrava-el-narcoescandalo-de-villaverde\" target=\"_blank\" rel=\"noopener\">tambi\u00e9n arrastra a Lorena Villaverde<\/a>, diputada nacional y candidata a senadora por R\u00edo Negro en la lista de LLA. Registros judiciales de Florida confirman que en 2002 fue detenida en Miami por intentar comprar un kilo de coca\u00edna con 17 mil d\u00f3lares, y que tiene prohibido el ingreso a Estados Unidos por ese motivo.<\/p>\n<p>Villaverde niega las acusaciones y atribuye las filtraciones a una \u00abcampa\u00f1a sucia\u00bb, pero su relaci\u00f3n con Claudio Cicarelli, primo y supuesto testaferro de Machado, refuerza las sospechas de un entramado local en R\u00edo Negro vinculado a negocios de arenas sil\u00edceas y permisos otorgados por funcionarios cercanos al gobernador Alberto Weretilneck.<\/p>\n<p>Ante el esc\u00e1ndalo, diputados opositores exigen su renuncia y su remoci\u00f3n de la Comisi\u00f3n de Energ\u00eda, argumentando que su inhabilitaci\u00f3n para viajar a Estados Unidos \u2014pa\u00eds con el que Argentina negocia constantemente en el sector energ\u00e9tico\u2014 la inhabilita funcionalmente. Milei, que planeaba una gira por R\u00edo Negro, cancel\u00f3 su visita.<\/p>\n<h2><strong>El terreno f\u00e9rtil: estructuras que abonan un narcoestado<\/strong><\/h2>\n<p>M\u00e1s all\u00e1 de los esc\u00e1ndalos puntuales, lo que preocupa a especialistas, investigadores y organizaciones sociales es la profunda adaptaci\u00f3n estructural del narcotr\u00e1fico al tejido pol\u00edtico, econ\u00f3mico y territorial argentino. Como\u00a0<a href=\"https:\/\/www.infobae.com\/cultura\/2025\/09\/25\/cinco-libros-que-muestran-por-que-el-narcotrafico-se-adapto-con-exito-a-la-argentina\/\" target=\"_blank\" rel=\"noopener\">se\u00f1alan m\u00faltiples estudios recientes<\/a>\u00a0\u2014entre ellos los libros\u00a0<em>Narcosur<\/em>\u00a0(Cecilia Gonz\u00e1lez),\u00a0<em>Pa\u00eds narco<\/em>\u00a0(Mauro Federico) y\u00a0<em>El poder narco<\/em>\u00a0(Eugenio Burzaco y Sergio Berensztein)\u2014, el crimen organizado ha dejado de ser un fen\u00f3meno marginal para convertirse en un actor sist\u00e9mico que opera con l\u00f3gicas empresariales, redes transnacionales y una capacidad in\u00e9dita de infiltraci\u00f3n institucional.<\/p>\n<p>Argentina ya no es solo un pa\u00eds de tr\u00e1nsito, como se cre\u00eda d\u00e9cadas atr\u00e1s. Se ha transformado en un centro log\u00edstico, financiero y de consumo clave para los c\u00e1rteles latinoamericanos \u2014especialmente el PCC brasile\u00f1o y las redes mexicanas\u2014, que han encontrado en sus debilidades institucionales, su porosa geograf\u00eda fronteriza y su econom\u00eda en negro un caldo de cultivo ideal.<\/p>\n<p>La \u00abmacdonalizaci\u00f3n\u00bb del narcotr\u00e1fico, como la define Gonz\u00e1lez, implica la tercerizaci\u00f3n de funciones, la creaci\u00f3n de franquicias locales y la inversi\u00f3n en sectores leg\u00edtimos: inmobiliario, agroindustrial, energ\u00e9tico, incluso medios de comunicaci\u00f3n.<\/p>\n<p>Este proceso no ocurre en el vac\u00edo. Requiere connivencia activa o pasiva: jueces que archivan causas, fuerzas de seguridad que miran hacia otro lado, pol\u00edticos que aceptan financiamiento opaco o funcionarios que promueven normativas que facilitan el blanqueo.<\/p>\n<p>En este contexto, el proyecto econ\u00f3mico de Javier Milei no solo no frena esa din\u00e1mica sino que la potencia deliberadamente.<\/p>\n<p>La propuesta de blanqueo sin preguntas, la eliminaci\u00f3n de los Reportes de Operaciones Sospechosas (ROS), la desregulaci\u00f3n financiera extrema y la apertura indiscriminada al ingreso de divisas \u2014sin exigir origen ni destino\u2014 constituyen, en la pr\u00e1ctica, una amnist\u00eda encubierta para el dinero il\u00edcito.<\/p>\n<p>Como\u00a0<a href=\"https:\/\/www.pagina12.com.ar\/827471-milei-abre-las-puertas-al-lavado-de-dinero-no-me-importa-de-\" target=\"_blank\" rel=\"noopener\">advirti\u00f3 Jos\u00e9 Sbatella<\/a>, exdirector de la UIF, estas medidas violan est\u00e1ndares internacionales y nacionales contra el lavado, y sit\u00faan Argentina nuevamente en el camino de la \u00ablista gris\u00bb del GAFI.<\/p>\n<p>Peor aun: al presentar el narcotr\u00e1fico como un \u00abproblema de seguridad, no econ\u00f3mico\u00bb, Milei desarma conceptualmente la respuesta estatal. Desarticula la inteligencia financiera, neutraliza a contadores, escribanos y bancos como actores cruciales en la prevenci\u00f3n, y entrega al mercado \u2014ese dios liberal\u2014 la responsabilidad de autorregularse.<\/p>\n<p>Pero el mercado no autorregula el crimen; lo absorbe, lo normaliza y lo convierte en capital.<\/p>\n<p>Esta connivencia no necesita ser expl\u00edcita para ser efectiva. Basta con crear las condiciones estructurales para que el dinero sucio circule libremente. Y eso es exactamente lo que est\u00e1 ocurriendo.<\/p>\n<p>En un escenario donde el Estado se retira de la regulaci\u00f3n, donde la pol\u00edtica se subordina a la l\u00f3gica del \u00abdejar hacer\u00bb y donde los controles se consideran \u00abintervencionismo\u00bb, el narcotr\u00e1fico no solo sobrevive: prospera.<\/p>\n<p>Autores como Burzaco y Berensztein ya advierten que Argentina est\u00e1 al borde de una transici\u00f3n hacia un narcoestado: no en el sentido cl\u00e1sico de un pa\u00eds gobernado por capos sino en el de un sistema donde las decisiones pol\u00edticas, judiciales y econ\u00f3micas est\u00e1n capturadas o condicionadas por intereses il\u00edcitos.<\/p>\n<p>El caso Machado, con sus v\u00ednculos directos con el c\u00edrculo \u00edntimo del presidente, no parece un episodio aislado: es un s\u00edntoma.<\/p>\n<p>Y si nada se corrige, podr\u00eda convertirse en el pr\u00f3logo de una nueva etapa: la de un pa\u00eds donde el poder leg\u00edtimo y el poder criminal ya no se distinguen con claridad. Todo en nombre del dios mercado.<\/p>\n<h2><strong>La impunidad geopol\u00edtica: el paraguas de Trump<\/strong><\/h2>\n<p>Lo que hace aun m\u00e1s inquietante este escenario es la ausencia total de presi\u00f3n internacional, especialmente desde Washington. A diferencia de gobiernos anteriores \u2014como el de Cristina Fern\u00e1ndez de Kirchner, que debi\u00f3 librar una ardua batalla\u00a0<a href=\"https:\/\/www.pagina12.com.ar\/diario\/economia\/2-249591-2014-06-28.html\" target=\"_blank\" rel=\"noopener\">para salir de la \u00ablista gris\u00bb del GAFI<\/a>\u2014, el gobierno de Milei no enfrenta cr\u00edticas significativas desde Estados Unidos, a pesar de que Donald Trump ya asumi\u00f3 la presidencia en enero de 2025 y ha intensificado una ofensiva geopol\u00edtica y militar contra Venezuela, justificada precisamente en acusaciones de narcotr\u00e1fico.<\/p>\n<p>Resulta llamativo el contraste: mientras Venezuela es blanco de un despliegue militar estadounidense en el Caribe bajo la acusaci\u00f3n de ser un \u00abnarcoestado\u00bb \u2014una narrativa cada vez m\u00e1s cuestionada incluso dentro de Washington, donde se reconoce que el verdadero objetivo es un cambio de r\u00e9gimen en Caracas\u2014, Argentina, con un esc\u00e1ndalo real y documentado que involucra al presidente y su partido, permanece al margen de cualquier sanci\u00f3n o cuestionamiento.<\/p>\n<p>Esta doble vara no es casual. Milei es un aliado ideol\u00f3gico y estrat\u00e9gico de Trump, cuya administraci\u00f3n ve en el gobierno argentino un socio confiable en Am\u00e9rica Latina. Esta cercan\u00eda geopol\u00edtica act\u00faa como un paraguas protector que permite que Argentina avance hacia pol\u00edticas que, en otro contexto, ser\u00edan severamente sancionadas por organismos internacionales.<\/p>\n<p>Como\u00a0<a href=\"https:\/\/www.pagina12.com.ar\/827471-milei-abre-las-puertas-al-lavado-de-dinero-no-me-importa-de-\" target=\"_blank\" rel=\"noopener\">se\u00f1al\u00f3<\/a>\u00a0el exdirector de la UIF Jos\u00e9 Sbatella, el capitalismo global no tolera la competencia desleal del dinero il\u00edcito porque distorsiona mercados, corrompe instituciones y termina acumulando poder pol\u00edtico y judicial.<\/p>\n<p>Sin embargo, en el caso argentino, esa l\u00f3gica parece suspenderse cuando los intereses ideol\u00f3gicos y geopol\u00edticos de Estados Unidos entran en juego.<\/p>\n<h2><strong>Una advertencia desde las periferias<\/strong><\/h2>\n<p>Mientras la clase pol\u00edtica argentina se debate entre lealtades y silencios, desde las periferias urbanas llega una advertencia urgente. El padre Pablo Viola, de la Pastoral de Adicciones,\u00a0<a href=\"https:\/\/radiomaria.org.ar\/programacion\/el-narcotrafico-y-la-politica-un-vinculo-evidente-en-argentina\/\" target=\"_blank\" rel=\"noopener\">denuncia<\/a>\u00a0que el narcotr\u00e1fico no puede expandirse \u00absin una connivencia de la pol\u00edtica, la justicia y las fuerzas de seguridad\u00bb.<\/p>\n<p>Para \u00e9l, la \u00abpol\u00edtica prostituida\u00bb, alejada del pueblo y cercana a los negocios oscuros, es la que permite que las mafias ocupen el vac\u00edo estatal y siembren pobreza, violencia y adicci\u00f3n.<\/p>\n<p>Argentina parece haber cruzado una encrucijada, donde decidi\u00f3 correr el riesgo de normalizar una narcopol\u00edtica que ya ha devastado pa\u00edses vecinos.<\/p>\n<p>El tiempo de las excusas se agota. Y aunque Washington mire hacia otro lado \u2014por conveniencia geopol\u00edtica\u2014, quienes estamos viendo en c\u00e1mara lenta c\u00f3mo Argentina se est\u00e1 enlodando en la barbarie del capitalismo depredador no olvidaremos qui\u00e9n call\u00f3, qui\u00e9n minti\u00f3 y qui\u00e9n permiti\u00f3 que el narco se sentara en la mesa de la Casa Rosada.<\/p>\n<p><a href=\"https:\/\/misionverdad.com\/globalistan\/el-narcoescandalo-que-pone-en-jaque-la-imagen-de-milei\"><strong>Fuente: Misi\u00f3n Verdad\u00a0<\/strong><\/a><\/p>\n","protected":false},"excerpt":{"rendered":"<p>En pleno proceso comicial \u2014las pr\u00f3ximas elecciones legislativas nacionales del 26 de octubre\u2014, Argentina enfrenta&#8230;<\/p>\n","protected":false},"author":1,"featured_media":3312,"comment_status":"open","ping_status":"closed","sticky":false,"template":"","format":"standard","meta":{"footnotes":""},"categories":[56],"tags":[18,17,1003],"class_list":["post-3311","post","type-post","status-publish","format-standard","has-post-thumbnail","hentry","category-medios-aliados","tag-argentina","tag-milei","tag-narcoescandalo"],"yoast_head":"<!-- This site is optimized with the Yoast SEO plugin v27.5 - https:\/\/yoast.com\/product\/yoast-seo-wordpress\/ -->\n<title>El narcoesc\u00e1ndalo que pone en jaque la imagen de Milei -<\/title>\n<meta name=\"description\" content=\"narcoesc\u00e1ndalo. Argentina enfrenta uno de los esc\u00e1ndalos m\u00e1s graves de su historia reciente...\" \/>\n<meta name=\"robots\" content=\"index, follow, max-snippet:-1, max-image-preview:large, max-video-preview:-1\" \/>\n<link rel=\"canonical\" href=\"https:\/\/hueleaazufre.com\/wordpress_a\/index.php\/2025\/10\/23\/el-narcoescandalo-que-pone-en-jaque-la-imagen-de-milei\/\" \/>\n<meta property=\"og:locale\" content=\"es_ES\" \/>\n<meta property=\"og:type\" content=\"article\" \/>\n<meta property=\"og:title\" content=\"El narcoesc\u00e1ndalo que pone en jaque la imagen de Milei -\" \/>\n<meta property=\"og:description\" content=\"narcoesc\u00e1ndalo. Argentina enfrenta uno de los esc\u00e1ndalos m\u00e1s graves de su historia reciente...\" \/>\n<meta property=\"og:url\" content=\"https:\/\/hueleaazufre.com\/wordpress_a\/index.php\/2025\/10\/23\/el-narcoescandalo-que-pone-en-jaque-la-imagen-de-milei\/\" \/>\n<meta property=\"article:published_time\" content=\"2025-10-23T14:12:53+00:00\" \/>\n<meta property=\"og:image\" content=\"https:\/\/hueleaazufre.com\/wordpress_a\/wp-content\/uploads\/2025\/10\/1a-7.webp\" \/>\n\t<meta property=\"og:image:width\" content=\"712\" \/>\n\t<meta property=\"og:image:height\" content=\"400\" \/>\n\t<meta property=\"og:image:type\" content=\"image\/webp\" \/>\n<meta name=\"author\" content=\"Huele a azufre\" \/>\n<meta name=\"twitter:card\" content=\"summary_large_image\" \/>\n<meta name=\"twitter:label1\" content=\"Escrito por\" \/>\n\t<meta name=\"twitter:data1\" content=\"Huele a azufre\" \/>\n\t<meta name=\"twitter:label2\" content=\"Tiempo de lectura\" \/>\n\t<meta name=\"twitter:data2\" content=\"9 minutos\" \/>\n<script type=\"application\/ld+json\" class=\"yoast-schema-graph\">{\"@context\":\"https:\\\/\\\/schema.org\",\"@graph\":[{\"@type\":\"Article\",\"@id\":\"https:\\\/\\\/hueleaazufre.com\\\/wordpress_a\\\/index.php\\\/2025\\\/10\\\/23\\\/el-narcoescandalo-que-pone-en-jaque-la-imagen-de-milei\\\/#article\",\"isPartOf\":{\"@id\":\"https:\\\/\\\/hueleaazufre.com\\\/wordpress_a\\\/index.php\\\/2025\\\/10\\\/23\\\/el-narcoescandalo-que-pone-en-jaque-la-imagen-de-milei\\\/\"},\"author\":{\"name\":\"Huele a azufre\",\"@id\":\"https:\\\/\\\/hueleaazufre.com\\\/wordpress_a\\\/#\\\/schema\\\/person\\\/549dd871707ea7f9f1a686323ebe9baa\"},\"headline\":\"El narcoesc\u00e1ndalo que pone en jaque la imagen de Milei\",\"datePublished\":\"2025-10-23T14:12:53+00:00\",\"mainEntityOfPage\":{\"@id\":\"https:\\\/\\\/hueleaazufre.com\\\/wordpress_a\\\/index.php\\\/2025\\\/10\\\/23\\\/el-narcoescandalo-que-pone-en-jaque-la-imagen-de-milei\\\/\"},\"wordCount\":2097,\"commentCount\":0,\"image\":{\"@id\":\"https:\\\/\\\/hueleaazufre.com\\\/wordpress_a\\\/index.php\\\/2025\\\/10\\\/23\\\/el-narcoescandalo-que-pone-en-jaque-la-imagen-de-milei\\\/#primaryimage\"},\"thumbnailUrl\":\"https:\\\/\\\/hueleaazufre.com\\\/wordpress_a\\\/wp-content\\\/uploads\\\/2025\\\/10\\\/1a-7.webp\",\"keywords\":[\"Argentina\",\"Milei\",\"narcoesc\u00e1ndalo\"],\"articleSection\":[\"Medios aliados\"],\"inLanguage\":\"es\",\"potentialAction\":[{\"@type\":\"CommentAction\",\"name\":\"Comment\",\"target\":[\"https:\\\/\\\/hueleaazufre.com\\\/wordpress_a\\\/index.php\\\/2025\\\/10\\\/23\\\/el-narcoescandalo-que-pone-en-jaque-la-imagen-de-milei\\\/#respond\"]}]},{\"@type\":\"WebPage\",\"@id\":\"https:\\\/\\\/hueleaazufre.com\\\/wordpress_a\\\/index.php\\\/2025\\\/10\\\/23\\\/el-narcoescandalo-que-pone-en-jaque-la-imagen-de-milei\\\/\",\"url\":\"https:\\\/\\\/hueleaazufre.com\\\/wordpress_a\\\/index.php\\\/2025\\\/10\\\/23\\\/el-narcoescandalo-que-pone-en-jaque-la-imagen-de-milei\\\/\",\"name\":\"El narcoesc\u00e1ndalo que pone en jaque la imagen de Milei -\",\"isPartOf\":{\"@id\":\"https:\\\/\\\/hueleaazufre.com\\\/wordpress_a\\\/#website\"},\"primaryImageOfPage\":{\"@id\":\"https:\\\/\\\/hueleaazufre.com\\\/wordpress_a\\\/index.php\\\/2025\\\/10\\\/23\\\/el-narcoescandalo-que-pone-en-jaque-la-imagen-de-milei\\\/#primaryimage\"},\"image\":{\"@id\":\"https:\\\/\\\/hueleaazufre.com\\\/wordpress_a\\\/index.php\\\/2025\\\/10\\\/23\\\/el-narcoescandalo-que-pone-en-jaque-la-imagen-de-milei\\\/#primaryimage\"},\"thumbnailUrl\":\"https:\\\/\\\/hueleaazufre.com\\\/wordpress_a\\\/wp-content\\\/uploads\\\/2025\\\/10\\\/1a-7.webp\",\"datePublished\":\"2025-10-23T14:12:53+00:00\",\"author\":{\"@id\":\"https:\\\/\\\/hueleaazufre.com\\\/wordpress_a\\\/#\\\/schema\\\/person\\\/549dd871707ea7f9f1a686323ebe9baa\"},\"description\":\"narcoesc\u00e1ndalo. Argentina enfrenta uno de los esc\u00e1ndalos m\u00e1s graves de su historia reciente...\",\"breadcrumb\":{\"@id\":\"https:\\\/\\\/hueleaazufre.com\\\/wordpress_a\\\/index.php\\\/2025\\\/10\\\/23\\\/el-narcoescandalo-que-pone-en-jaque-la-imagen-de-milei\\\/#breadcrumb\"},\"inLanguage\":\"es\",\"potentialAction\":[{\"@type\":\"ReadAction\",\"target\":[\"https:\\\/\\\/hueleaazufre.com\\\/wordpress_a\\\/index.php\\\/2025\\\/10\\\/23\\\/el-narcoescandalo-que-pone-en-jaque-la-imagen-de-milei\\\/\"]}]},{\"@type\":\"ImageObject\",\"inLanguage\":\"es\",\"@id\":\"https:\\\/\\\/hueleaazufre.com\\\/wordpress_a\\\/index.php\\\/2025\\\/10\\\/23\\\/el-narcoescandalo-que-pone-en-jaque-la-imagen-de-milei\\\/#primaryimage\",\"url\":\"https:\\\/\\\/hueleaazufre.com\\\/wordpress_a\\\/wp-content\\\/uploads\\\/2025\\\/10\\\/1a-7.webp\",\"contentUrl\":\"https:\\\/\\\/hueleaazufre.com\\\/wordpress_a\\\/wp-content\\\/uploads\\\/2025\\\/10\\\/1a-7.webp\",\"width\":712,\"height\":400},{\"@type\":\"BreadcrumbList\",\"@id\":\"https:\\\/\\\/hueleaazufre.com\\\/wordpress_a\\\/index.php\\\/2025\\\/10\\\/23\\\/el-narcoescandalo-que-pone-en-jaque-la-imagen-de-milei\\\/#breadcrumb\",\"itemListElement\":[{\"@type\":\"ListItem\",\"position\":1,\"name\":\"Portada\",\"item\":\"https:\\\/\\\/hueleaazufre.com\\\/wordpress_a\\\/\"},{\"@type\":\"ListItem\",\"position\":2,\"name\":\"El narcoesc\u00e1ndalo que pone en jaque la imagen de Milei\"}]},{\"@type\":\"WebSite\",\"@id\":\"https:\\\/\\\/hueleaazufre.com\\\/wordpress_a\\\/#website\",\"url\":\"https:\\\/\\\/hueleaazufre.com\\\/wordpress_a\\\/\",\"name\":\"\",\"description\":\"Huele a azufre es una plataforma digital de an\u00e1lisis geopol\u00edtico.\",\"potentialAction\":[{\"@type\":\"SearchAction\",\"target\":{\"@type\":\"EntryPoint\",\"urlTemplate\":\"https:\\\/\\\/hueleaazufre.com\\\/wordpress_a\\\/?s={search_term_string}\"},\"query-input\":{\"@type\":\"PropertyValueSpecification\",\"valueRequired\":true,\"valueName\":\"search_term_string\"}}],\"inLanguage\":\"es\"},{\"@type\":\"Person\",\"@id\":\"https:\\\/\\\/hueleaazufre.com\\\/wordpress_a\\\/#\\\/schema\\\/person\\\/549dd871707ea7f9f1a686323ebe9baa\",\"name\":\"Huele a azufre\",\"image\":{\"@type\":\"ImageObject\",\"inLanguage\":\"es\",\"@id\":\"https:\\\/\\\/secure.gravatar.com\\\/avatar\\\/e972d5c124b9bf80eb4c9d322a90dd86a59d447f5da36700a77516f13637d44e?s=96&d=mm&r=g\",\"url\":\"https:\\\/\\\/secure.gravatar.com\\\/avatar\\\/e972d5c124b9bf80eb4c9d322a90dd86a59d447f5da36700a77516f13637d44e?s=96&d=mm&r=g\",\"contentUrl\":\"https:\\\/\\\/secure.gravatar.com\\\/avatar\\\/e972d5c124b9bf80eb4c9d322a90dd86a59d447f5da36700a77516f13637d44e?s=96&d=mm&r=g\",\"caption\":\"Huele a azufre\"},\"description\":\"Huele a azufre es una plataforma digital de an\u00e1lisis geopol\u00edtico\u00a0 contrahegem\u00f3nico, que busca visibilizar las voces y los discursos silenciados por el poder medi\u00e1tico.\",\"sameAs\":[\"https:\\\/\\\/hueleaazufre.com\\\/wordpress_a\"],\"url\":\"https:\\\/\\\/hueleaazufre.com\\\/wordpress_a\\\/index.php\\\/author\\\/admin_tupapa\\\/\"}]}<\/script>\n<!-- \/ Yoast SEO plugin. -->","yoast_head_json":{"title":"El narcoesc\u00e1ndalo que pone en jaque la imagen de Milei -","description":"narcoesc\u00e1ndalo. Argentina enfrenta uno de los esc\u00e1ndalos m\u00e1s graves de su historia reciente...","robots":{"index":"index","follow":"follow","max-snippet":"max-snippet:-1","max-image-preview":"max-image-preview:large","max-video-preview":"max-video-preview:-1"},"canonical":"https:\/\/hueleaazufre.com\/wordpress_a\/index.php\/2025\/10\/23\/el-narcoescandalo-que-pone-en-jaque-la-imagen-de-milei\/","og_locale":"es_ES","og_type":"article","og_title":"El narcoesc\u00e1ndalo que pone en jaque la imagen de Milei -","og_description":"narcoesc\u00e1ndalo. Argentina enfrenta uno de los esc\u00e1ndalos m\u00e1s graves de su historia reciente...","og_url":"https:\/\/hueleaazufre.com\/wordpress_a\/index.php\/2025\/10\/23\/el-narcoescandalo-que-pone-en-jaque-la-imagen-de-milei\/","article_published_time":"2025-10-23T14:12:53+00:00","og_image":[{"width":712,"height":400,"url":"https:\/\/hueleaazufre.com\/wordpress_a\/wp-content\/uploads\/2025\/10\/1a-7.webp","type":"image\/webp"}],"author":"Huele a azufre","twitter_card":"summary_large_image","twitter_misc":{"Escrito por":"Huele a azufre","Tiempo de lectura":"9 minutos"},"schema":{"@context":"https:\/\/schema.org","@graph":[{"@type":"Article","@id":"https:\/\/hueleaazufre.com\/wordpress_a\/index.php\/2025\/10\/23\/el-narcoescandalo-que-pone-en-jaque-la-imagen-de-milei\/#article","isPartOf":{"@id":"https:\/\/hueleaazufre.com\/wordpress_a\/index.php\/2025\/10\/23\/el-narcoescandalo-que-pone-en-jaque-la-imagen-de-milei\/"},"author":{"name":"Huele a azufre","@id":"https:\/\/hueleaazufre.com\/wordpress_a\/#\/schema\/person\/549dd871707ea7f9f1a686323ebe9baa"},"headline":"El narcoesc\u00e1ndalo que pone en jaque la imagen de Milei","datePublished":"2025-10-23T14:12:53+00:00","mainEntityOfPage":{"@id":"https:\/\/hueleaazufre.com\/wordpress_a\/index.php\/2025\/10\/23\/el-narcoescandalo-que-pone-en-jaque-la-imagen-de-milei\/"},"wordCount":2097,"commentCount":0,"image":{"@id":"https:\/\/hueleaazufre.com\/wordpress_a\/index.php\/2025\/10\/23\/el-narcoescandalo-que-pone-en-jaque-la-imagen-de-milei\/#primaryimage"},"thumbnailUrl":"https:\/\/hueleaazufre.com\/wordpress_a\/wp-content\/uploads\/2025\/10\/1a-7.webp","keywords":["Argentina","Milei","narcoesc\u00e1ndalo"],"articleSection":["Medios aliados"],"inLanguage":"es","potentialAction":[{"@type":"CommentAction","name":"Comment","target":["https:\/\/hueleaazufre.com\/wordpress_a\/index.php\/2025\/10\/23\/el-narcoescandalo-que-pone-en-jaque-la-imagen-de-milei\/#respond"]}]},{"@type":"WebPage","@id":"https:\/\/hueleaazufre.com\/wordpress_a\/index.php\/2025\/10\/23\/el-narcoescandalo-que-pone-en-jaque-la-imagen-de-milei\/","url":"https:\/\/hueleaazufre.com\/wordpress_a\/index.php\/2025\/10\/23\/el-narcoescandalo-que-pone-en-jaque-la-imagen-de-milei\/","name":"El narcoesc\u00e1ndalo que pone en jaque la imagen de Milei -","isPartOf":{"@id":"https:\/\/hueleaazufre.com\/wordpress_a\/#website"},"primaryImageOfPage":{"@id":"https:\/\/hueleaazufre.com\/wordpress_a\/index.php\/2025\/10\/23\/el-narcoescandalo-que-pone-en-jaque-la-imagen-de-milei\/#primaryimage"},"image":{"@id":"https:\/\/hueleaazufre.com\/wordpress_a\/index.php\/2025\/10\/23\/el-narcoescandalo-que-pone-en-jaque-la-imagen-de-milei\/#primaryimage"},"thumbnailUrl":"https:\/\/hueleaazufre.com\/wordpress_a\/wp-content\/uploads\/2025\/10\/1a-7.webp","datePublished":"2025-10-23T14:12:53+00:00","author":{"@id":"https:\/\/hueleaazufre.com\/wordpress_a\/#\/schema\/person\/549dd871707ea7f9f1a686323ebe9baa"},"description":"narcoesc\u00e1ndalo. Argentina enfrenta uno de los esc\u00e1ndalos m\u00e1s graves de su historia reciente...","breadcrumb":{"@id":"https:\/\/hueleaazufre.com\/wordpress_a\/index.php\/2025\/10\/23\/el-narcoescandalo-que-pone-en-jaque-la-imagen-de-milei\/#breadcrumb"},"inLanguage":"es","potentialAction":[{"@type":"ReadAction","target":["https:\/\/hueleaazufre.com\/wordpress_a\/index.php\/2025\/10\/23\/el-narcoescandalo-que-pone-en-jaque-la-imagen-de-milei\/"]}]},{"@type":"ImageObject","inLanguage":"es","@id":"https:\/\/hueleaazufre.com\/wordpress_a\/index.php\/2025\/10\/23\/el-narcoescandalo-que-pone-en-jaque-la-imagen-de-milei\/#primaryimage","url":"https:\/\/hueleaazufre.com\/wordpress_a\/wp-content\/uploads\/2025\/10\/1a-7.webp","contentUrl":"https:\/\/hueleaazufre.com\/wordpress_a\/wp-content\/uploads\/2025\/10\/1a-7.webp","width":712,"height":400},{"@type":"BreadcrumbList","@id":"https:\/\/hueleaazufre.com\/wordpress_a\/index.php\/2025\/10\/23\/el-narcoescandalo-que-pone-en-jaque-la-imagen-de-milei\/#breadcrumb","itemListElement":[{"@type":"ListItem","position":1,"name":"Portada","item":"https:\/\/hueleaazufre.com\/wordpress_a\/"},{"@type":"ListItem","position":2,"name":"El narcoesc\u00e1ndalo que pone en jaque la imagen de Milei"}]},{"@type":"WebSite","@id":"https:\/\/hueleaazufre.com\/wordpress_a\/#website","url":"https:\/\/hueleaazufre.com\/wordpress_a\/","name":"","description":"Huele a azufre es una plataforma digital de an\u00e1lisis geopol\u00edtico.","potentialAction":[{"@type":"SearchAction","target":{"@type":"EntryPoint","urlTemplate":"https:\/\/hueleaazufre.com\/wordpress_a\/?s={search_term_string}"},"query-input":{"@type":"PropertyValueSpecification","valueRequired":true,"valueName":"search_term_string"}}],"inLanguage":"es"},{"@type":"Person","@id":"https:\/\/hueleaazufre.com\/wordpress_a\/#\/schema\/person\/549dd871707ea7f9f1a686323ebe9baa","name":"Huele a azufre","image":{"@type":"ImageObject","inLanguage":"es","@id":"https:\/\/secure.gravatar.com\/avatar\/e972d5c124b9bf80eb4c9d322a90dd86a59d447f5da36700a77516f13637d44e?s=96&d=mm&r=g","url":"https:\/\/secure.gravatar.com\/avatar\/e972d5c124b9bf80eb4c9d322a90dd86a59d447f5da36700a77516f13637d44e?s=96&d=mm&r=g","contentUrl":"https:\/\/secure.gravatar.com\/avatar\/e972d5c124b9bf80eb4c9d322a90dd86a59d447f5da36700a77516f13637d44e?s=96&d=mm&r=g","caption":"Huele a azufre"},"description":"Huele a azufre es una plataforma digital de an\u00e1lisis geopol\u00edtico\u00a0 contrahegem\u00f3nico, que busca visibilizar las voces y los discursos silenciados por el poder medi\u00e1tico.","sameAs":["https:\/\/hueleaazufre.com\/wordpress_a"],"url":"https:\/\/hueleaazufre.com\/wordpress_a\/index.php\/author\/admin_tupapa\/"}]}},"_links":{"self":[{"href":"https:\/\/hueleaazufre.com\/wordpress_a\/index.php\/wp-json\/wp\/v2\/posts\/3311","targetHints":{"allow":["GET"]}}],"collection":[{"href":"https:\/\/hueleaazufre.com\/wordpress_a\/index.php\/wp-json\/wp\/v2\/posts"}],"about":[{"href":"https:\/\/hueleaazufre.com\/wordpress_a\/index.php\/wp-json\/wp\/v2\/types\/post"}],"author":[{"embeddable":true,"href":"https:\/\/hueleaazufre.com\/wordpress_a\/index.php\/wp-json\/wp\/v2\/users\/1"}],"replies":[{"embeddable":true,"href":"https:\/\/hueleaazufre.com\/wordpress_a\/index.php\/wp-json\/wp\/v2\/comments?post=3311"}],"version-history":[{"count":1,"href":"https:\/\/hueleaazufre.com\/wordpress_a\/index.php\/wp-json\/wp\/v2\/posts\/3311\/revisions"}],"predecessor-version":[{"id":3313,"href":"https:\/\/hueleaazufre.com\/wordpress_a\/index.php\/wp-json\/wp\/v2\/posts\/3311\/revisions\/3313"}],"wp:featuredmedia":[{"embeddable":true,"href":"https:\/\/hueleaazufre.com\/wordpress_a\/index.php\/wp-json\/wp\/v2\/media\/3312"}],"wp:attachment":[{"href":"https:\/\/hueleaazufre.com\/wordpress_a\/index.php\/wp-json\/wp\/v2\/media?parent=3311"}],"wp:term":[{"taxonomy":"category","embeddable":true,"href":"https:\/\/hueleaazufre.com\/wordpress_a\/index.php\/wp-json\/wp\/v2\/categories?post=3311"},{"taxonomy":"post_tag","embeddable":true,"href":"https:\/\/hueleaazufre.com\/wordpress_a\/index.php\/wp-json\/wp\/v2\/tags?post=3311"}],"curies":[{"name":"wp","href":"https:\/\/api.w.org\/{rel}","templated":true}]}}