{"id":3314,"date":"2025-10-23T14:33:45","date_gmt":"2025-10-23T14:33:45","guid":{"rendered":"https:\/\/hueleaazufre.com\/wordpress_a\/?p=3314"},"modified":"2025-10-23T14:33:45","modified_gmt":"2025-10-23T14:33:45","slug":"palestina-una-tormenta-de-dignidad-parte-i","status":"publish","type":"post","link":"https:\/\/hueleaazufre.com\/wordpress_a\/index.php\/2025\/10\/23\/palestina-una-tormenta-de-dignidad-parte-i\/","title":{"rendered":"Palestina: Una Tormenta de Dignidad. Parte I"},"content":{"rendered":"<p class=\"introtext\"><strong>Las preguntas que ha surgido tras dos a\u00f1os desde la denominada Tormenta de Al Aqsa, una operaci\u00f3n con una importancia de hondas repercusiones tiene, a mi entender, dos vertientes principales.<\/strong><\/p>\n<div>\n<p>La primera, aquella que se\u00f1ala el punto de inflexi\u00f3n que significa, a trav\u00e9s de la acci\u00f3n pol\u00edtica militar de Tormenta de Al Aqsa, el poder visibilizar la lucha del pueblo palestino, tras aquel 7 de octubre de 2023.<\/p>\n<p>Un hito que permite hoy conocer, en forma m\u00e1s profunda por parte de nuestras sociedades que, el proceso de ocupaci\u00f3n, colonizaci\u00f3n y exterminio que ha sufrido el pueblo palestino durante 77 a\u00f1os, es una realidad presente, con enormes efectos humanos, econ\u00f3micos, pol\u00edticos, sobre la vida diaria de millones de seres humanos en Palestina y en el transtierro. De esta manera se echa por tierra, en forma contundente, la narrativa y la Hasbar\u00e1\u00a0<strong>(1)\u00a0<\/strong>sionista respecto que, el actual proceso de genocidio comenz\u00f3 producto del ataque de los movimientos de resistencia de Palestina.<\/p>\n<p>Una de las interpelaciones la podemos entender en la siguiente perspectiva \u00bfTormenta de Al Aqsa era inevitable, necesaria, justa, legal? Respuesta que, a lo largo de este articulo podr\u00e1 dilucidarse y que a mi entender, desde ya y sin tanto rodeo, es a favor de los argumentos de la resistencia palestina.<\/p>\n<p><img fetchpriority=\"high\" decoding=\"async\" src=\"https:\/\/cdn.hispantv.com\/hispanmedia\/files\/images\/original\/20251022\/17044774.jpg\" alt=\"\" width=\"570\" height=\"320\" \/><\/p>\n<p>La segunda l\u00ednea, que emana del an\u00e1lisis de lo que ha significado Tormenta de Al Aqsa proviene desde la trinchera del r\u00e9gimen nazisionista israel\u00ed y los gobiernos aliados. Estos, sostienen que, el proceso de agresi\u00f3n, cr\u00edmenes, destrucci\u00f3n y genocidio, posterior al 7 de octubre del 2023, llevado a cabo por el ente israel\u00ed, tiene su g\u00e9nesis y explicaci\u00f3n en base a Tormenta de Al Aqsa y que la respuesta es consecuente con la idea de una conjeturada leg\u00edtima defensa.<\/p>\n<p>Una l\u00ednea argumental de absoluta debilidad legal y moral, que les permite desconocer y minimizar la historia de cr\u00edmenes que la entidad que denominan estado naci\u00f3n jud\u00eda ha cometido, desde el momento de su nacimiento el 14 de mayo de 1948 e incluso con anterioridad a trav\u00e9s de las acciones llevadas a cabo por grupos terroristas sionistas como la banda Stern, Irg\u00fan, la Hagan\u00e1.<\/p>\n<p>Esos movimientos terroristas y sus acciones de terror, bandidaje, usurpaci\u00f3n de tierras y masacres fueron preparando el terreno a trav\u00e9s del llamado Plan Dalet, con el apoyo de potencias como Gran Breta\u00f1a y Estados Unidos, para concretar el mayor acto de pillaje de la historia moderna, como fue la conquista, ocupaci\u00f3n y colonizaci\u00f3n de Palestina. Un Plan detallado con precisi\u00f3n y pleno conocimiento de las autoridades el mandato brit\u00e1nico en palestina, que adem\u00e1s proporcion\u00f3 las armas y la preparaci\u00f3n militar para que esas bandas terroristas actuaran.<\/p>\n<p>El objetivo de este plan era dominar aquellas \u00e1reas que fueran establecidas para el futuro \u201cestado jud\u00edo\u201d cuya recomendaci\u00f3n saldr\u00eda de la resoluci\u00f3n 181 de diciembre de 1947 y por tanto aprovechar esa determinaci\u00f3n no vinculante para hacerse con el control de la mayor cantidad de territorio palestino. Tambi\u00e9n y como se detall\u00f3 en el plan general el obtener el control de las \u00e1reas de asentamiento y concentraci\u00f3n jud\u00edas que se encontraban fuera de las fronteras que se quer\u00edan establecer mediante la citada resoluci\u00f3n de la ONU. Un plan basado en tres planes anteriores: 1. Plan B de septiembre del a\u00f1o 1945 (apenas terminada la segunda guerra mundial. 2. Plan de mayo de 1946 y 3. Plan Yehoshua de marzo de 1948. Evidencia concreta de la complicidad en el expolio de Palestina de las potencias occidentales (2).<\/p>\n<p>Todo ello bajo un manto de supuesta legalidad internacional destinado a dotar de un hogar, principalmente a los europeos de creencia jud\u00eda, en las tierras ancestrales del pueblo palestino. \u00bfLa excusa? Reparar el cr\u00f3nico relato de una persecuci\u00f3n hist\u00f3rica de aquellos creyentes jud\u00edos, que han hecho del victimismo su relato principal.<\/p>\n<p>Una comunidad de jud\u00edos, de diversas nacionalidades, imbuidos, sobre todo a partir de fines del siglo XIX, de la ideolog\u00eda de origen cristiana fundamentalista como es el sionismo y donde es el pueblo palestino el que ha tenido que pagar un alt\u00edsimo precio por ese mito victimista y sobre todo, los cr\u00edmenes cometidos por el Tercer Reich alem\u00e1n.<\/p>\n<p>Desde este relato se instala una interrogante, signada por el dilucidar si frente al ataque de la resistencia palestina aquel 7 de octubre la entidad israel\u00ed ten\u00eda del derecho de llevar a cabo un proceso de destrucci\u00f3n y asesinatos masivos bajo el marco de lo que se denomina la leg\u00edtima defensa invocando incluso la Carta de las Naciones Unidas en su art\u00edculo 51 Misma carta violada una y otra vez por Israel.\u00a0<strong><em>\u201cEl derecho a la leg\u00edtima defensa puede invocarse cuando un Estado se ve amenazado por otro Estado, lo que no es el caso<\/em><\/strong>\u201d sostuvo Francesca Albanese, relatora especial de la ONU sobre los derechos humanos en los territorios palestinos ocupados en un discurso ante el Club de Prensa Australiano (3).<\/p>\n<p>La pol\u00edtica sionista, bajo este manto de legitimar sus acciones criminales ha significado, en estos \u00faltimos dos a\u00f1os, el asesinato de al menos 300 mil palestinos, gran parte de ellos mujeres y ni\u00f1os, ya sea mediante muertes directas e indirectas y que se enmarcar en esta ideolog\u00eda genocida, amplificada en su esencia por los propios l\u00edderes jud\u00edo-sionistas.<\/p>\n<p>Una ideolog\u00eda en esencia criminal, racista, que desprecia a todo ser humano que sea goyim (no jud\u00edos) y que se explica sin ambig\u00fcedad alguna con las palabras de Menachem Begin. Primer ministro de Israel 1977-1983 y Premio Nobel de la Paz, en un discurso dado al Knesset (Parlamento israel\u00ed) citado por Amnon Kapeliouk, Begin and the Beasts, New Statesman, 25 de junio de 1982.<\/p>\n<p>Dichas palabras reflejan la esencia de la dieolog\u00eda y del actuar de lo que es la sociedad israel\u00ed, m\u00e1s all\u00e1 de las responsabilidades de sus l\u00edderes pol\u00edticos y militares\u00a0<strong><em>\u201cNuestra raza es una raza de amos. Nosotros somos dioses sobre este planeta. Somos tan diferentes las razas inferiores como ellos lo son de los insectos. De hecho, comparados con nuestra raza, las otras son bestias, ganado como mucho. Las dem\u00e1s razas son consideradas como excremento humano. Nuestro destino es gobernar sobre las razas inferiores. Nuestro reino terrenal ser\u00e1 gobernado con vara de hierro por nuestro l\u00edder. Las masas lamer\u00e1n nuestros pies y nos servir\u00e1n como nuestros esclavos\u201d.<\/em><\/strong><\/p>\n<p>La respuesta a este eje discursivo se responde en virtud de la primera interrogante pues explica con claridad que no existe argumentaci\u00f3n alguna que permita defender la pol\u00edtica de soluci\u00f3n final llevada a cabo por el r\u00e9gimen civil militar israel\u00ed, con apoyo de gobiernos como Estados Unidos y pa\u00edses europeos, devenidos en socios pol\u00edticos, diplom\u00e1ticos, econ\u00f3micos y militares del ente nazisionista y por tanto c\u00f3mplices del m\u00e1s atroz proceso genocida de los \u00faltimos 80 a\u00f1os.<\/p>\n<p>Con toda claridad Tormenta de Al Aqsa se constituy\u00f3 en un hito fundamental para decirle al mundo que el pueblo palestino a pesar de d\u00e9cadas de usurpaci\u00f3n, expolio y genocidio estaba vivo, que sus sue\u00f1os y anhelos por el logro de la autodeterminaci\u00f3n negada en funci\u00f3n de una entidad supremacista, racista, violenta y punta de lanza de los intereses occidentales en la zona de Asia occidental. Israel representa los intereses de aquellas potencias hegem\u00f3nicas y arrogantes, que han sido el puntal de la pol\u00edtica de ocupaci\u00f3n, colonizaci\u00f3n y exterminio del pueblo palestino por m\u00e1s de siete d\u00e9cadas.<\/p>\n<p>Tormenta de Al Aqsa no fue una acci\u00f3n precipitada. Ha sido una respuesta como lo sostienen los dirigentes de la resistencia en Gaza, frente a d\u00e9cadas de genocidio sistem\u00e1tico, desplazamiento de la poblaci\u00f3n palestina, expulsi\u00f3n, creaci\u00f3n de asentamientos con colonos extranjeros en tierras palestinas que son usurpadas, expoliadas y su poblaci\u00f3n obligada a dejar sus hogares.<\/p>\n<p>Consigno d\u00e9cadas de robos, de cr\u00edmenes, de violaci\u00f3n constante de los derechos humanos. Detenciones arbitrarias, bajo un marco de torturas f\u00edsicas, sicol\u00f3gicas. Violaci\u00f3n de hombres y mujeres, secuestro de menores de edad. Un sinf\u00edn de hechos absolutamente contrarios, no s\u00f3lo al derecho internacional como es la construcci\u00f3n de muros de segregaci\u00f3n, tanto en Cisjordania como en Gaza, sino que violatorios de todo tipo de derechos humanos e incluso de elementos componentes b\u00e1sicos de cualquier pueblo como es su historia, arqueolog\u00eda, gastronom\u00eda, su cultura, musical, literatura. Entre otros.<\/p>\n<p>La Operaci\u00f3n Tormenta de Al Aqsa ha sido un hito fundamental, catalizador para volver a colocar en el centro de la defensa, apoyo y solidaridad al pueblo palestino. Tormenta Al Aqsa, ha sido efectuada desde la justeza, de la necesidad y del derecho que les asiste a los pueblos ocupados el rebelarse y alzarse contra aquellos reg\u00edmenes que en el caso del nacionalsionismo ocupan, colonizan y han generado una pol\u00edtica de exterminio palestino desde hace 77 a\u00f1os hasta hoy.<\/p>\n<p><img decoding=\"async\" src=\"https:\/\/cdn.hispantv.com\/hispanmedia\/files\/images\/original\/20251022\/1705199.jpg\" alt=\"\" width=\"570\" height=\"321\" \/><\/p>\n<p>Shahd Hammouri, profesora de derecho internacional en la Universidad de Kent, en Inglaterra, se\u00f1ala en un interesante art\u00edculo titulado \u201cEl Pueblo Palestino tiene el derecho de resistir por todos los medios disponibles a su alcance\u201d<strong><em>\u00a0<\/em><\/strong><strong>(4)\u00a0<\/strong>se\u00f1ala que los actos de resistencia del pueblo contra una ilegalidad grave no son contrarios a los principios de la Carta de las Naciones Unidas.<\/p>\n<p>Afirma Hammouri que \u201c<strong><em>La resistencia del pueblo palestino, utilizando todos los medios disponibles a su alcance contra un poder de ocupaci\u00f3n ilegal, es un acto leg\u00edtimo. Privar a los pueblos de uno de los derechos m\u00e1s b\u00e1sicos es negar su derecho a la igualdad y la dignidad humana, lo que va en contra de la Carta de las Naciones Unidas. La legitimidad de la resistencia es provocada por la gravedad de la ilegalidad en cuesti\u00f3n, tal como la ausencia de voluntad pol\u00edtica de la comunidad internacional para detener las violaciones y la posici\u00f3n asim\u00e9trica en la que se encuentran las personas subyugadas\u201d.<\/em><\/strong><\/p>\n<p>En su trabajo, la mencionada profesional da a conocer que la legitimidad de esta resistencia palestina ha sido establecida en diversas fuentes del derecho internacional. La confirmaci\u00f3n de esta legitimidad es evidente cuando se examinan las fuentes teniendo en cuenta las opiniones de los Estados y acad\u00e9micos de los pa\u00edses del Sur global en la construcci\u00f3n del derecho internacional. Esta resistencia no es incompatible con la prohibici\u00f3n del uso de la fuerza, ya que constituye una forma de autodefensa colectiva por parte de los pueblos. Tampoco est\u00e1 prohibida por el Derecho Internacional Humanitario, que establece que las personas no est\u00e1n obligadas a prestar lealtad al poder de ocupaci\u00f3n y, por lo tanto, se les permite recurrir a las armas en su resistencia contra un poder de ocupaci\u00f3n ilegal.<\/p>\n<p>&nbsp;<\/p>\n<ol>\n<li>Hasbar\u00e1: Se deriva del verbo hebreo lehasbir, que suele traducirse como \u201cExplicar\u201d o \u201cesclarecer\u201d. Es el campo de trabajo destinado por el sionismo a maquillar y lavar la imagen de un r\u00e9gimen colonialista y ocupante del territorio palestino. La idea de este Hasbara, empleado como programa de propaganda, es dar a conocer la versi\u00f3n israel\u00ed o m\u00e1s bien distorsionar, manipular y desinformar sobre lo que acontece tanto en Palestina como en Asia occidental.<\/li>\n<li>Seg\u00fan relata Ilan Papp\u00e9 (La limpieza \u00e9tnica de Palestina, Barcelona, Cr\u00edtica, 2006, pp. 9-18), este documento fue elaborado en la \u00abCasa Roja\u00bb de Tel Aviv, sede de la Hagan\u00e1. El mi\u00e9rcoles 11 de marzo de 1948, un grupo de once hombres, \u00abconformado por veteranos l\u00edderes sionistas y j\u00f3venes oficiales militares pusieron los toques finales al plan para la limpieza \u00e9tnica de Palestina\u00bb. El Plan D (Dalet en hebreo) era la cuarta y definitiva versi\u00f3n de proyectos anteriores, m\u00e1s vagos y menos contundentes. \u00abA cada unidad se le proporcion\u00f3 su propia lista de aldeas y barrios\u201d\u00a0<a href=\"https:\/\/revistanuestrahistoria.com\/wp-content\/uploads\/2025\/02\/nh18_pp169-176.pdf\">https:\/\/revistanuestrahistoria.com\/wp-content\/uploads\/2025\/02\/nh18_pp169-176.pdf<\/a><\/li>\n<li>Seg\u00fan el Art\u00edculo 51 de la Carta de las Naciones Unidas, hasta que el Consejo de Seguridad adopte medidas para mantener la paz y la seguridad internacionales, \u201cnada en la Carta menoscabar\u00e1 el derecho inherente de leg\u00edtima defensa, individual o colectiva, en caso de ataque armado contra un miembro de las Naciones Unidas\u201d. Desde que Israel inici\u00f3 el bombardeo de la Franja de Gaza, sus funcionarios y sus aliados occidentales defienden las acciones israel\u00edes invocando el Art\u00edculo 51.\u00a0<a href=\"https:\/\/www.aljazeera.com\/news\/2023\/11\/17\/does-israel-have-the-right-to-self-defence-in-gaza\">https:\/\/www.aljazeera.com\/news\/2023\/11\/17\/does-israel-have-the-right-to-self-defence-in-gaza<\/a><\/li>\n<li><a href=\"https:\/\/law4palestine.org\/el-pueblo-palestino-tiene-el-derecho-de-resistir-por-todos-los-medios-disponibles-a-su-alcance-escrito-por-dr-shahd-hammouri\/\">https:\/\/law4palestine.org\/el-pueblo-palestino-tiene-el-derecho-de-resistir-por-todos-los-medios-disponibles-a-su-alcance-escrito-por-dr-shahd-hammouri\/<\/a><\/li>\n<\/ol>\n<p><a href=\"https:\/\/www.hispantv.com\/noticias\/opinion\/633521\/palestina-tormenta-aqsa-dignidad\"><strong>Fuente: Hispantv\/Pablo Jofr\u00e9 Leal<\/strong><\/a><\/p>\n<\/div>\n","protected":false},"excerpt":{"rendered":"<p>Las preguntas que ha surgido tras dos a\u00f1os desde la denominada Tormenta de Al Aqsa,&#8230;<\/p>\n","protected":false},"author":1,"featured_media":3315,"comment_status":"open","ping_status":"closed","sticky":false,"template":"","format":"standard","meta":{"footnotes":""},"categories":[70],"tags":[780,379,104,199],"class_list":["post-3314","post","type-post","status-publish","format-standard","has-post-thumbnail","hentry","category-otras-voces","tag-al-aqsa","tag-militar","tag-palestina","tag-politica"],"yoast_head":"<!-- This site is optimized with the Yoast SEO plugin v27.5 - https:\/\/yoast.com\/product\/yoast-seo-wordpress\/ -->\n<title>Palestina: Una Tormenta de Dignidad. Parte I -<\/title>\n<meta name=\"description\" content=\"Palestina. Las preguntas que ha surgido tras dos a\u00f1os desde la denominada Tormenta de Al Aqsa, una operaci\u00f3n con una importancia de hondas repercusiones.\" \/>\n<meta name=\"robots\" content=\"index, follow, max-snippet:-1, max-image-preview:large, max-video-preview:-1\" \/>\n<link rel=\"canonical\" href=\"https:\/\/hueleaazufre.com\/wordpress_a\/index.php\/2025\/10\/23\/palestina-una-tormenta-de-dignidad-parte-i\/\" \/>\n<meta property=\"og:locale\" content=\"es_ES\" \/>\n<meta property=\"og:type\" content=\"article\" \/>\n<meta property=\"og:title\" content=\"Palestina: Una Tormenta de Dignidad. Parte I -\" \/>\n<meta property=\"og:description\" content=\"Palestina. Las preguntas que ha surgido tras dos a\u00f1os desde la denominada Tormenta de Al Aqsa, una operaci\u00f3n con una importancia de hondas repercusiones.\" \/>\n<meta property=\"og:url\" content=\"https:\/\/hueleaazufre.com\/wordpress_a\/index.php\/2025\/10\/23\/palestina-una-tormenta-de-dignidad-parte-i\/\" \/>\n<meta property=\"article:published_time\" content=\"2025-10-23T14:33:45+00:00\" \/>\n<meta property=\"og:image\" content=\"https:\/\/hueleaazufre.com\/wordpress_a\/wp-content\/uploads\/2025\/10\/2a-9.webp\" \/>\n\t<meta property=\"og:image:width\" content=\"880\" \/>\n\t<meta property=\"og:image:height\" content=\"495\" \/>\n\t<meta property=\"og:image:type\" content=\"image\/webp\" \/>\n<meta name=\"author\" content=\"Huele a azufre\" \/>\n<meta name=\"twitter:card\" content=\"summary_large_image\" \/>\n<meta name=\"twitter:label1\" content=\"Escrito por\" \/>\n\t<meta name=\"twitter:data1\" content=\"Huele a azufre\" \/>\n\t<meta name=\"twitter:label2\" content=\"Tiempo de lectura\" \/>\n\t<meta name=\"twitter:data2\" content=\"10 minutos\" \/>\n<script type=\"application\/ld+json\" class=\"yoast-schema-graph\">{\"@context\":\"https:\\\/\\\/schema.org\",\"@graph\":[{\"@type\":\"Article\",\"@id\":\"https:\\\/\\\/hueleaazufre.com\\\/wordpress_a\\\/index.php\\\/2025\\\/10\\\/23\\\/palestina-una-tormenta-de-dignidad-parte-i\\\/#article\",\"isPartOf\":{\"@id\":\"https:\\\/\\\/hueleaazufre.com\\\/wordpress_a\\\/index.php\\\/2025\\\/10\\\/23\\\/palestina-una-tormenta-de-dignidad-parte-i\\\/\"},\"author\":{\"name\":\"Huele a azufre\",\"@id\":\"https:\\\/\\\/hueleaazufre.com\\\/wordpress_a\\\/#\\\/schema\\\/person\\\/549dd871707ea7f9f1a686323ebe9baa\"},\"headline\":\"Palestina: Una Tormenta de Dignidad. Parte I\",\"datePublished\":\"2025-10-23T14:33:45+00:00\",\"mainEntityOfPage\":{\"@id\":\"https:\\\/\\\/hueleaazufre.com\\\/wordpress_a\\\/index.php\\\/2025\\\/10\\\/23\\\/palestina-una-tormenta-de-dignidad-parte-i\\\/\"},\"wordCount\":2129,\"commentCount\":0,\"image\":{\"@id\":\"https:\\\/\\\/hueleaazufre.com\\\/wordpress_a\\\/index.php\\\/2025\\\/10\\\/23\\\/palestina-una-tormenta-de-dignidad-parte-i\\\/#primaryimage\"},\"thumbnailUrl\":\"https:\\\/\\\/hueleaazufre.com\\\/wordpress_a\\\/wp-content\\\/uploads\\\/2025\\\/10\\\/2a-9.webp\",\"keywords\":[\"Al Aqsa\",\"militar\",\"Palestina\",\"pol\u00edtica\"],\"articleSection\":[\"Otras voces\"],\"inLanguage\":\"es\",\"potentialAction\":[{\"@type\":\"CommentAction\",\"name\":\"Comment\",\"target\":[\"https:\\\/\\\/hueleaazufre.com\\\/wordpress_a\\\/index.php\\\/2025\\\/10\\\/23\\\/palestina-una-tormenta-de-dignidad-parte-i\\\/#respond\"]}]},{\"@type\":\"WebPage\",\"@id\":\"https:\\\/\\\/hueleaazufre.com\\\/wordpress_a\\\/index.php\\\/2025\\\/10\\\/23\\\/palestina-una-tormenta-de-dignidad-parte-i\\\/\",\"url\":\"https:\\\/\\\/hueleaazufre.com\\\/wordpress_a\\\/index.php\\\/2025\\\/10\\\/23\\\/palestina-una-tormenta-de-dignidad-parte-i\\\/\",\"name\":\"Palestina: Una Tormenta de Dignidad. Parte I -\",\"isPartOf\":{\"@id\":\"https:\\\/\\\/hueleaazufre.com\\\/wordpress_a\\\/#website\"},\"primaryImageOfPage\":{\"@id\":\"https:\\\/\\\/hueleaazufre.com\\\/wordpress_a\\\/index.php\\\/2025\\\/10\\\/23\\\/palestina-una-tormenta-de-dignidad-parte-i\\\/#primaryimage\"},\"image\":{\"@id\":\"https:\\\/\\\/hueleaazufre.com\\\/wordpress_a\\\/index.php\\\/2025\\\/10\\\/23\\\/palestina-una-tormenta-de-dignidad-parte-i\\\/#primaryimage\"},\"thumbnailUrl\":\"https:\\\/\\\/hueleaazufre.com\\\/wordpress_a\\\/wp-content\\\/uploads\\\/2025\\\/10\\\/2a-9.webp\",\"datePublished\":\"2025-10-23T14:33:45+00:00\",\"author\":{\"@id\":\"https:\\\/\\\/hueleaazufre.com\\\/wordpress_a\\\/#\\\/schema\\\/person\\\/549dd871707ea7f9f1a686323ebe9baa\"},\"description\":\"Palestina. Las preguntas que ha surgido tras dos a\u00f1os desde la denominada Tormenta de Al Aqsa, una operaci\u00f3n con una importancia de hondas repercusiones.\",\"breadcrumb\":{\"@id\":\"https:\\\/\\\/hueleaazufre.com\\\/wordpress_a\\\/index.php\\\/2025\\\/10\\\/23\\\/palestina-una-tormenta-de-dignidad-parte-i\\\/#breadcrumb\"},\"inLanguage\":\"es\",\"potentialAction\":[{\"@type\":\"ReadAction\",\"target\":[\"https:\\\/\\\/hueleaazufre.com\\\/wordpress_a\\\/index.php\\\/2025\\\/10\\\/23\\\/palestina-una-tormenta-de-dignidad-parte-i\\\/\"]}]},{\"@type\":\"ImageObject\",\"inLanguage\":\"es\",\"@id\":\"https:\\\/\\\/hueleaazufre.com\\\/wordpress_a\\\/index.php\\\/2025\\\/10\\\/23\\\/palestina-una-tormenta-de-dignidad-parte-i\\\/#primaryimage\",\"url\":\"https:\\\/\\\/hueleaazufre.com\\\/wordpress_a\\\/wp-content\\\/uploads\\\/2025\\\/10\\\/2a-9.webp\",\"contentUrl\":\"https:\\\/\\\/hueleaazufre.com\\\/wordpress_a\\\/wp-content\\\/uploads\\\/2025\\\/10\\\/2a-9.webp\",\"width\":880,\"height\":495},{\"@type\":\"BreadcrumbList\",\"@id\":\"https:\\\/\\\/hueleaazufre.com\\\/wordpress_a\\\/index.php\\\/2025\\\/10\\\/23\\\/palestina-una-tormenta-de-dignidad-parte-i\\\/#breadcrumb\",\"itemListElement\":[{\"@type\":\"ListItem\",\"position\":1,\"name\":\"Portada\",\"item\":\"https:\\\/\\\/hueleaazufre.com\\\/wordpress_a\\\/\"},{\"@type\":\"ListItem\",\"position\":2,\"name\":\"Palestina: Una Tormenta de Dignidad. Parte I\"}]},{\"@type\":\"WebSite\",\"@id\":\"https:\\\/\\\/hueleaazufre.com\\\/wordpress_a\\\/#website\",\"url\":\"https:\\\/\\\/hueleaazufre.com\\\/wordpress_a\\\/\",\"name\":\"\",\"description\":\"Huele a azufre es una plataforma digital de an\u00e1lisis geopol\u00edtico.\",\"potentialAction\":[{\"@type\":\"SearchAction\",\"target\":{\"@type\":\"EntryPoint\",\"urlTemplate\":\"https:\\\/\\\/hueleaazufre.com\\\/wordpress_a\\\/?s={search_term_string}\"},\"query-input\":{\"@type\":\"PropertyValueSpecification\",\"valueRequired\":true,\"valueName\":\"search_term_string\"}}],\"inLanguage\":\"es\"},{\"@type\":\"Person\",\"@id\":\"https:\\\/\\\/hueleaazufre.com\\\/wordpress_a\\\/#\\\/schema\\\/person\\\/549dd871707ea7f9f1a686323ebe9baa\",\"name\":\"Huele a azufre\",\"image\":{\"@type\":\"ImageObject\",\"inLanguage\":\"es\",\"@id\":\"https:\\\/\\\/secure.gravatar.com\\\/avatar\\\/e972d5c124b9bf80eb4c9d322a90dd86a59d447f5da36700a77516f13637d44e?s=96&d=mm&r=g\",\"url\":\"https:\\\/\\\/secure.gravatar.com\\\/avatar\\\/e972d5c124b9bf80eb4c9d322a90dd86a59d447f5da36700a77516f13637d44e?s=96&d=mm&r=g\",\"contentUrl\":\"https:\\\/\\\/secure.gravatar.com\\\/avatar\\\/e972d5c124b9bf80eb4c9d322a90dd86a59d447f5da36700a77516f13637d44e?s=96&d=mm&r=g\",\"caption\":\"Huele a azufre\"},\"description\":\"Huele a azufre es una plataforma digital de an\u00e1lisis geopol\u00edtico\u00a0 contrahegem\u00f3nico, que busca visibilizar las voces y los discursos silenciados por el poder medi\u00e1tico.\",\"sameAs\":[\"https:\\\/\\\/hueleaazufre.com\\\/wordpress_a\"],\"url\":\"https:\\\/\\\/hueleaazufre.com\\\/wordpress_a\\\/index.php\\\/author\\\/admin_tupapa\\\/\"}]}<\/script>\n<!-- \/ Yoast SEO plugin. -->","yoast_head_json":{"title":"Palestina: Una Tormenta de Dignidad. Parte I -","description":"Palestina. Las preguntas que ha surgido tras dos a\u00f1os desde la denominada Tormenta de Al Aqsa, una operaci\u00f3n con una importancia de hondas repercusiones.","robots":{"index":"index","follow":"follow","max-snippet":"max-snippet:-1","max-image-preview":"max-image-preview:large","max-video-preview":"max-video-preview:-1"},"canonical":"https:\/\/hueleaazufre.com\/wordpress_a\/index.php\/2025\/10\/23\/palestina-una-tormenta-de-dignidad-parte-i\/","og_locale":"es_ES","og_type":"article","og_title":"Palestina: Una Tormenta de Dignidad. Parte I -","og_description":"Palestina. Las preguntas que ha surgido tras dos a\u00f1os desde la denominada Tormenta de Al Aqsa, una operaci\u00f3n con una importancia de hondas repercusiones.","og_url":"https:\/\/hueleaazufre.com\/wordpress_a\/index.php\/2025\/10\/23\/palestina-una-tormenta-de-dignidad-parte-i\/","article_published_time":"2025-10-23T14:33:45+00:00","og_image":[{"width":880,"height":495,"url":"https:\/\/hueleaazufre.com\/wordpress_a\/wp-content\/uploads\/2025\/10\/2a-9.webp","type":"image\/webp"}],"author":"Huele a azufre","twitter_card":"summary_large_image","twitter_misc":{"Escrito por":"Huele a azufre","Tiempo de lectura":"10 minutos"},"schema":{"@context":"https:\/\/schema.org","@graph":[{"@type":"Article","@id":"https:\/\/hueleaazufre.com\/wordpress_a\/index.php\/2025\/10\/23\/palestina-una-tormenta-de-dignidad-parte-i\/#article","isPartOf":{"@id":"https:\/\/hueleaazufre.com\/wordpress_a\/index.php\/2025\/10\/23\/palestina-una-tormenta-de-dignidad-parte-i\/"},"author":{"name":"Huele a azufre","@id":"https:\/\/hueleaazufre.com\/wordpress_a\/#\/schema\/person\/549dd871707ea7f9f1a686323ebe9baa"},"headline":"Palestina: Una Tormenta de Dignidad. Parte I","datePublished":"2025-10-23T14:33:45+00:00","mainEntityOfPage":{"@id":"https:\/\/hueleaazufre.com\/wordpress_a\/index.php\/2025\/10\/23\/palestina-una-tormenta-de-dignidad-parte-i\/"},"wordCount":2129,"commentCount":0,"image":{"@id":"https:\/\/hueleaazufre.com\/wordpress_a\/index.php\/2025\/10\/23\/palestina-una-tormenta-de-dignidad-parte-i\/#primaryimage"},"thumbnailUrl":"https:\/\/hueleaazufre.com\/wordpress_a\/wp-content\/uploads\/2025\/10\/2a-9.webp","keywords":["Al Aqsa","militar","Palestina","pol\u00edtica"],"articleSection":["Otras voces"],"inLanguage":"es","potentialAction":[{"@type":"CommentAction","name":"Comment","target":["https:\/\/hueleaazufre.com\/wordpress_a\/index.php\/2025\/10\/23\/palestina-una-tormenta-de-dignidad-parte-i\/#respond"]}]},{"@type":"WebPage","@id":"https:\/\/hueleaazufre.com\/wordpress_a\/index.php\/2025\/10\/23\/palestina-una-tormenta-de-dignidad-parte-i\/","url":"https:\/\/hueleaazufre.com\/wordpress_a\/index.php\/2025\/10\/23\/palestina-una-tormenta-de-dignidad-parte-i\/","name":"Palestina: Una Tormenta de Dignidad. Parte I -","isPartOf":{"@id":"https:\/\/hueleaazufre.com\/wordpress_a\/#website"},"primaryImageOfPage":{"@id":"https:\/\/hueleaazufre.com\/wordpress_a\/index.php\/2025\/10\/23\/palestina-una-tormenta-de-dignidad-parte-i\/#primaryimage"},"image":{"@id":"https:\/\/hueleaazufre.com\/wordpress_a\/index.php\/2025\/10\/23\/palestina-una-tormenta-de-dignidad-parte-i\/#primaryimage"},"thumbnailUrl":"https:\/\/hueleaazufre.com\/wordpress_a\/wp-content\/uploads\/2025\/10\/2a-9.webp","datePublished":"2025-10-23T14:33:45+00:00","author":{"@id":"https:\/\/hueleaazufre.com\/wordpress_a\/#\/schema\/person\/549dd871707ea7f9f1a686323ebe9baa"},"description":"Palestina. Las preguntas que ha surgido tras dos a\u00f1os desde la denominada Tormenta de Al Aqsa, una operaci\u00f3n con una importancia de hondas repercusiones.","breadcrumb":{"@id":"https:\/\/hueleaazufre.com\/wordpress_a\/index.php\/2025\/10\/23\/palestina-una-tormenta-de-dignidad-parte-i\/#breadcrumb"},"inLanguage":"es","potentialAction":[{"@type":"ReadAction","target":["https:\/\/hueleaazufre.com\/wordpress_a\/index.php\/2025\/10\/23\/palestina-una-tormenta-de-dignidad-parte-i\/"]}]},{"@type":"ImageObject","inLanguage":"es","@id":"https:\/\/hueleaazufre.com\/wordpress_a\/index.php\/2025\/10\/23\/palestina-una-tormenta-de-dignidad-parte-i\/#primaryimage","url":"https:\/\/hueleaazufre.com\/wordpress_a\/wp-content\/uploads\/2025\/10\/2a-9.webp","contentUrl":"https:\/\/hueleaazufre.com\/wordpress_a\/wp-content\/uploads\/2025\/10\/2a-9.webp","width":880,"height":495},{"@type":"BreadcrumbList","@id":"https:\/\/hueleaazufre.com\/wordpress_a\/index.php\/2025\/10\/23\/palestina-una-tormenta-de-dignidad-parte-i\/#breadcrumb","itemListElement":[{"@type":"ListItem","position":1,"name":"Portada","item":"https:\/\/hueleaazufre.com\/wordpress_a\/"},{"@type":"ListItem","position":2,"name":"Palestina: Una Tormenta de Dignidad. Parte I"}]},{"@type":"WebSite","@id":"https:\/\/hueleaazufre.com\/wordpress_a\/#website","url":"https:\/\/hueleaazufre.com\/wordpress_a\/","name":"","description":"Huele a azufre es una plataforma digital de an\u00e1lisis geopol\u00edtico.","potentialAction":[{"@type":"SearchAction","target":{"@type":"EntryPoint","urlTemplate":"https:\/\/hueleaazufre.com\/wordpress_a\/?s={search_term_string}"},"query-input":{"@type":"PropertyValueSpecification","valueRequired":true,"valueName":"search_term_string"}}],"inLanguage":"es"},{"@type":"Person","@id":"https:\/\/hueleaazufre.com\/wordpress_a\/#\/schema\/person\/549dd871707ea7f9f1a686323ebe9baa","name":"Huele a azufre","image":{"@type":"ImageObject","inLanguage":"es","@id":"https:\/\/secure.gravatar.com\/avatar\/e972d5c124b9bf80eb4c9d322a90dd86a59d447f5da36700a77516f13637d44e?s=96&d=mm&r=g","url":"https:\/\/secure.gravatar.com\/avatar\/e972d5c124b9bf80eb4c9d322a90dd86a59d447f5da36700a77516f13637d44e?s=96&d=mm&r=g","contentUrl":"https:\/\/secure.gravatar.com\/avatar\/e972d5c124b9bf80eb4c9d322a90dd86a59d447f5da36700a77516f13637d44e?s=96&d=mm&r=g","caption":"Huele a azufre"},"description":"Huele a azufre es una plataforma digital de an\u00e1lisis geopol\u00edtico\u00a0 contrahegem\u00f3nico, que busca visibilizar las voces y los discursos silenciados por el poder medi\u00e1tico.","sameAs":["https:\/\/hueleaazufre.com\/wordpress_a"],"url":"https:\/\/hueleaazufre.com\/wordpress_a\/index.php\/author\/admin_tupapa\/"}]}},"_links":{"self":[{"href":"https:\/\/hueleaazufre.com\/wordpress_a\/index.php\/wp-json\/wp\/v2\/posts\/3314","targetHints":{"allow":["GET"]}}],"collection":[{"href":"https:\/\/hueleaazufre.com\/wordpress_a\/index.php\/wp-json\/wp\/v2\/posts"}],"about":[{"href":"https:\/\/hueleaazufre.com\/wordpress_a\/index.php\/wp-json\/wp\/v2\/types\/post"}],"author":[{"embeddable":true,"href":"https:\/\/hueleaazufre.com\/wordpress_a\/index.php\/wp-json\/wp\/v2\/users\/1"}],"replies":[{"embeddable":true,"href":"https:\/\/hueleaazufre.com\/wordpress_a\/index.php\/wp-json\/wp\/v2\/comments?post=3314"}],"version-history":[{"count":1,"href":"https:\/\/hueleaazufre.com\/wordpress_a\/index.php\/wp-json\/wp\/v2\/posts\/3314\/revisions"}],"predecessor-version":[{"id":3316,"href":"https:\/\/hueleaazufre.com\/wordpress_a\/index.php\/wp-json\/wp\/v2\/posts\/3314\/revisions\/3316"}],"wp:featuredmedia":[{"embeddable":true,"href":"https:\/\/hueleaazufre.com\/wordpress_a\/index.php\/wp-json\/wp\/v2\/media\/3315"}],"wp:attachment":[{"href":"https:\/\/hueleaazufre.com\/wordpress_a\/index.php\/wp-json\/wp\/v2\/media?parent=3314"}],"wp:term":[{"taxonomy":"category","embeddable":true,"href":"https:\/\/hueleaazufre.com\/wordpress_a\/index.php\/wp-json\/wp\/v2\/categories?post=3314"},{"taxonomy":"post_tag","embeddable":true,"href":"https:\/\/hueleaazufre.com\/wordpress_a\/index.php\/wp-json\/wp\/v2\/tags?post=3314"}],"curies":[{"name":"wp","href":"https:\/\/api.w.org\/{rel}","templated":true}]}}