{"id":3340,"date":"2025-10-27T20:33:33","date_gmt":"2025-10-27T20:33:33","guid":{"rendered":"https:\/\/hueleaazufre.com\/wordpress_a\/?p=3340"},"modified":"2025-10-27T20:33:33","modified_gmt":"2025-10-27T20:33:33","slug":"entre-el-encuadre-mediatico-y-el-cultivo-cultural-como-promueven-los-medios-libaneses-las-negociaciones-con-israel","status":"publish","type":"post","link":"https:\/\/hueleaazufre.com\/wordpress_a\/index.php\/2025\/10\/27\/entre-el-encuadre-mediatico-y-el-cultivo-cultural-como-promueven-los-medios-libaneses-las-negociaciones-con-israel\/","title":{"rendered":"Entre el encuadre medi\u00e1tico y el cultivo cultural: \u00bfC\u00f3mo promueven los medios libaneses las negociaciones con \u201cIsrael\u201d?"},"content":{"rendered":"<p class=\"p-summary\"><strong>Algunos medios de comunicaci\u00f3n libaneses est\u00e1n tratando de replantear las l\u00edneas rojas nacionales para que \u00abIsrael\u00bb, las negociaciones, la normalizaci\u00f3n y el desarme se conviertan en temas clave en las pr\u00f3ximas elecciones.<\/strong><\/p>\n<div class=\"post-metas-wrapper\">\n<div class=\"audio-player-section\">\n<div>\n<div class=\"audio-player-btn\">\n<p>Algunos pol\u00edticos en L\u00edbano promueven, cada vez m\u00e1s, en los medios libaneses la\u00a0 idea de \u00abnegociar con \u00abIsrael\u00bb como una idea real. Emplean mecanismos profesionales, combinan la teor\u00eda del encuadre medi\u00e1tico y la del cultivo cultural, para moldear la percepci\u00f3n p\u00fablica y prepararla para aceptar lo que antes se consideraban los l\u00edmiteses acordados por la mayor\u00eda de los libaneses.<\/p>\n<h2>1- Teor\u00eda del encuadre medi\u00e1tico<\/h2>\n<p>La teor\u00eda del encuadre medi\u00e1tico enfatiza que\u00a0<strong>los medios no transmiten los hechos de forma neutral,\u00a0<\/strong>sino que los presentan mediante \u00abencuadres interpretativos\u00bb que seleccionan aspectos para destacar y marginan otros. En consecuencia, estos determinan c\u00f3mo el p\u00fablico entiende el evento e influyen en su interpretaci\u00f3n.<\/p>\n<p>Estos medios repiten deliberadamente los encuadres de una manera que las interpretaciones parezcan intuitivas y naturales, y crean percepciones fijas en la audiencia. Luego, el encuadre se extiende a la elecci\u00f3n del lenguaje y la terminolog\u00eda, destacan algunos temas y descuidan otros para lograr objetivos pol\u00edticos o sociales espec\u00edficos.<\/p>\n<p>Por ejemplo, los medios de comunicaci\u00f3n presentan la negociaci\u00f3n con \u00abIsrael\u00bb como una soluci\u00f3n pr\u00e1ctica y necesaria ante la crisis econ\u00f3mica que sufrel L\u00edbano, mientras que cualquier negativa para llegar a un acuerdo se presenta como un obst\u00e1culo para la \u00abestabilidad\u00bb y el \u00abrescate econ\u00f3mico\u00bb.<\/p>\n<p>El vocabulario se estructura en consecuencia, utilizan la \u00abriqueza econ\u00f3mica\u00bb y la \u00abprosperidad\u00bb como resultados, e ignoran los costos pol\u00edticos y econ\u00f3micos y evitando hacer comparaciones con otros pa\u00edses.<\/p>\n<p>Por ejemplo, se hace referencia a la \u00abapertura internacional\u00bb de Siria debido a su aceptaci\u00f3n del principio de normalizaci\u00f3n con \u00abIsrael\u00bb, mientras que se ignoran los continuos bombardeos israel\u00edes sobre territorio sirio y su negativa a ceder el Gol\u00e1n, el Monte Herm\u00f3n y los territorios ocupados por \u00abTel Aviv\u00bb tras la ca\u00edda del r\u00e9gimen.<\/p>\n<h2>2- Teor\u00eda del Cultivo Cultural<\/h2>\n<p>La teor\u00eda del cultivo se centra en el\u00a0<strong>impacto acumulativo a largo plazo de los medios de comunicaci\u00f3n en la formaci\u00f3n de las percepciones y los valores de la audiencia.<\/strong>\u00a0La exposici\u00f3n continua a mensajes medi\u00e1ticos similares lleva a individuos y grupos a adoptar una visi\u00f3n de la realidad que se alinea con la imagen presentada, incluso si esta entra en conflicto con sus experiencias personales inmediatas.<\/p>\n<blockquote><p>Por lo tanto, el poder del cultivo cultural reside en su efecto lento y acumulativo, que modifica gradualmente la cultura y el comportamiento social sin que los individuos experimenten el cambio inmediato.<\/p><\/blockquote>\n<p>As\u00ed, los medios repiten repetidamente la idea de que \u00abla negociaci\u00f3n es la soluci\u00f3n\u00bb en diversos programas y an\u00e1lisis, lo que aumenta la probabilidad de que la audiencia la d\u00e9 por sentada. Esta repetici\u00f3n crea lo que se conoce como el\u00a0<strong>\u00abefecto de la verdad ilusoria\u00bb<\/strong>, por lo cual\u00a0<strong>las personas tienden a creer la informaci\u00f3n a la que est\u00e1n constantemente expuestas.<\/strong><\/p>\n<p>En el \u00e1mbito del cultivo cultural, se presenta a \u00abIsrael\u00bb<\/p>\n<ul>\n<li>como un \u00absocio de paz\u00bb y un \u00abvecino normal\u00bb,<\/li>\n<li>y se ignora el genocidio en Gaza,<\/li>\n<li>los continuos bombardeos y cr\u00edmenes de guerra en L\u00edbano,<\/li>\n<li>la ocupaci\u00f3n de territorios libaneses y las violaciones de derechos humanos en Palestina.<\/li>\n<li>La atenci\u00f3n se centra en el desarrollo econ\u00f3mico y la apertura internacional, creando una imagen parcialmente positiva que oculta los riesgos reales.<\/li>\n<\/ul>\n<p>Se difunden informes sobre la cooperaci\u00f3n econ\u00f3mica en otros pa\u00edses \u00e1rabes para promover la idea de que la normalizaci\u00f3n es \u00abinevitable\u00bb y \u00abno una concesi\u00f3n\u00bb. A trav\u00e9s de las\u00a0<strong>redes sociales y los programas juveniles<\/strong>, se busca formar una generaci\u00f3n que vea a \u00abIsrael\u00bb como una realidad con la que se puede lidiar, en lugar de un \u00abenemigo existencial\u00bb.<\/p>\n<p>Por lo tanto, el\u00a0<strong>encuadre medi\u00e1tico determina el enfoque y el lenguaje de la presentaci\u00f3n<\/strong>, y qu\u00e9 aspectos deben destacarse y cu\u00e1les ocultarse. La instilaci\u00f3n cultural, por otro lado, trabaja para consolidar estos mensajes a largo plazo, influyendo gradualmente en la audiencia para que se vea influenciada por estos elementos del encuadre.<\/p>\n<p>El\u00a0<strong>encuadre puede considerarse una etapa inmediata y estrat\u00e9gica de la presentaci\u00f3n de la idea<\/strong>, por su parte,<strong>\u00a0la instilaci\u00f3n cultural representa una influencia lenta y sostenida que cambia gradualmente la cultura y el comportamiento social.<\/strong><\/p>\n<p>As\u00ed, al combinar estas dos teor\u00edas,<strong>\u00a0algunos medios de comunicaci\u00f3n libaneses buscan redefinir gradualmente las l\u00edneas rojas nacionales en preparaci\u00f3n para las pr\u00f3ximas elecciones parlamentarias<\/strong>, donde la cuesti\u00f3n de \u00abIsrael\u00bb, las negociaciones, la normalizaci\u00f3n y el desarme ser\u00e1n algunos de los temas electorales m\u00e1s destacados.<\/p>\n<p><a href=\"https:\/\/espanol.almayadeen.net\/articles\/2082292\/entre-el-encuadre-mediatico-y-el-cultivo-cultural---como-pro\"><strong>Fuente: Al Mayadeen\/Laila Nicol\u00e1s<\/strong><\/a><\/p>\n<\/div>\n<\/div>\n<\/div>\n<\/div>\n","protected":false},"excerpt":{"rendered":"<p>Algunos medios de comunicaci\u00f3n libaneses est\u00e1n tratando de replantear las l\u00edneas rojas nacionales para que&#8230;<\/p>\n","protected":false},"author":1,"featured_media":3341,"comment_status":"open","ping_status":"closed","sticky":false,"template":"","format":"standard","meta":{"footnotes":""},"categories":[56],"tags":[25,1008,1009],"class_list":["post-3340","post","type-post","status-publish","format-standard","has-post-thumbnail","hentry","category-medios-aliados","tag-israel","tag-mediatico","tag-negociaciones"],"yoast_head":"<!-- This site is optimized with the Yoast SEO plugin v27.5 - https:\/\/yoast.com\/product\/yoast-seo-wordpress\/ -->\n<title>Entre el encuadre medi\u00e1tico y el cultivo cultural: \u00bfC\u00f3mo promueven los medios libaneses las negociaciones con \u201cIsrael\u201d? -<\/title>\n<meta name=\"description\" content=\"Encuadre medi\u00e1tico. Algunos medios de comunicaci\u00f3n libaneses est\u00e1n tratando de replantear las l\u00edneas rojas nacionales.\" \/>\n<meta name=\"robots\" content=\"index, follow, max-snippet:-1, max-image-preview:large, max-video-preview:-1\" \/>\n<link rel=\"canonical\" href=\"https:\/\/hueleaazufre.com\/wordpress_a\/index.php\/2025\/10\/27\/entre-el-encuadre-mediatico-y-el-cultivo-cultural-como-promueven-los-medios-libaneses-las-negociaciones-con-israel\/\" \/>\n<meta property=\"og:locale\" content=\"es_ES\" \/>\n<meta property=\"og:type\" content=\"article\" \/>\n<meta property=\"og:title\" content=\"Entre el encuadre medi\u00e1tico y el cultivo cultural: \u00bfC\u00f3mo promueven los medios libaneses las negociaciones con \u201cIsrael\u201d? -\" \/>\n<meta property=\"og:description\" content=\"Encuadre medi\u00e1tico. Algunos medios de comunicaci\u00f3n libaneses est\u00e1n tratando de replantear las l\u00edneas rojas nacionales.\" \/>\n<meta property=\"og:url\" content=\"https:\/\/hueleaazufre.com\/wordpress_a\/index.php\/2025\/10\/27\/entre-el-encuadre-mediatico-y-el-cultivo-cultural-como-promueven-los-medios-libaneses-las-negociaciones-con-israel\/\" \/>\n<meta property=\"article:published_time\" content=\"2025-10-27T20:33:33+00:00\" \/>\n<meta property=\"og:image\" content=\"https:\/\/hueleaazufre.com\/wordpress_a\/wp-content\/uploads\/2025\/10\/freepik__genera-una-imagen-de-dos-personas-varones-y-de-una__17107aa.webp\" \/>\n\t<meta property=\"og:image:width\" content=\"1024\" \/>\n\t<meta property=\"og:image:height\" content=\"1024\" \/>\n\t<meta property=\"og:image:type\" content=\"image\/webp\" \/>\n<meta name=\"author\" content=\"Huele a azufre\" \/>\n<meta name=\"twitter:card\" content=\"summary_large_image\" \/>\n<meta name=\"twitter:label1\" content=\"Escrito por\" \/>\n\t<meta name=\"twitter:data1\" content=\"Huele a azufre\" \/>\n\t<meta name=\"twitter:label2\" content=\"Tiempo de lectura\" \/>\n\t<meta name=\"twitter:data2\" content=\"4 minutos\" \/>\n<script type=\"application\/ld+json\" class=\"yoast-schema-graph\">{\"@context\":\"https:\\\/\\\/schema.org\",\"@graph\":[{\"@type\":\"Article\",\"@id\":\"https:\\\/\\\/hueleaazufre.com\\\/wordpress_a\\\/index.php\\\/2025\\\/10\\\/27\\\/entre-el-encuadre-mediatico-y-el-cultivo-cultural-como-promueven-los-medios-libaneses-las-negociaciones-con-israel\\\/#article\",\"isPartOf\":{\"@id\":\"https:\\\/\\\/hueleaazufre.com\\\/wordpress_a\\\/index.php\\\/2025\\\/10\\\/27\\\/entre-el-encuadre-mediatico-y-el-cultivo-cultural-como-promueven-los-medios-libaneses-las-negociaciones-con-israel\\\/\"},\"author\":{\"name\":\"Huele a azufre\",\"@id\":\"https:\\\/\\\/hueleaazufre.com\\\/wordpress_a\\\/#\\\/schema\\\/person\\\/549dd871707ea7f9f1a686323ebe9baa\"},\"headline\":\"Entre el encuadre medi\u00e1tico y el cultivo cultural: \u00bfC\u00f3mo promueven los medios libaneses las negociaciones con \u201cIsrael\u201d?\",\"datePublished\":\"2025-10-27T20:33:33+00:00\",\"mainEntityOfPage\":{\"@id\":\"https:\\\/\\\/hueleaazufre.com\\\/wordpress_a\\\/index.php\\\/2025\\\/10\\\/27\\\/entre-el-encuadre-mediatico-y-el-cultivo-cultural-como-promueven-los-medios-libaneses-las-negociaciones-con-israel\\\/\"},\"wordCount\":857,\"commentCount\":0,\"image\":{\"@id\":\"https:\\\/\\\/hueleaazufre.com\\\/wordpress_a\\\/index.php\\\/2025\\\/10\\\/27\\\/entre-el-encuadre-mediatico-y-el-cultivo-cultural-como-promueven-los-medios-libaneses-las-negociaciones-con-israel\\\/#primaryimage\"},\"thumbnailUrl\":\"https:\\\/\\\/hueleaazufre.com\\\/wordpress_a\\\/wp-content\\\/uploads\\\/2025\\\/10\\\/freepik__genera-una-imagen-de-dos-personas-varones-y-de-una__17107aa.webp\",\"keywords\":[\"Israel\",\"medi\u00e1tico\",\"negociaciones\"],\"articleSection\":[\"Medios aliados\"],\"inLanguage\":\"es\",\"potentialAction\":[{\"@type\":\"CommentAction\",\"name\":\"Comment\",\"target\":[\"https:\\\/\\\/hueleaazufre.com\\\/wordpress_a\\\/index.php\\\/2025\\\/10\\\/27\\\/entre-el-encuadre-mediatico-y-el-cultivo-cultural-como-promueven-los-medios-libaneses-las-negociaciones-con-israel\\\/#respond\"]}]},{\"@type\":\"WebPage\",\"@id\":\"https:\\\/\\\/hueleaazufre.com\\\/wordpress_a\\\/index.php\\\/2025\\\/10\\\/27\\\/entre-el-encuadre-mediatico-y-el-cultivo-cultural-como-promueven-los-medios-libaneses-las-negociaciones-con-israel\\\/\",\"url\":\"https:\\\/\\\/hueleaazufre.com\\\/wordpress_a\\\/index.php\\\/2025\\\/10\\\/27\\\/entre-el-encuadre-mediatico-y-el-cultivo-cultural-como-promueven-los-medios-libaneses-las-negociaciones-con-israel\\\/\",\"name\":\"Entre el encuadre medi\u00e1tico y el cultivo cultural: \u00bfC\u00f3mo promueven los medios libaneses las negociaciones con \u201cIsrael\u201d? -\",\"isPartOf\":{\"@id\":\"https:\\\/\\\/hueleaazufre.com\\\/wordpress_a\\\/#website\"},\"primaryImageOfPage\":{\"@id\":\"https:\\\/\\\/hueleaazufre.com\\\/wordpress_a\\\/index.php\\\/2025\\\/10\\\/27\\\/entre-el-encuadre-mediatico-y-el-cultivo-cultural-como-promueven-los-medios-libaneses-las-negociaciones-con-israel\\\/#primaryimage\"},\"image\":{\"@id\":\"https:\\\/\\\/hueleaazufre.com\\\/wordpress_a\\\/index.php\\\/2025\\\/10\\\/27\\\/entre-el-encuadre-mediatico-y-el-cultivo-cultural-como-promueven-los-medios-libaneses-las-negociaciones-con-israel\\\/#primaryimage\"},\"thumbnailUrl\":\"https:\\\/\\\/hueleaazufre.com\\\/wordpress_a\\\/wp-content\\\/uploads\\\/2025\\\/10\\\/freepik__genera-una-imagen-de-dos-personas-varones-y-de-una__17107aa.webp\",\"datePublished\":\"2025-10-27T20:33:33+00:00\",\"author\":{\"@id\":\"https:\\\/\\\/hueleaazufre.com\\\/wordpress_a\\\/#\\\/schema\\\/person\\\/549dd871707ea7f9f1a686323ebe9baa\"},\"description\":\"Encuadre medi\u00e1tico. Algunos medios de comunicaci\u00f3n libaneses est\u00e1n tratando de replantear las l\u00edneas rojas nacionales.\",\"breadcrumb\":{\"@id\":\"https:\\\/\\\/hueleaazufre.com\\\/wordpress_a\\\/index.php\\\/2025\\\/10\\\/27\\\/entre-el-encuadre-mediatico-y-el-cultivo-cultural-como-promueven-los-medios-libaneses-las-negociaciones-con-israel\\\/#breadcrumb\"},\"inLanguage\":\"es\",\"potentialAction\":[{\"@type\":\"ReadAction\",\"target\":[\"https:\\\/\\\/hueleaazufre.com\\\/wordpress_a\\\/index.php\\\/2025\\\/10\\\/27\\\/entre-el-encuadre-mediatico-y-el-cultivo-cultural-como-promueven-los-medios-libaneses-las-negociaciones-con-israel\\\/\"]}]},{\"@type\":\"ImageObject\",\"inLanguage\":\"es\",\"@id\":\"https:\\\/\\\/hueleaazufre.com\\\/wordpress_a\\\/index.php\\\/2025\\\/10\\\/27\\\/entre-el-encuadre-mediatico-y-el-cultivo-cultural-como-promueven-los-medios-libaneses-las-negociaciones-con-israel\\\/#primaryimage\",\"url\":\"https:\\\/\\\/hueleaazufre.com\\\/wordpress_a\\\/wp-content\\\/uploads\\\/2025\\\/10\\\/freepik__genera-una-imagen-de-dos-personas-varones-y-de-una__17107aa.webp\",\"contentUrl\":\"https:\\\/\\\/hueleaazufre.com\\\/wordpress_a\\\/wp-content\\\/uploads\\\/2025\\\/10\\\/freepik__genera-una-imagen-de-dos-personas-varones-y-de-una__17107aa.webp\",\"width\":1024,\"height\":1024},{\"@type\":\"BreadcrumbList\",\"@id\":\"https:\\\/\\\/hueleaazufre.com\\\/wordpress_a\\\/index.php\\\/2025\\\/10\\\/27\\\/entre-el-encuadre-mediatico-y-el-cultivo-cultural-como-promueven-los-medios-libaneses-las-negociaciones-con-israel\\\/#breadcrumb\",\"itemListElement\":[{\"@type\":\"ListItem\",\"position\":1,\"name\":\"Portada\",\"item\":\"https:\\\/\\\/hueleaazufre.com\\\/wordpress_a\\\/\"},{\"@type\":\"ListItem\",\"position\":2,\"name\":\"Entre el encuadre medi\u00e1tico y el cultivo cultural: \u00bfC\u00f3mo promueven los medios libaneses las negociaciones con \u201cIsrael\u201d?\"}]},{\"@type\":\"WebSite\",\"@id\":\"https:\\\/\\\/hueleaazufre.com\\\/wordpress_a\\\/#website\",\"url\":\"https:\\\/\\\/hueleaazufre.com\\\/wordpress_a\\\/\",\"name\":\"\",\"description\":\"Huele a azufre es una plataforma digital de an\u00e1lisis geopol\u00edtico.\",\"potentialAction\":[{\"@type\":\"SearchAction\",\"target\":{\"@type\":\"EntryPoint\",\"urlTemplate\":\"https:\\\/\\\/hueleaazufre.com\\\/wordpress_a\\\/?s={search_term_string}\"},\"query-input\":{\"@type\":\"PropertyValueSpecification\",\"valueRequired\":true,\"valueName\":\"search_term_string\"}}],\"inLanguage\":\"es\"},{\"@type\":\"Person\",\"@id\":\"https:\\\/\\\/hueleaazufre.com\\\/wordpress_a\\\/#\\\/schema\\\/person\\\/549dd871707ea7f9f1a686323ebe9baa\",\"name\":\"Huele a azufre\",\"image\":{\"@type\":\"ImageObject\",\"inLanguage\":\"es\",\"@id\":\"https:\\\/\\\/secure.gravatar.com\\\/avatar\\\/e972d5c124b9bf80eb4c9d322a90dd86a59d447f5da36700a77516f13637d44e?s=96&d=mm&r=g\",\"url\":\"https:\\\/\\\/secure.gravatar.com\\\/avatar\\\/e972d5c124b9bf80eb4c9d322a90dd86a59d447f5da36700a77516f13637d44e?s=96&d=mm&r=g\",\"contentUrl\":\"https:\\\/\\\/secure.gravatar.com\\\/avatar\\\/e972d5c124b9bf80eb4c9d322a90dd86a59d447f5da36700a77516f13637d44e?s=96&d=mm&r=g\",\"caption\":\"Huele a azufre\"},\"description\":\"Huele a azufre es una plataforma digital de an\u00e1lisis geopol\u00edtico\u00a0 contrahegem\u00f3nico, que busca visibilizar las voces y los discursos silenciados por el poder medi\u00e1tico.\",\"sameAs\":[\"https:\\\/\\\/hueleaazufre.com\\\/wordpress_a\"],\"url\":\"https:\\\/\\\/hueleaazufre.com\\\/wordpress_a\\\/index.php\\\/author\\\/admin_tupapa\\\/\"}]}<\/script>\n<!-- \/ Yoast SEO plugin. -->","yoast_head_json":{"title":"Entre el encuadre medi\u00e1tico y el cultivo cultural: \u00bfC\u00f3mo promueven los medios libaneses las negociaciones con \u201cIsrael\u201d? -","description":"Encuadre medi\u00e1tico. Algunos medios de comunicaci\u00f3n libaneses est\u00e1n tratando de replantear las l\u00edneas rojas nacionales.","robots":{"index":"index","follow":"follow","max-snippet":"max-snippet:-1","max-image-preview":"max-image-preview:large","max-video-preview":"max-video-preview:-1"},"canonical":"https:\/\/hueleaazufre.com\/wordpress_a\/index.php\/2025\/10\/27\/entre-el-encuadre-mediatico-y-el-cultivo-cultural-como-promueven-los-medios-libaneses-las-negociaciones-con-israel\/","og_locale":"es_ES","og_type":"article","og_title":"Entre el encuadre medi\u00e1tico y el cultivo cultural: \u00bfC\u00f3mo promueven los medios libaneses las negociaciones con \u201cIsrael\u201d? -","og_description":"Encuadre medi\u00e1tico. Algunos medios de comunicaci\u00f3n libaneses est\u00e1n tratando de replantear las l\u00edneas rojas nacionales.","og_url":"https:\/\/hueleaazufre.com\/wordpress_a\/index.php\/2025\/10\/27\/entre-el-encuadre-mediatico-y-el-cultivo-cultural-como-promueven-los-medios-libaneses-las-negociaciones-con-israel\/","article_published_time":"2025-10-27T20:33:33+00:00","og_image":[{"width":1024,"height":1024,"url":"https:\/\/hueleaazufre.com\/wordpress_a\/wp-content\/uploads\/2025\/10\/freepik__genera-una-imagen-de-dos-personas-varones-y-de-una__17107aa.webp","type":"image\/webp"}],"author":"Huele a azufre","twitter_card":"summary_large_image","twitter_misc":{"Escrito por":"Huele a azufre","Tiempo de lectura":"4 minutos"},"schema":{"@context":"https:\/\/schema.org","@graph":[{"@type":"Article","@id":"https:\/\/hueleaazufre.com\/wordpress_a\/index.php\/2025\/10\/27\/entre-el-encuadre-mediatico-y-el-cultivo-cultural-como-promueven-los-medios-libaneses-las-negociaciones-con-israel\/#article","isPartOf":{"@id":"https:\/\/hueleaazufre.com\/wordpress_a\/index.php\/2025\/10\/27\/entre-el-encuadre-mediatico-y-el-cultivo-cultural-como-promueven-los-medios-libaneses-las-negociaciones-con-israel\/"},"author":{"name":"Huele a azufre","@id":"https:\/\/hueleaazufre.com\/wordpress_a\/#\/schema\/person\/549dd871707ea7f9f1a686323ebe9baa"},"headline":"Entre el encuadre medi\u00e1tico y el cultivo cultural: \u00bfC\u00f3mo promueven los medios libaneses las negociaciones con \u201cIsrael\u201d?","datePublished":"2025-10-27T20:33:33+00:00","mainEntityOfPage":{"@id":"https:\/\/hueleaazufre.com\/wordpress_a\/index.php\/2025\/10\/27\/entre-el-encuadre-mediatico-y-el-cultivo-cultural-como-promueven-los-medios-libaneses-las-negociaciones-con-israel\/"},"wordCount":857,"commentCount":0,"image":{"@id":"https:\/\/hueleaazufre.com\/wordpress_a\/index.php\/2025\/10\/27\/entre-el-encuadre-mediatico-y-el-cultivo-cultural-como-promueven-los-medios-libaneses-las-negociaciones-con-israel\/#primaryimage"},"thumbnailUrl":"https:\/\/hueleaazufre.com\/wordpress_a\/wp-content\/uploads\/2025\/10\/freepik__genera-una-imagen-de-dos-personas-varones-y-de-una__17107aa.webp","keywords":["Israel","medi\u00e1tico","negociaciones"],"articleSection":["Medios aliados"],"inLanguage":"es","potentialAction":[{"@type":"CommentAction","name":"Comment","target":["https:\/\/hueleaazufre.com\/wordpress_a\/index.php\/2025\/10\/27\/entre-el-encuadre-mediatico-y-el-cultivo-cultural-como-promueven-los-medios-libaneses-las-negociaciones-con-israel\/#respond"]}]},{"@type":"WebPage","@id":"https:\/\/hueleaazufre.com\/wordpress_a\/index.php\/2025\/10\/27\/entre-el-encuadre-mediatico-y-el-cultivo-cultural-como-promueven-los-medios-libaneses-las-negociaciones-con-israel\/","url":"https:\/\/hueleaazufre.com\/wordpress_a\/index.php\/2025\/10\/27\/entre-el-encuadre-mediatico-y-el-cultivo-cultural-como-promueven-los-medios-libaneses-las-negociaciones-con-israel\/","name":"Entre el encuadre medi\u00e1tico y el cultivo cultural: \u00bfC\u00f3mo promueven los medios libaneses las negociaciones con \u201cIsrael\u201d? -","isPartOf":{"@id":"https:\/\/hueleaazufre.com\/wordpress_a\/#website"},"primaryImageOfPage":{"@id":"https:\/\/hueleaazufre.com\/wordpress_a\/index.php\/2025\/10\/27\/entre-el-encuadre-mediatico-y-el-cultivo-cultural-como-promueven-los-medios-libaneses-las-negociaciones-con-israel\/#primaryimage"},"image":{"@id":"https:\/\/hueleaazufre.com\/wordpress_a\/index.php\/2025\/10\/27\/entre-el-encuadre-mediatico-y-el-cultivo-cultural-como-promueven-los-medios-libaneses-las-negociaciones-con-israel\/#primaryimage"},"thumbnailUrl":"https:\/\/hueleaazufre.com\/wordpress_a\/wp-content\/uploads\/2025\/10\/freepik__genera-una-imagen-de-dos-personas-varones-y-de-una__17107aa.webp","datePublished":"2025-10-27T20:33:33+00:00","author":{"@id":"https:\/\/hueleaazufre.com\/wordpress_a\/#\/schema\/person\/549dd871707ea7f9f1a686323ebe9baa"},"description":"Encuadre medi\u00e1tico. Algunos medios de comunicaci\u00f3n libaneses est\u00e1n tratando de replantear las l\u00edneas rojas nacionales.","breadcrumb":{"@id":"https:\/\/hueleaazufre.com\/wordpress_a\/index.php\/2025\/10\/27\/entre-el-encuadre-mediatico-y-el-cultivo-cultural-como-promueven-los-medios-libaneses-las-negociaciones-con-israel\/#breadcrumb"},"inLanguage":"es","potentialAction":[{"@type":"ReadAction","target":["https:\/\/hueleaazufre.com\/wordpress_a\/index.php\/2025\/10\/27\/entre-el-encuadre-mediatico-y-el-cultivo-cultural-como-promueven-los-medios-libaneses-las-negociaciones-con-israel\/"]}]},{"@type":"ImageObject","inLanguage":"es","@id":"https:\/\/hueleaazufre.com\/wordpress_a\/index.php\/2025\/10\/27\/entre-el-encuadre-mediatico-y-el-cultivo-cultural-como-promueven-los-medios-libaneses-las-negociaciones-con-israel\/#primaryimage","url":"https:\/\/hueleaazufre.com\/wordpress_a\/wp-content\/uploads\/2025\/10\/freepik__genera-una-imagen-de-dos-personas-varones-y-de-una__17107aa.webp","contentUrl":"https:\/\/hueleaazufre.com\/wordpress_a\/wp-content\/uploads\/2025\/10\/freepik__genera-una-imagen-de-dos-personas-varones-y-de-una__17107aa.webp","width":1024,"height":1024},{"@type":"BreadcrumbList","@id":"https:\/\/hueleaazufre.com\/wordpress_a\/index.php\/2025\/10\/27\/entre-el-encuadre-mediatico-y-el-cultivo-cultural-como-promueven-los-medios-libaneses-las-negociaciones-con-israel\/#breadcrumb","itemListElement":[{"@type":"ListItem","position":1,"name":"Portada","item":"https:\/\/hueleaazufre.com\/wordpress_a\/"},{"@type":"ListItem","position":2,"name":"Entre el encuadre medi\u00e1tico y el cultivo cultural: \u00bfC\u00f3mo promueven los medios libaneses las negociaciones con \u201cIsrael\u201d?"}]},{"@type":"WebSite","@id":"https:\/\/hueleaazufre.com\/wordpress_a\/#website","url":"https:\/\/hueleaazufre.com\/wordpress_a\/","name":"","description":"Huele a azufre es una plataforma digital de an\u00e1lisis geopol\u00edtico.","potentialAction":[{"@type":"SearchAction","target":{"@type":"EntryPoint","urlTemplate":"https:\/\/hueleaazufre.com\/wordpress_a\/?s={search_term_string}"},"query-input":{"@type":"PropertyValueSpecification","valueRequired":true,"valueName":"search_term_string"}}],"inLanguage":"es"},{"@type":"Person","@id":"https:\/\/hueleaazufre.com\/wordpress_a\/#\/schema\/person\/549dd871707ea7f9f1a686323ebe9baa","name":"Huele a azufre","image":{"@type":"ImageObject","inLanguage":"es","@id":"https:\/\/secure.gravatar.com\/avatar\/e972d5c124b9bf80eb4c9d322a90dd86a59d447f5da36700a77516f13637d44e?s=96&d=mm&r=g","url":"https:\/\/secure.gravatar.com\/avatar\/e972d5c124b9bf80eb4c9d322a90dd86a59d447f5da36700a77516f13637d44e?s=96&d=mm&r=g","contentUrl":"https:\/\/secure.gravatar.com\/avatar\/e972d5c124b9bf80eb4c9d322a90dd86a59d447f5da36700a77516f13637d44e?s=96&d=mm&r=g","caption":"Huele a azufre"},"description":"Huele a azufre es una plataforma digital de an\u00e1lisis geopol\u00edtico\u00a0 contrahegem\u00f3nico, que busca visibilizar las voces y los discursos silenciados por el poder medi\u00e1tico.","sameAs":["https:\/\/hueleaazufre.com\/wordpress_a"],"url":"https:\/\/hueleaazufre.com\/wordpress_a\/index.php\/author\/admin_tupapa\/"}]}},"_links":{"self":[{"href":"https:\/\/hueleaazufre.com\/wordpress_a\/index.php\/wp-json\/wp\/v2\/posts\/3340","targetHints":{"allow":["GET"]}}],"collection":[{"href":"https:\/\/hueleaazufre.com\/wordpress_a\/index.php\/wp-json\/wp\/v2\/posts"}],"about":[{"href":"https:\/\/hueleaazufre.com\/wordpress_a\/index.php\/wp-json\/wp\/v2\/types\/post"}],"author":[{"embeddable":true,"href":"https:\/\/hueleaazufre.com\/wordpress_a\/index.php\/wp-json\/wp\/v2\/users\/1"}],"replies":[{"embeddable":true,"href":"https:\/\/hueleaazufre.com\/wordpress_a\/index.php\/wp-json\/wp\/v2\/comments?post=3340"}],"version-history":[{"count":1,"href":"https:\/\/hueleaazufre.com\/wordpress_a\/index.php\/wp-json\/wp\/v2\/posts\/3340\/revisions"}],"predecessor-version":[{"id":3342,"href":"https:\/\/hueleaazufre.com\/wordpress_a\/index.php\/wp-json\/wp\/v2\/posts\/3340\/revisions\/3342"}],"wp:featuredmedia":[{"embeddable":true,"href":"https:\/\/hueleaazufre.com\/wordpress_a\/index.php\/wp-json\/wp\/v2\/media\/3341"}],"wp:attachment":[{"href":"https:\/\/hueleaazufre.com\/wordpress_a\/index.php\/wp-json\/wp\/v2\/media?parent=3340"}],"wp:term":[{"taxonomy":"category","embeddable":true,"href":"https:\/\/hueleaazufre.com\/wordpress_a\/index.php\/wp-json\/wp\/v2\/categories?post=3340"},{"taxonomy":"post_tag","embeddable":true,"href":"https:\/\/hueleaazufre.com\/wordpress_a\/index.php\/wp-json\/wp\/v2\/tags?post=3340"}],"curies":[{"name":"wp","href":"https:\/\/api.w.org\/{rel}","templated":true}]}}