{"id":3412,"date":"2025-11-12T23:29:44","date_gmt":"2025-11-12T23:29:44","guid":{"rendered":"https:\/\/hueleaazufre.com\/wordpress_a\/?p=3412"},"modified":"2025-11-12T23:29:44","modified_gmt":"2025-11-12T23:29:44","slug":"la-revolucion-bolivariana-y-el-caribe-auge-y-caida-del-imperialismo","status":"publish","type":"post","link":"https:\/\/hueleaazufre.com\/wordpress_a\/index.php\/2025\/11\/12\/la-revolucion-bolivariana-y-el-caribe-auge-y-caida-del-imperialismo\/","title":{"rendered":"La revoluci\u00f3n bolivariana y el caribe. \u00bfauge y ca\u00edda del imperialismo?"},"content":{"rendered":"<h2>ANTECEDENTES<\/h2>\n<p>Cuando estall\u00f3 en el caribe la crisis de los misiles rusos, secretamente emplazados en la isla de Cuba en 1962 por parte del primer ministro de la Uni\u00f3n Sovi\u00e9tica Nikita Jrushchov, de com\u00fan acuerdo con el l\u00edder de la revoluci\u00f3n cubana Fidel Castro para detener el inminente ataque militar del poderoso ej\u00e9rcito norteamericano contra Cuba y su nobel revoluci\u00f3n, se produjo un escalamiento inusitado de la tensi\u00f3n mundial y parec\u00eda inevitable la guerra nuclear, que acabar\u00eda con todo vestigio de civilizaci\u00f3n, al menos en esta parte del mundo. Pero m\u00e1s all\u00e1 de densos an\u00e1lisis provistos de valederos argumentos escritos en libros, documentos, pel\u00edculas a favor o en contra de la disputa ideol\u00f3gica, esto supuso un quiebre que oblig\u00f3 a los EE.UU. a reposicionar su doctrina de seguridad nacional ante la presencia en la regi\u00f3n del fantasma del comunismo hasta exterminarlo, como efectivamente lo intentaron en el periodo de 1960 hasta el a\u00f1o 2000 plagado de conspiraciones, invasiones, golpes de estado, magnicidios de presidentes progres, apoyo a dictaduras militares, bloqueos y la imposici\u00f3n de mecanismos financieros extorsionadores para subyugar las fr\u00e1giles econom\u00edas caribe\u00f1as y subordinarlas a los intereses del gran capital internacional.<\/p>\n<h2>CONSECUENCIAS DEL PERIODO DE LA GUERRA FR\u00cdA<\/h2>\n<p>Ante este panorama tan sombr\u00edo y desolador que arras\u00f3 con gobiernos democr\u00e1ticos y proyectos nacionalistas en la regi\u00f3n &#8211; y que, en un plano m\u00e1s amplio, culmin\u00f3 hacia finales del siglo XX con el colapso de la Revoluci\u00f3n de Octubre de 1917, aquella liderada por Lenin y heredera de la victoria sovi\u00e9tica sobre las huestes hitlerianas en la Segunda Guerra Mundial, que salvaron a la humanidad entera de un gigantesco Holocausto &#8211; se fue consolidando el poder\u00edo unipolar de los Estados Unidos; y junto a \u00e9l emergi\u00f3 un sistema de gobernanza global que sepult\u00f3 las escasas esperanzas de equilibrio de poderes, proclamando el \u201cfin de la historia y de las ideolog\u00edas\u201d, como afirmara Francis Fukuyama. Esto como el corolario de un siglo signado por grandes guerras, la reconfiguraci\u00f3n del orden mundial y la agudizaci\u00f3n de las contradicciones que presagiaban tiempos dif\u00edciles para Am\u00e9rica Latina y, en particular, para el Caribe; regi\u00f3n que, pese a todo, mantuvo en la Cuba revolucionaria una resistencia \u00e9pica y digna, capaz de sobrevivir a la crisis de los misiles de 1962 y de demostrar la relevancia geoestrat\u00e9gica del Caribe para Am\u00e9rica Latina y todo el hemisferio.<\/p>\n<h2>EL CARIBE COMO ESCENARIO QUE MARCA EN EL SIGLO XXI UN PUNTO DE INFLEXI\u00d3N PARA DAR PASO AL NUEVO ORDEN MUNDIAL<\/h2>\n<p>Han sido muy dolorosas las situaciones que han ocurrido en la regi\u00f3n del caribe en los \u00faltimos lustros y que han colocado en vilo a toda la humanidad, como para desestimar hoy el inusitado despliegue de poder\u00edo militar que ha movido la colosal maquinaria b\u00e9lica norteamericana en torno al asesinato extrajudicial de m\u00e1s de 70 humildes pescadores que presuntamente ponen en peligro la seguridad de los EUA; todo ello mientras sus calles y ciudades permanecen inundadas de droga y fentanilo; un panorama que devela la desgarradora realidad que padece la sociedad estadounidense condenada al caos y colapso generalizado.<\/p>\n<p>\u00bfAcaso es realmente un problema de combatir el narcoterrorismo que ellos mismos han ayudado a crear para monopolizar el lucrativo negocio que produce ganancias exorbitantes? \u00bfO se trata de controlar militarmente un enclave geoestrat\u00e9gico que cuenta con todos los elementos de la tabla peri\u00f3dica, con las mayores reservas energ\u00e9ticas certificadas del planeta, y con inconmensurables riquezas de biodiversidad, agua dulce y extensiones de tierras f\u00e9rtiles cultivables, que garantizar\u00edan a quien las controle, la supremac\u00eda absoluta para los pr\u00f3ximos 50 a\u00f1os?<\/p>\n<p>Ciertamente; pero no estar\u00eda completo el an\u00e1lisis si a estas enormes ventajas comparativas que ofrece la regi\u00f3n para las voraces econom\u00edas del norte global &#8211; en momentos en que se desploman sus reservas estrat\u00e9gicas, se erosiona el poder disuasivo de la OTAN y emergen con mucha fuerza otros polos de desarrollo en Asia que le disputan la hegemon\u00eda a Occidente &#8211; se le suma el hecho de que en Venezuela, poseedor de buena parte de estas riquezas naturales, se han retomado las banderas del Socialismo Bolivariano del siglo XXI a partir de la llegada de Hugo Ch\u00e1vez al poder en diciembre de 1998. Nuestro pa\u00eds, que ha podido superar todas y cada una de las agresiones a las que ha sido sometido en los \u00faltimos 27 a\u00f1os por parte del imperio m\u00e1s genocida que haya conocido la historia de la humanidad, se ha convertido por sus propios medios y con alianzas estrat\u00e9gicas claves, en la esperanza viva por un mundo m\u00e1s justo, solidario, en paz, sin hegemon\u00eda, con respeto al derecho internacional y en armon\u00eda con la madre tierra.<\/p>\n<h2>RETOS Y DESAF\u00cdOS DE PERMANENTE REBELD\u00cdA UN CONTINENTE EN PERMANENTE REBELD\u00cdA<\/h2>\n<p>Sin duda que 63 a\u00f1os despu\u00e9s de la llamada crisis de los misiles en Cuba, Am\u00e9rica Latina y particularmente el Caribe, &#8211; por cierto, declarada por la CELAC en La Habana en diciembre del 2014 como Zona de Paz-, vuelve a llamar la atenci\u00f3n del mundo, pero esta vez, con los ca\u00f1ones apuntando a Venezuela, la patria de Bol\u00edvar y Ch\u00e1vez; poseedora (como ya se menciona anteriormente) de la mayor reserva energ\u00e9tica certificada de todo el planeta (calculadas en m\u00e1s de 300.000 millones de barriles), y<\/p>\n<p>garant\u00eda del equilibrio energ\u00e9tico mundial; tambi\u00e9n poseedora de grandes yacimientos de minerales estrat\u00e9gicos que asegurar\u00edan la hegemon\u00eda tecnol\u00f3gica, militar y financiera de quienes se coloquen a la vanguardia del nuevo orden mundial.<\/p>\n<p>Esta es la verdadera raz\u00f3n por la cual el gobierno supremacista de EE.UU. se despliega militarmente en el Caribe, por donde s\u00f3lo circula el 5% del total de la droga que entra a su pa\u00eds, so pretexto de combatir el narcotr\u00e1fico. Ellos intentan aniquilar la experiencia venezolana del socialismo del siglo XXI para robarse sus riquezas; est\u00e1n obligados a proteger las fabulosas ganancias que generan y lavan en los para\u00edsos fiscales de pa\u00edses caribe\u00f1os cuyos sistemas financieros sirven de centrifugas para perfumar el dinero mal habido, que luego entra impoluto al sistema financiero norteamericano.<\/p>\n<p>Seg\u00fan la denuncia hecha por la Vicepresidenta ejecutiva de Venezuela Dra. Delcy Rodr\u00edguez, basada en el informe de la Oficina de las Naciones Unidas contra la Droga y el Delito (UNODC), ratificado en 2025, el 85% de las ganancias del narcotr\u00e1fico permanecen en EE.UU., advirtiendo que el crimen organizado genera entre 1,6 y 2,2 billones de d\u00f3lares anuales a escala global, de los cuales el tr\u00e1fico de drogas ocupa el segundo lugar con cifras que oscilan entre 426 y 652 mil millones de d\u00f3lares, equivalente al 0,8% del PIB estadounidense.<\/p>\n<p>Estas colosales masas de dinero reflejan el papel de los pa\u00edses consumidores como principales beneficiarios econ\u00f3micos del negocio ilegal, y que bajo ninguna circunstancia est\u00e1n dispuestos a perder. Llama poderosamente la atenci\u00f3n, como actualmente hay m\u00e1s de 49 millones de personas en los Estados Unidos que padecen de al menos un trastorno, por consumo de sustancias estupefacientes.<\/p>\n<p>En el sur global se menciona con destellos de admiraci\u00f3n la enorme capacidad de resiliencia del heroico pueblo venezolano y el liderazgo del Pdte. Nicol\u00e1s Maduro Moros en la conducci\u00f3n del partido y el alto mando pol\u00edtico militar de la revoluci\u00f3n bolivariana, que cuenta con el apoyo solidario del movimiento popular revolucionario venezolano y de diferentes latitudes &#8211; inspirados en los ejemplos luminosos de pueblos valientes que han derrotado poderosos imperios con m\u00e9todos tropicalizados de la guerra popular de resistencia prolongada -, y con la firme posici\u00f3n de aliados estrat\u00e9gicos claves como Rusia, China e Ir\u00e1n en acompa\u00f1ar militarmente &#8211; en caso de que Venezuela lo exija -, al bravo pueblo venezolano, s\u00ed la planta insolente del extranjero osa profanar el suelo sagrado de la patria.<\/p>\n<p>No ser\u00e1 en Ucrania, ni a costas del martirizado pueblo palestino; ser\u00e1 nuevamente en el Caribe descolonial y emancipado donde se defina &#8211; como hace 63 a\u00f1os &#8211; la suerte de la humanidad, pero esta vez con la certeza de tener de nuestro lado todo el acumulado de luchas, la justeza por un nuevo orden mundial pluricentrico y multipolar que emerge; y la derrota definitiva de la hegemon\u00eda unipolar de los EE.UU., con Venezuela y su pueblo en armas, jugando un papel protag\u00f3nico como hace m\u00e1s de 200 a\u00f1os.<\/p>\n<p>Am\u00e9rica Latina y el Caribe, tierra de gracia, cuna de libertadores y de grandes civilizaciones ancestrales, ser\u00e1 el lugar escogido para ser los sepultureros del mal y parteros de lo nuevo, de lo hermoso, sintetizado por la exuberante poes\u00eda latinoamericana y caribe\u00f1a que as\u00ed lo acrisola\u2026<\/p>\n<p><em>\u201c&#8230;En la sal de este mar caribe, un lamento se alza, un eco de ca\u00f1ones, de banderas que se abrazan.<\/em><\/p>\n<p><em>El sue\u00f1o imperial, que el oro quiso domar, hoy se pudre en la arena, un cad\u00e1ver sin lugar.<\/em><\/p>\n<p><em>&#8230;El gigante se tambalea, bajo el sol caribe\u00f1o, Y su tumba, construida por el pueblo, es hoy su ensue\u00f1o. Porque el Caribe no olvida, la historia ni el dolor, Y en sus aguas, con la fuerza de su antiguo fulgor,<\/em><\/p>\n<p><em>Ha enterrado el poder que crey\u00f3 invencible y eterno, Y en cada ola renace un nuevo y libre invierno.\u201d<\/em><\/p>\n<p><strong>Fuente: Julio Rafael Ch\u00e1vez Mel\u00e9ndez<\/strong><\/p>\n","protected":false},"excerpt":{"rendered":"<p>ANTECEDENTES Cuando estall\u00f3 en el caribe la crisis de los misiles rusos, secretamente emplazados en&#8230;<\/p>\n","protected":false},"author":1,"featured_media":3413,"comment_status":"open","ping_status":"closed","sticky":false,"template":"","format":"standard","meta":{"footnotes":""},"categories":[70],"tags":[398,140,77],"class_list":["post-3412","post","type-post","status-publish","format-standard","has-post-thumbnail","hentry","category-otras-voces","tag-bolivariana","tag-caribe","tag-revolucion"],"yoast_head":"<!-- This site is optimized with the Yoast SEO plugin v27.5 - https:\/\/yoast.com\/product\/yoast-seo-wordpress\/ -->\n<title>La revoluci\u00f3n bolivariana y el caribe. \u00bfauge y ca\u00edda del imperialismo? -<\/title>\n<meta name=\"description\" content=\"Caribe. Cuando estall\u00f3 a crisis de los misiles rusos, secretamente emplazados en la isla de Cuba en 1962 por parte del primer ministro de la Uni\u00f3n Sovi\u00e9tica Nikita Jrushchov, de com\u00fan acuerdo con el l\u00edder de la revoluci\u00f3n cubana Fidel Castro.\" \/>\n<meta name=\"robots\" content=\"index, follow, max-snippet:-1, max-image-preview:large, max-video-preview:-1\" \/>\n<link rel=\"canonical\" href=\"https:\/\/hueleaazufre.com\/wordpress_a\/index.php\/2025\/11\/12\/la-revolucion-bolivariana-y-el-caribe-auge-y-caida-del-imperialismo\/\" \/>\n<meta property=\"og:locale\" content=\"es_ES\" \/>\n<meta property=\"og:type\" content=\"article\" \/>\n<meta property=\"og:title\" content=\"La revoluci\u00f3n bolivariana y el caribe. \u00bfauge y ca\u00edda del imperialismo? -\" \/>\n<meta property=\"og:description\" content=\"Caribe. Cuando estall\u00f3 a crisis de los misiles rusos, secretamente emplazados en la isla de Cuba en 1962 por parte del primer ministro de la Uni\u00f3n Sovi\u00e9tica Nikita Jrushchov, de com\u00fan acuerdo con el l\u00edder de la revoluci\u00f3n cubana Fidel Castro.\" \/>\n<meta property=\"og:url\" content=\"https:\/\/hueleaazufre.com\/wordpress_a\/index.php\/2025\/11\/12\/la-revolucion-bolivariana-y-el-caribe-auge-y-caida-del-imperialismo\/\" \/>\n<meta property=\"article:published_time\" content=\"2025-11-12T23:29:44+00:00\" \/>\n<meta property=\"og:image\" content=\"https:\/\/hueleaazufre.com\/wordpress_a\/wp-content\/uploads\/2025\/11\/Mapa-Politico-Venezuela.webp\" \/>\n\t<meta property=\"og:image:width\" content=\"753\" \/>\n\t<meta property=\"og:image:height\" content=\"885\" \/>\n\t<meta property=\"og:image:type\" content=\"image\/webp\" \/>\n<meta name=\"author\" content=\"Huele a azufre\" \/>\n<meta name=\"twitter:card\" content=\"summary_large_image\" \/>\n<meta name=\"twitter:label1\" content=\"Escrito por\" \/>\n\t<meta name=\"twitter:data1\" content=\"Huele a azufre\" \/>\n\t<meta name=\"twitter:label2\" content=\"Tiempo de lectura\" \/>\n\t<meta name=\"twitter:data2\" content=\"8 minutos\" \/>\n<script type=\"application\/ld+json\" class=\"yoast-schema-graph\">{\"@context\":\"https:\\\/\\\/schema.org\",\"@graph\":[{\"@type\":\"Article\",\"@id\":\"https:\\\/\\\/hueleaazufre.com\\\/wordpress_a\\\/index.php\\\/2025\\\/11\\\/12\\\/la-revolucion-bolivariana-y-el-caribe-auge-y-caida-del-imperialismo\\\/#article\",\"isPartOf\":{\"@id\":\"https:\\\/\\\/hueleaazufre.com\\\/wordpress_a\\\/index.php\\\/2025\\\/11\\\/12\\\/la-revolucion-bolivariana-y-el-caribe-auge-y-caida-del-imperialismo\\\/\"},\"author\":{\"name\":\"Huele a azufre\",\"@id\":\"https:\\\/\\\/hueleaazufre.com\\\/wordpress_a\\\/#\\\/schema\\\/person\\\/549dd871707ea7f9f1a686323ebe9baa\"},\"headline\":\"La revoluci\u00f3n bolivariana y el caribe. \u00bfauge y ca\u00edda del imperialismo?\",\"datePublished\":\"2025-11-12T23:29:44+00:00\",\"mainEntityOfPage\":{\"@id\":\"https:\\\/\\\/hueleaazufre.com\\\/wordpress_a\\\/index.php\\\/2025\\\/11\\\/12\\\/la-revolucion-bolivariana-y-el-caribe-auge-y-caida-del-imperialismo\\\/\"},\"wordCount\":1622,\"commentCount\":0,\"image\":{\"@id\":\"https:\\\/\\\/hueleaazufre.com\\\/wordpress_a\\\/index.php\\\/2025\\\/11\\\/12\\\/la-revolucion-bolivariana-y-el-caribe-auge-y-caida-del-imperialismo\\\/#primaryimage\"},\"thumbnailUrl\":\"https:\\\/\\\/hueleaazufre.com\\\/wordpress_a\\\/wp-content\\\/uploads\\\/2025\\\/11\\\/Mapa-Politico-Venezuela.webp\",\"keywords\":[\"Bolivariana\",\"Caribe\",\"revoluci\u00f3n\"],\"articleSection\":[\"Otras voces\"],\"inLanguage\":\"es\",\"potentialAction\":[{\"@type\":\"CommentAction\",\"name\":\"Comment\",\"target\":[\"https:\\\/\\\/hueleaazufre.com\\\/wordpress_a\\\/index.php\\\/2025\\\/11\\\/12\\\/la-revolucion-bolivariana-y-el-caribe-auge-y-caida-del-imperialismo\\\/#respond\"]}]},{\"@type\":\"WebPage\",\"@id\":\"https:\\\/\\\/hueleaazufre.com\\\/wordpress_a\\\/index.php\\\/2025\\\/11\\\/12\\\/la-revolucion-bolivariana-y-el-caribe-auge-y-caida-del-imperialismo\\\/\",\"url\":\"https:\\\/\\\/hueleaazufre.com\\\/wordpress_a\\\/index.php\\\/2025\\\/11\\\/12\\\/la-revolucion-bolivariana-y-el-caribe-auge-y-caida-del-imperialismo\\\/\",\"name\":\"La revoluci\u00f3n bolivariana y el caribe. \u00bfauge y ca\u00edda del imperialismo? -\",\"isPartOf\":{\"@id\":\"https:\\\/\\\/hueleaazufre.com\\\/wordpress_a\\\/#website\"},\"primaryImageOfPage\":{\"@id\":\"https:\\\/\\\/hueleaazufre.com\\\/wordpress_a\\\/index.php\\\/2025\\\/11\\\/12\\\/la-revolucion-bolivariana-y-el-caribe-auge-y-caida-del-imperialismo\\\/#primaryimage\"},\"image\":{\"@id\":\"https:\\\/\\\/hueleaazufre.com\\\/wordpress_a\\\/index.php\\\/2025\\\/11\\\/12\\\/la-revolucion-bolivariana-y-el-caribe-auge-y-caida-del-imperialismo\\\/#primaryimage\"},\"thumbnailUrl\":\"https:\\\/\\\/hueleaazufre.com\\\/wordpress_a\\\/wp-content\\\/uploads\\\/2025\\\/11\\\/Mapa-Politico-Venezuela.webp\",\"datePublished\":\"2025-11-12T23:29:44+00:00\",\"author\":{\"@id\":\"https:\\\/\\\/hueleaazufre.com\\\/wordpress_a\\\/#\\\/schema\\\/person\\\/549dd871707ea7f9f1a686323ebe9baa\"},\"description\":\"Caribe. Cuando estall\u00f3 a crisis de los misiles rusos, secretamente emplazados en la isla de Cuba en 1962 por parte del primer ministro de la Uni\u00f3n Sovi\u00e9tica Nikita Jrushchov, de com\u00fan acuerdo con el l\u00edder de la revoluci\u00f3n cubana Fidel Castro.\",\"breadcrumb\":{\"@id\":\"https:\\\/\\\/hueleaazufre.com\\\/wordpress_a\\\/index.php\\\/2025\\\/11\\\/12\\\/la-revolucion-bolivariana-y-el-caribe-auge-y-caida-del-imperialismo\\\/#breadcrumb\"},\"inLanguage\":\"es\",\"potentialAction\":[{\"@type\":\"ReadAction\",\"target\":[\"https:\\\/\\\/hueleaazufre.com\\\/wordpress_a\\\/index.php\\\/2025\\\/11\\\/12\\\/la-revolucion-bolivariana-y-el-caribe-auge-y-caida-del-imperialismo\\\/\"]}]},{\"@type\":\"ImageObject\",\"inLanguage\":\"es\",\"@id\":\"https:\\\/\\\/hueleaazufre.com\\\/wordpress_a\\\/index.php\\\/2025\\\/11\\\/12\\\/la-revolucion-bolivariana-y-el-caribe-auge-y-caida-del-imperialismo\\\/#primaryimage\",\"url\":\"https:\\\/\\\/hueleaazufre.com\\\/wordpress_a\\\/wp-content\\\/uploads\\\/2025\\\/11\\\/Mapa-Politico-Venezuela.webp\",\"contentUrl\":\"https:\\\/\\\/hueleaazufre.com\\\/wordpress_a\\\/wp-content\\\/uploads\\\/2025\\\/11\\\/Mapa-Politico-Venezuela.webp\",\"width\":753,\"height\":885,\"caption\":\"caribe\"},{\"@type\":\"BreadcrumbList\",\"@id\":\"https:\\\/\\\/hueleaazufre.com\\\/wordpress_a\\\/index.php\\\/2025\\\/11\\\/12\\\/la-revolucion-bolivariana-y-el-caribe-auge-y-caida-del-imperialismo\\\/#breadcrumb\",\"itemListElement\":[{\"@type\":\"ListItem\",\"position\":1,\"name\":\"Portada\",\"item\":\"https:\\\/\\\/hueleaazufre.com\\\/wordpress_a\\\/\"},{\"@type\":\"ListItem\",\"position\":2,\"name\":\"La revoluci\u00f3n bolivariana y el caribe. \u00bfauge y ca\u00edda del imperialismo?\"}]},{\"@type\":\"WebSite\",\"@id\":\"https:\\\/\\\/hueleaazufre.com\\\/wordpress_a\\\/#website\",\"url\":\"https:\\\/\\\/hueleaazufre.com\\\/wordpress_a\\\/\",\"name\":\"\",\"description\":\"Huele a azufre es una plataforma digital de an\u00e1lisis geopol\u00edtico.\",\"potentialAction\":[{\"@type\":\"SearchAction\",\"target\":{\"@type\":\"EntryPoint\",\"urlTemplate\":\"https:\\\/\\\/hueleaazufre.com\\\/wordpress_a\\\/?s={search_term_string}\"},\"query-input\":{\"@type\":\"PropertyValueSpecification\",\"valueRequired\":true,\"valueName\":\"search_term_string\"}}],\"inLanguage\":\"es\"},{\"@type\":\"Person\",\"@id\":\"https:\\\/\\\/hueleaazufre.com\\\/wordpress_a\\\/#\\\/schema\\\/person\\\/549dd871707ea7f9f1a686323ebe9baa\",\"name\":\"Huele a azufre\",\"image\":{\"@type\":\"ImageObject\",\"inLanguage\":\"es\",\"@id\":\"https:\\\/\\\/secure.gravatar.com\\\/avatar\\\/e972d5c124b9bf80eb4c9d322a90dd86a59d447f5da36700a77516f13637d44e?s=96&d=mm&r=g\",\"url\":\"https:\\\/\\\/secure.gravatar.com\\\/avatar\\\/e972d5c124b9bf80eb4c9d322a90dd86a59d447f5da36700a77516f13637d44e?s=96&d=mm&r=g\",\"contentUrl\":\"https:\\\/\\\/secure.gravatar.com\\\/avatar\\\/e972d5c124b9bf80eb4c9d322a90dd86a59d447f5da36700a77516f13637d44e?s=96&d=mm&r=g\",\"caption\":\"Huele a azufre\"},\"description\":\"Huele a azufre es una plataforma digital de an\u00e1lisis geopol\u00edtico\u00a0 contrahegem\u00f3nico, que busca visibilizar las voces y los discursos silenciados por el poder medi\u00e1tico.\",\"sameAs\":[\"https:\\\/\\\/hueleaazufre.com\\\/wordpress_a\"],\"url\":\"https:\\\/\\\/hueleaazufre.com\\\/wordpress_a\\\/index.php\\\/author\\\/admin_tupapa\\\/\"}]}<\/script>\n<!-- \/ Yoast SEO plugin. -->","yoast_head_json":{"title":"La revoluci\u00f3n bolivariana y el caribe. \u00bfauge y ca\u00edda del imperialismo? -","description":"Caribe. Cuando estall\u00f3 a crisis de los misiles rusos, secretamente emplazados en la isla de Cuba en 1962 por parte del primer ministro de la Uni\u00f3n Sovi\u00e9tica Nikita Jrushchov, de com\u00fan acuerdo con el l\u00edder de la revoluci\u00f3n cubana Fidel Castro.","robots":{"index":"index","follow":"follow","max-snippet":"max-snippet:-1","max-image-preview":"max-image-preview:large","max-video-preview":"max-video-preview:-1"},"canonical":"https:\/\/hueleaazufre.com\/wordpress_a\/index.php\/2025\/11\/12\/la-revolucion-bolivariana-y-el-caribe-auge-y-caida-del-imperialismo\/","og_locale":"es_ES","og_type":"article","og_title":"La revoluci\u00f3n bolivariana y el caribe. \u00bfauge y ca\u00edda del imperialismo? -","og_description":"Caribe. Cuando estall\u00f3 a crisis de los misiles rusos, secretamente emplazados en la isla de Cuba en 1962 por parte del primer ministro de la Uni\u00f3n Sovi\u00e9tica Nikita Jrushchov, de com\u00fan acuerdo con el l\u00edder de la revoluci\u00f3n cubana Fidel Castro.","og_url":"https:\/\/hueleaazufre.com\/wordpress_a\/index.php\/2025\/11\/12\/la-revolucion-bolivariana-y-el-caribe-auge-y-caida-del-imperialismo\/","article_published_time":"2025-11-12T23:29:44+00:00","og_image":[{"width":753,"height":885,"url":"https:\/\/hueleaazufre.com\/wordpress_a\/wp-content\/uploads\/2025\/11\/Mapa-Politico-Venezuela.webp","type":"image\/webp"}],"author":"Huele a azufre","twitter_card":"summary_large_image","twitter_misc":{"Escrito por":"Huele a azufre","Tiempo de lectura":"8 minutos"},"schema":{"@context":"https:\/\/schema.org","@graph":[{"@type":"Article","@id":"https:\/\/hueleaazufre.com\/wordpress_a\/index.php\/2025\/11\/12\/la-revolucion-bolivariana-y-el-caribe-auge-y-caida-del-imperialismo\/#article","isPartOf":{"@id":"https:\/\/hueleaazufre.com\/wordpress_a\/index.php\/2025\/11\/12\/la-revolucion-bolivariana-y-el-caribe-auge-y-caida-del-imperialismo\/"},"author":{"name":"Huele a azufre","@id":"https:\/\/hueleaazufre.com\/wordpress_a\/#\/schema\/person\/549dd871707ea7f9f1a686323ebe9baa"},"headline":"La revoluci\u00f3n bolivariana y el caribe. \u00bfauge y ca\u00edda del imperialismo?","datePublished":"2025-11-12T23:29:44+00:00","mainEntityOfPage":{"@id":"https:\/\/hueleaazufre.com\/wordpress_a\/index.php\/2025\/11\/12\/la-revolucion-bolivariana-y-el-caribe-auge-y-caida-del-imperialismo\/"},"wordCount":1622,"commentCount":0,"image":{"@id":"https:\/\/hueleaazufre.com\/wordpress_a\/index.php\/2025\/11\/12\/la-revolucion-bolivariana-y-el-caribe-auge-y-caida-del-imperialismo\/#primaryimage"},"thumbnailUrl":"https:\/\/hueleaazufre.com\/wordpress_a\/wp-content\/uploads\/2025\/11\/Mapa-Politico-Venezuela.webp","keywords":["Bolivariana","Caribe","revoluci\u00f3n"],"articleSection":["Otras voces"],"inLanguage":"es","potentialAction":[{"@type":"CommentAction","name":"Comment","target":["https:\/\/hueleaazufre.com\/wordpress_a\/index.php\/2025\/11\/12\/la-revolucion-bolivariana-y-el-caribe-auge-y-caida-del-imperialismo\/#respond"]}]},{"@type":"WebPage","@id":"https:\/\/hueleaazufre.com\/wordpress_a\/index.php\/2025\/11\/12\/la-revolucion-bolivariana-y-el-caribe-auge-y-caida-del-imperialismo\/","url":"https:\/\/hueleaazufre.com\/wordpress_a\/index.php\/2025\/11\/12\/la-revolucion-bolivariana-y-el-caribe-auge-y-caida-del-imperialismo\/","name":"La revoluci\u00f3n bolivariana y el caribe. \u00bfauge y ca\u00edda del imperialismo? -","isPartOf":{"@id":"https:\/\/hueleaazufre.com\/wordpress_a\/#website"},"primaryImageOfPage":{"@id":"https:\/\/hueleaazufre.com\/wordpress_a\/index.php\/2025\/11\/12\/la-revolucion-bolivariana-y-el-caribe-auge-y-caida-del-imperialismo\/#primaryimage"},"image":{"@id":"https:\/\/hueleaazufre.com\/wordpress_a\/index.php\/2025\/11\/12\/la-revolucion-bolivariana-y-el-caribe-auge-y-caida-del-imperialismo\/#primaryimage"},"thumbnailUrl":"https:\/\/hueleaazufre.com\/wordpress_a\/wp-content\/uploads\/2025\/11\/Mapa-Politico-Venezuela.webp","datePublished":"2025-11-12T23:29:44+00:00","author":{"@id":"https:\/\/hueleaazufre.com\/wordpress_a\/#\/schema\/person\/549dd871707ea7f9f1a686323ebe9baa"},"description":"Caribe. Cuando estall\u00f3 a crisis de los misiles rusos, secretamente emplazados en la isla de Cuba en 1962 por parte del primer ministro de la Uni\u00f3n Sovi\u00e9tica Nikita Jrushchov, de com\u00fan acuerdo con el l\u00edder de la revoluci\u00f3n cubana Fidel Castro.","breadcrumb":{"@id":"https:\/\/hueleaazufre.com\/wordpress_a\/index.php\/2025\/11\/12\/la-revolucion-bolivariana-y-el-caribe-auge-y-caida-del-imperialismo\/#breadcrumb"},"inLanguage":"es","potentialAction":[{"@type":"ReadAction","target":["https:\/\/hueleaazufre.com\/wordpress_a\/index.php\/2025\/11\/12\/la-revolucion-bolivariana-y-el-caribe-auge-y-caida-del-imperialismo\/"]}]},{"@type":"ImageObject","inLanguage":"es","@id":"https:\/\/hueleaazufre.com\/wordpress_a\/index.php\/2025\/11\/12\/la-revolucion-bolivariana-y-el-caribe-auge-y-caida-del-imperialismo\/#primaryimage","url":"https:\/\/hueleaazufre.com\/wordpress_a\/wp-content\/uploads\/2025\/11\/Mapa-Politico-Venezuela.webp","contentUrl":"https:\/\/hueleaazufre.com\/wordpress_a\/wp-content\/uploads\/2025\/11\/Mapa-Politico-Venezuela.webp","width":753,"height":885,"caption":"caribe"},{"@type":"BreadcrumbList","@id":"https:\/\/hueleaazufre.com\/wordpress_a\/index.php\/2025\/11\/12\/la-revolucion-bolivariana-y-el-caribe-auge-y-caida-del-imperialismo\/#breadcrumb","itemListElement":[{"@type":"ListItem","position":1,"name":"Portada","item":"https:\/\/hueleaazufre.com\/wordpress_a\/"},{"@type":"ListItem","position":2,"name":"La revoluci\u00f3n bolivariana y el caribe. \u00bfauge y ca\u00edda del imperialismo?"}]},{"@type":"WebSite","@id":"https:\/\/hueleaazufre.com\/wordpress_a\/#website","url":"https:\/\/hueleaazufre.com\/wordpress_a\/","name":"","description":"Huele a azufre es una plataforma digital de an\u00e1lisis geopol\u00edtico.","potentialAction":[{"@type":"SearchAction","target":{"@type":"EntryPoint","urlTemplate":"https:\/\/hueleaazufre.com\/wordpress_a\/?s={search_term_string}"},"query-input":{"@type":"PropertyValueSpecification","valueRequired":true,"valueName":"search_term_string"}}],"inLanguage":"es"},{"@type":"Person","@id":"https:\/\/hueleaazufre.com\/wordpress_a\/#\/schema\/person\/549dd871707ea7f9f1a686323ebe9baa","name":"Huele a azufre","image":{"@type":"ImageObject","inLanguage":"es","@id":"https:\/\/secure.gravatar.com\/avatar\/e972d5c124b9bf80eb4c9d322a90dd86a59d447f5da36700a77516f13637d44e?s=96&d=mm&r=g","url":"https:\/\/secure.gravatar.com\/avatar\/e972d5c124b9bf80eb4c9d322a90dd86a59d447f5da36700a77516f13637d44e?s=96&d=mm&r=g","contentUrl":"https:\/\/secure.gravatar.com\/avatar\/e972d5c124b9bf80eb4c9d322a90dd86a59d447f5da36700a77516f13637d44e?s=96&d=mm&r=g","caption":"Huele a azufre"},"description":"Huele a azufre es una plataforma digital de an\u00e1lisis geopol\u00edtico\u00a0 contrahegem\u00f3nico, que busca visibilizar las voces y los discursos silenciados por el poder medi\u00e1tico.","sameAs":["https:\/\/hueleaazufre.com\/wordpress_a"],"url":"https:\/\/hueleaazufre.com\/wordpress_a\/index.php\/author\/admin_tupapa\/"}]}},"_links":{"self":[{"href":"https:\/\/hueleaazufre.com\/wordpress_a\/index.php\/wp-json\/wp\/v2\/posts\/3412","targetHints":{"allow":["GET"]}}],"collection":[{"href":"https:\/\/hueleaazufre.com\/wordpress_a\/index.php\/wp-json\/wp\/v2\/posts"}],"about":[{"href":"https:\/\/hueleaazufre.com\/wordpress_a\/index.php\/wp-json\/wp\/v2\/types\/post"}],"author":[{"embeddable":true,"href":"https:\/\/hueleaazufre.com\/wordpress_a\/index.php\/wp-json\/wp\/v2\/users\/1"}],"replies":[{"embeddable":true,"href":"https:\/\/hueleaazufre.com\/wordpress_a\/index.php\/wp-json\/wp\/v2\/comments?post=3412"}],"version-history":[{"count":1,"href":"https:\/\/hueleaazufre.com\/wordpress_a\/index.php\/wp-json\/wp\/v2\/posts\/3412\/revisions"}],"predecessor-version":[{"id":3414,"href":"https:\/\/hueleaazufre.com\/wordpress_a\/index.php\/wp-json\/wp\/v2\/posts\/3412\/revisions\/3414"}],"wp:featuredmedia":[{"embeddable":true,"href":"https:\/\/hueleaazufre.com\/wordpress_a\/index.php\/wp-json\/wp\/v2\/media\/3413"}],"wp:attachment":[{"href":"https:\/\/hueleaazufre.com\/wordpress_a\/index.php\/wp-json\/wp\/v2\/media?parent=3412"}],"wp:term":[{"taxonomy":"category","embeddable":true,"href":"https:\/\/hueleaazufre.com\/wordpress_a\/index.php\/wp-json\/wp\/v2\/categories?post=3412"},{"taxonomy":"post_tag","embeddable":true,"href":"https:\/\/hueleaazufre.com\/wordpress_a\/index.php\/wp-json\/wp\/v2\/tags?post=3412"}],"curies":[{"name":"wp","href":"https:\/\/api.w.org\/{rel}","templated":true}]}}