{"id":385,"date":"2024-01-03T16:00:59","date_gmt":"2024-01-03T16:00:59","guid":{"rendered":"https:\/\/hueleaazufre.com\/wordpress_a\/?p=385"},"modified":"2024-01-03T16:00:59","modified_gmt":"2024-01-03T16:00:59","slug":"iran-se-une-a-los-brics-como-miembro-de-pleno-derecho","status":"publish","type":"post","link":"https:\/\/hueleaazufre.com\/wordpress_a\/index.php\/2024\/01\/03\/iran-se-une-a-los-brics-como-miembro-de-pleno-derecho\/","title":{"rendered":"Ir\u00e1n se une a los BRICS como miembro de pleno derecho"},"content":{"rendered":"<p><b><i>Ir\u00e1n anuncia la adhesi\u00f3n oficial del pa\u00eds a partir del 1 de enero a los BRICS, lo que dar\u00e1 m\u00e1s oportunidades a Teher\u00e1n en la escena internacional.<\/i><\/b><\/p>\n<p><span style=\"font-weight: 400;\">El portavoz de la Canciller\u00eda de Ir\u00e1n, Naser Kanani, ha declarado este lunes que desde el 1 de enero de 2024 el pa\u00eds es considerado como el miembro de pleno derecho del grupo de pa\u00edses con econom\u00edas emergentes BRICS (Brasil, Rusia, India, China y Brasil).<\/span><\/p>\n<p><span style=\"font-weight: 400;\">De acuerdo con el vocero iran\u00ed, con la incorporaci\u00f3n de nuevos miembros, el grupo BRICS ha ganado nuevo peso e importancia en las ecuaciones internacionales, y este mecanismo multilateral tambi\u00e9n brinda a Ir\u00e1n m\u00e1s oportunidades en el campo de las relaciones multilaterales internacionales.<\/span><\/p>\n<p><span style=\"font-weight: 400;\">\u201cLa membres\u00eda plena en los BRICS es uno de los resultados de la mejora del estatus internacional de Ir\u00e1n, en la Rep\u00fablica Isl\u00e1mica mejorar\u00e1 su papel constructivo y efectivo en las ecuaciones multilaterales internacionales utilizando las capacidades de este colectivo\u201d, ha afirmado el titular iran\u00ed.<\/span><\/p>\n<p><a href=\"https:\/\/www.hispantv.com\/noticias\/politica\/570860\/por-que-importante-membresia-iran-brics\"><b>Para leer sobre an\u00e1lisis sobre la importancia de Ir\u00e1n en el BRICS:<\/b><\/a><\/p>\n<p><span style=\"font-weight: 400;\">En este contexto, Anil Sooklal, embajador de Sud\u00e1frica ante los BRICS, ha anunciado la entrada oficial de los cinco nuevos Estados miembros de los BRICS desde hoy, lo que se duplicar\u00e1 los miembros del grupo econ\u00f3mico.<\/span><\/p>\n<p><span style=\"font-weight: 400;\">BRICS, establecido en 2009, es un grupo que une a las econom\u00edas en desarrollo m\u00e1s grandes del mundo. Los pa\u00edses BRICS tienen el 42 % de la poblaci\u00f3n mundial y el 26 % del Producto Interno Bruto (PIB) mundial. Adem\u00e1s, est\u00e1 integrado por representantes de 4 continentes del mundo, 3 pa\u00edses con armas nucleares y 2 miembros con el derecho de veto.<\/span><\/p>\n<p><a href=\"https:\/\/en.sputniknews.africa\/20231231\/iran-to-work-on-de-dollarization-of-trade-transactions-within-brics-1064394423.html\"><b>Para leer sobre la desdolarizaci\u00f3n dentro del BRICS:<\/b><\/a><\/p>\n<p><span style=\"font-weight: 400;\">En agosto, la 15.\u00aa cumbre de alto nivel de los BRICS en Johannesburgo (Sud\u00e1frica) invit\u00f3 a Ir\u00e1n, Argentina, Egipto, Etiop\u00eda, los Emiratos \u00c1rabes Unidos (EAU) y Arabia Saud\u00ed a unirse al bloque.<\/span><\/p>\n<p><a href=\"https:\/\/www.hispantv.com\/noticias\/noticias-de-iran\/577482\/iran-brics-miembro-pleno-derecho?s=03\"><b>Autor: Hispantv<\/b><\/a><\/p>\n<p>&nbsp;<\/p>\n","protected":false},"excerpt":{"rendered":"<p>Ir\u00e1n anuncia la adhesi\u00f3n oficial del pa\u00eds a partir del 1 de enero a los&#8230;<\/p>\n","protected":false},"author":1,"featured_media":386,"comment_status":"open","ping_status":"closed","sticky":false,"template":"","format":"standard","meta":{"footnotes":""},"categories":[56],"tags":[74,75],"class_list":["post-385","post","type-post","status-publish","format-standard","has-post-thumbnail","hentry","category-medios-aliados","tag-brics","tag-iran"],"yoast_head":"<!-- This site is optimized with the Yoast SEO plugin v27.5 - https:\/\/yoast.com\/product\/yoast-seo-wordpress\/ -->\n<title>Ir\u00e1n se une a los BRICS como miembro de pleno derecho -<\/title>\n<meta name=\"robots\" content=\"index, follow, max-snippet:-1, max-image-preview:large, max-video-preview:-1\" \/>\n<link rel=\"canonical\" href=\"https:\/\/hueleaazufre.com\/wordpress_a\/index.php\/2024\/01\/03\/iran-se-une-a-los-brics-como-miembro-de-pleno-derecho\/\" \/>\n<meta property=\"og:locale\" content=\"es_ES\" \/>\n<meta property=\"og:type\" content=\"article\" \/>\n<meta property=\"og:title\" content=\"Ir\u00e1n se une a los BRICS como miembro de pleno derecho -\" \/>\n<meta property=\"og:description\" content=\"Ir\u00e1n anuncia la adhesi\u00f3n oficial del pa\u00eds a partir del 1 de enero a los...\" \/>\n<meta property=\"og:url\" content=\"https:\/\/hueleaazufre.com\/wordpress_a\/index.php\/2024\/01\/03\/iran-se-une-a-los-brics-como-miembro-de-pleno-derecho\/\" \/>\n<meta property=\"article:published_time\" content=\"2024-01-03T16:00:59+00:00\" \/>\n<meta property=\"og:image\" content=\"https:\/\/hueleaazufre.com\/wordpress_a\/wp-content\/uploads\/2024\/01\/brics.jpg\" \/>\n\t<meta property=\"og:image:width\" content=\"880\" \/>\n\t<meta property=\"og:image:height\" content=\"495\" \/>\n\t<meta property=\"og:image:type\" content=\"image\/jpeg\" \/>\n<meta name=\"author\" content=\"Huele a azufre\" \/>\n<meta name=\"twitter:card\" content=\"summary_large_image\" \/>\n<meta name=\"twitter:label1\" content=\"Escrito por\" \/>\n\t<meta name=\"twitter:data1\" content=\"Huele a azufre\" \/>\n\t<meta name=\"twitter:label2\" content=\"Tiempo de lectura\" \/>\n\t<meta name=\"twitter:data2\" content=\"2 minutos\" \/>\n<script type=\"application\/ld+json\" class=\"yoast-schema-graph\">{\"@context\":\"https:\\\/\\\/schema.org\",\"@graph\":[{\"@type\":\"Article\",\"@id\":\"https:\\\/\\\/hueleaazufre.com\\\/wordpress_a\\\/index.php\\\/2024\\\/01\\\/03\\\/iran-se-une-a-los-brics-como-miembro-de-pleno-derecho\\\/#article\",\"isPartOf\":{\"@id\":\"https:\\\/\\\/hueleaazufre.com\\\/wordpress_a\\\/index.php\\\/2024\\\/01\\\/03\\\/iran-se-une-a-los-brics-como-miembro-de-pleno-derecho\\\/\"},\"author\":{\"name\":\"Huele a azufre\",\"@id\":\"https:\\\/\\\/hueleaazufre.com\\\/wordpress_a\\\/#\\\/schema\\\/person\\\/549dd871707ea7f9f1a686323ebe9baa\"},\"headline\":\"Ir\u00e1n se une a los BRICS como miembro de pleno derecho\",\"datePublished\":\"2024-01-03T16:00:59+00:00\",\"mainEntityOfPage\":{\"@id\":\"https:\\\/\\\/hueleaazufre.com\\\/wordpress_a\\\/index.php\\\/2024\\\/01\\\/03\\\/iran-se-une-a-los-brics-como-miembro-de-pleno-derecho\\\/\"},\"wordCount\":345,\"commentCount\":0,\"image\":{\"@id\":\"https:\\\/\\\/hueleaazufre.com\\\/wordpress_a\\\/index.php\\\/2024\\\/01\\\/03\\\/iran-se-une-a-los-brics-como-miembro-de-pleno-derecho\\\/#primaryimage\"},\"thumbnailUrl\":\"https:\\\/\\\/hueleaazufre.com\\\/wordpress_a\\\/wp-content\\\/uploads\\\/2024\\\/01\\\/brics.jpg\",\"keywords\":[\"BRICS\",\"Ir\u00e1n\"],\"articleSection\":[\"Medios aliados\"],\"inLanguage\":\"es\",\"potentialAction\":[{\"@type\":\"CommentAction\",\"name\":\"Comment\",\"target\":[\"https:\\\/\\\/hueleaazufre.com\\\/wordpress_a\\\/index.php\\\/2024\\\/01\\\/03\\\/iran-se-une-a-los-brics-como-miembro-de-pleno-derecho\\\/#respond\"]}]},{\"@type\":\"WebPage\",\"@id\":\"https:\\\/\\\/hueleaazufre.com\\\/wordpress_a\\\/index.php\\\/2024\\\/01\\\/03\\\/iran-se-une-a-los-brics-como-miembro-de-pleno-derecho\\\/\",\"url\":\"https:\\\/\\\/hueleaazufre.com\\\/wordpress_a\\\/index.php\\\/2024\\\/01\\\/03\\\/iran-se-une-a-los-brics-como-miembro-de-pleno-derecho\\\/\",\"name\":\"Ir\u00e1n se une a los BRICS como miembro de pleno derecho -\",\"isPartOf\":{\"@id\":\"https:\\\/\\\/hueleaazufre.com\\\/wordpress_a\\\/#website\"},\"primaryImageOfPage\":{\"@id\":\"https:\\\/\\\/hueleaazufre.com\\\/wordpress_a\\\/index.php\\\/2024\\\/01\\\/03\\\/iran-se-une-a-los-brics-como-miembro-de-pleno-derecho\\\/#primaryimage\"},\"image\":{\"@id\":\"https:\\\/\\\/hueleaazufre.com\\\/wordpress_a\\\/index.php\\\/2024\\\/01\\\/03\\\/iran-se-une-a-los-brics-como-miembro-de-pleno-derecho\\\/#primaryimage\"},\"thumbnailUrl\":\"https:\\\/\\\/hueleaazufre.com\\\/wordpress_a\\\/wp-content\\\/uploads\\\/2024\\\/01\\\/brics.jpg\",\"datePublished\":\"2024-01-03T16:00:59+00:00\",\"author\":{\"@id\":\"https:\\\/\\\/hueleaazufre.com\\\/wordpress_a\\\/#\\\/schema\\\/person\\\/549dd871707ea7f9f1a686323ebe9baa\"},\"breadcrumb\":{\"@id\":\"https:\\\/\\\/hueleaazufre.com\\\/wordpress_a\\\/index.php\\\/2024\\\/01\\\/03\\\/iran-se-une-a-los-brics-como-miembro-de-pleno-derecho\\\/#breadcrumb\"},\"inLanguage\":\"es\",\"potentialAction\":[{\"@type\":\"ReadAction\",\"target\":[\"https:\\\/\\\/hueleaazufre.com\\\/wordpress_a\\\/index.php\\\/2024\\\/01\\\/03\\\/iran-se-une-a-los-brics-como-miembro-de-pleno-derecho\\\/\"]}]},{\"@type\":\"ImageObject\",\"inLanguage\":\"es\",\"@id\":\"https:\\\/\\\/hueleaazufre.com\\\/wordpress_a\\\/index.php\\\/2024\\\/01\\\/03\\\/iran-se-une-a-los-brics-como-miembro-de-pleno-derecho\\\/#primaryimage\",\"url\":\"https:\\\/\\\/hueleaazufre.com\\\/wordpress_a\\\/wp-content\\\/uploads\\\/2024\\\/01\\\/brics.jpg\",\"contentUrl\":\"https:\\\/\\\/hueleaazufre.com\\\/wordpress_a\\\/wp-content\\\/uploads\\\/2024\\\/01\\\/brics.jpg\",\"width\":880,\"height\":495},{\"@type\":\"BreadcrumbList\",\"@id\":\"https:\\\/\\\/hueleaazufre.com\\\/wordpress_a\\\/index.php\\\/2024\\\/01\\\/03\\\/iran-se-une-a-los-brics-como-miembro-de-pleno-derecho\\\/#breadcrumb\",\"itemListElement\":[{\"@type\":\"ListItem\",\"position\":1,\"name\":\"Portada\",\"item\":\"https:\\\/\\\/hueleaazufre.com\\\/wordpress_a\\\/\"},{\"@type\":\"ListItem\",\"position\":2,\"name\":\"Ir\u00e1n se une a los BRICS como miembro de pleno derecho\"}]},{\"@type\":\"WebSite\",\"@id\":\"https:\\\/\\\/hueleaazufre.com\\\/wordpress_a\\\/#website\",\"url\":\"https:\\\/\\\/hueleaazufre.com\\\/wordpress_a\\\/\",\"name\":\"\",\"description\":\"Huele a azufre es una plataforma digital de an\u00e1lisis geopol\u00edtico.\",\"potentialAction\":[{\"@type\":\"SearchAction\",\"target\":{\"@type\":\"EntryPoint\",\"urlTemplate\":\"https:\\\/\\\/hueleaazufre.com\\\/wordpress_a\\\/?s={search_term_string}\"},\"query-input\":{\"@type\":\"PropertyValueSpecification\",\"valueRequired\":true,\"valueName\":\"search_term_string\"}}],\"inLanguage\":\"es\"},{\"@type\":\"Person\",\"@id\":\"https:\\\/\\\/hueleaazufre.com\\\/wordpress_a\\\/#\\\/schema\\\/person\\\/549dd871707ea7f9f1a686323ebe9baa\",\"name\":\"Huele a azufre\",\"image\":{\"@type\":\"ImageObject\",\"inLanguage\":\"es\",\"@id\":\"https:\\\/\\\/secure.gravatar.com\\\/avatar\\\/e972d5c124b9bf80eb4c9d322a90dd86a59d447f5da36700a77516f13637d44e?s=96&d=mm&r=g\",\"url\":\"https:\\\/\\\/secure.gravatar.com\\\/avatar\\\/e972d5c124b9bf80eb4c9d322a90dd86a59d447f5da36700a77516f13637d44e?s=96&d=mm&r=g\",\"contentUrl\":\"https:\\\/\\\/secure.gravatar.com\\\/avatar\\\/e972d5c124b9bf80eb4c9d322a90dd86a59d447f5da36700a77516f13637d44e?s=96&d=mm&r=g\",\"caption\":\"Huele a azufre\"},\"description\":\"Huele a azufre es una plataforma digital de an\u00e1lisis geopol\u00edtico\u00a0 contrahegem\u00f3nico, que busca visibilizar las voces y los discursos silenciados por el poder medi\u00e1tico.\",\"sameAs\":[\"https:\\\/\\\/hueleaazufre.com\\\/wordpress_a\"],\"url\":\"https:\\\/\\\/hueleaazufre.com\\\/wordpress_a\\\/index.php\\\/author\\\/admin_tupapa\\\/\"}]}<\/script>\n<!-- \/ Yoast SEO plugin. -->","yoast_head_json":{"title":"Ir\u00e1n se une a los BRICS como miembro de pleno derecho -","robots":{"index":"index","follow":"follow","max-snippet":"max-snippet:-1","max-image-preview":"max-image-preview:large","max-video-preview":"max-video-preview:-1"},"canonical":"https:\/\/hueleaazufre.com\/wordpress_a\/index.php\/2024\/01\/03\/iran-se-une-a-los-brics-como-miembro-de-pleno-derecho\/","og_locale":"es_ES","og_type":"article","og_title":"Ir\u00e1n se une a los BRICS como miembro de pleno derecho -","og_description":"Ir\u00e1n anuncia la adhesi\u00f3n oficial del pa\u00eds a partir del 1 de enero a los...","og_url":"https:\/\/hueleaazufre.com\/wordpress_a\/index.php\/2024\/01\/03\/iran-se-une-a-los-brics-como-miembro-de-pleno-derecho\/","article_published_time":"2024-01-03T16:00:59+00:00","og_image":[{"width":880,"height":495,"url":"https:\/\/hueleaazufre.com\/wordpress_a\/wp-content\/uploads\/2024\/01\/brics.jpg","type":"image\/jpeg"}],"author":"Huele a azufre","twitter_card":"summary_large_image","twitter_misc":{"Escrito por":"Huele a azufre","Tiempo de lectura":"2 minutos"},"schema":{"@context":"https:\/\/schema.org","@graph":[{"@type":"Article","@id":"https:\/\/hueleaazufre.com\/wordpress_a\/index.php\/2024\/01\/03\/iran-se-une-a-los-brics-como-miembro-de-pleno-derecho\/#article","isPartOf":{"@id":"https:\/\/hueleaazufre.com\/wordpress_a\/index.php\/2024\/01\/03\/iran-se-une-a-los-brics-como-miembro-de-pleno-derecho\/"},"author":{"name":"Huele a azufre","@id":"https:\/\/hueleaazufre.com\/wordpress_a\/#\/schema\/person\/549dd871707ea7f9f1a686323ebe9baa"},"headline":"Ir\u00e1n se une a los BRICS como miembro de pleno derecho","datePublished":"2024-01-03T16:00:59+00:00","mainEntityOfPage":{"@id":"https:\/\/hueleaazufre.com\/wordpress_a\/index.php\/2024\/01\/03\/iran-se-une-a-los-brics-como-miembro-de-pleno-derecho\/"},"wordCount":345,"commentCount":0,"image":{"@id":"https:\/\/hueleaazufre.com\/wordpress_a\/index.php\/2024\/01\/03\/iran-se-une-a-los-brics-como-miembro-de-pleno-derecho\/#primaryimage"},"thumbnailUrl":"https:\/\/hueleaazufre.com\/wordpress_a\/wp-content\/uploads\/2024\/01\/brics.jpg","keywords":["BRICS","Ir\u00e1n"],"articleSection":["Medios aliados"],"inLanguage":"es","potentialAction":[{"@type":"CommentAction","name":"Comment","target":["https:\/\/hueleaazufre.com\/wordpress_a\/index.php\/2024\/01\/03\/iran-se-une-a-los-brics-como-miembro-de-pleno-derecho\/#respond"]}]},{"@type":"WebPage","@id":"https:\/\/hueleaazufre.com\/wordpress_a\/index.php\/2024\/01\/03\/iran-se-une-a-los-brics-como-miembro-de-pleno-derecho\/","url":"https:\/\/hueleaazufre.com\/wordpress_a\/index.php\/2024\/01\/03\/iran-se-une-a-los-brics-como-miembro-de-pleno-derecho\/","name":"Ir\u00e1n se une a los BRICS como miembro de pleno derecho -","isPartOf":{"@id":"https:\/\/hueleaazufre.com\/wordpress_a\/#website"},"primaryImageOfPage":{"@id":"https:\/\/hueleaazufre.com\/wordpress_a\/index.php\/2024\/01\/03\/iran-se-une-a-los-brics-como-miembro-de-pleno-derecho\/#primaryimage"},"image":{"@id":"https:\/\/hueleaazufre.com\/wordpress_a\/index.php\/2024\/01\/03\/iran-se-une-a-los-brics-como-miembro-de-pleno-derecho\/#primaryimage"},"thumbnailUrl":"https:\/\/hueleaazufre.com\/wordpress_a\/wp-content\/uploads\/2024\/01\/brics.jpg","datePublished":"2024-01-03T16:00:59+00:00","author":{"@id":"https:\/\/hueleaazufre.com\/wordpress_a\/#\/schema\/person\/549dd871707ea7f9f1a686323ebe9baa"},"breadcrumb":{"@id":"https:\/\/hueleaazufre.com\/wordpress_a\/index.php\/2024\/01\/03\/iran-se-une-a-los-brics-como-miembro-de-pleno-derecho\/#breadcrumb"},"inLanguage":"es","potentialAction":[{"@type":"ReadAction","target":["https:\/\/hueleaazufre.com\/wordpress_a\/index.php\/2024\/01\/03\/iran-se-une-a-los-brics-como-miembro-de-pleno-derecho\/"]}]},{"@type":"ImageObject","inLanguage":"es","@id":"https:\/\/hueleaazufre.com\/wordpress_a\/index.php\/2024\/01\/03\/iran-se-une-a-los-brics-como-miembro-de-pleno-derecho\/#primaryimage","url":"https:\/\/hueleaazufre.com\/wordpress_a\/wp-content\/uploads\/2024\/01\/brics.jpg","contentUrl":"https:\/\/hueleaazufre.com\/wordpress_a\/wp-content\/uploads\/2024\/01\/brics.jpg","width":880,"height":495},{"@type":"BreadcrumbList","@id":"https:\/\/hueleaazufre.com\/wordpress_a\/index.php\/2024\/01\/03\/iran-se-une-a-los-brics-como-miembro-de-pleno-derecho\/#breadcrumb","itemListElement":[{"@type":"ListItem","position":1,"name":"Portada","item":"https:\/\/hueleaazufre.com\/wordpress_a\/"},{"@type":"ListItem","position":2,"name":"Ir\u00e1n se une a los BRICS como miembro de pleno derecho"}]},{"@type":"WebSite","@id":"https:\/\/hueleaazufre.com\/wordpress_a\/#website","url":"https:\/\/hueleaazufre.com\/wordpress_a\/","name":"","description":"Huele a azufre es una plataforma digital de an\u00e1lisis geopol\u00edtico.","potentialAction":[{"@type":"SearchAction","target":{"@type":"EntryPoint","urlTemplate":"https:\/\/hueleaazufre.com\/wordpress_a\/?s={search_term_string}"},"query-input":{"@type":"PropertyValueSpecification","valueRequired":true,"valueName":"search_term_string"}}],"inLanguage":"es"},{"@type":"Person","@id":"https:\/\/hueleaazufre.com\/wordpress_a\/#\/schema\/person\/549dd871707ea7f9f1a686323ebe9baa","name":"Huele a azufre","image":{"@type":"ImageObject","inLanguage":"es","@id":"https:\/\/secure.gravatar.com\/avatar\/e972d5c124b9bf80eb4c9d322a90dd86a59d447f5da36700a77516f13637d44e?s=96&d=mm&r=g","url":"https:\/\/secure.gravatar.com\/avatar\/e972d5c124b9bf80eb4c9d322a90dd86a59d447f5da36700a77516f13637d44e?s=96&d=mm&r=g","contentUrl":"https:\/\/secure.gravatar.com\/avatar\/e972d5c124b9bf80eb4c9d322a90dd86a59d447f5da36700a77516f13637d44e?s=96&d=mm&r=g","caption":"Huele a azufre"},"description":"Huele a azufre es una plataforma digital de an\u00e1lisis geopol\u00edtico\u00a0 contrahegem\u00f3nico, que busca visibilizar las voces y los discursos silenciados por el poder medi\u00e1tico.","sameAs":["https:\/\/hueleaazufre.com\/wordpress_a"],"url":"https:\/\/hueleaazufre.com\/wordpress_a\/index.php\/author\/admin_tupapa\/"}]}},"_links":{"self":[{"href":"https:\/\/hueleaazufre.com\/wordpress_a\/index.php\/wp-json\/wp\/v2\/posts\/385","targetHints":{"allow":["GET"]}}],"collection":[{"href":"https:\/\/hueleaazufre.com\/wordpress_a\/index.php\/wp-json\/wp\/v2\/posts"}],"about":[{"href":"https:\/\/hueleaazufre.com\/wordpress_a\/index.php\/wp-json\/wp\/v2\/types\/post"}],"author":[{"embeddable":true,"href":"https:\/\/hueleaazufre.com\/wordpress_a\/index.php\/wp-json\/wp\/v2\/users\/1"}],"replies":[{"embeddable":true,"href":"https:\/\/hueleaazufre.com\/wordpress_a\/index.php\/wp-json\/wp\/v2\/comments?post=385"}],"version-history":[{"count":1,"href":"https:\/\/hueleaazufre.com\/wordpress_a\/index.php\/wp-json\/wp\/v2\/posts\/385\/revisions"}],"predecessor-version":[{"id":387,"href":"https:\/\/hueleaazufre.com\/wordpress_a\/index.php\/wp-json\/wp\/v2\/posts\/385\/revisions\/387"}],"wp:featuredmedia":[{"embeddable":true,"href":"https:\/\/hueleaazufre.com\/wordpress_a\/index.php\/wp-json\/wp\/v2\/media\/386"}],"wp:attachment":[{"href":"https:\/\/hueleaazufre.com\/wordpress_a\/index.php\/wp-json\/wp\/v2\/media?parent=385"}],"wp:term":[{"taxonomy":"category","embeddable":true,"href":"https:\/\/hueleaazufre.com\/wordpress_a\/index.php\/wp-json\/wp\/v2\/categories?post=385"},{"taxonomy":"post_tag","embeddable":true,"href":"https:\/\/hueleaazufre.com\/wordpress_a\/index.php\/wp-json\/wp\/v2\/tags?post=385"}],"curies":[{"name":"wp","href":"https:\/\/api.w.org\/{rel}","templated":true}]}}