{"id":388,"date":"2024-01-03T16:05:04","date_gmt":"2024-01-03T16:05:04","guid":{"rendered":"https:\/\/hueleaazufre.com\/wordpress_a\/?p=388"},"modified":"2024-01-08T14:32:28","modified_gmt":"2024-01-08T14:32:28","slug":"cuba-celebra-65-anos-de-revolucion","status":"publish","type":"post","link":"https:\/\/hueleaazufre.com\/wordpress_a\/index.php\/2024\/01\/03\/cuba-celebra-65-anos-de-revolucion\/","title":{"rendered":"Cuba celebra 65 a\u00f1os de revoluci\u00f3n"},"content":{"rendered":"<h1><b><i>Extractos del discurso del presidente, Miguel D\u00edaz Canel, pronunciado <\/i><\/b><b><i>el 1\u00ba de enero <\/i><\/b><b><i>desde el ic\u00f3nico<\/i><\/b><b><i> Parque C\u00e9spedes, en Santiago de Cuba,.<\/i><\/b><\/h1>\n<p><span style=\"font-weight: 400;\">Querido General de Ej\u00e9rcito Ra\u00fal Castro Ruz, l\u00edder de la Revoluci\u00f3n Cubana. Hero\u00ednas y h\u00e9roes de la patria. Pueblo heroico de la heroica Santiago de Cuba.<\/span><\/p>\n<p><span style=\"font-weight: 400;\">Querido pueblo cubano:<\/span><\/p>\n<p><span style=\"font-weight: 400;\">La obra de 65 a\u00f1os es inmensa y ser\u00eda tan dif\u00edcil desconocerla como resumirla en pocas palabras. Esta es la Revoluci\u00f3n, genuina y profunda, de la Reforma Agraria y de la Reforma Urbana, que empoder\u00f3 al pueblo al nacionalizar y poner al servicio de los intereses populares la tierra, las industrias, los bancos, las comunicaciones, las grandes construcciones e inversiones, el transporte, el comercio exterior e interior.\u00a0<\/span><\/p>\n<p><span style=\"font-weight: 400;\">La que elimin\u00f3 el desempleo, garantizando a mujeres y hombres el humano derecho al trabajo. Y es la que levant\u00f3 cientos de miles de apartamentos para trabajadores y campesinos hasta en las m\u00e1s apartadas zonas del pa\u00eds.<\/span><\/p>\n<p><span style=\"font-weight: 400;\">Esta es la Revoluci\u00f3n que, despu\u00e9s de haber perdido 3 000 m\u00e9dicos por un \u00e9xodo pol\u00edticamente inducido en la d\u00e9cada del 60 del pasado siglo, construy\u00f3 uno de los m\u00e1s formidables y prestigiosos sistemas de Salud de nuestra \u00e9poca y hoy cuenta con medio mill\u00f3n de trabajadores en todos sus niveles, que garantizan cobertura universal y asistencia gratuita para todas las cubanas y cubanos.<\/span><\/p>\n<p><span style=\"font-weight: 400;\">Paralelamente, durante estas seis d\u00e9cadas, 600 mil profesionales de la Salud cubanos han prestado colaboraci\u00f3n en 165 pa\u00edses. Y m\u00e1s recientemente, en el periodo pand\u00e9mico de COVID-19, unos 3 mil integrantes del Contingente Henry Reeve brindaron servicios en 40 de ellos.<\/span><\/p>\n<p><span style=\"font-weight: 400;\">Unos 27 mil j\u00f3venes de un centenar de naciones se han graduado en la Escuela Latinoamericana de Ciencias M\u00e9dicas (ELAM), y m\u00e1s de 4 millones de personas de bajos ingresos de nuestra regi\u00f3n y de \u00c1frica recuperaron la visi\u00f3n con la Operaci\u00f3n Milagro. Esta es tambi\u00e9n la Revoluci\u00f3n: la coherencia con el ejemplo de Ernesto Guevara, el querido Che, la voluntad permanente de practicar la solidaridad y compartir lo que tenemos, con la convicci\u00f3n profunda de que son m\u00e9dicos y no bombas, cooperaci\u00f3n y no sanciones, lo que los pueblos necesitan.<\/span><\/p>\n<p><span style=\"font-weight: 400;\">Todo ello ha sido posible gracias a que primero se nacionaliz\u00f3 la ense\u00f1anza, se liquid\u00f3 el analfabetismo y se ha desarrollado una profunda revoluci\u00f3n en la educaci\u00f3n, que garantiza el acceso universal y gratuito a todos los ciudadanos.<\/span><\/p>\n<p><span style=\"font-weight: 400;\">Con el programa cubano de alfabetizaci\u00f3n Yo s\u00ed puedo, implementado en 30 naciones, se han alfabetizado m\u00e1s de 10 millones de personas de pr\u00e1cticamente todos los continentes. M\u00e1s de 70 mil estudiantes extranjeros se han graduado en Cuba y actualmente m\u00e1s de 3 mil realizan estudios en nuestra isla.<\/span><\/p>\n<p><span style=\"font-weight: 400;\">La educaci\u00f3n superior, la ciencia, la innovaci\u00f3n, la biotecnolog\u00eda, la preservaci\u00f3n del medio ambiente y el desarrollo sostenible son otras \u00e1reas destacadas por las investigaciones y aportes del talentoso ser nacional al esfuerzo por remontar los obst\u00e1culos que nos imponen el bloqueo, la condici\u00f3n de pa\u00eds peque\u00f1o y nuestras propias limitaciones. En las potencialidades infinitas de esas fuerzas combinadas, se basa el Sistema de Ciencia e Innovaci\u00f3n en la gesti\u00f3n de Gobierno.<\/span><\/p>\n<p><span style=\"font-weight: 400;\">Creemos firmemente en la capacidad revolucionadora y transformadora de la mente humana para hacer realidad los sue\u00f1os m\u00e1s grandes. Es una de las ense\u00f1anzas de Fidel que podemos practicar en todos los \u00e1mbitos hoy porque antes hubo una revoluci\u00f3n en la educaci\u00f3n, en la ciencia e incluso en las pol\u00edticas de desarrollo de la mujer, que hoy es mayor\u00eda determinante en los avances que describimos.<\/span><\/p>\n<p><span style=\"font-weight: 400;\">[&#8230;]<\/span><\/p>\n<p><span style=\"font-weight: 400;\">Cuando hacemos el recuento, aunque sea m\u00ednimo, de lo logrado en condiciones de bloqueo genocida, siempre resistiendo y superando adversidades, siempre creciendo moral y dignamente, pero con mil sue\u00f1os detenidos y con infinitas aspiraciones postergadas, salta entonces una pregunta: \u00bfcu\u00e1nto m\u00e1s inmensa ser\u00eda la obra sin ese cerco atroz bloque\u00e1ndonos?<\/span><\/p>\n<p><span style=\"font-weight: 400;\">La mayor\u00eda del pueblo cubano sabe que solo la unidad en torno al Partido y la Revoluci\u00f3n permitir\u00e1 preservar la naci\u00f3n cubana y las conquistas econ\u00f3mico-sociales. Esa certeza y la llegada del a\u00f1o 66 de la Revoluci\u00f3n dan fuerzas que nos oxigenar\u00e1n en el avance hacia nuevas y desafiantes metas.<\/span><\/p>\n<p><span style=\"font-weight: 400;\">La entrega absoluta de los pr\u00f3ceres y sus continuadores de la Generaci\u00f3n del Centenario a la causa de la libertad de los cubanos y la independencia definitiva de la patria siguen calando profundamente en la juventud cubana de esta \u00e9poca, en los muchos que est\u00e1n aqu\u00ed y tambi\u00e9n en la mayor\u00eda de los que se van.<\/span><\/p>\n<p><span style=\"font-weight: 400;\">Nuestros j\u00f3venes siguen poniendo el pecho a las balas de la guerra econ\u00f3mica y est\u00e1n haciendo cosas admirables, convencidos de que s\u00ed se puede derrotar a un mismo tiempo la agresi\u00f3n externa y los frenos internos.<\/span><\/p>\n<p><span style=\"font-weight: 400;\">Este es un d\u00eda de hondo significado para la naci\u00f3n, que tradicionalmente dedicamos a celebrar, como lo har\u00eda Camilo Cienfuegos, con la alegr\u00eda ganada en el sacrificio, la suerte de seguir unidos y leales a esa herencia de valor supremo.<\/span><\/p>\n<p><span style=\"font-weight: 400;\">Hoy estamos convocados a salvar la dignidad del futuro, evitando el error y empe\u00f1ados en el acierto, con todas las armas de la inteligencia humana que distinguen al cubano y el m\u00e1ximo esfuerzo, que todav\u00eda falta, puestos en funci\u00f3n de resultados positivos inmediatos, conscientes de que lo que hagamos tarde ya no ser\u00e1 \u00fatil.<\/span><\/p>\n<p><span style=\"font-weight: 400;\">Me atrevo a decir, en nombre de todos los que tenemos la responsabilidad de lograrlo, que asumimos el compromiso conscientes del riesgo que supone enfrentar cualquier cambio o transformaci\u00f3n econ\u00f3mica y social en un pa\u00eds bloqueado con sa\u00f1a y en un contexto internacional minado por la incertidumbre, la injusticia, el abuso y la indiferencia de los poderosos.<\/span><\/p>\n<p><span style=\"font-weight: 400;\">No nos cansaremos de demandar el levantamiento del bloqueo y el fin de la guerra econ\u00f3mica. Es un derecho leg\u00edtimo enfrentarnos al hostil y arbitrario orden econ\u00f3mico internacional en igualdad de condiciones con el resto de las naciones, sin acoso ni persecuci\u00f3n financiera. Y a quienes dicen que lo usamos como pretexto para nuestra ineficiencia, una vez m\u00e1s les decimos: qu\u00edtennos el pretexto.<\/span><\/p>\n<p><span style=\"font-weight: 400;\">Con las manos y los pies atados no se vale. Juego limpio, se\u00f1ores imperialistas, y vamos a ver qui\u00e9n gana.<\/span><\/p>\n<p><span style=\"font-weight: 400;\">Pero si prefieren ser condenados por la historia a cuenta de ese crimen de lesa humanidad que es pretender la rendici\u00f3n de un pa\u00eds por hambre y necesidad, si no quitan el bloqueo, Cuba encontrar\u00e1 el modo de resolverlo.<\/span><\/p>\n<p><span style=\"font-weight: 400;\">Este pa\u00eds cuenta con dignidad, talento y voluntad suficientes para levantarse con sus propios esfuerzos por encima del cerco y saltarlo. No ser\u00e1 en un d\u00eda, \u00a1pero lo haremos!<\/span><\/p>\n<p><span style=\"font-weight: 400;\">La prepotencia imperial, que ha convertido su pol\u00edtica arbitraria de sanciones unilaterales en una especie de epidemia global, ser\u00e1 derrotada m\u00e1s temprano que tarde, con la articulaci\u00f3n de fuerzas y esfuerzos de otros pueblos y gobiernos injusta e irracionalmente condenados como el cubano por no aceptar sus imposiciones y designios.<\/span><\/p>\n<p><span style=\"font-weight: 400;\">A diferencia del imperio estadounidense, cada vez m\u00e1s desmoralizado por sus pretensiones hegem\u00f3nicas, Cuba es respetada y admirada en el mundo por su permanente disposici\u00f3n a la cooperaci\u00f3n, la solidaridad, el intercambio justo, todo lo que la humanidad necesita hoy para revertir las peligrosas tendencias a su desaparici\u00f3n como especie.<\/span><\/p>\n<p><span style=\"font-weight: 400;\">Compatriotas:<\/span><\/p>\n<p><span style=\"font-weight: 400;\">Queda mucho por decir, pero queda m\u00e1s a\u00fan por hacer. Ante la hermosa bandera que cada 1ro. de enero nos trae augurios de c\u00f3mo ser\u00e1 el a\u00f1o que empieza, traemos el compromiso de trabajar sin descanso para que siga ondeando con fuerza la voluntad de hacerlo mejor.<\/span><\/p>\n<p><span style=\"font-weight: 400;\">Ante la piedra que guarda las sagradas cenizas de Fidel; ante el General de Ej\u00e9rcito y l\u00edder de la Revoluci\u00f3n, Ra\u00fal Castro Ruz; ante la Generaci\u00f3n Hist\u00f3rica, que sigue de pie a nuestro lado; ante la memoria de todos los que cayeron o vencieron combatiendo por la definitiva independencia de Cuba y le ganaron a Santiago de Cuba el t\u00edtulo honor\u00edfico de Ciudad H\u00e9roe, ratifiquemos el compromiso de cambiar todo lo que tenga que ser cambiado, sin renunciar a un solo principio de la Revoluci\u00f3n.<\/span><\/p>\n<p><span style=\"font-weight: 400;\">Cubanas y cubanos:<\/span><\/p>\n<p><span style=\"font-weight: 400;\">Los mambises seguir\u00e1n entrando en Santiago.<\/span><\/p>\n<p><span style=\"font-weight: 400;\">Como Ra\u00fal en el aniversario 60, hoy podemos expresar que despu\u00e9s de 65 a\u00f1os de lucha, sacrificio y victorias, vivimos en un pa\u00eds libre, soberano y justo.<\/span><\/p>\n<p><span style=\"font-weight: 400;\">\u00a1<\/span><b>Viva por siempre la Revoluci\u00f3n Cubana!<\/b><\/p>\n<p><b>\u00a1Patria o Muerte!<\/b><\/p>\n<p><b>\u00a1Socialismo o Muerte!<\/b><\/p>\n<p><b>\u00a1Venceremos!<\/b><\/p>\n<p><a href=\"https:\/\/cubaminrex.cu\/es\/discurso-pronunciado-por-el-presidente-de-la-republica-miguel-diaz-canel-bermudez-con-motivo-del\"><b>Autor: Cubaminrex<\/b><\/a><\/p>\n","protected":false},"excerpt":{"rendered":"<p>Extractos del discurso del presidente, Miguel D\u00edaz Canel, pronunciado el 1\u00ba de enero desde el&#8230;<\/p>\n","protected":false},"author":1,"featured_media":389,"comment_status":"open","ping_status":"closed","sticky":false,"template":"","format":"standard","meta":{"footnotes":""},"categories":[56],"tags":[76,77],"class_list":["post-388","post","type-post","status-publish","format-standard","has-post-thumbnail","hentry","category-medios-aliados","tag-cuba","tag-revolucion"],"yoast_head":"<!-- This site is optimized with the Yoast SEO plugin v27.5 - https:\/\/yoast.com\/product\/yoast-seo-wordpress\/ -->\n<title>Cuba celebra 65 a\u00f1os de revoluci\u00f3n -<\/title>\n<meta name=\"robots\" content=\"index, follow, max-snippet:-1, max-image-preview:large, max-video-preview:-1\" \/>\n<link rel=\"canonical\" href=\"https:\/\/hueleaazufre.com\/wordpress_a\/index.php\/2024\/01\/03\/cuba-celebra-65-anos-de-revolucion\/\" \/>\n<meta property=\"og:locale\" content=\"es_ES\" \/>\n<meta property=\"og:type\" content=\"article\" \/>\n<meta property=\"og:title\" content=\"Cuba celebra 65 a\u00f1os de revoluci\u00f3n -\" \/>\n<meta property=\"og:description\" content=\"Extractos del discurso del presidente, Miguel D\u00edaz Canel, pronunciado el 1\u00ba de enero desde el...\" \/>\n<meta property=\"og:url\" content=\"https:\/\/hueleaazufre.com\/wordpress_a\/index.php\/2024\/01\/03\/cuba-celebra-65-anos-de-revolucion\/\" \/>\n<meta property=\"article:published_time\" content=\"2024-01-03T16:05:04+00:00\" \/>\n<meta property=\"article:modified_time\" content=\"2024-01-08T14:32:28+00:00\" \/>\n<meta property=\"og:image\" content=\"https:\/\/hueleaazufre.com\/wordpress_a\/wp-content\/uploads\/2024\/01\/banderadecuba-scaled.jpg\" \/>\n\t<meta property=\"og:image:width\" content=\"2560\" \/>\n\t<meta property=\"og:image:height\" content=\"1751\" \/>\n\t<meta property=\"og:image:type\" content=\"image\/jpeg\" \/>\n<meta name=\"author\" content=\"Huele a azufre\" \/>\n<meta name=\"twitter:card\" content=\"summary_large_image\" \/>\n<meta name=\"twitter:label1\" content=\"Escrito por\" \/>\n\t<meta name=\"twitter:data1\" content=\"Huele a azufre\" \/>\n\t<meta name=\"twitter:label2\" content=\"Tiempo de lectura\" \/>\n\t<meta name=\"twitter:data2\" content=\"7 minutos\" \/>\n<script type=\"application\/ld+json\" class=\"yoast-schema-graph\">{\"@context\":\"https:\\\/\\\/schema.org\",\"@graph\":[{\"@type\":\"Article\",\"@id\":\"https:\\\/\\\/hueleaazufre.com\\\/wordpress_a\\\/index.php\\\/2024\\\/01\\\/03\\\/cuba-celebra-65-anos-de-revolucion\\\/#article\",\"isPartOf\":{\"@id\":\"https:\\\/\\\/hueleaazufre.com\\\/wordpress_a\\\/index.php\\\/2024\\\/01\\\/03\\\/cuba-celebra-65-anos-de-revolucion\\\/\"},\"author\":{\"name\":\"Huele a azufre\",\"@id\":\"https:\\\/\\\/hueleaazufre.com\\\/wordpress_a\\\/#\\\/schema\\\/person\\\/549dd871707ea7f9f1a686323ebe9baa\"},\"headline\":\"Cuba celebra 65 a\u00f1os de revoluci\u00f3n\",\"datePublished\":\"2024-01-03T16:05:04+00:00\",\"dateModified\":\"2024-01-08T14:32:28+00:00\",\"mainEntityOfPage\":{\"@id\":\"https:\\\/\\\/hueleaazufre.com\\\/wordpress_a\\\/index.php\\\/2024\\\/01\\\/03\\\/cuba-celebra-65-anos-de-revolucion\\\/\"},\"wordCount\":1479,\"commentCount\":0,\"image\":{\"@id\":\"https:\\\/\\\/hueleaazufre.com\\\/wordpress_a\\\/index.php\\\/2024\\\/01\\\/03\\\/cuba-celebra-65-anos-de-revolucion\\\/#primaryimage\"},\"thumbnailUrl\":\"https:\\\/\\\/hueleaazufre.com\\\/wordpress_a\\\/wp-content\\\/uploads\\\/2024\\\/01\\\/banderadecuba-scaled.jpg\",\"keywords\":[\"Cuba\",\"revoluci\u00f3n\"],\"articleSection\":[\"Medios aliados\"],\"inLanguage\":\"es\",\"potentialAction\":[{\"@type\":\"CommentAction\",\"name\":\"Comment\",\"target\":[\"https:\\\/\\\/hueleaazufre.com\\\/wordpress_a\\\/index.php\\\/2024\\\/01\\\/03\\\/cuba-celebra-65-anos-de-revolucion\\\/#respond\"]}]},{\"@type\":\"WebPage\",\"@id\":\"https:\\\/\\\/hueleaazufre.com\\\/wordpress_a\\\/index.php\\\/2024\\\/01\\\/03\\\/cuba-celebra-65-anos-de-revolucion\\\/\",\"url\":\"https:\\\/\\\/hueleaazufre.com\\\/wordpress_a\\\/index.php\\\/2024\\\/01\\\/03\\\/cuba-celebra-65-anos-de-revolucion\\\/\",\"name\":\"Cuba celebra 65 a\u00f1os de revoluci\u00f3n -\",\"isPartOf\":{\"@id\":\"https:\\\/\\\/hueleaazufre.com\\\/wordpress_a\\\/#website\"},\"primaryImageOfPage\":{\"@id\":\"https:\\\/\\\/hueleaazufre.com\\\/wordpress_a\\\/index.php\\\/2024\\\/01\\\/03\\\/cuba-celebra-65-anos-de-revolucion\\\/#primaryimage\"},\"image\":{\"@id\":\"https:\\\/\\\/hueleaazufre.com\\\/wordpress_a\\\/index.php\\\/2024\\\/01\\\/03\\\/cuba-celebra-65-anos-de-revolucion\\\/#primaryimage\"},\"thumbnailUrl\":\"https:\\\/\\\/hueleaazufre.com\\\/wordpress_a\\\/wp-content\\\/uploads\\\/2024\\\/01\\\/banderadecuba-scaled.jpg\",\"datePublished\":\"2024-01-03T16:05:04+00:00\",\"dateModified\":\"2024-01-08T14:32:28+00:00\",\"author\":{\"@id\":\"https:\\\/\\\/hueleaazufre.com\\\/wordpress_a\\\/#\\\/schema\\\/person\\\/549dd871707ea7f9f1a686323ebe9baa\"},\"breadcrumb\":{\"@id\":\"https:\\\/\\\/hueleaazufre.com\\\/wordpress_a\\\/index.php\\\/2024\\\/01\\\/03\\\/cuba-celebra-65-anos-de-revolucion\\\/#breadcrumb\"},\"inLanguage\":\"es\",\"potentialAction\":[{\"@type\":\"ReadAction\",\"target\":[\"https:\\\/\\\/hueleaazufre.com\\\/wordpress_a\\\/index.php\\\/2024\\\/01\\\/03\\\/cuba-celebra-65-anos-de-revolucion\\\/\"]}]},{\"@type\":\"ImageObject\",\"inLanguage\":\"es\",\"@id\":\"https:\\\/\\\/hueleaazufre.com\\\/wordpress_a\\\/index.php\\\/2024\\\/01\\\/03\\\/cuba-celebra-65-anos-de-revolucion\\\/#primaryimage\",\"url\":\"https:\\\/\\\/hueleaazufre.com\\\/wordpress_a\\\/wp-content\\\/uploads\\\/2024\\\/01\\\/banderadecuba-scaled.jpg\",\"contentUrl\":\"https:\\\/\\\/hueleaazufre.com\\\/wordpress_a\\\/wp-content\\\/uploads\\\/2024\\\/01\\\/banderadecuba-scaled.jpg\",\"width\":2560,\"height\":1751},{\"@type\":\"BreadcrumbList\",\"@id\":\"https:\\\/\\\/hueleaazufre.com\\\/wordpress_a\\\/index.php\\\/2024\\\/01\\\/03\\\/cuba-celebra-65-anos-de-revolucion\\\/#breadcrumb\",\"itemListElement\":[{\"@type\":\"ListItem\",\"position\":1,\"name\":\"Portada\",\"item\":\"https:\\\/\\\/hueleaazufre.com\\\/wordpress_a\\\/\"},{\"@type\":\"ListItem\",\"position\":2,\"name\":\"Cuba celebra 65 a\u00f1os de revoluci\u00f3n\"}]},{\"@type\":\"WebSite\",\"@id\":\"https:\\\/\\\/hueleaazufre.com\\\/wordpress_a\\\/#website\",\"url\":\"https:\\\/\\\/hueleaazufre.com\\\/wordpress_a\\\/\",\"name\":\"\",\"description\":\"Huele a azufre es una plataforma digital de an\u00e1lisis geopol\u00edtico.\",\"potentialAction\":[{\"@type\":\"SearchAction\",\"target\":{\"@type\":\"EntryPoint\",\"urlTemplate\":\"https:\\\/\\\/hueleaazufre.com\\\/wordpress_a\\\/?s={search_term_string}\"},\"query-input\":{\"@type\":\"PropertyValueSpecification\",\"valueRequired\":true,\"valueName\":\"search_term_string\"}}],\"inLanguage\":\"es\"},{\"@type\":\"Person\",\"@id\":\"https:\\\/\\\/hueleaazufre.com\\\/wordpress_a\\\/#\\\/schema\\\/person\\\/549dd871707ea7f9f1a686323ebe9baa\",\"name\":\"Huele a azufre\",\"image\":{\"@type\":\"ImageObject\",\"inLanguage\":\"es\",\"@id\":\"https:\\\/\\\/secure.gravatar.com\\\/avatar\\\/e972d5c124b9bf80eb4c9d322a90dd86a59d447f5da36700a77516f13637d44e?s=96&d=mm&r=g\",\"url\":\"https:\\\/\\\/secure.gravatar.com\\\/avatar\\\/e972d5c124b9bf80eb4c9d322a90dd86a59d447f5da36700a77516f13637d44e?s=96&d=mm&r=g\",\"contentUrl\":\"https:\\\/\\\/secure.gravatar.com\\\/avatar\\\/e972d5c124b9bf80eb4c9d322a90dd86a59d447f5da36700a77516f13637d44e?s=96&d=mm&r=g\",\"caption\":\"Huele a azufre\"},\"description\":\"Huele a azufre es una plataforma digital de an\u00e1lisis geopol\u00edtico\u00a0 contrahegem\u00f3nico, que busca visibilizar las voces y los discursos silenciados por el poder medi\u00e1tico.\",\"sameAs\":[\"https:\\\/\\\/hueleaazufre.com\\\/wordpress_a\"],\"url\":\"https:\\\/\\\/hueleaazufre.com\\\/wordpress_a\\\/index.php\\\/author\\\/admin_tupapa\\\/\"}]}<\/script>\n<!-- \/ Yoast SEO plugin. -->","yoast_head_json":{"title":"Cuba celebra 65 a\u00f1os de revoluci\u00f3n -","robots":{"index":"index","follow":"follow","max-snippet":"max-snippet:-1","max-image-preview":"max-image-preview:large","max-video-preview":"max-video-preview:-1"},"canonical":"https:\/\/hueleaazufre.com\/wordpress_a\/index.php\/2024\/01\/03\/cuba-celebra-65-anos-de-revolucion\/","og_locale":"es_ES","og_type":"article","og_title":"Cuba celebra 65 a\u00f1os de revoluci\u00f3n -","og_description":"Extractos del discurso del presidente, Miguel D\u00edaz Canel, pronunciado el 1\u00ba de enero desde el...","og_url":"https:\/\/hueleaazufre.com\/wordpress_a\/index.php\/2024\/01\/03\/cuba-celebra-65-anos-de-revolucion\/","article_published_time":"2024-01-03T16:05:04+00:00","article_modified_time":"2024-01-08T14:32:28+00:00","og_image":[{"width":2560,"height":1751,"url":"https:\/\/hueleaazufre.com\/wordpress_a\/wp-content\/uploads\/2024\/01\/banderadecuba-scaled.jpg","type":"image\/jpeg"}],"author":"Huele a azufre","twitter_card":"summary_large_image","twitter_misc":{"Escrito por":"Huele a azufre","Tiempo de lectura":"7 minutos"},"schema":{"@context":"https:\/\/schema.org","@graph":[{"@type":"Article","@id":"https:\/\/hueleaazufre.com\/wordpress_a\/index.php\/2024\/01\/03\/cuba-celebra-65-anos-de-revolucion\/#article","isPartOf":{"@id":"https:\/\/hueleaazufre.com\/wordpress_a\/index.php\/2024\/01\/03\/cuba-celebra-65-anos-de-revolucion\/"},"author":{"name":"Huele a azufre","@id":"https:\/\/hueleaazufre.com\/wordpress_a\/#\/schema\/person\/549dd871707ea7f9f1a686323ebe9baa"},"headline":"Cuba celebra 65 a\u00f1os de revoluci\u00f3n","datePublished":"2024-01-03T16:05:04+00:00","dateModified":"2024-01-08T14:32:28+00:00","mainEntityOfPage":{"@id":"https:\/\/hueleaazufre.com\/wordpress_a\/index.php\/2024\/01\/03\/cuba-celebra-65-anos-de-revolucion\/"},"wordCount":1479,"commentCount":0,"image":{"@id":"https:\/\/hueleaazufre.com\/wordpress_a\/index.php\/2024\/01\/03\/cuba-celebra-65-anos-de-revolucion\/#primaryimage"},"thumbnailUrl":"https:\/\/hueleaazufre.com\/wordpress_a\/wp-content\/uploads\/2024\/01\/banderadecuba-scaled.jpg","keywords":["Cuba","revoluci\u00f3n"],"articleSection":["Medios aliados"],"inLanguage":"es","potentialAction":[{"@type":"CommentAction","name":"Comment","target":["https:\/\/hueleaazufre.com\/wordpress_a\/index.php\/2024\/01\/03\/cuba-celebra-65-anos-de-revolucion\/#respond"]}]},{"@type":"WebPage","@id":"https:\/\/hueleaazufre.com\/wordpress_a\/index.php\/2024\/01\/03\/cuba-celebra-65-anos-de-revolucion\/","url":"https:\/\/hueleaazufre.com\/wordpress_a\/index.php\/2024\/01\/03\/cuba-celebra-65-anos-de-revolucion\/","name":"Cuba celebra 65 a\u00f1os de revoluci\u00f3n -","isPartOf":{"@id":"https:\/\/hueleaazufre.com\/wordpress_a\/#website"},"primaryImageOfPage":{"@id":"https:\/\/hueleaazufre.com\/wordpress_a\/index.php\/2024\/01\/03\/cuba-celebra-65-anos-de-revolucion\/#primaryimage"},"image":{"@id":"https:\/\/hueleaazufre.com\/wordpress_a\/index.php\/2024\/01\/03\/cuba-celebra-65-anos-de-revolucion\/#primaryimage"},"thumbnailUrl":"https:\/\/hueleaazufre.com\/wordpress_a\/wp-content\/uploads\/2024\/01\/banderadecuba-scaled.jpg","datePublished":"2024-01-03T16:05:04+00:00","dateModified":"2024-01-08T14:32:28+00:00","author":{"@id":"https:\/\/hueleaazufre.com\/wordpress_a\/#\/schema\/person\/549dd871707ea7f9f1a686323ebe9baa"},"breadcrumb":{"@id":"https:\/\/hueleaazufre.com\/wordpress_a\/index.php\/2024\/01\/03\/cuba-celebra-65-anos-de-revolucion\/#breadcrumb"},"inLanguage":"es","potentialAction":[{"@type":"ReadAction","target":["https:\/\/hueleaazufre.com\/wordpress_a\/index.php\/2024\/01\/03\/cuba-celebra-65-anos-de-revolucion\/"]}]},{"@type":"ImageObject","inLanguage":"es","@id":"https:\/\/hueleaazufre.com\/wordpress_a\/index.php\/2024\/01\/03\/cuba-celebra-65-anos-de-revolucion\/#primaryimage","url":"https:\/\/hueleaazufre.com\/wordpress_a\/wp-content\/uploads\/2024\/01\/banderadecuba-scaled.jpg","contentUrl":"https:\/\/hueleaazufre.com\/wordpress_a\/wp-content\/uploads\/2024\/01\/banderadecuba-scaled.jpg","width":2560,"height":1751},{"@type":"BreadcrumbList","@id":"https:\/\/hueleaazufre.com\/wordpress_a\/index.php\/2024\/01\/03\/cuba-celebra-65-anos-de-revolucion\/#breadcrumb","itemListElement":[{"@type":"ListItem","position":1,"name":"Portada","item":"https:\/\/hueleaazufre.com\/wordpress_a\/"},{"@type":"ListItem","position":2,"name":"Cuba celebra 65 a\u00f1os de revoluci\u00f3n"}]},{"@type":"WebSite","@id":"https:\/\/hueleaazufre.com\/wordpress_a\/#website","url":"https:\/\/hueleaazufre.com\/wordpress_a\/","name":"","description":"Huele a azufre es una plataforma digital de an\u00e1lisis geopol\u00edtico.","potentialAction":[{"@type":"SearchAction","target":{"@type":"EntryPoint","urlTemplate":"https:\/\/hueleaazufre.com\/wordpress_a\/?s={search_term_string}"},"query-input":{"@type":"PropertyValueSpecification","valueRequired":true,"valueName":"search_term_string"}}],"inLanguage":"es"},{"@type":"Person","@id":"https:\/\/hueleaazufre.com\/wordpress_a\/#\/schema\/person\/549dd871707ea7f9f1a686323ebe9baa","name":"Huele a azufre","image":{"@type":"ImageObject","inLanguage":"es","@id":"https:\/\/secure.gravatar.com\/avatar\/e972d5c124b9bf80eb4c9d322a90dd86a59d447f5da36700a77516f13637d44e?s=96&d=mm&r=g","url":"https:\/\/secure.gravatar.com\/avatar\/e972d5c124b9bf80eb4c9d322a90dd86a59d447f5da36700a77516f13637d44e?s=96&d=mm&r=g","contentUrl":"https:\/\/secure.gravatar.com\/avatar\/e972d5c124b9bf80eb4c9d322a90dd86a59d447f5da36700a77516f13637d44e?s=96&d=mm&r=g","caption":"Huele a azufre"},"description":"Huele a azufre es una plataforma digital de an\u00e1lisis geopol\u00edtico\u00a0 contrahegem\u00f3nico, que busca visibilizar las voces y los discursos silenciados por el poder medi\u00e1tico.","sameAs":["https:\/\/hueleaazufre.com\/wordpress_a"],"url":"https:\/\/hueleaazufre.com\/wordpress_a\/index.php\/author\/admin_tupapa\/"}]}},"_links":{"self":[{"href":"https:\/\/hueleaazufre.com\/wordpress_a\/index.php\/wp-json\/wp\/v2\/posts\/388","targetHints":{"allow":["GET"]}}],"collection":[{"href":"https:\/\/hueleaazufre.com\/wordpress_a\/index.php\/wp-json\/wp\/v2\/posts"}],"about":[{"href":"https:\/\/hueleaazufre.com\/wordpress_a\/index.php\/wp-json\/wp\/v2\/types\/post"}],"author":[{"embeddable":true,"href":"https:\/\/hueleaazufre.com\/wordpress_a\/index.php\/wp-json\/wp\/v2\/users\/1"}],"replies":[{"embeddable":true,"href":"https:\/\/hueleaazufre.com\/wordpress_a\/index.php\/wp-json\/wp\/v2\/comments?post=388"}],"version-history":[{"count":2,"href":"https:\/\/hueleaazufre.com\/wordpress_a\/index.php\/wp-json\/wp\/v2\/posts\/388\/revisions"}],"predecessor-version":[{"id":423,"href":"https:\/\/hueleaazufre.com\/wordpress_a\/index.php\/wp-json\/wp\/v2\/posts\/388\/revisions\/423"}],"wp:featuredmedia":[{"embeddable":true,"href":"https:\/\/hueleaazufre.com\/wordpress_a\/index.php\/wp-json\/wp\/v2\/media\/389"}],"wp:attachment":[{"href":"https:\/\/hueleaazufre.com\/wordpress_a\/index.php\/wp-json\/wp\/v2\/media?parent=388"}],"wp:term":[{"taxonomy":"category","embeddable":true,"href":"https:\/\/hueleaazufre.com\/wordpress_a\/index.php\/wp-json\/wp\/v2\/categories?post=388"},{"taxonomy":"post_tag","embeddable":true,"href":"https:\/\/hueleaazufre.com\/wordpress_a\/index.php\/wp-json\/wp\/v2\/tags?post=388"}],"curies":[{"name":"wp","href":"https:\/\/api.w.org\/{rel}","templated":true}]}}