{"id":3906,"date":"2026-03-11T17:27:59","date_gmt":"2026-03-11T17:27:59","guid":{"rendered":"https:\/\/hueleaazufre.com\/wordpress_a\/?p=3906"},"modified":"2026-03-11T17:27:59","modified_gmt":"2026-03-11T17:27:59","slug":"defensa-digital","status":"publish","type":"post","link":"https:\/\/hueleaazufre.com\/wordpress_a\/index.php\/2026\/03\/11\/defensa-digital\/","title":{"rendered":"Defensa digital"},"content":{"rendered":"<p><strong>En noviembre de 2005 el Comandante Fidel Castro Ruz, refiri\u00e9ndose al uso de los medios de comunicaci\u00f3n por el imperialismo, comentaba lo siguiente:<\/strong><\/p>\n<blockquote><p><em>\u00a0\u201c\u2026 Cuando surgieron los medios masivos se apoderaron de las mentes y gobernaban no solo a base de mentiras si no de reflejos condicionados. No es lo mismo una mentira que un reflejo condicionado: la mentira afecta el conocimiento, el reflejo condicionado afecta la capacidad de pensar. Y no es lo mismo estar desinformado que haber perdido la capacidad de pensar \u2026\u201d<\/em><\/p><\/blockquote>\n<p>Pudi\u00e9ramos agregar a la sentencia del Comandante, sin temor a equivocarnos, que muchos son los que han perdido la capacidad de pensar y muy pocos los que han concentrado la riqueza y la capacidad de manipular. Unas pocas corporaciones tecnol\u00f3gicas controlan el oligopolio generado con la digitalizaci\u00f3n de la mayor parte de la informaci\u00f3n, la masificaci\u00f3n del Internet y de las aplicaciones de comunicaci\u00f3n.<\/p>\n<p>Hemos observando, cada vez con m\u00e1s frecuencia, como las redes sociales, buscadores, servicios de mensajer\u00eda y otras aplicaciones, potenciados con la inteligencia artificial son utilizados como herramientas de control econ\u00f3mico, pol\u00edtico, psicol\u00f3gico y hasta f\u00edsico sobre usuarios individuales y adversarios pol\u00edticos y geopol\u00edticos.<\/p>\n<p>Con las capacidades actuales de manipulaci\u00f3n, lo que mencion\u00f3 Fidel hace 20 a\u00f1os no ha hecho sino crecer. Los principios de la guerra cognitiva planteados por la OTAN, est\u00e1n siendo aplicados cada d\u00eda m\u00e1s. La generaci\u00f3n de dependencia o adicci\u00f3n a juegos y programas estupidizantes, que supuestamente informan, ense\u00f1an o entretienen es estimulado por las inescrupulosas corporaciones y crece r\u00e1pidamente.<\/p>\n<p>Los medios de comunicaci\u00f3n tradicionales, las redes sociales y la industria de la cultura son tambi\u00e9n utilizados para desinformar, falsear la realidad e incluso para imponer, por todas las v\u00edas disponibles, una historia tergiversada y torcida en funci\u00f3n de los intereses occidentales.<\/p>\n<p>Han sembrado y siguen sembrando xenofobia, supremacismo y racismo. Casos emblem\u00e1ticos de esto son la rusofobia y la islamofobia crecientes en Europa, as\u00ed como la naturalizaci\u00f3n y endulzamiento del genocidio perpetrado por los sionistas contra el pueblo palestino, as\u00ed como la satanizaci\u00f3n de personajes y sociedades enteras, como es el caso del presidente Maduro, del presidente Putin, del Im\u00e1n Khamenei, de las sociedades que plantean proyectos soberanos como Cuba, Venezuela, Ir\u00e1n, Burkina Faso y otras, logrando que grandes cantidades de personas, al rededor del mundo, terminen creyendo que el genocidio, los secuestros, asesinatos y guerras contra ellos son inevitables y hasta necesarios.<\/p>\n<p>La informaci\u00f3n sensible de gobiernos, empresas y personas, est\u00e1 siempre en riesgo. Los hackers y timadores son de cuidado, pero son los menos peligrosos. Los servicios de inteligencia, con los sionistas a la cabeza, se han dedicado a desarrollar software que puede controlar pr\u00e1cticamente todo dispositivo conectado a \u201cla red\u201d y tambi\u00e9n servidores de datos en cualquier parte del mundo. Y por \u00faltimo, las empresas tecnol\u00f3gicas, que tienen los algoritmos de cifrado, controlan los flujos y almacenamiento de la informaci\u00f3n y tienen el dominio absoluto de sus aplicaciones, con lo cual pueden manipular el dispositivo hu\u00e9sped a su antojo sin que el usuario se percate de ello. Lo pueden hacer legalmente, cuando los usuarios aceptan contratos que permiten intromisiones y recolecci\u00f3n de datos o cuando el gobierno de Estados Unidos se lo solicite y lo pueden hacer ilegalmente, cuando sus intereses lo requieran.<\/p>\n<p>Hoy d\u00eda, utilizar computadores, tel\u00e9fonos, televisores y cualquier otro dispositivo conectado a la \u201cred\u201d, implica el riesgo de exponer la informaci\u00f3n contenida en ellos e incluso la posibilidad de que se utilicen c\u00e1maras, micr\u00f3fonos y cualquier otro tipo de perif\u00e9rico conectado.<\/p>\n<p>Incluso la vida est\u00e1 muchas veces en las manos de quienes dominan, sin \u00e9tica, estas tecnolog\u00edas. Algunos ejemplos de esto son: el uso de aplicaciones de mensajer\u00eda por parte del ente sionista para ubicar y asesinar a l\u00edderes y cuadros de Hezbol\u00e1 en el L\u00edbano; el bombardeo sionista de edificaciones en Gaza por haberse detectado, con ayuda de inteligencia artificial, \u201cpalabras clave\u201d en mensajes supuestamente cifrados; la denuncia de especialistas que informaron que el contenido de mensajes cifrados de Telegram llegaban excesivamente r\u00e1pido a los organismos de seguridad ucranianos, poniendo en riesgo a soldados y civiles rusos; la declaraci\u00f3n de funcionarios estadounidenses quienes reconocieron que escuchaban las conversaciones del presidente Nicol\u00e1s Maduro desde sus tel\u00e9fonos y otros dispositivos con acceso a Internet, lo que facilit\u00f3 su secuestro y el de su esposa, diputada Cilia Flores y el asesinato de decenas de miembros de la Guardia\u00a0 Presidencial, incluyendo 32 compa\u00f1eros cubanos.<\/p>\n<p>Estamos en un mundo cada vez m\u00e1s tecnol\u00f3gico y digitalizado, cuyo manejo y control est\u00e1, como mencionamos, extremadamente concentrado. Los Estados, al servicio de sus pueblos, deben procurar la protecci\u00f3n de sus ciudadanos y generar leyes que aseguren el respeto y resguardo de la informaci\u00f3n p\u00fablica y privada; eviten la difusi\u00f3n masiva de informaci\u00f3n que trate de imponer falsedades, estimular consumismos da\u00f1inos o inciten el odio y la desestabilizaci\u00f3n pol\u00edtica. Las empresas tecnol\u00f3gicas deben ser controladas y no ser las controladoras.<\/p>\n<p>La independencia, la soberan\u00eda y la auto determinaci\u00f3n tambi\u00e9n se ven expresadas en lo tecnol\u00f3gico. Es importante que los pa\u00edses del Sur Global, sus gobiernos y ciudadanos estemos pendientes y conscientes de los riesgos que corremos y tomemos medidas eficaces para protegernos, en uno de los frentes de confrontaci\u00f3n m\u00e1s activos en la actualidad. Elevemos la capacidad cr\u00edtica de los ciudadanos, de manera tal que sea imposible disminuir su capacidad de pensar.<\/p>\n<p><strong>Vladimir Castillo Soto*<\/strong>\u00a0Analista pol\u00edtico. Maestrante en \u00abFilosof\u00eda de la Guerra\u00bb, Universidad Militar Bolivariana. Ingeniero de Sistemas y director de tecnolog\u00eda en Vive TV. Director de Relaciones Internacionales Min. PP para las Comunas,<br \/>\nAsesor Asamblea Nacional.<\/p>\n<p><a href=\"https:\/\/noticiaspia.com\/defensa-digital\/\"><strong>Fuente: PIA Global\/Vladimir Castillo Soto<\/strong><\/a><\/p>\n","protected":false},"excerpt":{"rendered":"<p>En noviembre de 2005 el Comandante Fidel Castro Ruz, refiri\u00e9ndose al uso de los medios&#8230;<\/p>\n","protected":false},"author":1,"featured_media":3907,"comment_status":"open","ping_status":"closed","sticky":false,"template":"","format":"standard","meta":{"footnotes":""},"categories":[56],"tags":[13,651,1151,1152],"class_list":["post-3906","post","type-post","status-publish","format-standard","has-post-thumbnail","hentry","category-medios-aliados","tag-comunicacion","tag-defensa","tag-digital","tag-fidel-castro-ruz"],"yoast_head":"<!-- This site is optimized with the Yoast SEO plugin v27.5 - https:\/\/yoast.com\/product\/yoast-seo-wordpress\/ -->\n<title>Defensa digital -<\/title>\n<meta name=\"description\" content=\"Defensa. En noviembre de 2005 el Comandante Fidel Castro Ruz, refiri\u00e9ndose al uso de los medios de comunicaci\u00f3n por el imperialismo...\" \/>\n<meta name=\"robots\" content=\"index, follow, max-snippet:-1, max-image-preview:large, max-video-preview:-1\" \/>\n<link rel=\"canonical\" href=\"https:\/\/hueleaazufre.com\/wordpress_a\/index.php\/2026\/03\/11\/defensa-digital\/\" \/>\n<meta property=\"og:locale\" content=\"es_ES\" \/>\n<meta property=\"og:type\" content=\"article\" \/>\n<meta property=\"og:title\" content=\"Defensa digital -\" \/>\n<meta property=\"og:description\" content=\"Defensa. En noviembre de 2005 el Comandante Fidel Castro Ruz, refiri\u00e9ndose al uso de los medios de comunicaci\u00f3n por el imperialismo...\" \/>\n<meta property=\"og:url\" content=\"https:\/\/hueleaazufre.com\/wordpress_a\/index.php\/2026\/03\/11\/defensa-digital\/\" \/>\n<meta property=\"article:published_time\" content=\"2026-03-11T17:27:59+00:00\" \/>\n<meta property=\"og:image\" content=\"https:\/\/hueleaazufre.com\/wordpress_a\/wp-content\/uploads\/2026\/03\/2a-4.webp\" \/>\n\t<meta property=\"og:image:width\" content=\"696\" \/>\n\t<meta property=\"og:image:height\" content=\"348\" \/>\n\t<meta property=\"og:image:type\" content=\"image\/webp\" \/>\n<meta name=\"author\" content=\"Huele a azufre\" \/>\n<meta name=\"twitter:card\" content=\"summary_large_image\" \/>\n<meta name=\"twitter:label1\" content=\"Escrito por\" \/>\n\t<meta name=\"twitter:data1\" content=\"Huele a azufre\" \/>\n\t<meta name=\"twitter:label2\" content=\"Tiempo de lectura\" \/>\n\t<meta name=\"twitter:data2\" content=\"5 minutos\" \/>\n<script type=\"application\/ld+json\" class=\"yoast-schema-graph\">{\"@context\":\"https:\\\/\\\/schema.org\",\"@graph\":[{\"@type\":\"Article\",\"@id\":\"https:\\\/\\\/hueleaazufre.com\\\/wordpress_a\\\/index.php\\\/2026\\\/03\\\/11\\\/defensa-digital\\\/#article\",\"isPartOf\":{\"@id\":\"https:\\\/\\\/hueleaazufre.com\\\/wordpress_a\\\/index.php\\\/2026\\\/03\\\/11\\\/defensa-digital\\\/\"},\"author\":{\"name\":\"Huele a azufre\",\"@id\":\"https:\\\/\\\/hueleaazufre.com\\\/wordpress_a\\\/#\\\/schema\\\/person\\\/549dd871707ea7f9f1a686323ebe9baa\"},\"headline\":\"Defensa digital\",\"datePublished\":\"2026-03-11T17:27:59+00:00\",\"mainEntityOfPage\":{\"@id\":\"https:\\\/\\\/hueleaazufre.com\\\/wordpress_a\\\/index.php\\\/2026\\\/03\\\/11\\\/defensa-digital\\\/\"},\"wordCount\":1000,\"commentCount\":0,\"image\":{\"@id\":\"https:\\\/\\\/hueleaazufre.com\\\/wordpress_a\\\/index.php\\\/2026\\\/03\\\/11\\\/defensa-digital\\\/#primaryimage\"},\"thumbnailUrl\":\"https:\\\/\\\/hueleaazufre.com\\\/wordpress_a\\\/wp-content\\\/uploads\\\/2026\\\/03\\\/2a-4.webp\",\"keywords\":[\"COMUNICACI\u00d3N\",\"Defensa\",\"digital\",\"Fidel Castro Ruz\"],\"articleSection\":[\"Medios aliados\"],\"inLanguage\":\"es\",\"potentialAction\":[{\"@type\":\"CommentAction\",\"name\":\"Comment\",\"target\":[\"https:\\\/\\\/hueleaazufre.com\\\/wordpress_a\\\/index.php\\\/2026\\\/03\\\/11\\\/defensa-digital\\\/#respond\"]}]},{\"@type\":\"WebPage\",\"@id\":\"https:\\\/\\\/hueleaazufre.com\\\/wordpress_a\\\/index.php\\\/2026\\\/03\\\/11\\\/defensa-digital\\\/\",\"url\":\"https:\\\/\\\/hueleaazufre.com\\\/wordpress_a\\\/index.php\\\/2026\\\/03\\\/11\\\/defensa-digital\\\/\",\"name\":\"Defensa digital -\",\"isPartOf\":{\"@id\":\"https:\\\/\\\/hueleaazufre.com\\\/wordpress_a\\\/#website\"},\"primaryImageOfPage\":{\"@id\":\"https:\\\/\\\/hueleaazufre.com\\\/wordpress_a\\\/index.php\\\/2026\\\/03\\\/11\\\/defensa-digital\\\/#primaryimage\"},\"image\":{\"@id\":\"https:\\\/\\\/hueleaazufre.com\\\/wordpress_a\\\/index.php\\\/2026\\\/03\\\/11\\\/defensa-digital\\\/#primaryimage\"},\"thumbnailUrl\":\"https:\\\/\\\/hueleaazufre.com\\\/wordpress_a\\\/wp-content\\\/uploads\\\/2026\\\/03\\\/2a-4.webp\",\"datePublished\":\"2026-03-11T17:27:59+00:00\",\"author\":{\"@id\":\"https:\\\/\\\/hueleaazufre.com\\\/wordpress_a\\\/#\\\/schema\\\/person\\\/549dd871707ea7f9f1a686323ebe9baa\"},\"description\":\"Defensa. En noviembre de 2005 el Comandante Fidel Castro Ruz, refiri\u00e9ndose al uso de los medios de comunicaci\u00f3n por el imperialismo...\",\"breadcrumb\":{\"@id\":\"https:\\\/\\\/hueleaazufre.com\\\/wordpress_a\\\/index.php\\\/2026\\\/03\\\/11\\\/defensa-digital\\\/#breadcrumb\"},\"inLanguage\":\"es\",\"potentialAction\":[{\"@type\":\"ReadAction\",\"target\":[\"https:\\\/\\\/hueleaazufre.com\\\/wordpress_a\\\/index.php\\\/2026\\\/03\\\/11\\\/defensa-digital\\\/\"]}]},{\"@type\":\"ImageObject\",\"inLanguage\":\"es\",\"@id\":\"https:\\\/\\\/hueleaazufre.com\\\/wordpress_a\\\/index.php\\\/2026\\\/03\\\/11\\\/defensa-digital\\\/#primaryimage\",\"url\":\"https:\\\/\\\/hueleaazufre.com\\\/wordpress_a\\\/wp-content\\\/uploads\\\/2026\\\/03\\\/2a-4.webp\",\"contentUrl\":\"https:\\\/\\\/hueleaazufre.com\\\/wordpress_a\\\/wp-content\\\/uploads\\\/2026\\\/03\\\/2a-4.webp\",\"width\":696,\"height\":348},{\"@type\":\"BreadcrumbList\",\"@id\":\"https:\\\/\\\/hueleaazufre.com\\\/wordpress_a\\\/index.php\\\/2026\\\/03\\\/11\\\/defensa-digital\\\/#breadcrumb\",\"itemListElement\":[{\"@type\":\"ListItem\",\"position\":1,\"name\":\"Portada\",\"item\":\"https:\\\/\\\/hueleaazufre.com\\\/wordpress_a\\\/\"},{\"@type\":\"ListItem\",\"position\":2,\"name\":\"Defensa digital\"}]},{\"@type\":\"WebSite\",\"@id\":\"https:\\\/\\\/hueleaazufre.com\\\/wordpress_a\\\/#website\",\"url\":\"https:\\\/\\\/hueleaazufre.com\\\/wordpress_a\\\/\",\"name\":\"\",\"description\":\"Huele a azufre es una plataforma digital de an\u00e1lisis geopol\u00edtico.\",\"potentialAction\":[{\"@type\":\"SearchAction\",\"target\":{\"@type\":\"EntryPoint\",\"urlTemplate\":\"https:\\\/\\\/hueleaazufre.com\\\/wordpress_a\\\/?s={search_term_string}\"},\"query-input\":{\"@type\":\"PropertyValueSpecification\",\"valueRequired\":true,\"valueName\":\"search_term_string\"}}],\"inLanguage\":\"es\"},{\"@type\":\"Person\",\"@id\":\"https:\\\/\\\/hueleaazufre.com\\\/wordpress_a\\\/#\\\/schema\\\/person\\\/549dd871707ea7f9f1a686323ebe9baa\",\"name\":\"Huele a azufre\",\"image\":{\"@type\":\"ImageObject\",\"inLanguage\":\"es\",\"@id\":\"https:\\\/\\\/secure.gravatar.com\\\/avatar\\\/e972d5c124b9bf80eb4c9d322a90dd86a59d447f5da36700a77516f13637d44e?s=96&d=mm&r=g\",\"url\":\"https:\\\/\\\/secure.gravatar.com\\\/avatar\\\/e972d5c124b9bf80eb4c9d322a90dd86a59d447f5da36700a77516f13637d44e?s=96&d=mm&r=g\",\"contentUrl\":\"https:\\\/\\\/secure.gravatar.com\\\/avatar\\\/e972d5c124b9bf80eb4c9d322a90dd86a59d447f5da36700a77516f13637d44e?s=96&d=mm&r=g\",\"caption\":\"Huele a azufre\"},\"description\":\"Huele a azufre es una plataforma digital de an\u00e1lisis geopol\u00edtico\u00a0 contrahegem\u00f3nico, que busca visibilizar las voces y los discursos silenciados por el poder medi\u00e1tico.\",\"sameAs\":[\"https:\\\/\\\/hueleaazufre.com\\\/wordpress_a\"],\"url\":\"https:\\\/\\\/hueleaazufre.com\\\/wordpress_a\\\/index.php\\\/author\\\/admin_tupapa\\\/\"}]}<\/script>\n<!-- \/ Yoast SEO plugin. -->","yoast_head_json":{"title":"Defensa digital -","description":"Defensa. En noviembre de 2005 el Comandante Fidel Castro Ruz, refiri\u00e9ndose al uso de los medios de comunicaci\u00f3n por el imperialismo...","robots":{"index":"index","follow":"follow","max-snippet":"max-snippet:-1","max-image-preview":"max-image-preview:large","max-video-preview":"max-video-preview:-1"},"canonical":"https:\/\/hueleaazufre.com\/wordpress_a\/index.php\/2026\/03\/11\/defensa-digital\/","og_locale":"es_ES","og_type":"article","og_title":"Defensa digital -","og_description":"Defensa. En noviembre de 2005 el Comandante Fidel Castro Ruz, refiri\u00e9ndose al uso de los medios de comunicaci\u00f3n por el imperialismo...","og_url":"https:\/\/hueleaazufre.com\/wordpress_a\/index.php\/2026\/03\/11\/defensa-digital\/","article_published_time":"2026-03-11T17:27:59+00:00","og_image":[{"width":696,"height":348,"url":"https:\/\/hueleaazufre.com\/wordpress_a\/wp-content\/uploads\/2026\/03\/2a-4.webp","type":"image\/webp"}],"author":"Huele a azufre","twitter_card":"summary_large_image","twitter_misc":{"Escrito por":"Huele a azufre","Tiempo de lectura":"5 minutos"},"schema":{"@context":"https:\/\/schema.org","@graph":[{"@type":"Article","@id":"https:\/\/hueleaazufre.com\/wordpress_a\/index.php\/2026\/03\/11\/defensa-digital\/#article","isPartOf":{"@id":"https:\/\/hueleaazufre.com\/wordpress_a\/index.php\/2026\/03\/11\/defensa-digital\/"},"author":{"name":"Huele a azufre","@id":"https:\/\/hueleaazufre.com\/wordpress_a\/#\/schema\/person\/549dd871707ea7f9f1a686323ebe9baa"},"headline":"Defensa digital","datePublished":"2026-03-11T17:27:59+00:00","mainEntityOfPage":{"@id":"https:\/\/hueleaazufre.com\/wordpress_a\/index.php\/2026\/03\/11\/defensa-digital\/"},"wordCount":1000,"commentCount":0,"image":{"@id":"https:\/\/hueleaazufre.com\/wordpress_a\/index.php\/2026\/03\/11\/defensa-digital\/#primaryimage"},"thumbnailUrl":"https:\/\/hueleaazufre.com\/wordpress_a\/wp-content\/uploads\/2026\/03\/2a-4.webp","keywords":["COMUNICACI\u00d3N","Defensa","digital","Fidel Castro Ruz"],"articleSection":["Medios aliados"],"inLanguage":"es","potentialAction":[{"@type":"CommentAction","name":"Comment","target":["https:\/\/hueleaazufre.com\/wordpress_a\/index.php\/2026\/03\/11\/defensa-digital\/#respond"]}]},{"@type":"WebPage","@id":"https:\/\/hueleaazufre.com\/wordpress_a\/index.php\/2026\/03\/11\/defensa-digital\/","url":"https:\/\/hueleaazufre.com\/wordpress_a\/index.php\/2026\/03\/11\/defensa-digital\/","name":"Defensa digital -","isPartOf":{"@id":"https:\/\/hueleaazufre.com\/wordpress_a\/#website"},"primaryImageOfPage":{"@id":"https:\/\/hueleaazufre.com\/wordpress_a\/index.php\/2026\/03\/11\/defensa-digital\/#primaryimage"},"image":{"@id":"https:\/\/hueleaazufre.com\/wordpress_a\/index.php\/2026\/03\/11\/defensa-digital\/#primaryimage"},"thumbnailUrl":"https:\/\/hueleaazufre.com\/wordpress_a\/wp-content\/uploads\/2026\/03\/2a-4.webp","datePublished":"2026-03-11T17:27:59+00:00","author":{"@id":"https:\/\/hueleaazufre.com\/wordpress_a\/#\/schema\/person\/549dd871707ea7f9f1a686323ebe9baa"},"description":"Defensa. En noviembre de 2005 el Comandante Fidel Castro Ruz, refiri\u00e9ndose al uso de los medios de comunicaci\u00f3n por el imperialismo...","breadcrumb":{"@id":"https:\/\/hueleaazufre.com\/wordpress_a\/index.php\/2026\/03\/11\/defensa-digital\/#breadcrumb"},"inLanguage":"es","potentialAction":[{"@type":"ReadAction","target":["https:\/\/hueleaazufre.com\/wordpress_a\/index.php\/2026\/03\/11\/defensa-digital\/"]}]},{"@type":"ImageObject","inLanguage":"es","@id":"https:\/\/hueleaazufre.com\/wordpress_a\/index.php\/2026\/03\/11\/defensa-digital\/#primaryimage","url":"https:\/\/hueleaazufre.com\/wordpress_a\/wp-content\/uploads\/2026\/03\/2a-4.webp","contentUrl":"https:\/\/hueleaazufre.com\/wordpress_a\/wp-content\/uploads\/2026\/03\/2a-4.webp","width":696,"height":348},{"@type":"BreadcrumbList","@id":"https:\/\/hueleaazufre.com\/wordpress_a\/index.php\/2026\/03\/11\/defensa-digital\/#breadcrumb","itemListElement":[{"@type":"ListItem","position":1,"name":"Portada","item":"https:\/\/hueleaazufre.com\/wordpress_a\/"},{"@type":"ListItem","position":2,"name":"Defensa digital"}]},{"@type":"WebSite","@id":"https:\/\/hueleaazufre.com\/wordpress_a\/#website","url":"https:\/\/hueleaazufre.com\/wordpress_a\/","name":"","description":"Huele a azufre es una plataforma digital de an\u00e1lisis geopol\u00edtico.","potentialAction":[{"@type":"SearchAction","target":{"@type":"EntryPoint","urlTemplate":"https:\/\/hueleaazufre.com\/wordpress_a\/?s={search_term_string}"},"query-input":{"@type":"PropertyValueSpecification","valueRequired":true,"valueName":"search_term_string"}}],"inLanguage":"es"},{"@type":"Person","@id":"https:\/\/hueleaazufre.com\/wordpress_a\/#\/schema\/person\/549dd871707ea7f9f1a686323ebe9baa","name":"Huele a azufre","image":{"@type":"ImageObject","inLanguage":"es","@id":"https:\/\/secure.gravatar.com\/avatar\/e972d5c124b9bf80eb4c9d322a90dd86a59d447f5da36700a77516f13637d44e?s=96&d=mm&r=g","url":"https:\/\/secure.gravatar.com\/avatar\/e972d5c124b9bf80eb4c9d322a90dd86a59d447f5da36700a77516f13637d44e?s=96&d=mm&r=g","contentUrl":"https:\/\/secure.gravatar.com\/avatar\/e972d5c124b9bf80eb4c9d322a90dd86a59d447f5da36700a77516f13637d44e?s=96&d=mm&r=g","caption":"Huele a azufre"},"description":"Huele a azufre es una plataforma digital de an\u00e1lisis geopol\u00edtico\u00a0 contrahegem\u00f3nico, que busca visibilizar las voces y los discursos silenciados por el poder medi\u00e1tico.","sameAs":["https:\/\/hueleaazufre.com\/wordpress_a"],"url":"https:\/\/hueleaazufre.com\/wordpress_a\/index.php\/author\/admin_tupapa\/"}]}},"_links":{"self":[{"href":"https:\/\/hueleaazufre.com\/wordpress_a\/index.php\/wp-json\/wp\/v2\/posts\/3906","targetHints":{"allow":["GET"]}}],"collection":[{"href":"https:\/\/hueleaazufre.com\/wordpress_a\/index.php\/wp-json\/wp\/v2\/posts"}],"about":[{"href":"https:\/\/hueleaazufre.com\/wordpress_a\/index.php\/wp-json\/wp\/v2\/types\/post"}],"author":[{"embeddable":true,"href":"https:\/\/hueleaazufre.com\/wordpress_a\/index.php\/wp-json\/wp\/v2\/users\/1"}],"replies":[{"embeddable":true,"href":"https:\/\/hueleaazufre.com\/wordpress_a\/index.php\/wp-json\/wp\/v2\/comments?post=3906"}],"version-history":[{"count":1,"href":"https:\/\/hueleaazufre.com\/wordpress_a\/index.php\/wp-json\/wp\/v2\/posts\/3906\/revisions"}],"predecessor-version":[{"id":3908,"href":"https:\/\/hueleaazufre.com\/wordpress_a\/index.php\/wp-json\/wp\/v2\/posts\/3906\/revisions\/3908"}],"wp:featuredmedia":[{"embeddable":true,"href":"https:\/\/hueleaazufre.com\/wordpress_a\/index.php\/wp-json\/wp\/v2\/media\/3907"}],"wp:attachment":[{"href":"https:\/\/hueleaazufre.com\/wordpress_a\/index.php\/wp-json\/wp\/v2\/media?parent=3906"}],"wp:term":[{"taxonomy":"category","embeddable":true,"href":"https:\/\/hueleaazufre.com\/wordpress_a\/index.php\/wp-json\/wp\/v2\/categories?post=3906"},{"taxonomy":"post_tag","embeddable":true,"href":"https:\/\/hueleaazufre.com\/wordpress_a\/index.php\/wp-json\/wp\/v2\/tags?post=3906"}],"curies":[{"name":"wp","href":"https:\/\/api.w.org\/{rel}","templated":true}]}}