{"id":3909,"date":"2026-03-11T17:38:14","date_gmt":"2026-03-11T17:38:14","guid":{"rendered":"https:\/\/hueleaazufre.com\/wordpress_a\/?p=3909"},"modified":"2026-03-11T17:38:14","modified_gmt":"2026-03-11T17:38:14","slug":"la-erosion-del-orden-internacional","status":"publish","type":"post","link":"https:\/\/hueleaazufre.com\/wordpress_a\/index.php\/2026\/03\/11\/la-erosion-del-orden-internacional\/","title":{"rendered":"La erosi\u00f3n del orden internacional"},"content":{"rendered":"<p dir=\"auto\">Por d\u00e9cadas, el llamado \u201corden internacional basado en reglas\u201d fue presentado como el horizonte civilizatorio surgido tras finalizar la Segunda Guerra Mundial en 1945, un entramado de instituciones multilaterales, tratados y consensos que promet\u00eda sustituir la ley del m\u00e1s fuerte por la primac\u00eda del derecho.<\/p>\n<p dir=\"auto\">Ese relato fundacional legitim\u00f3 la arquitectura de posguerra y sostuvo la expansi\u00f3n del liberalismo econ\u00f3mico y pol\u00edtico como modelo universal. Sin embargo, las m\u00e1s recientes deliberaciones de la M\u00fanich Security Conference (La Conferencia de Seguridad de M\u00fanich) y del World Economic Forum (2026) (Foro Econ\u00f3mico Mundial) evidencian una mutaci\u00f3n profunda, el tr\u00e1nsito a un orden gobernado por la supremac\u00eda militar, tecnol\u00f3gica y financiera.<\/p>\n<p dir=\"auto\">Este giro no es meramente discursivo, expresa la constataci\u00f3n de que las reglas ven\u00edan operando de forma cada vez m\u00e1s selectiva, donde las sanciones econ\u00f3micas funcionan como dispositivos de coerci\u00f3n comparables a armas de guerra y que la seguridad, entendida en clave estrat\u00e9gica y no humana, se ha convertido en principio ordenador del capitalismo contempor\u00e1neo. La econom\u00eda se militariza y la pol\u00edtica exterior se empresarializa, configurando o -mejor dicho- imponiendo un nuevo orden donde la competencia sist\u00e9mica sustituye a la cooperaci\u00f3n regulada.<\/p>\n<p dir=\"auto\">M\u00fanich: la seguridad como dogma<\/p>\n<p dir=\"auto\">La Conferencia de Seguridad de M\u00fanich (2026) se consolid\u00f3 como un espacio privilegiado de coordinaci\u00f3n estrat\u00e9gica de las potencias occidentales. El \u00e9nfasis reiterado en la \u201cdisuasi\u00f3n\u201d, la \u201ccompetencia entre grandes potencias\u201d y el fortalecimiento de alianzas militares revela un desplazamiento significativo, donde la diplomacia cl\u00e1sica, basada en negociaci\u00f3n, es desechada o usada como parte de una estrategia de enga\u00f1o mientras se prepara el siguiente golpe militar.<\/p>\n<p dir=\"auto\">En este escenario, la seguridad deja de ser un medio que garantiza estabilidad para convertirse en dogma organizador del sistema, ahora la supremac\u00eda tecnol\u00f3gica y militar redefine los l\u00edmites de lo leg\u00edtimo, donde el derecho internacional se desvanece o queda condicionado por qui\u00e9n tiene la fuerza.<\/p>\n<p dir=\"auto\">Davos: econom\u00eda y guerra bajo el mismo paradigma<\/p>\n<p dir=\"auto\">En paralelo a los debates de seguridad en Europa, el World Economic Forum (2026) ha insistido en que la transici\u00f3n energ\u00e9tica, la digitalizaci\u00f3n y la inteligencia artificial constituyen los pilares del nuevo ciclo de crecimiento global. Sus informes estrat\u00e9gicos subrayan la necesidad de fortalecer cadenas de suministro, asegurar minerales cr\u00edticos y acelerar la innovaci\u00f3n tecnol\u00f3gica como condiciones para la \u201cresiliencia\u201d del sistema econ\u00f3mico mundial.<\/p>\n<p dir=\"auto\">Sin embargo, estos procesos no pueden analizarse al margen de la geopol\u00edtica. La competencia por semiconductores avanzados, tierras raras y control de infraestructuras digitales forma parte de una disputa sist\u00e9mica por la primac\u00eda tecnol\u00f3gica y productiva. La seguridad econ\u00f3mica se ha convertido en seguridad nacional. El lenguaje corporativo de Davos, resiliencia, sostenibilidad, innovaci\u00f3n, converge as\u00ed con el l\u00e9xico estrat\u00e9gico que domina la M\u00fanich Security Conference, disuasi\u00f3n, amenazas h\u00edbridas, competencia estrat\u00e9gica. Ambos foros expresan una misma preocupaci\u00f3n: la reconfiguraci\u00f3n del poder global, en un contexto donde la multipolaridad se ha tornado altamente conflictiva, y donde tal vez lo \u00abmulti\u00bb est\u00e9 interrogado.<\/p>\n<p dir=\"auto\">De tiempo atr\u00e1s ha quedado claro que las transiciones hegem\u00f3nicas hist\u00f3ricas combinan expansi\u00f3n financiera y reorganizaci\u00f3n militar, en ciclos donde la supremac\u00eda econ\u00f3mica se sostiene en estructuras coercitivas globales. Hoy, la financiarizaci\u00f3n convive con una re militarizaci\u00f3n acelerada, evidenciada en el aumento del gasto en defensa y en la integraci\u00f3n entre pol\u00edtica industrial y estrategia de seguridad. La econom\u00eda global no se reorganiza al margen de la seguridad, se securitiza.<\/p>\n<p dir=\"auto\">El discurso hemisf\u00e9rico: Am\u00e9rica Latina como \u201czona estrat\u00e9gica\u201d<\/p>\n<p dir=\"auto\">En este escenario, las intervenciones de Marco Rubio y otros dirigentes estadounidenses reafirman una visi\u00f3n donde Am\u00e9rica Latina y el Caribe son concebidos como espacio geopol\u00edtico en disputa. Bajo la narrativa de contrarrestar influencias \u201cadversarias\u201d y proteger cadenas de suministro estrat\u00e9gicas, se pretende legitimar, present\u00e1ndola como renovada, la vieja doctrina de alineamiento hemisf\u00e9rico.<\/p>\n<p dir=\"auto\">Tambi\u00e9n, de tiempo atr\u00e1s el capitalismo global contempor\u00e1neo opera a trav\u00e9s de un aparato transnacional de control y seguridad que articula Estados, corporaciones y complejos militares m\u00e1s all\u00e1 de las fronteras formales. La expansi\u00f3n de mecanismos de interoperabilidad militar y cooperaci\u00f3n en seguridad regional puede interpretarse dentro de esa l\u00f3gica estructural, una doctrina ya implantada.<\/p>\n<p dir=\"auto\">La reciente convocatoria de jefaturas militares (2026) de m\u00e1s de treinta pa\u00edses del hemisferio por parte de Estados Unidos sugiere un intento de institucionalizar est\u00e1ndares comunes de doctrina, entrenamiento y equipamiento que recuerdan, en su racionalidad estrat\u00e9gica, a la Organizaci\u00f3n del Tratado del Atl\u00e1ntico Norte (OTAN), quiz\u00e1 adopte alg\u00fan nombre sugestivo.<\/p>\n<p dir=\"auto\">La actualizaci\u00f3n \u00abdoctrinaria\u00bb, es m\u00e1s peligrosa, pues no se queda en los riesgos militares, pues la definici\u00f3n ampliada de \u201camenazas\u201d incorpora conflictos sociales, disputas por recursos naturales o proyectos pol\u00edticos soberanos que cuestiona la arquitectura econ\u00f3mica dominante.<\/p>\n<p dir=\"auto\">Del consenso a la coerci\u00f3n<\/p>\n<p dir=\"auto\">Hasta ahora, toda hegemon\u00eda combina consenso y coerci\u00f3n. Tras la Guerra Fr\u00eda, el orden liberal se sostuvo en la promesa de integraci\u00f3n econ\u00f3mica bajo reglas comunes; hoy, ante la fragmentaci\u00f3n del sistema y el ascenso de nuevas potencias, la coerci\u00f3n gana centralidad.<\/p>\n<p dir=\"auto\">Las crisis del orden mundial se evidencian cuando se agotan sus mecanismos de legitimaci\u00f3n, as\u00ed acontece hoy con la proliferaci\u00f3n de guerras regionales, sanciones y disputas tecnol\u00f3gicas; donde la transici\u00f3n se intenta realizar priorizando el poder duro, por no decir solamente militar.<\/p>\n<p dir=\"auto\">En este contexto, para el Sur Global implica mayor saqueo, m\u00e1s dependencia financiera y tecnol\u00f3gica, donde la aplicaci\u00f3n de reglas internacionales es cada d\u00eda m\u00e1s difusa o inexistente.<\/p>\n<p dir=\"auto\">Barbarie contempor\u00e1nea y desaf\u00edos del Sur<\/p>\n<p dir=\"auto\">La barbarie actual no se expresa como colapso total, sino como normalizaci\u00f3n de la guerra permanente, conflictos prolongados, bloqueos, sanciones y operaciones h\u00edbridas que convierten la paz en condici\u00f3n fr\u00e1gil y totalmente subordinada a la correlaci\u00f3n de fuerzas.<\/p>\n<p dir=\"auto\">Como podemos ver, la transici\u00f3n en curso puede derivar en una multipolaridad conflictiva, pero tambi\u00e9n abre m\u00e1rgenes para redefinir reglas desde perspectivas no subordinadas. En ese sentido, tanto el World Economic Forum como la M\u00fanich Security Conference expresan un intento de reorganizar la hegemon\u00eda en un mundo donde el consenso no importa si no se acompa\u00f1a de la fuerza.<\/p>\n<p dir=\"auto\">Desde el Sur, comprender este desplazamiento es un imperativo\u00a0estrat\u00e9gico, pues cuando la fuerza redefine la norma, la soberan\u00eda y la autodeterminaci\u00f3n se convierten en condiciones de supervivencia.<\/p>\n<p dir=\"auto\"><strong>Fuente: Antonio Garc\u00eda<\/strong><\/p>\n","protected":false},"excerpt":{"rendered":"<p>Por d\u00e9cadas, el llamado \u201corden internacional basado en reglas\u201d fue presentado como el horizonte civilizatorio&#8230;<\/p>\n","protected":false},"author":1,"featured_media":3910,"comment_status":"open","ping_status":"closed","sticky":false,"template":"","format":"standard","meta":{"footnotes":""},"categories":[12,70],"tags":[1153,8,1155,1154],"class_list":["post-3909","post","type-post","status-publish","format-standard","has-post-thumbnail","hentry","category-antonio-garcia","category-otras-voces","tag-erosion","tag-guerra","tag-internacional","tag-orden"],"yoast_head":"<!-- This site is optimized with the Yoast SEO plugin v27.5 - https:\/\/yoast.com\/product\/yoast-seo-wordpress\/ -->\n<title>La erosi\u00f3n del orden internacional -<\/title>\n<meta name=\"description\" content=\"erosi\u00f3n. Por d\u00e9cadas, el llamado \u201corden internacional basado en reglas\u201d fue presentado como el horizonte civilizatorio surgido tras finalizar la Segunda Guerra Mundial en 1945\" \/>\n<meta name=\"robots\" content=\"index, follow, max-snippet:-1, max-image-preview:large, max-video-preview:-1\" \/>\n<link rel=\"canonical\" href=\"https:\/\/hueleaazufre.com\/wordpress_a\/index.php\/2026\/03\/11\/la-erosion-del-orden-internacional\/\" \/>\n<meta property=\"og:locale\" content=\"es_ES\" \/>\n<meta property=\"og:type\" content=\"article\" \/>\n<meta property=\"og:title\" content=\"La erosi\u00f3n del orden internacional -\" \/>\n<meta property=\"og:description\" content=\"erosi\u00f3n. Por d\u00e9cadas, el llamado \u201corden internacional basado en reglas\u201d fue presentado como el horizonte civilizatorio surgido tras finalizar la Segunda Guerra Mundial en 1945\" \/>\n<meta property=\"og:url\" content=\"https:\/\/hueleaazufre.com\/wordpress_a\/index.php\/2026\/03\/11\/la-erosion-del-orden-internacional\/\" \/>\n<meta property=\"article:published_time\" content=\"2026-03-11T17:38:14+00:00\" \/>\n<meta property=\"og:image\" content=\"https:\/\/hueleaazufre.com\/wordpress_a\/wp-content\/uploads\/2026\/03\/3a-3.webp\" \/>\n\t<meta property=\"og:image:width\" content=\"586\" \/>\n\t<meta property=\"og:image:height\" content=\"559\" \/>\n\t<meta property=\"og:image:type\" content=\"image\/webp\" \/>\n<meta name=\"author\" content=\"Huele a azufre\" \/>\n<meta name=\"twitter:card\" content=\"summary_large_image\" \/>\n<meta name=\"twitter:label1\" content=\"Escrito por\" \/>\n\t<meta name=\"twitter:data1\" content=\"Huele a azufre\" \/>\n\t<meta name=\"twitter:label2\" content=\"Tiempo de lectura\" \/>\n\t<meta name=\"twitter:data2\" content=\"5 minutos\" \/>\n<script type=\"application\/ld+json\" class=\"yoast-schema-graph\">{\"@context\":\"https:\\\/\\\/schema.org\",\"@graph\":[{\"@type\":\"Article\",\"@id\":\"https:\\\/\\\/hueleaazufre.com\\\/wordpress_a\\\/index.php\\\/2026\\\/03\\\/11\\\/la-erosion-del-orden-internacional\\\/#article\",\"isPartOf\":{\"@id\":\"https:\\\/\\\/hueleaazufre.com\\\/wordpress_a\\\/index.php\\\/2026\\\/03\\\/11\\\/la-erosion-del-orden-internacional\\\/\"},\"author\":{\"name\":\"Huele a azufre\",\"@id\":\"https:\\\/\\\/hueleaazufre.com\\\/wordpress_a\\\/#\\\/schema\\\/person\\\/549dd871707ea7f9f1a686323ebe9baa\"},\"headline\":\"La erosi\u00f3n del orden internacional\",\"datePublished\":\"2026-03-11T17:38:14+00:00\",\"mainEntityOfPage\":{\"@id\":\"https:\\\/\\\/hueleaazufre.com\\\/wordpress_a\\\/index.php\\\/2026\\\/03\\\/11\\\/la-erosion-del-orden-internacional\\\/\"},\"wordCount\":1142,\"commentCount\":0,\"image\":{\"@id\":\"https:\\\/\\\/hueleaazufre.com\\\/wordpress_a\\\/index.php\\\/2026\\\/03\\\/11\\\/la-erosion-del-orden-internacional\\\/#primaryimage\"},\"thumbnailUrl\":\"https:\\\/\\\/hueleaazufre.com\\\/wordpress_a\\\/wp-content\\\/uploads\\\/2026\\\/03\\\/3a-3.webp\",\"keywords\":[\"EROSI\u00d3N\",\"Guerra\",\"INTERNACIONAL\",\"ORDEN\"],\"articleSection\":[\"Antonio Garc\u00eda\u00a0\",\"Otras voces\"],\"inLanguage\":\"es\",\"potentialAction\":[{\"@type\":\"CommentAction\",\"name\":\"Comment\",\"target\":[\"https:\\\/\\\/hueleaazufre.com\\\/wordpress_a\\\/index.php\\\/2026\\\/03\\\/11\\\/la-erosion-del-orden-internacional\\\/#respond\"]}]},{\"@type\":\"WebPage\",\"@id\":\"https:\\\/\\\/hueleaazufre.com\\\/wordpress_a\\\/index.php\\\/2026\\\/03\\\/11\\\/la-erosion-del-orden-internacional\\\/\",\"url\":\"https:\\\/\\\/hueleaazufre.com\\\/wordpress_a\\\/index.php\\\/2026\\\/03\\\/11\\\/la-erosion-del-orden-internacional\\\/\",\"name\":\"La erosi\u00f3n del orden internacional -\",\"isPartOf\":{\"@id\":\"https:\\\/\\\/hueleaazufre.com\\\/wordpress_a\\\/#website\"},\"primaryImageOfPage\":{\"@id\":\"https:\\\/\\\/hueleaazufre.com\\\/wordpress_a\\\/index.php\\\/2026\\\/03\\\/11\\\/la-erosion-del-orden-internacional\\\/#primaryimage\"},\"image\":{\"@id\":\"https:\\\/\\\/hueleaazufre.com\\\/wordpress_a\\\/index.php\\\/2026\\\/03\\\/11\\\/la-erosion-del-orden-internacional\\\/#primaryimage\"},\"thumbnailUrl\":\"https:\\\/\\\/hueleaazufre.com\\\/wordpress_a\\\/wp-content\\\/uploads\\\/2026\\\/03\\\/3a-3.webp\",\"datePublished\":\"2026-03-11T17:38:14+00:00\",\"author\":{\"@id\":\"https:\\\/\\\/hueleaazufre.com\\\/wordpress_a\\\/#\\\/schema\\\/person\\\/549dd871707ea7f9f1a686323ebe9baa\"},\"description\":\"erosi\u00f3n. Por d\u00e9cadas, el llamado \u201corden internacional basado en reglas\u201d fue presentado como el horizonte civilizatorio surgido tras finalizar la Segunda Guerra Mundial en 1945\",\"breadcrumb\":{\"@id\":\"https:\\\/\\\/hueleaazufre.com\\\/wordpress_a\\\/index.php\\\/2026\\\/03\\\/11\\\/la-erosion-del-orden-internacional\\\/#breadcrumb\"},\"inLanguage\":\"es\",\"potentialAction\":[{\"@type\":\"ReadAction\",\"target\":[\"https:\\\/\\\/hueleaazufre.com\\\/wordpress_a\\\/index.php\\\/2026\\\/03\\\/11\\\/la-erosion-del-orden-internacional\\\/\"]}]},{\"@type\":\"ImageObject\",\"inLanguage\":\"es\",\"@id\":\"https:\\\/\\\/hueleaazufre.com\\\/wordpress_a\\\/index.php\\\/2026\\\/03\\\/11\\\/la-erosion-del-orden-internacional\\\/#primaryimage\",\"url\":\"https:\\\/\\\/hueleaazufre.com\\\/wordpress_a\\\/wp-content\\\/uploads\\\/2026\\\/03\\\/3a-3.webp\",\"contentUrl\":\"https:\\\/\\\/hueleaazufre.com\\\/wordpress_a\\\/wp-content\\\/uploads\\\/2026\\\/03\\\/3a-3.webp\",\"width\":586,\"height\":559,\"caption\":\"orden internacional\"},{\"@type\":\"BreadcrumbList\",\"@id\":\"https:\\\/\\\/hueleaazufre.com\\\/wordpress_a\\\/index.php\\\/2026\\\/03\\\/11\\\/la-erosion-del-orden-internacional\\\/#breadcrumb\",\"itemListElement\":[{\"@type\":\"ListItem\",\"position\":1,\"name\":\"Portada\",\"item\":\"https:\\\/\\\/hueleaazufre.com\\\/wordpress_a\\\/\"},{\"@type\":\"ListItem\",\"position\":2,\"name\":\"La erosi\u00f3n del orden internacional\"}]},{\"@type\":\"WebSite\",\"@id\":\"https:\\\/\\\/hueleaazufre.com\\\/wordpress_a\\\/#website\",\"url\":\"https:\\\/\\\/hueleaazufre.com\\\/wordpress_a\\\/\",\"name\":\"\",\"description\":\"Huele a azufre es una plataforma digital de an\u00e1lisis geopol\u00edtico.\",\"potentialAction\":[{\"@type\":\"SearchAction\",\"target\":{\"@type\":\"EntryPoint\",\"urlTemplate\":\"https:\\\/\\\/hueleaazufre.com\\\/wordpress_a\\\/?s={search_term_string}\"},\"query-input\":{\"@type\":\"PropertyValueSpecification\",\"valueRequired\":true,\"valueName\":\"search_term_string\"}}],\"inLanguage\":\"es\"},{\"@type\":\"Person\",\"@id\":\"https:\\\/\\\/hueleaazufre.com\\\/wordpress_a\\\/#\\\/schema\\\/person\\\/549dd871707ea7f9f1a686323ebe9baa\",\"name\":\"Huele a azufre\",\"image\":{\"@type\":\"ImageObject\",\"inLanguage\":\"es\",\"@id\":\"https:\\\/\\\/secure.gravatar.com\\\/avatar\\\/e972d5c124b9bf80eb4c9d322a90dd86a59d447f5da36700a77516f13637d44e?s=96&d=mm&r=g\",\"url\":\"https:\\\/\\\/secure.gravatar.com\\\/avatar\\\/e972d5c124b9bf80eb4c9d322a90dd86a59d447f5da36700a77516f13637d44e?s=96&d=mm&r=g\",\"contentUrl\":\"https:\\\/\\\/secure.gravatar.com\\\/avatar\\\/e972d5c124b9bf80eb4c9d322a90dd86a59d447f5da36700a77516f13637d44e?s=96&d=mm&r=g\",\"caption\":\"Huele a azufre\"},\"description\":\"Huele a azufre es una plataforma digital de an\u00e1lisis geopol\u00edtico\u00a0 contrahegem\u00f3nico, que busca visibilizar las voces y los discursos silenciados por el poder medi\u00e1tico.\",\"sameAs\":[\"https:\\\/\\\/hueleaazufre.com\\\/wordpress_a\"],\"url\":\"https:\\\/\\\/hueleaazufre.com\\\/wordpress_a\\\/index.php\\\/author\\\/admin_tupapa\\\/\"}]}<\/script>\n<!-- \/ Yoast SEO plugin. -->","yoast_head_json":{"title":"La erosi\u00f3n del orden internacional -","description":"erosi\u00f3n. Por d\u00e9cadas, el llamado \u201corden internacional basado en reglas\u201d fue presentado como el horizonte civilizatorio surgido tras finalizar la Segunda Guerra Mundial en 1945","robots":{"index":"index","follow":"follow","max-snippet":"max-snippet:-1","max-image-preview":"max-image-preview:large","max-video-preview":"max-video-preview:-1"},"canonical":"https:\/\/hueleaazufre.com\/wordpress_a\/index.php\/2026\/03\/11\/la-erosion-del-orden-internacional\/","og_locale":"es_ES","og_type":"article","og_title":"La erosi\u00f3n del orden internacional -","og_description":"erosi\u00f3n. Por d\u00e9cadas, el llamado \u201corden internacional basado en reglas\u201d fue presentado como el horizonte civilizatorio surgido tras finalizar la Segunda Guerra Mundial en 1945","og_url":"https:\/\/hueleaazufre.com\/wordpress_a\/index.php\/2026\/03\/11\/la-erosion-del-orden-internacional\/","article_published_time":"2026-03-11T17:38:14+00:00","og_image":[{"width":586,"height":559,"url":"https:\/\/hueleaazufre.com\/wordpress_a\/wp-content\/uploads\/2026\/03\/3a-3.webp","type":"image\/webp"}],"author":"Huele a azufre","twitter_card":"summary_large_image","twitter_misc":{"Escrito por":"Huele a azufre","Tiempo de lectura":"5 minutos"},"schema":{"@context":"https:\/\/schema.org","@graph":[{"@type":"Article","@id":"https:\/\/hueleaazufre.com\/wordpress_a\/index.php\/2026\/03\/11\/la-erosion-del-orden-internacional\/#article","isPartOf":{"@id":"https:\/\/hueleaazufre.com\/wordpress_a\/index.php\/2026\/03\/11\/la-erosion-del-orden-internacional\/"},"author":{"name":"Huele a azufre","@id":"https:\/\/hueleaazufre.com\/wordpress_a\/#\/schema\/person\/549dd871707ea7f9f1a686323ebe9baa"},"headline":"La erosi\u00f3n del orden internacional","datePublished":"2026-03-11T17:38:14+00:00","mainEntityOfPage":{"@id":"https:\/\/hueleaazufre.com\/wordpress_a\/index.php\/2026\/03\/11\/la-erosion-del-orden-internacional\/"},"wordCount":1142,"commentCount":0,"image":{"@id":"https:\/\/hueleaazufre.com\/wordpress_a\/index.php\/2026\/03\/11\/la-erosion-del-orden-internacional\/#primaryimage"},"thumbnailUrl":"https:\/\/hueleaazufre.com\/wordpress_a\/wp-content\/uploads\/2026\/03\/3a-3.webp","keywords":["EROSI\u00d3N","Guerra","INTERNACIONAL","ORDEN"],"articleSection":["Antonio Garc\u00eda\u00a0","Otras voces"],"inLanguage":"es","potentialAction":[{"@type":"CommentAction","name":"Comment","target":["https:\/\/hueleaazufre.com\/wordpress_a\/index.php\/2026\/03\/11\/la-erosion-del-orden-internacional\/#respond"]}]},{"@type":"WebPage","@id":"https:\/\/hueleaazufre.com\/wordpress_a\/index.php\/2026\/03\/11\/la-erosion-del-orden-internacional\/","url":"https:\/\/hueleaazufre.com\/wordpress_a\/index.php\/2026\/03\/11\/la-erosion-del-orden-internacional\/","name":"La erosi\u00f3n del orden internacional -","isPartOf":{"@id":"https:\/\/hueleaazufre.com\/wordpress_a\/#website"},"primaryImageOfPage":{"@id":"https:\/\/hueleaazufre.com\/wordpress_a\/index.php\/2026\/03\/11\/la-erosion-del-orden-internacional\/#primaryimage"},"image":{"@id":"https:\/\/hueleaazufre.com\/wordpress_a\/index.php\/2026\/03\/11\/la-erosion-del-orden-internacional\/#primaryimage"},"thumbnailUrl":"https:\/\/hueleaazufre.com\/wordpress_a\/wp-content\/uploads\/2026\/03\/3a-3.webp","datePublished":"2026-03-11T17:38:14+00:00","author":{"@id":"https:\/\/hueleaazufre.com\/wordpress_a\/#\/schema\/person\/549dd871707ea7f9f1a686323ebe9baa"},"description":"erosi\u00f3n. Por d\u00e9cadas, el llamado \u201corden internacional basado en reglas\u201d fue presentado como el horizonte civilizatorio surgido tras finalizar la Segunda Guerra Mundial en 1945","breadcrumb":{"@id":"https:\/\/hueleaazufre.com\/wordpress_a\/index.php\/2026\/03\/11\/la-erosion-del-orden-internacional\/#breadcrumb"},"inLanguage":"es","potentialAction":[{"@type":"ReadAction","target":["https:\/\/hueleaazufre.com\/wordpress_a\/index.php\/2026\/03\/11\/la-erosion-del-orden-internacional\/"]}]},{"@type":"ImageObject","inLanguage":"es","@id":"https:\/\/hueleaazufre.com\/wordpress_a\/index.php\/2026\/03\/11\/la-erosion-del-orden-internacional\/#primaryimage","url":"https:\/\/hueleaazufre.com\/wordpress_a\/wp-content\/uploads\/2026\/03\/3a-3.webp","contentUrl":"https:\/\/hueleaazufre.com\/wordpress_a\/wp-content\/uploads\/2026\/03\/3a-3.webp","width":586,"height":559,"caption":"orden internacional"},{"@type":"BreadcrumbList","@id":"https:\/\/hueleaazufre.com\/wordpress_a\/index.php\/2026\/03\/11\/la-erosion-del-orden-internacional\/#breadcrumb","itemListElement":[{"@type":"ListItem","position":1,"name":"Portada","item":"https:\/\/hueleaazufre.com\/wordpress_a\/"},{"@type":"ListItem","position":2,"name":"La erosi\u00f3n del orden internacional"}]},{"@type":"WebSite","@id":"https:\/\/hueleaazufre.com\/wordpress_a\/#website","url":"https:\/\/hueleaazufre.com\/wordpress_a\/","name":"","description":"Huele a azufre es una plataforma digital de an\u00e1lisis geopol\u00edtico.","potentialAction":[{"@type":"SearchAction","target":{"@type":"EntryPoint","urlTemplate":"https:\/\/hueleaazufre.com\/wordpress_a\/?s={search_term_string}"},"query-input":{"@type":"PropertyValueSpecification","valueRequired":true,"valueName":"search_term_string"}}],"inLanguage":"es"},{"@type":"Person","@id":"https:\/\/hueleaazufre.com\/wordpress_a\/#\/schema\/person\/549dd871707ea7f9f1a686323ebe9baa","name":"Huele a azufre","image":{"@type":"ImageObject","inLanguage":"es","@id":"https:\/\/secure.gravatar.com\/avatar\/e972d5c124b9bf80eb4c9d322a90dd86a59d447f5da36700a77516f13637d44e?s=96&d=mm&r=g","url":"https:\/\/secure.gravatar.com\/avatar\/e972d5c124b9bf80eb4c9d322a90dd86a59d447f5da36700a77516f13637d44e?s=96&d=mm&r=g","contentUrl":"https:\/\/secure.gravatar.com\/avatar\/e972d5c124b9bf80eb4c9d322a90dd86a59d447f5da36700a77516f13637d44e?s=96&d=mm&r=g","caption":"Huele a azufre"},"description":"Huele a azufre es una plataforma digital de an\u00e1lisis geopol\u00edtico\u00a0 contrahegem\u00f3nico, que busca visibilizar las voces y los discursos silenciados por el poder medi\u00e1tico.","sameAs":["https:\/\/hueleaazufre.com\/wordpress_a"],"url":"https:\/\/hueleaazufre.com\/wordpress_a\/index.php\/author\/admin_tupapa\/"}]}},"_links":{"self":[{"href":"https:\/\/hueleaazufre.com\/wordpress_a\/index.php\/wp-json\/wp\/v2\/posts\/3909","targetHints":{"allow":["GET"]}}],"collection":[{"href":"https:\/\/hueleaazufre.com\/wordpress_a\/index.php\/wp-json\/wp\/v2\/posts"}],"about":[{"href":"https:\/\/hueleaazufre.com\/wordpress_a\/index.php\/wp-json\/wp\/v2\/types\/post"}],"author":[{"embeddable":true,"href":"https:\/\/hueleaazufre.com\/wordpress_a\/index.php\/wp-json\/wp\/v2\/users\/1"}],"replies":[{"embeddable":true,"href":"https:\/\/hueleaazufre.com\/wordpress_a\/index.php\/wp-json\/wp\/v2\/comments?post=3909"}],"version-history":[{"count":1,"href":"https:\/\/hueleaazufre.com\/wordpress_a\/index.php\/wp-json\/wp\/v2\/posts\/3909\/revisions"}],"predecessor-version":[{"id":3911,"href":"https:\/\/hueleaazufre.com\/wordpress_a\/index.php\/wp-json\/wp\/v2\/posts\/3909\/revisions\/3911"}],"wp:featuredmedia":[{"embeddable":true,"href":"https:\/\/hueleaazufre.com\/wordpress_a\/index.php\/wp-json\/wp\/v2\/media\/3910"}],"wp:attachment":[{"href":"https:\/\/hueleaazufre.com\/wordpress_a\/index.php\/wp-json\/wp\/v2\/media?parent=3909"}],"wp:term":[{"taxonomy":"category","embeddable":true,"href":"https:\/\/hueleaazufre.com\/wordpress_a\/index.php\/wp-json\/wp\/v2\/categories?post=3909"},{"taxonomy":"post_tag","embeddable":true,"href":"https:\/\/hueleaazufre.com\/wordpress_a\/index.php\/wp-json\/wp\/v2\/tags?post=3909"}],"curies":[{"name":"wp","href":"https:\/\/api.w.org\/{rel}","templated":true}]}}