{"id":4010,"date":"2026-04-03T22:06:34","date_gmt":"2026-04-03T22:06:34","guid":{"rendered":"https:\/\/hueleaazufre.com\/wordpress_a\/?p=4010"},"modified":"2026-04-03T22:16:01","modified_gmt":"2026-04-03T22:16:01","slug":"reparaciones-por-la-esclavitud-el-sur-global-levanta-la-voz-en-la-onu-frente-al-olvido-colonial","status":"publish","type":"post","link":"https:\/\/hueleaazufre.com\/wordpress_a\/index.php\/2026\/04\/03\/reparaciones-por-la-esclavitud-el-sur-global-levanta-la-voz-en-la-onu-frente-al-olvido-colonial\/","title":{"rendered":"Reparaciones por la esclavitud: El Sur Global levanta la voz en la ONU frente al olvido colonial"},"content":{"rendered":"<p><strong>El reconocimiento de la esclavitud como crimen de lesa humanidad exige superar el discurso del perd\u00f3n para establecer mecanismos concretos que subsanen las brechas de desigualdad heredadas<\/strong><em><strong>.<\/strong><br \/>\n<\/em><\/p>\n<p>La reciente resoluci\u00f3n de la Organizaci\u00f3n de las Naciones Unidas que declara a la trata transatl\u00e1ntica y a la esclavitud racializada de africanos como\u00a0<strong>\u201cel crimen de lesa humanidad m\u00e1s grave\u201d<\/strong>\u00a0no constituye solamente un gesto simb\u00f3lico: inaugura un nuevo lenguaje jur\u00eddico y pol\u00edtico sobre el pasado colonial y sus consecuencias presentes. La votaci\u00f3n \u2014123 pa\u00edses a favor, 3 en contra y 52 abstenciones\u2014 consolid\u00f3 una mayor\u00eda internacional impulsada por pa\u00edses africanos y caribe\u00f1os que busca desplazar el debate desde la memoria moral hacia la\u00a0<strong>justicia reparadora concreta<\/strong>.<\/p>\n<p>La resoluci\u00f3n, promovida por Ghana y respaldada por el bloque africano, plantea que las desigualdades globales actuales no pueden comprenderse sin reconocer que buena parte de la<strong>\u00a0acumulaci\u00f3n originaria del capitalismo moderno\u00a0<\/strong>se sostuvo sobre trabajo forzado, desposesi\u00f3n y racializaci\u00f3n de cuerpos humanos<strong>.\u00a0<\/strong>Por eso el texto reclama medidas espec\u00edficas: reparaci\u00f3n econ\u00f3mica, restituci\u00f3n de patrimonio cultural expoliado y reconocimiento institucional del da\u00f1o hist\u00f3rico.<\/p>\n<h2 class=\"wp-block-heading has-vivid-red-color has-text-color has-link-color wp-elements-f7744a2e8f3ed93dc2afb50b19bae613\"><span style=\"color: #000000;\">La dimensi\u00f3n bio\u00e9tica: el cuerpo humano convertido en mercanc\u00eda<\/span><\/h2>\n<p>Desde una perspectiva bio\u00e9tica, la esclavitud representa una de las formas extremas de negaci\u00f3n de la dignidad humana: no solo anul\u00f3 libertades, sino que transform\u00f3 a personas en\u00a0<strong>propiedad heredable, transferible y explotable<\/strong>. All\u00ed radica su gravedad singular:\u00a0<strong>el cuerpo dej\u00f3 de ser sujeto de derechos para convertirse en unidad econ\u00f3mica de producci\u00f3n<\/strong>.<\/p>\n<p>La conversi\u00f3n legal de personas en patrimonio transmisible dej\u00f3 una marca hist\u00f3rica excepcional: pocas instituciones condensaron de manera tan expl\u00edcita la subordinaci\u00f3n del cuerpo humano al valor econ\u00f3mico. De all\u00ed que el debate contempor\u00e1neo sobre reparaci\u00f3n no se limite a una memoria simb\u00f3lica, sino que vuelva sobre la pregunta de qu\u00e9 responsabilidades actuales derivan de una violencia jur\u00eddicamente organizada durante siglos.<\/p>\n<p>Ese dato hist\u00f3rico explica por qu\u00e9 el debate actual excede la cronolog\u00eda de la abolici\u00f3n. La esclavitud fue abolida jur\u00eddicamente en el\u00a0<strong>siglo XIX<\/strong>\u00a0en la mayor parte del mundo occidental, pero la abolici\u00f3n legal no implic\u00f3 una reparaci\u00f3n de las estructuras que ella cre\u00f3. En otras palabras<strong>:\u00a0<\/strong>se aboli\u00f3 el r\u00e9gimen jur\u00eddico, pero no desaparecieron autom\u00e1ticamente las jerarqu\u00edas sociales, raciales y econ\u00f3micas que ese r\u00e9gimen hab\u00eda sedimentado.<\/p>\n<p>La bio\u00e9tica contempor\u00e1nea insiste en que no basta con declarar un da\u00f1o pasado si sus consecuencias siguen produciendo vulnerabilidad diferencial en el presente. Cuando poblaciones enteras arrastran menor acceso a riqueza, educaci\u00f3n, salud o representaci\u00f3n pol\u00edtica por herencias hist\u00f3ricas acumuladas,\u00a0<strong>el problema deja de ser exclusivamente memorial y se vuelve distributivo.<\/strong><\/p>\n<h2 class=\"wp-block-heading has-vivid-red-color has-text-color has-link-color wp-elements-c14c0762f4f150ab9d4a9b95e06f5529\"><span style=\"color: #000000;\"><strong>La cuesti\u00f3n de clase: la esclavitud como matriz de desigualdad moderna<\/strong><\/span><\/h2>\n<p>El n\u00facleo m\u00e1s inc\u00f3modo de esta resoluci\u00f3n es que reabre una\u00a0<strong>discusi\u00f3n sobre clase social a escala global.<\/strong><\/p>\n<p>La esclavitud constituy\u00f3 simult\u00e1neamente una\u00a0<strong>tecnolog\u00eda de dominaci\u00f3n racial<\/strong>\u00a0y un\u00a0<strong>sistema econ\u00f3mico de acumulaci\u00f3n masiva de riqueza<\/strong>. La expansi\u00f3n atl\u00e1ntica, la industrializaci\u00f3n europea y el desarrollo financiero occidental estuvieron ligados a esa extracci\u00f3n de valor humano.<\/p>\n<p>Por eso muchos pa\u00edses del llamado Sur Global sostienen que no se trata de juzgar moralmente a generaciones actuales por hechos remotos, sino de reconocer que ciertas ventajas estructurales contempor\u00e1neas tienen genealog\u00eda hist\u00f3rica.<\/p>\n<p>En este punto aparece una tensi\u00f3n fundamental: si el capital global moderno se consolid\u00f3 sobre una distribuci\u00f3n radicalmente desigual de vidas y recursos, entonces\u00a0<strong>la reparaci\u00f3n deja de ser solo un acto simb\u00f3lico y se vuelve una discusi\u00f3n sobre redistribuci\u00f3n.<\/strong><\/p>\n<h2 class=\"wp-block-heading has-vivid-red-color has-text-color has-link-color wp-elements-e82d9c519db253578b28e3501fd4127c\"><span style=\"color: #000000;\"><strong>\u00bfPor qu\u00e9 la resistencia occidental persiste?<\/strong><\/span><\/h2>\n<p>Las 52 abstenciones \u2014principalmente europeas\u2014 muestran una aceptaci\u00f3n moral sin compromiso jur\u00eddico. Muchos Estados europeos reconocen la atrocidad hist\u00f3rica, pero rechazan abrir una arquitectura legal que habilite reclamos patrimoniales, devoluci\u00f3n masiva de bienes muse\u00edsticos o compensaciones interestatales.<\/p>\n<p>La resistencia se apoya en dos argumentos:\u00a0<strong>evitar una jerarquizaci\u00f3n entre cr\u00edmenes hist\u00f3ricos; impedir retroactividad jur\u00eddica que derive en obligaciones financieras.<\/strong><\/p>\n<p>Sin embargo, pol\u00edticamente esa abstenci\u00f3n tambi\u00e9n expresa otra cosa: el temor a que la historia deje de ser \u00fanicamente relato y se convierta en\u00a0<strong>deuda exigible<\/strong>.<\/p>\n<h2 class=\"wp-block-heading has-vivid-red-color has-text-color has-link-color wp-elements-acc5df0d51009382edddd5899e153a2a\"><span style=\"color: #000000;\"><strong>El significado pol\u00edtico del voto en contra de Argentina, Estados Unidos e Israel<\/strong><\/span><\/h2>\n<p>El voto negativo de Argentina, Estados Unidos e Israel concentra razones diferentes, aunque convergentes.<\/p>\n<p>En el caso estadounidense, el temor central es doctrinario y financiero: aceptar formulaciones que puedan fortalecer reclamos internos de reparaci\u00f3n por esclavitud.<\/p>\n<p>Israel mantiene desde hace a\u00f1os una posici\u00f3n cr\u00edtica frente al proceso de Durban, al considerar que ese foro fue utilizado para cuestionar de manera desproporcionada su pol\u00edtica estatal.<\/p>\n<p>Argentina, en cambio, expresa una redefinici\u00f3n geopol\u00edtica reciente: alineamiento con posiciones occidentales duras y distanciamiento de agendas multilaterales hist\u00f3ricamente apoyadas por Am\u00e9rica Latina.<\/p>\n<p>Ese gesto es pol\u00edticamente significativo porque rompe con una tradici\u00f3n diplom\u00e1tica argentina vinculada a consensos de\u00a0<strong>derechos humanos del Sur Global.<\/strong><\/p>\n<h2 class=\"wp-block-heading has-vivid-red-color has-text-color has-link-color wp-elements-a458ea0f4236518e61506daa63f97711\"><span style=\"color: #000000;\"><strong>La paradoja hist\u00f3rica: abolici\u00f3n antigua, desigualdad persistente<\/strong><\/span><\/h2>\n<p>Uno de los puntos m\u00e1s delicados del debate consiste en evitar un error frecuente: creer que, porque la esclavitud fue abolida hace m\u00e1s de un siglo, su discusi\u00f3n pertenece exclusivamente al pasado.<\/p>\n<p>La historia muestra que la abolici\u00f3n jur\u00eddica no disolvi\u00f3 autom\u00e1ticamente\u00a0<strong>las matrices de exclusi\u00f3n<\/strong>. En muchos pa\u00edses, la libertad formal fue seguida por segregaci\u00f3n,exclusi\u00f3n educativa, limitaci\u00f3n patrimonial y subordinaci\u00f3n laboral.<\/p>\n<p>Por eso la resoluci\u00f3n de la\u00a0<strong>ONU<\/strong>\u00a0sit\u00faa la esclavitud como una\u00a0<strong>herencia activa<\/strong>: una arquitectura hist\u00f3rica cuyos efectos todav\u00eda modelan\u00a0<strong>relaciones de clase, raza y poder.<\/strong><\/p>\n<h2 class=\"wp-block-heading has-vivid-red-color has-text-color has-link-color wp-elements-1520f8fbc9faf2b8390af13d933e481c\"><span style=\"color: #000000;\"><strong>Una disputa sobre memoria\u2026 y sobre futuro<\/strong><\/span><\/h2>\n<p>Lo que est\u00e1 en juego no es solamente c\u00f3mo recordar el pasado, sino qui\u00e9n paga el costo pol\u00edtico de reconocerlo plenamente.<\/p>\n<p>La resoluci\u00f3n no es vinculante jur\u00eddicamente, pero s\u00ed reordena el debate internacional: por primera vez una mayor\u00eda tan amplia\u00a0<strong>legitima la idea de que la justicia hist\u00f3rica no se agota en la condena moral.<\/strong><\/p>\n<p>El siglo XX consagr\u00f3 derechos; el siglo XXI ha comenzado a cobrarlos. Esta resoluci\u00f3n no cierra ninguna cuenta, sino que abre el expediente de una deuda hist\u00f3rica que la pol\u00edtica internacional ya no puede ignorar.<\/p>\n<p><a href=\"https:\/\/www.telesurtv.net\/opinion\/reparaciones-por-la-esclavitud-el-sur-global-levanta-la-voz-en-la-onu-frente-al-olvido-colonial\/\"><strong>Fuente: Telesur\/Mar\u00eda Fernanda de la Quintana\u00a0<\/strong><\/a><\/p>\n","protected":false},"excerpt":{"rendered":"<p>El reconocimiento de la esclavitud como crimen de lesa humanidad exige superar el discurso del&#8230;<\/p>\n","protected":false},"author":1,"featured_media":4011,"comment_status":"open","ping_status":"closed","sticky":false,"template":"","format":"standard","meta":{"footnotes":""},"categories":[56],"tags":[1185,32,512],"class_list":["post-4010","post","type-post","status-publish","format-standard","has-post-thumbnail","hentry","category-medios-aliados","tag-esclavitud","tag-onu","tag-sur-global"],"yoast_head":"<!-- This site is optimized with the Yoast SEO plugin v27.5 - https:\/\/yoast.com\/product\/yoast-seo-wordpress\/ -->\n<title>Reparaciones por la esclavitud: El Sur Global levanta la voz en la ONU frente al olvido colonial -<\/title>\n<meta name=\"description\" content=\"El reconocimiento de la esclavitud como crimen de lesa humanidad exige superar el discurso del perd\u00f3n para establecer mecanismos concretos que subsanen las brechas de desigualdad heredadas.\" \/>\n<meta name=\"robots\" content=\"index, follow, max-snippet:-1, max-image-preview:large, max-video-preview:-1\" \/>\n<link rel=\"canonical\" href=\"https:\/\/hueleaazufre.com\/wordpress_a\/index.php\/2026\/04\/03\/reparaciones-por-la-esclavitud-el-sur-global-levanta-la-voz-en-la-onu-frente-al-olvido-colonial\/\" \/>\n<meta property=\"og:locale\" content=\"es_ES\" \/>\n<meta property=\"og:type\" content=\"article\" \/>\n<meta property=\"og:title\" content=\"Reparaciones por la esclavitud: El Sur Global levanta la voz en la ONU frente al olvido colonial -\" \/>\n<meta property=\"og:description\" content=\"El reconocimiento de la esclavitud como crimen de lesa humanidad exige superar el discurso del perd\u00f3n para establecer mecanismos concretos que subsanen las brechas de desigualdad heredadas.\" \/>\n<meta property=\"og:url\" content=\"https:\/\/hueleaazufre.com\/wordpress_a\/index.php\/2026\/04\/03\/reparaciones-por-la-esclavitud-el-sur-global-levanta-la-voz-en-la-onu-frente-al-olvido-colonial\/\" \/>\n<meta property=\"article:published_time\" content=\"2026-04-03T22:06:34+00:00\" \/>\n<meta property=\"article:modified_time\" content=\"2026-04-03T22:16:01+00:00\" \/>\n<meta property=\"og:image\" content=\"https:\/\/hueleaazufre.com\/wordpress_a\/wp-content\/uploads\/2026\/04\/3a-1.webp\" \/>\n\t<meta property=\"og:image:width\" content=\"768\" \/>\n\t<meta property=\"og:image:height\" content=\"432\" \/>\n\t<meta property=\"og:image:type\" content=\"image\/webp\" \/>\n<meta name=\"author\" content=\"Huele a azufre\" \/>\n<meta name=\"twitter:card\" content=\"summary_large_image\" \/>\n<meta name=\"twitter:label1\" content=\"Escrito por\" \/>\n\t<meta name=\"twitter:data1\" content=\"Huele a azufre\" \/>\n\t<meta name=\"twitter:label2\" content=\"Tiempo de lectura\" \/>\n\t<meta name=\"twitter:data2\" content=\"5 minutos\" \/>\n<script type=\"application\/ld+json\" class=\"yoast-schema-graph\">{\"@context\":\"https:\\\/\\\/schema.org\",\"@graph\":[{\"@type\":\"Article\",\"@id\":\"https:\\\/\\\/hueleaazufre.com\\\/wordpress_a\\\/index.php\\\/2026\\\/04\\\/03\\\/reparaciones-por-la-esclavitud-el-sur-global-levanta-la-voz-en-la-onu-frente-al-olvido-colonial\\\/#article\",\"isPartOf\":{\"@id\":\"https:\\\/\\\/hueleaazufre.com\\\/wordpress_a\\\/index.php\\\/2026\\\/04\\\/03\\\/reparaciones-por-la-esclavitud-el-sur-global-levanta-la-voz-en-la-onu-frente-al-olvido-colonial\\\/\"},\"author\":{\"name\":\"Huele a azufre\",\"@id\":\"https:\\\/\\\/hueleaazufre.com\\\/wordpress_a\\\/#\\\/schema\\\/person\\\/549dd871707ea7f9f1a686323ebe9baa\"},\"headline\":\"Reparaciones por la esclavitud: El Sur Global levanta la voz en la ONU frente al olvido colonial\",\"datePublished\":\"2026-04-03T22:06:34+00:00\",\"dateModified\":\"2026-04-03T22:16:01+00:00\",\"mainEntityOfPage\":{\"@id\":\"https:\\\/\\\/hueleaazufre.com\\\/wordpress_a\\\/index.php\\\/2026\\\/04\\\/03\\\/reparaciones-por-la-esclavitud-el-sur-global-levanta-la-voz-en-la-onu-frente-al-olvido-colonial\\\/\"},\"wordCount\":1122,\"commentCount\":0,\"image\":{\"@id\":\"https:\\\/\\\/hueleaazufre.com\\\/wordpress_a\\\/index.php\\\/2026\\\/04\\\/03\\\/reparaciones-por-la-esclavitud-el-sur-global-levanta-la-voz-en-la-onu-frente-al-olvido-colonial\\\/#primaryimage\"},\"thumbnailUrl\":\"https:\\\/\\\/hueleaazufre.com\\\/wordpress_a\\\/wp-content\\\/uploads\\\/2026\\\/04\\\/3a-1.webp\",\"keywords\":[\"esclavitud\",\"ONU\",\"Sur Global\"],\"articleSection\":[\"Medios aliados\"],\"inLanguage\":\"es\",\"potentialAction\":[{\"@type\":\"CommentAction\",\"name\":\"Comment\",\"target\":[\"https:\\\/\\\/hueleaazufre.com\\\/wordpress_a\\\/index.php\\\/2026\\\/04\\\/03\\\/reparaciones-por-la-esclavitud-el-sur-global-levanta-la-voz-en-la-onu-frente-al-olvido-colonial\\\/#respond\"]}]},{\"@type\":\"WebPage\",\"@id\":\"https:\\\/\\\/hueleaazufre.com\\\/wordpress_a\\\/index.php\\\/2026\\\/04\\\/03\\\/reparaciones-por-la-esclavitud-el-sur-global-levanta-la-voz-en-la-onu-frente-al-olvido-colonial\\\/\",\"url\":\"https:\\\/\\\/hueleaazufre.com\\\/wordpress_a\\\/index.php\\\/2026\\\/04\\\/03\\\/reparaciones-por-la-esclavitud-el-sur-global-levanta-la-voz-en-la-onu-frente-al-olvido-colonial\\\/\",\"name\":\"Reparaciones por la esclavitud: El Sur Global levanta la voz en la ONU frente al olvido colonial -\",\"isPartOf\":{\"@id\":\"https:\\\/\\\/hueleaazufre.com\\\/wordpress_a\\\/#website\"},\"primaryImageOfPage\":{\"@id\":\"https:\\\/\\\/hueleaazufre.com\\\/wordpress_a\\\/index.php\\\/2026\\\/04\\\/03\\\/reparaciones-por-la-esclavitud-el-sur-global-levanta-la-voz-en-la-onu-frente-al-olvido-colonial\\\/#primaryimage\"},\"image\":{\"@id\":\"https:\\\/\\\/hueleaazufre.com\\\/wordpress_a\\\/index.php\\\/2026\\\/04\\\/03\\\/reparaciones-por-la-esclavitud-el-sur-global-levanta-la-voz-en-la-onu-frente-al-olvido-colonial\\\/#primaryimage\"},\"thumbnailUrl\":\"https:\\\/\\\/hueleaazufre.com\\\/wordpress_a\\\/wp-content\\\/uploads\\\/2026\\\/04\\\/3a-1.webp\",\"datePublished\":\"2026-04-03T22:06:34+00:00\",\"dateModified\":\"2026-04-03T22:16:01+00:00\",\"author\":{\"@id\":\"https:\\\/\\\/hueleaazufre.com\\\/wordpress_a\\\/#\\\/schema\\\/person\\\/549dd871707ea7f9f1a686323ebe9baa\"},\"description\":\"El reconocimiento de la esclavitud como crimen de lesa humanidad exige superar el discurso del perd\u00f3n para establecer mecanismos concretos que subsanen las brechas de desigualdad heredadas.\",\"breadcrumb\":{\"@id\":\"https:\\\/\\\/hueleaazufre.com\\\/wordpress_a\\\/index.php\\\/2026\\\/04\\\/03\\\/reparaciones-por-la-esclavitud-el-sur-global-levanta-la-voz-en-la-onu-frente-al-olvido-colonial\\\/#breadcrumb\"},\"inLanguage\":\"es\",\"potentialAction\":[{\"@type\":\"ReadAction\",\"target\":[\"https:\\\/\\\/hueleaazufre.com\\\/wordpress_a\\\/index.php\\\/2026\\\/04\\\/03\\\/reparaciones-por-la-esclavitud-el-sur-global-levanta-la-voz-en-la-onu-frente-al-olvido-colonial\\\/\"]}]},{\"@type\":\"ImageObject\",\"inLanguage\":\"es\",\"@id\":\"https:\\\/\\\/hueleaazufre.com\\\/wordpress_a\\\/index.php\\\/2026\\\/04\\\/03\\\/reparaciones-por-la-esclavitud-el-sur-global-levanta-la-voz-en-la-onu-frente-al-olvido-colonial\\\/#primaryimage\",\"url\":\"https:\\\/\\\/hueleaazufre.com\\\/wordpress_a\\\/wp-content\\\/uploads\\\/2026\\\/04\\\/3a-1.webp\",\"contentUrl\":\"https:\\\/\\\/hueleaazufre.com\\\/wordpress_a\\\/wp-content\\\/uploads\\\/2026\\\/04\\\/3a-1.webp\",\"width\":768,\"height\":432},{\"@type\":\"BreadcrumbList\",\"@id\":\"https:\\\/\\\/hueleaazufre.com\\\/wordpress_a\\\/index.php\\\/2026\\\/04\\\/03\\\/reparaciones-por-la-esclavitud-el-sur-global-levanta-la-voz-en-la-onu-frente-al-olvido-colonial\\\/#breadcrumb\",\"itemListElement\":[{\"@type\":\"ListItem\",\"position\":1,\"name\":\"Portada\",\"item\":\"https:\\\/\\\/hueleaazufre.com\\\/wordpress_a\\\/\"},{\"@type\":\"ListItem\",\"position\":2,\"name\":\"Reparaciones por la esclavitud: El Sur Global levanta la voz en la ONU frente al olvido colonial\"}]},{\"@type\":\"WebSite\",\"@id\":\"https:\\\/\\\/hueleaazufre.com\\\/wordpress_a\\\/#website\",\"url\":\"https:\\\/\\\/hueleaazufre.com\\\/wordpress_a\\\/\",\"name\":\"\",\"description\":\"Huele a azufre es una plataforma digital de an\u00e1lisis geopol\u00edtico.\",\"potentialAction\":[{\"@type\":\"SearchAction\",\"target\":{\"@type\":\"EntryPoint\",\"urlTemplate\":\"https:\\\/\\\/hueleaazufre.com\\\/wordpress_a\\\/?s={search_term_string}\"},\"query-input\":{\"@type\":\"PropertyValueSpecification\",\"valueRequired\":true,\"valueName\":\"search_term_string\"}}],\"inLanguage\":\"es\"},{\"@type\":\"Person\",\"@id\":\"https:\\\/\\\/hueleaazufre.com\\\/wordpress_a\\\/#\\\/schema\\\/person\\\/549dd871707ea7f9f1a686323ebe9baa\",\"name\":\"Huele a azufre\",\"image\":{\"@type\":\"ImageObject\",\"inLanguage\":\"es\",\"@id\":\"https:\\\/\\\/secure.gravatar.com\\\/avatar\\\/e972d5c124b9bf80eb4c9d322a90dd86a59d447f5da36700a77516f13637d44e?s=96&d=mm&r=g\",\"url\":\"https:\\\/\\\/secure.gravatar.com\\\/avatar\\\/e972d5c124b9bf80eb4c9d322a90dd86a59d447f5da36700a77516f13637d44e?s=96&d=mm&r=g\",\"contentUrl\":\"https:\\\/\\\/secure.gravatar.com\\\/avatar\\\/e972d5c124b9bf80eb4c9d322a90dd86a59d447f5da36700a77516f13637d44e?s=96&d=mm&r=g\",\"caption\":\"Huele a azufre\"},\"description\":\"Huele a azufre es una plataforma digital de an\u00e1lisis geopol\u00edtico\u00a0 contrahegem\u00f3nico, que busca visibilizar las voces y los discursos silenciados por el poder medi\u00e1tico.\",\"sameAs\":[\"https:\\\/\\\/hueleaazufre.com\\\/wordpress_a\"],\"url\":\"https:\\\/\\\/hueleaazufre.com\\\/wordpress_a\\\/index.php\\\/author\\\/admin_tupapa\\\/\"}]}<\/script>\n<!-- \/ Yoast SEO plugin. -->","yoast_head_json":{"title":"Reparaciones por la esclavitud: El Sur Global levanta la voz en la ONU frente al olvido colonial -","description":"El reconocimiento de la esclavitud como crimen de lesa humanidad exige superar el discurso del perd\u00f3n para establecer mecanismos concretos que subsanen las brechas de desigualdad heredadas.","robots":{"index":"index","follow":"follow","max-snippet":"max-snippet:-1","max-image-preview":"max-image-preview:large","max-video-preview":"max-video-preview:-1"},"canonical":"https:\/\/hueleaazufre.com\/wordpress_a\/index.php\/2026\/04\/03\/reparaciones-por-la-esclavitud-el-sur-global-levanta-la-voz-en-la-onu-frente-al-olvido-colonial\/","og_locale":"es_ES","og_type":"article","og_title":"Reparaciones por la esclavitud: El Sur Global levanta la voz en la ONU frente al olvido colonial -","og_description":"El reconocimiento de la esclavitud como crimen de lesa humanidad exige superar el discurso del perd\u00f3n para establecer mecanismos concretos que subsanen las brechas de desigualdad heredadas.","og_url":"https:\/\/hueleaazufre.com\/wordpress_a\/index.php\/2026\/04\/03\/reparaciones-por-la-esclavitud-el-sur-global-levanta-la-voz-en-la-onu-frente-al-olvido-colonial\/","article_published_time":"2026-04-03T22:06:34+00:00","article_modified_time":"2026-04-03T22:16:01+00:00","og_image":[{"width":768,"height":432,"url":"https:\/\/hueleaazufre.com\/wordpress_a\/wp-content\/uploads\/2026\/04\/3a-1.webp","type":"image\/webp"}],"author":"Huele a azufre","twitter_card":"summary_large_image","twitter_misc":{"Escrito por":"Huele a azufre","Tiempo de lectura":"5 minutos"},"schema":{"@context":"https:\/\/schema.org","@graph":[{"@type":"Article","@id":"https:\/\/hueleaazufre.com\/wordpress_a\/index.php\/2026\/04\/03\/reparaciones-por-la-esclavitud-el-sur-global-levanta-la-voz-en-la-onu-frente-al-olvido-colonial\/#article","isPartOf":{"@id":"https:\/\/hueleaazufre.com\/wordpress_a\/index.php\/2026\/04\/03\/reparaciones-por-la-esclavitud-el-sur-global-levanta-la-voz-en-la-onu-frente-al-olvido-colonial\/"},"author":{"name":"Huele a azufre","@id":"https:\/\/hueleaazufre.com\/wordpress_a\/#\/schema\/person\/549dd871707ea7f9f1a686323ebe9baa"},"headline":"Reparaciones por la esclavitud: El Sur Global levanta la voz en la ONU frente al olvido colonial","datePublished":"2026-04-03T22:06:34+00:00","dateModified":"2026-04-03T22:16:01+00:00","mainEntityOfPage":{"@id":"https:\/\/hueleaazufre.com\/wordpress_a\/index.php\/2026\/04\/03\/reparaciones-por-la-esclavitud-el-sur-global-levanta-la-voz-en-la-onu-frente-al-olvido-colonial\/"},"wordCount":1122,"commentCount":0,"image":{"@id":"https:\/\/hueleaazufre.com\/wordpress_a\/index.php\/2026\/04\/03\/reparaciones-por-la-esclavitud-el-sur-global-levanta-la-voz-en-la-onu-frente-al-olvido-colonial\/#primaryimage"},"thumbnailUrl":"https:\/\/hueleaazufre.com\/wordpress_a\/wp-content\/uploads\/2026\/04\/3a-1.webp","keywords":["esclavitud","ONU","Sur Global"],"articleSection":["Medios aliados"],"inLanguage":"es","potentialAction":[{"@type":"CommentAction","name":"Comment","target":["https:\/\/hueleaazufre.com\/wordpress_a\/index.php\/2026\/04\/03\/reparaciones-por-la-esclavitud-el-sur-global-levanta-la-voz-en-la-onu-frente-al-olvido-colonial\/#respond"]}]},{"@type":"WebPage","@id":"https:\/\/hueleaazufre.com\/wordpress_a\/index.php\/2026\/04\/03\/reparaciones-por-la-esclavitud-el-sur-global-levanta-la-voz-en-la-onu-frente-al-olvido-colonial\/","url":"https:\/\/hueleaazufre.com\/wordpress_a\/index.php\/2026\/04\/03\/reparaciones-por-la-esclavitud-el-sur-global-levanta-la-voz-en-la-onu-frente-al-olvido-colonial\/","name":"Reparaciones por la esclavitud: El Sur Global levanta la voz en la ONU frente al olvido colonial -","isPartOf":{"@id":"https:\/\/hueleaazufre.com\/wordpress_a\/#website"},"primaryImageOfPage":{"@id":"https:\/\/hueleaazufre.com\/wordpress_a\/index.php\/2026\/04\/03\/reparaciones-por-la-esclavitud-el-sur-global-levanta-la-voz-en-la-onu-frente-al-olvido-colonial\/#primaryimage"},"image":{"@id":"https:\/\/hueleaazufre.com\/wordpress_a\/index.php\/2026\/04\/03\/reparaciones-por-la-esclavitud-el-sur-global-levanta-la-voz-en-la-onu-frente-al-olvido-colonial\/#primaryimage"},"thumbnailUrl":"https:\/\/hueleaazufre.com\/wordpress_a\/wp-content\/uploads\/2026\/04\/3a-1.webp","datePublished":"2026-04-03T22:06:34+00:00","dateModified":"2026-04-03T22:16:01+00:00","author":{"@id":"https:\/\/hueleaazufre.com\/wordpress_a\/#\/schema\/person\/549dd871707ea7f9f1a686323ebe9baa"},"description":"El reconocimiento de la esclavitud como crimen de lesa humanidad exige superar el discurso del perd\u00f3n para establecer mecanismos concretos que subsanen las brechas de desigualdad heredadas.","breadcrumb":{"@id":"https:\/\/hueleaazufre.com\/wordpress_a\/index.php\/2026\/04\/03\/reparaciones-por-la-esclavitud-el-sur-global-levanta-la-voz-en-la-onu-frente-al-olvido-colonial\/#breadcrumb"},"inLanguage":"es","potentialAction":[{"@type":"ReadAction","target":["https:\/\/hueleaazufre.com\/wordpress_a\/index.php\/2026\/04\/03\/reparaciones-por-la-esclavitud-el-sur-global-levanta-la-voz-en-la-onu-frente-al-olvido-colonial\/"]}]},{"@type":"ImageObject","inLanguage":"es","@id":"https:\/\/hueleaazufre.com\/wordpress_a\/index.php\/2026\/04\/03\/reparaciones-por-la-esclavitud-el-sur-global-levanta-la-voz-en-la-onu-frente-al-olvido-colonial\/#primaryimage","url":"https:\/\/hueleaazufre.com\/wordpress_a\/wp-content\/uploads\/2026\/04\/3a-1.webp","contentUrl":"https:\/\/hueleaazufre.com\/wordpress_a\/wp-content\/uploads\/2026\/04\/3a-1.webp","width":768,"height":432},{"@type":"BreadcrumbList","@id":"https:\/\/hueleaazufre.com\/wordpress_a\/index.php\/2026\/04\/03\/reparaciones-por-la-esclavitud-el-sur-global-levanta-la-voz-en-la-onu-frente-al-olvido-colonial\/#breadcrumb","itemListElement":[{"@type":"ListItem","position":1,"name":"Portada","item":"https:\/\/hueleaazufre.com\/wordpress_a\/"},{"@type":"ListItem","position":2,"name":"Reparaciones por la esclavitud: El Sur Global levanta la voz en la ONU frente al olvido colonial"}]},{"@type":"WebSite","@id":"https:\/\/hueleaazufre.com\/wordpress_a\/#website","url":"https:\/\/hueleaazufre.com\/wordpress_a\/","name":"","description":"Huele a azufre es una plataforma digital de an\u00e1lisis geopol\u00edtico.","potentialAction":[{"@type":"SearchAction","target":{"@type":"EntryPoint","urlTemplate":"https:\/\/hueleaazufre.com\/wordpress_a\/?s={search_term_string}"},"query-input":{"@type":"PropertyValueSpecification","valueRequired":true,"valueName":"search_term_string"}}],"inLanguage":"es"},{"@type":"Person","@id":"https:\/\/hueleaazufre.com\/wordpress_a\/#\/schema\/person\/549dd871707ea7f9f1a686323ebe9baa","name":"Huele a azufre","image":{"@type":"ImageObject","inLanguage":"es","@id":"https:\/\/secure.gravatar.com\/avatar\/e972d5c124b9bf80eb4c9d322a90dd86a59d447f5da36700a77516f13637d44e?s=96&d=mm&r=g","url":"https:\/\/secure.gravatar.com\/avatar\/e972d5c124b9bf80eb4c9d322a90dd86a59d447f5da36700a77516f13637d44e?s=96&d=mm&r=g","contentUrl":"https:\/\/secure.gravatar.com\/avatar\/e972d5c124b9bf80eb4c9d322a90dd86a59d447f5da36700a77516f13637d44e?s=96&d=mm&r=g","caption":"Huele a azufre"},"description":"Huele a azufre es una plataforma digital de an\u00e1lisis geopol\u00edtico\u00a0 contrahegem\u00f3nico, que busca visibilizar las voces y los discursos silenciados por el poder medi\u00e1tico.","sameAs":["https:\/\/hueleaazufre.com\/wordpress_a"],"url":"https:\/\/hueleaazufre.com\/wordpress_a\/index.php\/author\/admin_tupapa\/"}]}},"_links":{"self":[{"href":"https:\/\/hueleaazufre.com\/wordpress_a\/index.php\/wp-json\/wp\/v2\/posts\/4010","targetHints":{"allow":["GET"]}}],"collection":[{"href":"https:\/\/hueleaazufre.com\/wordpress_a\/index.php\/wp-json\/wp\/v2\/posts"}],"about":[{"href":"https:\/\/hueleaazufre.com\/wordpress_a\/index.php\/wp-json\/wp\/v2\/types\/post"}],"author":[{"embeddable":true,"href":"https:\/\/hueleaazufre.com\/wordpress_a\/index.php\/wp-json\/wp\/v2\/users\/1"}],"replies":[{"embeddable":true,"href":"https:\/\/hueleaazufre.com\/wordpress_a\/index.php\/wp-json\/wp\/v2\/comments?post=4010"}],"version-history":[{"count":4,"href":"https:\/\/hueleaazufre.com\/wordpress_a\/index.php\/wp-json\/wp\/v2\/posts\/4010\/revisions"}],"predecessor-version":[{"id":4015,"href":"https:\/\/hueleaazufre.com\/wordpress_a\/index.php\/wp-json\/wp\/v2\/posts\/4010\/revisions\/4015"}],"wp:featuredmedia":[{"embeddable":true,"href":"https:\/\/hueleaazufre.com\/wordpress_a\/index.php\/wp-json\/wp\/v2\/media\/4011"}],"wp:attachment":[{"href":"https:\/\/hueleaazufre.com\/wordpress_a\/index.php\/wp-json\/wp\/v2\/media?parent=4010"}],"wp:term":[{"taxonomy":"category","embeddable":true,"href":"https:\/\/hueleaazufre.com\/wordpress_a\/index.php\/wp-json\/wp\/v2\/categories?post=4010"},{"taxonomy":"post_tag","embeddable":true,"href":"https:\/\/hueleaazufre.com\/wordpress_a\/index.php\/wp-json\/wp\/v2\/tags?post=4010"}],"curies":[{"name":"wp","href":"https:\/\/api.w.org\/{rel}","templated":true}]}}