{"id":4025,"date":"2026-04-08T15:13:57","date_gmt":"2026-04-08T15:13:57","guid":{"rendered":"https:\/\/hueleaazufre.com\/wordpress_a\/?p=4025"},"modified":"2026-04-08T15:13:57","modified_gmt":"2026-04-08T15:13:57","slug":"brasil-en-ano-electoral-y-la-sombra-de-washington","status":"publish","type":"post","link":"https:\/\/hueleaazufre.com\/wordpress_a\/index.php\/2026\/04\/08\/brasil-en-ano-electoral-y-la-sombra-de-washington\/","title":{"rendered":"Brasil en a\u00f1o electoral y la sombra de Washington"},"content":{"rendered":"<p class=\"p-summary\"><strong>A medida que Brasil se encamina hacia una de las elecciones m\u00e1s disputadas de su historia reciente, una presencia externa comienza a ganar peso en el debate pol\u00edtico nacional: la de Estados Unidos.<\/strong><\/p>\n<div class=\"post-metas-wrapper\">\n<div class=\"audio-player-section\">\n<div>\n<div class=\"audio-player-btn\">\n<p>Despu\u00e9s de eventos de injerencia electoral denunciados en 2025 en otros pa\u00edses de la regi\u00f3n, y ante varios hechos recientes en el gigante sudamericano, crecen las voces que se preguntan\u00a0<strong>hasta qu\u00e9 punto el pulso electoral se juega tambi\u00e9n fuera de las fronteras nacionales.<\/strong><\/p>\n<p>El tema ha ganado fuerza a partir de episodios concretos, como\u00a0<strong>posicionamientos de pol\u00edticos de Washington, iniciativas en materia de seguridad regional y la articulaci\u00f3n internacional del bolsonarismo,<\/strong>\u00a0que han sido interpretados por distintos sectores como indicios de una\u00a0<strong>posible interferencia de cara a los comicios de octubre pr\u00f3ximo.<\/strong><\/p>\n<p>La congresista republicana estadounidense\u00a0<strong>Mar\u00eda Elvira Salazar,<\/strong>\u00a0aliada del presidente Donald Trump, manifest\u00f3 en sus redes sociales que los brasile\u00f1os \u201cest\u00e1n hartos\u201d del mandatario Luiz In\u00e1cio Lula da Silva, quien, dijo, \u201cser\u00e1 derrotado en las urnas\u201d.<\/p>\n<p>Si se tratara de un hecho aislado, sus mensajes quiz\u00e1s pasar\u00edan inadvertidos entre el abundante flujo informativo diario, pero medios locales insertaron esos pronunciamientos en un contexto m\u00e1s amplio de movilizaci\u00f3n de l<strong>egisladores conservadores de Estados Unidos que buscan influenciar el debate pol\u00edtico en pa\u00edses latinoamericano.<\/strong><\/p>\n<h2>Fl\u00e1vio Bolsonaro en la CPAC y las organizaciones criminales<\/h2>\n<p>Otro episodio que elev\u00f3 el nivel de alerta fue la\u00a0<strong>participaci\u00f3n del senador Fl\u00e1vio Bolsonaro el 28 de marzo en la Conferencia de Acci\u00f3n Pol\u00edtica Conservadora (CPAC),<\/strong>\u00a0celebrada en el estado norteamericano de Texas.<\/p>\n<p>En ese foro, considerado uno de los principales espacios del conservadurismo estadounidense, el precandidato presidencial de derecha reforz\u00f3 su alineaci\u00f3n con Trump, a quien lleg\u00f3 a\u00a0<strong>prometer recursos naturales brasile\u00f1os si logra imponerse en los venideros comicios.<\/strong><\/p>\n<p>Durante su alocuci\u00f3n, el\u00a0<strong>hijo mayor del exmandatario de extrema derecha Jair Bolsonaro\u00a0<\/strong>(2019-2023) pidi\u00f3 que gobiernos e instituciones extranjeras\u00a0<strong>\u201cmonitoreen la libertad de expresi\u00f3n\u201d en Brasil y hagan presi\u00f3n diplom\u00e1tica para garantizar lo que llam\u00f3 elecciones libres y justas.<\/strong><\/p>\n<p>Adem\u00e1s, lleg\u00f3 a decir que\u00a0<strong>Brasil ser\u00e1 el campo de batalla donde se decidir\u00e1 el futuro del hemisferio, porque el gigante sudamericano es la soluci\u00f3n de Estados Unidos para romper su dependencia de China en minerales cr\u00edticos, especialmente elementos de tierras raras.<\/strong><\/p>\n<p>Tales palabras fueron denunciadas por legisladores, miembros del Gobierno de Lula y medios de comunicaci\u00f3n como entreguistas y contrarias a los intereses del pa\u00eds.<\/p>\n<p>El\u00a0<strong>diputado federal Lindbergh Farias<\/strong>, del gobernante Partido de los Trabajadores (PT),\u00a0<strong>afirm\u00f3 en X que el senador \u201cfue a Estados Unidos para cumplir el papel que eligi\u00f3: el de marioneta de Donald Trump contra el propio Brasil\u201d,<\/strong>\u00a0y lo acus\u00f3 de \u201ctratar minerales raros y riquezas naturales como activos disponibles para extranjeros\u201d.<\/p>\n<p>Sus palabras provocaron la reacci\u00f3n del propio\u00a0<strong>Lula, quien acus\u00f3 a Fl\u00e1vio Bolsonaro de buscar el apoyo de Trump para interferir en las elecciones brasile\u00f1as.<\/strong><\/p>\n<div class=\"related-section\"><\/div>\n<p>Durante una reuni\u00f3n con su gabinete, el jefe de Estado se refiri\u00f3 a la participaci\u00f3n en la\u00a0<strong>CPAC<\/strong>\u00a0como una b\u00fasqueda de esa influencia, al tiempo que\u00a0<strong>critic\u00f3 la postura del presidente estadounidense en los conflictos internacionales e inst\u00f3 a sus ministros a reaccionar ante la injerencia extranjera.<\/strong><\/p>\n<p>A las tensiones generadas por este tema se suma que, pocas semanas antes, reportes de prensa se refirieron al i<strong>nter\u00e9s de Estados Unidos en clasificar como organizaciones terroristas a los grupos criminales brasile\u00f1os Primeiro Comando da Capital (PCC) y Comando Vermelho (CV).<\/strong><\/p>\n<p>La propuesta, apoyada por el entorno bolsonarista, gener\u00f3 fuerte rechazo en otros sectores de Brasil, cuando analistas y dirigentes pol\u00edticos sostienen que una\u00a0<strong>decisi\u00f3n de ese tipo podr\u00eda abrir la puerta a mecanismos de intervenci\u00f3n extraterritorial bajo el argumento de la lucha contra el terrorismo.<\/strong><\/p>\n<p>El Gobierno brasile\u00f1o ha se\u00f1alado que estas organizaciones son tratadas como grupos criminales dentro del marco legal nacional, y ha defendido que cualquier acci\u00f3n en ese \u00e1mbito debe respetar la soberan\u00eda del pa\u00eds.<\/p>\n<p>Mientras se estima que la medida podr\u00eda abrir un precedente de intervenci\u00f3n en asuntos de seguridad interna, uno de los temores de las autoridades brasile\u00f1as es que,\u00a0<strong>con esa designaci\u00f3n, las operaciones del PCC y el CV se conviertan en objetivos de ataques militares estadounidenses, seg\u00fan indicaron varios reportes.<\/strong><\/p>\n<p>De acuerdo con\u00a0<em>CNN<\/em>\u00a0Brasil, el PT teme que el asunto sea utilizado por sectores opositores, despu\u00e9s de que en mayo de 2025 Fl\u00e1vio Bolsonaro entreg\u00f3 a una delegaci\u00f3n estadounidense un dossier elaborado por autoridades de seguridad de R\u00edo de Janeiro y S\u00e3o Paulo que busca vincular las actividades de las mencionadas facciones criminales con el terrorismo.<\/p>\n<p>A todo ello se unen, adem\u00e1s,\u00a0<strong>las se\u00f1ales de alarma que se han visto desde el entorno regional, luego de las denuncias sobre interferencia electoral de Estados Unidos en las elecciones legislativas de Argentina y en las presidenciales de Honduras en 2025.<\/strong><\/p>\n<p>Seg\u00fan\u00a0<em>CNN<\/em>\u00a0Brasil, incluso antes de la controversia sobre las facciones criminales, el entorno del\u00a0<strong>Ejecutivo brasile\u00f1o ya evaluaba la posibilidad de una ofensiva pol\u00edtica de Trump en la regi\u00f3n, en un a\u00f1o en que tambi\u00e9n se celebrar\u00e1n comicios en pa\u00edses como Per\u00fa y Colombia.<\/strong><\/p>\n<h2>Una carrera electoral muy competitiva<\/h2>\n<p>El\u00a0<strong>escenario interno brasile\u00f1o amplifica las preocupaciones,<\/strong>\u00a0cuando los comicios de octubre se perfilan como\u00a0<strong>altamente re\u00f1idos, con Lula y Fl\u00e1vio Bolsonaro\u00a0<\/strong>como principales figuras en disputa.<\/p>\n<p>Los sondeos m\u00e1s recientes muestran a ambos rivales con un empate t\u00e9cnico en escenarios de segunda vuelta, lo que aumenta la sensibilidad ante cualquier factor externo que pueda influir en el resultado.<\/p>\n<p>Para algunos especialistas, la influencia for\u00e1nea no necesariamente se manifestar\u00eda mediante intervenciones directas, sino a trav\u00e9s de\u00a0<strong>mecanismos m\u00e1s sutiles como el apoyo pol\u00edtico, la construcci\u00f3n de narrativas, la presi\u00f3n diplom\u00e1tica y campa\u00f1as digitales.<\/strong><\/p>\n<p>Al respecto, expertos se\u00f1alan que actores externos pueden influir en procesos electorales mediante el\u00a0<strong>uso de redes sociales, bots y campa\u00f1as coordinadas, una pr\u00e1ctica ya documentada en diversos entornos a nivel global.<\/strong><\/p>\n<p>En ese contexto, el presidente Lula ha advertido de forma directa sobre el papel de la desinformaci\u00f3n en el actual escenario electoral, como cuando en febrero pasado manifest\u00f3 que 2026 deb\u00eda ser \u201cel a\u00f1o de la verdad\u201d y llam\u00f3 a enfrentar activamente las campa\u00f1as de manipulaci\u00f3n.<\/p>\n<p><strong>\u201cQuien miente, debe ser desenmascarado. No se puede ver una mentira en el tel\u00e9fono m\u00f3vil de alguien y dejar que quede impune\u201d<\/strong>, enfatiz\u00f3 el gobernante, quien continuamente\u00a0<strong>ha alertado sobre el impacto de las noticias falsas en la percepci\u00f3n p\u00fablica y en la calidad del debate democr\u00e1tico.<\/strong><\/p>\n<p>Dados los antecedentes externos e internos, a medida que avance la contienda electoral tan polarizada,<strong>\u00a0las advertencias del jefe de Estado pueden parecer cada vez m\u00e1s necesarias.<\/strong><\/p>\n<p><a href=\"https:\/\/espanol.almayadeen.net\/Articulos\/2155117\/brasil-en-ano-electoral-y-la-sombra-de-washington\"><strong>Fuente: Al Mayadeen\/Martha Andr\u00e9s Rom\u00e1n<\/strong><\/a><\/p>\n<\/div>\n<\/div>\n<\/div>\n<\/div>\n","protected":false},"excerpt":{"rendered":"<p>A medida que Brasil se encamina hacia una de las elecciones m\u00e1s disputadas de su&#8230;<\/p>\n","protected":false},"author":1,"featured_media":4026,"comment_status":"open","ping_status":"closed","sticky":false,"template":"","format":"standard","meta":{"footnotes":""},"categories":[56],"tags":[147,89,218,55],"class_list":["post-4025","post","type-post","status-publish","format-standard","has-post-thumbnail","hentry","category-medios-aliados","tag-brasil","tag-ee-uu","tag-elecciones","tag-washington"],"yoast_head":"<!-- This site is optimized with the Yoast SEO plugin v27.5 - https:\/\/yoast.com\/product\/yoast-seo-wordpress\/ -->\n<title>Brasil en a\u00f1o electoral y la sombra de Washington -<\/title>\n<meta name=\"description\" content=\"A medida que Brasil se encamina hacia una de las elecciones m\u00e1s disputadas de su historia reciente, una presencia externa comienza a ganar peso en el debate pol\u00edtico.\" \/>\n<meta name=\"robots\" content=\"index, follow, max-snippet:-1, max-image-preview:large, max-video-preview:-1\" \/>\n<link rel=\"canonical\" href=\"https:\/\/hueleaazufre.com\/wordpress_a\/index.php\/2026\/04\/08\/brasil-en-ano-electoral-y-la-sombra-de-washington\/\" \/>\n<meta property=\"og:locale\" content=\"es_ES\" \/>\n<meta property=\"og:type\" content=\"article\" \/>\n<meta property=\"og:title\" content=\"Brasil en a\u00f1o electoral y la sombra de Washington -\" \/>\n<meta property=\"og:description\" content=\"A medida que Brasil se encamina hacia una de las elecciones m\u00e1s disputadas de su historia reciente, una presencia externa comienza a ganar peso en el debate pol\u00edtico.\" \/>\n<meta property=\"og:url\" content=\"https:\/\/hueleaazufre.com\/wordpress_a\/index.php\/2026\/04\/08\/brasil-en-ano-electoral-y-la-sombra-de-washington\/\" \/>\n<meta property=\"article:published_time\" content=\"2026-04-08T15:13:57+00:00\" \/>\n<meta property=\"og:image\" content=\"https:\/\/hueleaazufre.com\/wordpress_a\/wp-content\/uploads\/2026\/04\/1a-3.webp\" \/>\n\t<meta property=\"og:image:width\" content=\"845\" \/>\n\t<meta property=\"og:image:height\" content=\"525\" \/>\n\t<meta property=\"og:image:type\" content=\"image\/webp\" \/>\n<meta name=\"author\" content=\"Huele a azufre\" \/>\n<meta name=\"twitter:card\" content=\"summary_large_image\" \/>\n<meta name=\"twitter:label1\" content=\"Escrito por\" \/>\n\t<meta name=\"twitter:data1\" content=\"Huele a azufre\" \/>\n\t<meta name=\"twitter:label2\" content=\"Tiempo de lectura\" \/>\n\t<meta name=\"twitter:data2\" content=\"6 minutos\" \/>\n<script type=\"application\/ld+json\" class=\"yoast-schema-graph\">{\"@context\":\"https:\\\/\\\/schema.org\",\"@graph\":[{\"@type\":\"Article\",\"@id\":\"https:\\\/\\\/hueleaazufre.com\\\/wordpress_a\\\/index.php\\\/2026\\\/04\\\/08\\\/brasil-en-ano-electoral-y-la-sombra-de-washington\\\/#article\",\"isPartOf\":{\"@id\":\"https:\\\/\\\/hueleaazufre.com\\\/wordpress_a\\\/index.php\\\/2026\\\/04\\\/08\\\/brasil-en-ano-electoral-y-la-sombra-de-washington\\\/\"},\"author\":{\"name\":\"Huele a azufre\",\"@id\":\"https:\\\/\\\/hueleaazufre.com\\\/wordpress_a\\\/#\\\/schema\\\/person\\\/549dd871707ea7f9f1a686323ebe9baa\"},\"headline\":\"Brasil en a\u00f1o electoral y la sombra de Washington\",\"datePublished\":\"2026-04-08T15:13:57+00:00\",\"mainEntityOfPage\":{\"@id\":\"https:\\\/\\\/hueleaazufre.com\\\/wordpress_a\\\/index.php\\\/2026\\\/04\\\/08\\\/brasil-en-ano-electoral-y-la-sombra-de-washington\\\/\"},\"wordCount\":1196,\"commentCount\":0,\"image\":{\"@id\":\"https:\\\/\\\/hueleaazufre.com\\\/wordpress_a\\\/index.php\\\/2026\\\/04\\\/08\\\/brasil-en-ano-electoral-y-la-sombra-de-washington\\\/#primaryimage\"},\"thumbnailUrl\":\"https:\\\/\\\/hueleaazufre.com\\\/wordpress_a\\\/wp-content\\\/uploads\\\/2026\\\/04\\\/1a-3.webp\",\"keywords\":[\"Brasil\",\"EE.UU\",\"Elecciones\",\"Washington\"],\"articleSection\":[\"Medios aliados\"],\"inLanguage\":\"es\",\"potentialAction\":[{\"@type\":\"CommentAction\",\"name\":\"Comment\",\"target\":[\"https:\\\/\\\/hueleaazufre.com\\\/wordpress_a\\\/index.php\\\/2026\\\/04\\\/08\\\/brasil-en-ano-electoral-y-la-sombra-de-washington\\\/#respond\"]}]},{\"@type\":\"WebPage\",\"@id\":\"https:\\\/\\\/hueleaazufre.com\\\/wordpress_a\\\/index.php\\\/2026\\\/04\\\/08\\\/brasil-en-ano-electoral-y-la-sombra-de-washington\\\/\",\"url\":\"https:\\\/\\\/hueleaazufre.com\\\/wordpress_a\\\/index.php\\\/2026\\\/04\\\/08\\\/brasil-en-ano-electoral-y-la-sombra-de-washington\\\/\",\"name\":\"Brasil en a\u00f1o electoral y la sombra de Washington -\",\"isPartOf\":{\"@id\":\"https:\\\/\\\/hueleaazufre.com\\\/wordpress_a\\\/#website\"},\"primaryImageOfPage\":{\"@id\":\"https:\\\/\\\/hueleaazufre.com\\\/wordpress_a\\\/index.php\\\/2026\\\/04\\\/08\\\/brasil-en-ano-electoral-y-la-sombra-de-washington\\\/#primaryimage\"},\"image\":{\"@id\":\"https:\\\/\\\/hueleaazufre.com\\\/wordpress_a\\\/index.php\\\/2026\\\/04\\\/08\\\/brasil-en-ano-electoral-y-la-sombra-de-washington\\\/#primaryimage\"},\"thumbnailUrl\":\"https:\\\/\\\/hueleaazufre.com\\\/wordpress_a\\\/wp-content\\\/uploads\\\/2026\\\/04\\\/1a-3.webp\",\"datePublished\":\"2026-04-08T15:13:57+00:00\",\"author\":{\"@id\":\"https:\\\/\\\/hueleaazufre.com\\\/wordpress_a\\\/#\\\/schema\\\/person\\\/549dd871707ea7f9f1a686323ebe9baa\"},\"description\":\"A medida que Brasil se encamina hacia una de las elecciones m\u00e1s disputadas de su historia reciente, una presencia externa comienza a ganar peso en el debate pol\u00edtico.\",\"breadcrumb\":{\"@id\":\"https:\\\/\\\/hueleaazufre.com\\\/wordpress_a\\\/index.php\\\/2026\\\/04\\\/08\\\/brasil-en-ano-electoral-y-la-sombra-de-washington\\\/#breadcrumb\"},\"inLanguage\":\"es\",\"potentialAction\":[{\"@type\":\"ReadAction\",\"target\":[\"https:\\\/\\\/hueleaazufre.com\\\/wordpress_a\\\/index.php\\\/2026\\\/04\\\/08\\\/brasil-en-ano-electoral-y-la-sombra-de-washington\\\/\"]}]},{\"@type\":\"ImageObject\",\"inLanguage\":\"es\",\"@id\":\"https:\\\/\\\/hueleaazufre.com\\\/wordpress_a\\\/index.php\\\/2026\\\/04\\\/08\\\/brasil-en-ano-electoral-y-la-sombra-de-washington\\\/#primaryimage\",\"url\":\"https:\\\/\\\/hueleaazufre.com\\\/wordpress_a\\\/wp-content\\\/uploads\\\/2026\\\/04\\\/1a-3.webp\",\"contentUrl\":\"https:\\\/\\\/hueleaazufre.com\\\/wordpress_a\\\/wp-content\\\/uploads\\\/2026\\\/04\\\/1a-3.webp\",\"width\":845,\"height\":525},{\"@type\":\"BreadcrumbList\",\"@id\":\"https:\\\/\\\/hueleaazufre.com\\\/wordpress_a\\\/index.php\\\/2026\\\/04\\\/08\\\/brasil-en-ano-electoral-y-la-sombra-de-washington\\\/#breadcrumb\",\"itemListElement\":[{\"@type\":\"ListItem\",\"position\":1,\"name\":\"Portada\",\"item\":\"https:\\\/\\\/hueleaazufre.com\\\/wordpress_a\\\/\"},{\"@type\":\"ListItem\",\"position\":2,\"name\":\"Brasil en a\u00f1o electoral y la sombra de Washington\"}]},{\"@type\":\"WebSite\",\"@id\":\"https:\\\/\\\/hueleaazufre.com\\\/wordpress_a\\\/#website\",\"url\":\"https:\\\/\\\/hueleaazufre.com\\\/wordpress_a\\\/\",\"name\":\"\",\"description\":\"Huele a azufre es una plataforma digital de an\u00e1lisis geopol\u00edtico.\",\"potentialAction\":[{\"@type\":\"SearchAction\",\"target\":{\"@type\":\"EntryPoint\",\"urlTemplate\":\"https:\\\/\\\/hueleaazufre.com\\\/wordpress_a\\\/?s={search_term_string}\"},\"query-input\":{\"@type\":\"PropertyValueSpecification\",\"valueRequired\":true,\"valueName\":\"search_term_string\"}}],\"inLanguage\":\"es\"},{\"@type\":\"Person\",\"@id\":\"https:\\\/\\\/hueleaazufre.com\\\/wordpress_a\\\/#\\\/schema\\\/person\\\/549dd871707ea7f9f1a686323ebe9baa\",\"name\":\"Huele a azufre\",\"image\":{\"@type\":\"ImageObject\",\"inLanguage\":\"es\",\"@id\":\"https:\\\/\\\/secure.gravatar.com\\\/avatar\\\/e972d5c124b9bf80eb4c9d322a90dd86a59d447f5da36700a77516f13637d44e?s=96&d=mm&r=g\",\"url\":\"https:\\\/\\\/secure.gravatar.com\\\/avatar\\\/e972d5c124b9bf80eb4c9d322a90dd86a59d447f5da36700a77516f13637d44e?s=96&d=mm&r=g\",\"contentUrl\":\"https:\\\/\\\/secure.gravatar.com\\\/avatar\\\/e972d5c124b9bf80eb4c9d322a90dd86a59d447f5da36700a77516f13637d44e?s=96&d=mm&r=g\",\"caption\":\"Huele a azufre\"},\"description\":\"Huele a azufre es una plataforma digital de an\u00e1lisis geopol\u00edtico\u00a0 contrahegem\u00f3nico, que busca visibilizar las voces y los discursos silenciados por el poder medi\u00e1tico.\",\"sameAs\":[\"https:\\\/\\\/hueleaazufre.com\\\/wordpress_a\"],\"url\":\"https:\\\/\\\/hueleaazufre.com\\\/wordpress_a\\\/index.php\\\/author\\\/admin_tupapa\\\/\"}]}<\/script>\n<!-- \/ Yoast SEO plugin. -->","yoast_head_json":{"title":"Brasil en a\u00f1o electoral y la sombra de Washington -","description":"A medida que Brasil se encamina hacia una de las elecciones m\u00e1s disputadas de su historia reciente, una presencia externa comienza a ganar peso en el debate pol\u00edtico.","robots":{"index":"index","follow":"follow","max-snippet":"max-snippet:-1","max-image-preview":"max-image-preview:large","max-video-preview":"max-video-preview:-1"},"canonical":"https:\/\/hueleaazufre.com\/wordpress_a\/index.php\/2026\/04\/08\/brasil-en-ano-electoral-y-la-sombra-de-washington\/","og_locale":"es_ES","og_type":"article","og_title":"Brasil en a\u00f1o electoral y la sombra de Washington -","og_description":"A medida que Brasil se encamina hacia una de las elecciones m\u00e1s disputadas de su historia reciente, una presencia externa comienza a ganar peso en el debate pol\u00edtico.","og_url":"https:\/\/hueleaazufre.com\/wordpress_a\/index.php\/2026\/04\/08\/brasil-en-ano-electoral-y-la-sombra-de-washington\/","article_published_time":"2026-04-08T15:13:57+00:00","og_image":[{"width":845,"height":525,"url":"https:\/\/hueleaazufre.com\/wordpress_a\/wp-content\/uploads\/2026\/04\/1a-3.webp","type":"image\/webp"}],"author":"Huele a azufre","twitter_card":"summary_large_image","twitter_misc":{"Escrito por":"Huele a azufre","Tiempo de lectura":"6 minutos"},"schema":{"@context":"https:\/\/schema.org","@graph":[{"@type":"Article","@id":"https:\/\/hueleaazufre.com\/wordpress_a\/index.php\/2026\/04\/08\/brasil-en-ano-electoral-y-la-sombra-de-washington\/#article","isPartOf":{"@id":"https:\/\/hueleaazufre.com\/wordpress_a\/index.php\/2026\/04\/08\/brasil-en-ano-electoral-y-la-sombra-de-washington\/"},"author":{"name":"Huele a azufre","@id":"https:\/\/hueleaazufre.com\/wordpress_a\/#\/schema\/person\/549dd871707ea7f9f1a686323ebe9baa"},"headline":"Brasil en a\u00f1o electoral y la sombra de Washington","datePublished":"2026-04-08T15:13:57+00:00","mainEntityOfPage":{"@id":"https:\/\/hueleaazufre.com\/wordpress_a\/index.php\/2026\/04\/08\/brasil-en-ano-electoral-y-la-sombra-de-washington\/"},"wordCount":1196,"commentCount":0,"image":{"@id":"https:\/\/hueleaazufre.com\/wordpress_a\/index.php\/2026\/04\/08\/brasil-en-ano-electoral-y-la-sombra-de-washington\/#primaryimage"},"thumbnailUrl":"https:\/\/hueleaazufre.com\/wordpress_a\/wp-content\/uploads\/2026\/04\/1a-3.webp","keywords":["Brasil","EE.UU","Elecciones","Washington"],"articleSection":["Medios aliados"],"inLanguage":"es","potentialAction":[{"@type":"CommentAction","name":"Comment","target":["https:\/\/hueleaazufre.com\/wordpress_a\/index.php\/2026\/04\/08\/brasil-en-ano-electoral-y-la-sombra-de-washington\/#respond"]}]},{"@type":"WebPage","@id":"https:\/\/hueleaazufre.com\/wordpress_a\/index.php\/2026\/04\/08\/brasil-en-ano-electoral-y-la-sombra-de-washington\/","url":"https:\/\/hueleaazufre.com\/wordpress_a\/index.php\/2026\/04\/08\/brasil-en-ano-electoral-y-la-sombra-de-washington\/","name":"Brasil en a\u00f1o electoral y la sombra de Washington -","isPartOf":{"@id":"https:\/\/hueleaazufre.com\/wordpress_a\/#website"},"primaryImageOfPage":{"@id":"https:\/\/hueleaazufre.com\/wordpress_a\/index.php\/2026\/04\/08\/brasil-en-ano-electoral-y-la-sombra-de-washington\/#primaryimage"},"image":{"@id":"https:\/\/hueleaazufre.com\/wordpress_a\/index.php\/2026\/04\/08\/brasil-en-ano-electoral-y-la-sombra-de-washington\/#primaryimage"},"thumbnailUrl":"https:\/\/hueleaazufre.com\/wordpress_a\/wp-content\/uploads\/2026\/04\/1a-3.webp","datePublished":"2026-04-08T15:13:57+00:00","author":{"@id":"https:\/\/hueleaazufre.com\/wordpress_a\/#\/schema\/person\/549dd871707ea7f9f1a686323ebe9baa"},"description":"A medida que Brasil se encamina hacia una de las elecciones m\u00e1s disputadas de su historia reciente, una presencia externa comienza a ganar peso en el debate pol\u00edtico.","breadcrumb":{"@id":"https:\/\/hueleaazufre.com\/wordpress_a\/index.php\/2026\/04\/08\/brasil-en-ano-electoral-y-la-sombra-de-washington\/#breadcrumb"},"inLanguage":"es","potentialAction":[{"@type":"ReadAction","target":["https:\/\/hueleaazufre.com\/wordpress_a\/index.php\/2026\/04\/08\/brasil-en-ano-electoral-y-la-sombra-de-washington\/"]}]},{"@type":"ImageObject","inLanguage":"es","@id":"https:\/\/hueleaazufre.com\/wordpress_a\/index.php\/2026\/04\/08\/brasil-en-ano-electoral-y-la-sombra-de-washington\/#primaryimage","url":"https:\/\/hueleaazufre.com\/wordpress_a\/wp-content\/uploads\/2026\/04\/1a-3.webp","contentUrl":"https:\/\/hueleaazufre.com\/wordpress_a\/wp-content\/uploads\/2026\/04\/1a-3.webp","width":845,"height":525},{"@type":"BreadcrumbList","@id":"https:\/\/hueleaazufre.com\/wordpress_a\/index.php\/2026\/04\/08\/brasil-en-ano-electoral-y-la-sombra-de-washington\/#breadcrumb","itemListElement":[{"@type":"ListItem","position":1,"name":"Portada","item":"https:\/\/hueleaazufre.com\/wordpress_a\/"},{"@type":"ListItem","position":2,"name":"Brasil en a\u00f1o electoral y la sombra de Washington"}]},{"@type":"WebSite","@id":"https:\/\/hueleaazufre.com\/wordpress_a\/#website","url":"https:\/\/hueleaazufre.com\/wordpress_a\/","name":"","description":"Huele a azufre es una plataforma digital de an\u00e1lisis geopol\u00edtico.","potentialAction":[{"@type":"SearchAction","target":{"@type":"EntryPoint","urlTemplate":"https:\/\/hueleaazufre.com\/wordpress_a\/?s={search_term_string}"},"query-input":{"@type":"PropertyValueSpecification","valueRequired":true,"valueName":"search_term_string"}}],"inLanguage":"es"},{"@type":"Person","@id":"https:\/\/hueleaazufre.com\/wordpress_a\/#\/schema\/person\/549dd871707ea7f9f1a686323ebe9baa","name":"Huele a azufre","image":{"@type":"ImageObject","inLanguage":"es","@id":"https:\/\/secure.gravatar.com\/avatar\/e972d5c124b9bf80eb4c9d322a90dd86a59d447f5da36700a77516f13637d44e?s=96&d=mm&r=g","url":"https:\/\/secure.gravatar.com\/avatar\/e972d5c124b9bf80eb4c9d322a90dd86a59d447f5da36700a77516f13637d44e?s=96&d=mm&r=g","contentUrl":"https:\/\/secure.gravatar.com\/avatar\/e972d5c124b9bf80eb4c9d322a90dd86a59d447f5da36700a77516f13637d44e?s=96&d=mm&r=g","caption":"Huele a azufre"},"description":"Huele a azufre es una plataforma digital de an\u00e1lisis geopol\u00edtico\u00a0 contrahegem\u00f3nico, que busca visibilizar las voces y los discursos silenciados por el poder medi\u00e1tico.","sameAs":["https:\/\/hueleaazufre.com\/wordpress_a"],"url":"https:\/\/hueleaazufre.com\/wordpress_a\/index.php\/author\/admin_tupapa\/"}]}},"_links":{"self":[{"href":"https:\/\/hueleaazufre.com\/wordpress_a\/index.php\/wp-json\/wp\/v2\/posts\/4025","targetHints":{"allow":["GET"]}}],"collection":[{"href":"https:\/\/hueleaazufre.com\/wordpress_a\/index.php\/wp-json\/wp\/v2\/posts"}],"about":[{"href":"https:\/\/hueleaazufre.com\/wordpress_a\/index.php\/wp-json\/wp\/v2\/types\/post"}],"author":[{"embeddable":true,"href":"https:\/\/hueleaazufre.com\/wordpress_a\/index.php\/wp-json\/wp\/v2\/users\/1"}],"replies":[{"embeddable":true,"href":"https:\/\/hueleaazufre.com\/wordpress_a\/index.php\/wp-json\/wp\/v2\/comments?post=4025"}],"version-history":[{"count":1,"href":"https:\/\/hueleaazufre.com\/wordpress_a\/index.php\/wp-json\/wp\/v2\/posts\/4025\/revisions"}],"predecessor-version":[{"id":4027,"href":"https:\/\/hueleaazufre.com\/wordpress_a\/index.php\/wp-json\/wp\/v2\/posts\/4025\/revisions\/4027"}],"wp:featuredmedia":[{"embeddable":true,"href":"https:\/\/hueleaazufre.com\/wordpress_a\/index.php\/wp-json\/wp\/v2\/media\/4026"}],"wp:attachment":[{"href":"https:\/\/hueleaazufre.com\/wordpress_a\/index.php\/wp-json\/wp\/v2\/media?parent=4025"}],"wp:term":[{"taxonomy":"category","embeddable":true,"href":"https:\/\/hueleaazufre.com\/wordpress_a\/index.php\/wp-json\/wp\/v2\/categories?post=4025"},{"taxonomy":"post_tag","embeddable":true,"href":"https:\/\/hueleaazufre.com\/wordpress_a\/index.php\/wp-json\/wp\/v2\/tags?post=4025"}],"curies":[{"name":"wp","href":"https:\/\/api.w.org\/{rel}","templated":true}]}}