{"id":4136,"date":"2026-05-01T16:09:01","date_gmt":"2026-05-01T16:09:01","guid":{"rendered":"https:\/\/hueleaazufre.com\/wordpress_a\/?p=4136"},"modified":"2026-05-01T16:09:01","modified_gmt":"2026-05-01T16:09:01","slug":"peter-thiel-y-el-circulo-rojo-digital-como-capitulo-argentino-de-paypal-mafia","status":"publish","type":"post","link":"https:\/\/hueleaazufre.com\/wordpress_a\/index.php\/2026\/05\/01\/peter-thiel-y-el-circulo-rojo-digital-como-capitulo-argentino-de-paypal-mafia\/","title":{"rendered":"Peter Thiel y el \u201cc\u00edrculo rojo digital\u201d como cap\u00edtulo argentino de \u201cPayPal Mafia\u201d"},"content":{"rendered":"<p class=\"wp-block-heading\"><em><strong>El 23 de abril de 2026, el presidente Javier Milei recibi\u00f3 en Casa Rosada a Peter Thiel, cofundador de PayPal y una de las figuras centrales del capital tecnol\u00f3gico global, en un encuentro del que participaron el canciller Pablo Quirno, Matt Danzeisen \u2014gestor de cartera de Thiel Capital\u2014 y Mat\u00edas Van Thienen, socio de Founders Fund, sin que se difundiera informaci\u00f3n oficial sobre el contenido ni se habilitara el acceso a la prensa acreditada.<\/strong><\/em><\/p>\n<p>La secuencia que conduce a ese encuentro permite reconstruir una trama m\u00e1s amplia. Thiel hab\u00eda establecido v\u00ednculos previos con el gobierno argentino durante 2024, con una reuni\u00f3n en Casa Rosada junto a Alec Oxenford \u2014actual embajador en Estados Unidos, actor del \u201cC\u00edrculo Rojo Digital\u201d<a id=\"_ftnref1\" href=\"https:\/\/motoreconomico.com.ar\/peter-thiel-y-el-circulo-rojo-digital-como-capitulo-argentino-de-paypal-mafia\/#_ftn1\"><sup>[1]<\/sup><\/a>\u2014 quien ofici\u00f3 de articulador entre el ecosistema tecnol\u00f3gico\u00a0 y el Ejecutivo, en el marco de la inserci\u00f3n internacional inicial de la administraci\u00f3n Milei.<\/p>\n<blockquote>\n<p class=\"wp-block-heading\"><strong>Esta visita consolid\u00f3 ese proceso en un plano material y pol\u00edtico m\u00e1s definido. Thiel mantuvo\u00a0 reuniones con el asesor presidencial Santiago Caputo, figura central en la arquitectura estrat\u00e9gica del gobierno, y avanz\u00f3 en la adquisici\u00f3n de una propiedad en Barrio Parque por aproximadamente 12 millones de d\u00f3lares, en una operaci\u00f3n realizada en tiempo r\u00e9cord, lo que configura un dato significativo en t\u00e9rminos de radicaci\u00f3n.<\/strong><\/p>\n<\/blockquote>\n<p>En paralelo, el propio Milei reconstruy\u00f3 el intercambio al se\u00f1alar que Thiel formul\u00f3 como eje de la conversaci\u00f3n la pregunta por la sostenibilidad pol\u00edtica del programa econ\u00f3mico \u2014\u201c\u00bfc\u00f3mo se sostiene esto en el tiempo?\u201d\u2014 y que manifest\u00f3 conocimiento detallado de los resultados del gobierno, ubicando la interlocuci\u00f3n en un plano que excede la inversi\u00f3n y se inscribe en la evaluaci\u00f3n estrat\u00e9gica de un proceso pol\u00edtico.<\/p>\n<p>Los antecedentes permiten ordenar la densidad de la visita. En mayo de 2024, Oxenford afirm\u00f3 que Thiel consideraba que las ideas del presidente argentino eran relevantes a nivel global. Esa escena, reconstruida por distintos medios, ubic\u00f3 a Oxenford como nodo de enlace entre el gobierno argentino, Silicon Valley y la red local de empresarios tecnol\u00f3gicos, en una trama ya articulada con la caracterizaci\u00f3n de Endeavor como cap\u00edtulo argentino de la PayPal Mafia y del \u201cc\u00edrculo rojo digital\u201d, integrando a Galper\u00edn, Migoya, Oxenford, Elsztain y otros actores (NODAL, 13\/01\/2025<a id=\"_ftnref2\" href=\"https:\/\/motoreconomico.com.ar\/peter-thiel-y-el-circulo-rojo-digital-como-capitulo-argentino-de-paypal-mafia\/#_ftn2\"><sup>[2]<\/sup><\/a>).<\/p>\n<p>Esta secuencia se inscribe en una reconfiguraci\u00f3n m\u00e1s amplia del bloque de poder en la Argentina, donde el tradicional \u201cc\u00edrculo rojo\u201d \u2014asociado a la gran burgues\u00eda industrial, financiera y de servicios\u2014 incorpora y es tensionado por una fracci\u00f3n emergente vinculada al capital tecnol\u00f3gico, las plataformas digitales y las redes globales de inversi\u00f3n. Esa fracci\u00f3n puede ser caracterizada como \u201cc\u00edrculo rojo digital\u201d -como lo ha caracterizado el propio Milei- en tanto organiza su capacidad de intervenci\u00f3n no solo a partir de activos productivos sino del control de infraestructuras digitales, flujos de datos y escalas mundiales de acumulaci\u00f3n, con una densidad organizativa que no se expresa en c\u00e1maras empresarias tradicionales sino en redes de articulaci\u00f3n flexible.<\/p>\n<p>En la Argentina, esa red encuentra un punto de condensaci\u00f3n en Endeavor, fundada en su cap\u00edtulo local a fines de los a\u00f1os noventa con financiamiento inicial de Eduardo Elsztain (IRSA), y que nuclea a figuras como Marcos Galper\u00edn (MercadoLibre), Mart\u00edn Migoya (Globant), Pierpaolo Barbieri (Ual\u00e1) y el propio Oxenford, configurando un entramado que articula capital local con redes globales de financiamiento y circulaci\u00f3n tecnol\u00f3gica. Elsztain fue adem\u00e1s el principal aportante de la campa\u00f1a presidencial de Milei, consolidando un v\u00ednculo directo entre esta fracci\u00f3n del empresariado y el proyecto pol\u00edtico gobernante.<\/p>\n<p>La centralidad de Endeavor no se limita a su rol como plataforma de promoci\u00f3n emprendedora -como se definen en su sitio oficial-, sino que opera como espacio de coordinaci\u00f3n de intereses de una fracci\u00f3n espec\u00edfica del capital, con capacidad de interlocuci\u00f3n directa con el Estado e incidencia en la orientaci\u00f3n de pol\u00edticas p\u00fablicas, particularmente en materia de regulaci\u00f3n, r\u00e9gimen impositivo y econom\u00eda del conocimiento.<\/p>\n<blockquote>\n<p class=\"wp-block-heading\"><strong>La caracterizaci\u00f3n de Elsztain resulta central. Due\u00f1o de IRSA, actor del negocio inmobiliario, financiero y de tierras urbanas estrat\u00e9gicas, aparece como puente entre el empresariado tradicional y la nueva fracci\u00f3n tecnol\u00f3gica. En 1999 don\u00f3 250 mil d\u00f3lares para lanzar Endeavor en Buenos Aires, dando origen a una red que luego se expandi\u00f3 a m\u00e1s de 2.000 empresarios y 65 oficinas en el mundo. Esa genealog\u00eda permite leer a Endeavor como una estructura nacida del viejo poder econ\u00f3mico, adaptada a la fase digital-financiera del capital, capaz de producir legitimidad, circulaci\u00f3n internacional y cuadros empresariales alineados con una agenda de desregulaci\u00f3n y apertura subordinada. En ese entramado, Endeavor se configura como el \u201calma mater\u201d del denominado \u201cc\u00edrculo rojo digital\u201d.<\/strong><\/p>\n<\/blockquote>\n<p>La figura de Oxenford completa esa arquitectura. Fundador de OLX y Letgo, con trayectoria en el universo de los unicornios y del capital de riesgo, fue designado embajador argentino en Estados Unidos e ingres\u00f3 a Endeavor durante la Gala Anual del 13 de noviembre de 2024, el mismo d\u00eda de su designaci\u00f3n diplom\u00e1tica, dato que ubica en una misma secuencia la representaci\u00f3n estatal y la inscripci\u00f3n en una red empresaria articulada con Silicon Valley.<\/p>\n<p>En esa red tambi\u00e9n aparecen conexiones con actores del entorno pol\u00edtico estadounidense, como Campbell, \u00fanico socio fuera de Estados Unidos de Carlos Trujillo \u2014abogado y asesor relevante de Donald Trump\u2014, radicado en Florida, quien articula a su vez con la hija de Susy Wiles, jefa de Gabinete del presidente estadounidense entrante, configurando una trama de relaciones que conecta al empresariado digital argentino con el n\u00facleo pol\u00edtico del trumpismo.<\/p>\n<p>Thiel forma parte de la denominada \u201cPayPal Mafia\u201d, una red de empresarios tecnol\u00f3gicos que, adem\u00e1s de su gravitaci\u00f3n econ\u00f3mica, ha desarrollado una proyecci\u00f3n pol\u00edtica expl\u00edcita, con v\u00ednculos con figuras como J.D. Vance -su ex empleado, actual vicepresidente de Estados Unidos- y con una concepci\u00f3n del poder estatal asociada al despliegue de capacidades tecnol\u00f3gicas en materia de defensa, seguridad e inteligencia. En ese marco, empresas como Palantir Technologies \u2014cofundada por Thiel\u2014 operan como vectores de articulaci\u00f3n entre capital privado y aparato estatal, particularmente en el procesamiento de datos masivos y el dise\u00f1o de sistemas de vigilancia y control.<\/p>\n<p>Palantir se presenta como una empresa de software para an\u00e1lisis de datos, pero su expansi\u00f3n hist\u00f3rica se produjo en relaci\u00f3n directa con agencias estatales, fuerzas armadas, organismos de inteligencia y dispositivos de seguridad. El encuentro entre Milei y Thiel abri\u00f3 interrogantes sobre los servicios que Palantir ofrece al Pent\u00e1gono y a otros gobiernos, el rol del canciller Quirno y los minerales cr\u00edticos como posible moneda de cambio. Durante la estad\u00eda de Thiel hubo canales abiertos con Presidencia y Canciller\u00eda y reuniones con funcionarios del gobierno argentino.<\/p>\n<p>Hasta el momento, no hay informaci\u00f3n p\u00fablica oficial sobre acuerdos, contratos o convenios entre el Estado argentino y Palantir; justamente por eso, el hermetismo de la visita, la presencia de actores vinculados a Thiel Capital y Founders Fund, y el involucramiento de \u00e1reas pol\u00edticas sensibles del gobierno requieren ser le\u00eddos como indicios de una negociaci\u00f3n cuya materia todav\u00eda no fue transparentada.<\/p>\n<p>La dimensi\u00f3n internacional de Palantir obliga a ubicar la discusi\u00f3n argentina en el marco de la guerra contempor\u00e1nea, considerando las sistematicas denuncias de la participaci\u00f3n de la empresa en el sostenimiento del genocidio israel\u00ed sobre Gaza, aportando procesamiento de datos y tecnolog\u00edas de decisi\u00f3n automatizada para la producci\u00f3n masiva de objetivos militares.<\/p>\n<p>En ese marco, como se\u00f1ala Lucas Aguilera (2024), el objetivo estrat\u00e9gico de este entramado es la reconfiguraci\u00f3n estructural del rol argentino en la econom\u00eda global, orient\u00e1ndolo a funcionar como plataforma de provisi\u00f3n de insumos cr\u00edticos para la guerra, la econom\u00eda digital y la inteligencia artificial: \u201cVaca Muerta\u201d, \u201cVaca Blanca\u201d y la \u201cvaca viva\u201d. Siguiendo la definici\u00f3n de The Economist, \u201ctransformar a la Argentina en la Texas del sur\u201d, lo que significa desarrollo tecnol\u00f3gico y energ\u00e9tico sin inclusi\u00f3n social en un proyecto de pa\u00eds para 10 millones de habitantes.<\/p>\n<blockquote>\n<p class=\"wp-block-heading\"><strong>La circulaci\u00f3n de estos marcos conceptuales en el entorno del gobierno argentino se expresa en la difusi\u00f3n del manifiesto \u201cThe Technological Republic\u201d, publicado por Palantir en plena visita de Thiel y replicado por Santiago Caputo, donde se plantea la centralidad del software como base del poder en el siglo XXI y la necesidad de una articulaci\u00f3n org\u00e1nica entre sector tecnol\u00f3gico y Estado en el terreno de la seguridad y la defensa. La recepci\u00f3n de estos lineamientos en el n\u00facleo estrat\u00e9gico del Ejecutivo argentino sugiere un punto de contacto entre el proyecto pol\u00edtico local y las orientaciones de esta nueva Aristocracia Financiera y Tecnol\u00f3gica.<\/strong><\/p>\n<\/blockquote>\n<p>En este escenario, la figura de Thiel condensa una doble dimensi\u00f3n, la de inversor y la de actor pol\u00edtico que interviene en la evaluaci\u00f3n de procesos nacionales en funci\u00f3n de su viabilidad estrat\u00e9gica. La articulaci\u00f3n con el \u201cc\u00edrculo rojo digital\u201d local permite situar su presencia en Buenos Aires en una din\u00e1mica que ubica a la\u00a0 Argentina como un espacio de experimentaci\u00f3n para formas de articulaci\u00f3n entre Estado y capital tecnol\u00f3gico. El desplazamiento no implica la desaparici\u00f3n del \u201cc\u00edrculo rojo anal\u00f3gico\u201d, sino su reordenamiento en relaci\u00f3n con esta nueva fracci\u00f3n, con disputas que se expresan en \u201cinternas\u201d dentro de la fuerza en posici\u00f3n de gobierno.<\/p>\n<p>La llegada de Thiel a Buenos Aires permite corroborar la hip\u00f3tesis de que la subordinaci\u00f3n argentina ya no se organiza solamente a trav\u00e9s de deuda, comercio exterior, bases militares o condicionamientos diplom\u00e1ticos cl\u00e1sicos, sino tambi\u00e9n mediante redes tecnol\u00f3gicas, plataformas privadas, capital de riesgo, control de datos y doctrinas de seguridad nacional dise\u00f1adas por corporaciones. En esa trama, el \u201cc\u00edrculo rojo digital\u201d funciona como mediaci\u00f3n local de una ofensiva m\u00e1s amplia, donde el capital tecnol\u00f3gico-financiero busca transformar al Estado en plataforma, a la sociedad en fuente de datos y a la soberan\u00eda en una variable disponible para la acumulaci\u00f3n global.<\/p>\n<p><a href=\"https:\/\/motoreconomico.com.ar\/peter-thiel-y-el-circulo-rojo-digital-como-capitulo-argentino-de-paypal-mafia\/\"><strong>Fuente: Motor econ\u00f3mico\/Emilia Trabucco<\/strong><\/a><\/p>\n<p><a id=\"_ftn1\" href=\"https:\/\/motoreconomico.com.ar\/peter-thiel-y-el-circulo-rojo-digital-como-capitulo-argentino-de-paypal-mafia\/#_ftnref1\"><sup>[1]<\/sup><\/a>\u00a0Nodal (19\/5\/2024):\u00a0<a href=\"https:\/\/www.nodal.am\/2024\/05\/argentina-que-pasa-con-la-ley-bases-el-congreso-entre-tensiones-desde-abajo-y-desde-arriba-por-emilia-trabucco\/\">https:\/\/www.nodal.am\/2024\/05\/argentina-que-pasa-con-la-ley-bases-el-congreso-entre-tensiones-desde-abajo-y-desde-arriba-por-emilia-trabucco\/<\/a><\/p>\n<p><a id=\"_ftn2\" href=\"https:\/\/motoreconomico.com.ar\/peter-thiel-y-el-circulo-rojo-digital-como-capitulo-argentino-de-paypal-mafia\/#_ftnref2\"><sup>[2]<\/sup><\/a>\u00a0Anuario Nodal Argentina 2024: \u00a0<a href=\"https:\/\/www.nodal.am\/2025\/01\/anuario-2024-argentina\/\">https:\/\/www.nodal.am\/2025\/01\/anuario-2024-argentina\/<\/a><\/p>\n<p>Nodal (13\/1\/25):\u00a0<a href=\"https:\/\/www.nodal.am\/2025\/01\/milei-viaja-a-la-asuncion-presidencial-de-trump-paypal-mafia-y-endeavor-las-relaciones-carnales-2-0-por-emilia-trabucco\/\">https:\/\/www.nodal.am\/2025\/01\/milei-viaja-a-la-asuncion-presidencial-de-trump-paypal-mafia-y-endeavor-las-relaciones-carnales-2-0-por-emilia-trabucco\/<\/a><\/p>\n","protected":false},"excerpt":{"rendered":"<p>El 23 de abril de 2026, el presidente Javier Milei recibi\u00f3 en Casa Rosada a&#8230;<\/p>\n","protected":false},"author":1,"featured_media":4137,"comment_status":"open","ping_status":"closed","sticky":false,"template":"","format":"standard","meta":{"footnotes":""},"categories":[334,70],"tags":[144,1207,1215],"class_list":["post-4136","post","type-post","status-publish","format-standard","has-post-thumbnail","hentry","category-emilia-trabucco","category-otras-voces","tag-javier-milei","tag-palantir","tag-peter-thiel"],"yoast_head":"<!-- This site is optimized with the Yoast SEO plugin v27.5 - https:\/\/yoast.com\/product\/yoast-seo-wordpress\/ -->\n<title>Peter Thiel y el \u201cc\u00edrculo rojo digital\u201d como cap\u00edtulo argentino de \u201cPayPal Mafia\u201d -<\/title>\n<meta name=\"description\" content=\"El 23 de abril de 2026, el presidente Javier Milei recibi\u00f3 en Casa Rosada a Peter Thiel, cofundador de PayPal y una de las figuras centrales del capital tecnol\u00f3gico global\" \/>\n<meta name=\"robots\" content=\"index, follow, max-snippet:-1, max-image-preview:large, max-video-preview:-1\" \/>\n<link rel=\"canonical\" href=\"https:\/\/hueleaazufre.com\/wordpress_a\/index.php\/2026\/05\/01\/peter-thiel-y-el-circulo-rojo-digital-como-capitulo-argentino-de-paypal-mafia\/\" \/>\n<meta property=\"og:locale\" content=\"es_ES\" \/>\n<meta property=\"og:type\" content=\"article\" \/>\n<meta property=\"og:title\" content=\"Peter Thiel y el \u201cc\u00edrculo rojo digital\u201d como cap\u00edtulo argentino de \u201cPayPal Mafia\u201d -\" \/>\n<meta property=\"og:description\" content=\"El 23 de abril de 2026, el presidente Javier Milei recibi\u00f3 en Casa Rosada a Peter Thiel, cofundador de PayPal y una de las figuras centrales del capital tecnol\u00f3gico global\" \/>\n<meta property=\"og:url\" content=\"https:\/\/hueleaazufre.com\/wordpress_a\/index.php\/2026\/05\/01\/peter-thiel-y-el-circulo-rojo-digital-como-capitulo-argentino-de-paypal-mafia\/\" \/>\n<meta property=\"article:published_time\" content=\"2026-05-01T16:09:01+00:00\" \/>\n<meta property=\"og:image\" content=\"https:\/\/hueleaazufre.com\/wordpress_a\/wp-content\/uploads\/2026\/05\/2a.webp\" \/>\n\t<meta property=\"og:image:width\" content=\"1024\" \/>\n\t<meta property=\"og:image:height\" content=\"683\" \/>\n\t<meta property=\"og:image:type\" content=\"image\/webp\" \/>\n<meta name=\"author\" content=\"Huele a azufre\" \/>\n<meta name=\"twitter:card\" content=\"summary_large_image\" \/>\n<meta name=\"twitter:label1\" content=\"Escrito por\" \/>\n\t<meta name=\"twitter:data1\" content=\"Huele a azufre\" \/>\n\t<meta name=\"twitter:label2\" content=\"Tiempo de lectura\" \/>\n\t<meta name=\"twitter:data2\" content=\"7 minutos\" \/>\n<script type=\"application\/ld+json\" class=\"yoast-schema-graph\">{\"@context\":\"https:\\\/\\\/schema.org\",\"@graph\":[{\"@type\":\"Article\",\"@id\":\"https:\\\/\\\/hueleaazufre.com\\\/wordpress_a\\\/index.php\\\/2026\\\/05\\\/01\\\/peter-thiel-y-el-circulo-rojo-digital-como-capitulo-argentino-de-paypal-mafia\\\/#article\",\"isPartOf\":{\"@id\":\"https:\\\/\\\/hueleaazufre.com\\\/wordpress_a\\\/index.php\\\/2026\\\/05\\\/01\\\/peter-thiel-y-el-circulo-rojo-digital-como-capitulo-argentino-de-paypal-mafia\\\/\"},\"author\":{\"name\":\"Huele a azufre\",\"@id\":\"https:\\\/\\\/hueleaazufre.com\\\/wordpress_a\\\/#\\\/schema\\\/person\\\/549dd871707ea7f9f1a686323ebe9baa\"},\"headline\":\"Peter Thiel y el \u201cc\u00edrculo rojo digital\u201d como cap\u00edtulo argentino de \u201cPayPal Mafia\u201d\",\"datePublished\":\"2026-05-01T16:09:01+00:00\",\"mainEntityOfPage\":{\"@id\":\"https:\\\/\\\/hueleaazufre.com\\\/wordpress_a\\\/index.php\\\/2026\\\/05\\\/01\\\/peter-thiel-y-el-circulo-rojo-digital-como-capitulo-argentino-de-paypal-mafia\\\/\"},\"wordCount\":1785,\"commentCount\":0,\"image\":{\"@id\":\"https:\\\/\\\/hueleaazufre.com\\\/wordpress_a\\\/index.php\\\/2026\\\/05\\\/01\\\/peter-thiel-y-el-circulo-rojo-digital-como-capitulo-argentino-de-paypal-mafia\\\/#primaryimage\"},\"thumbnailUrl\":\"https:\\\/\\\/hueleaazufre.com\\\/wordpress_a\\\/wp-content\\\/uploads\\\/2026\\\/05\\\/2a.webp\",\"keywords\":[\"Javier Milei\",\"Palantir\",\"Peter Thiel\"],\"articleSection\":[\"Emilia Trabucco\",\"Otras voces\"],\"inLanguage\":\"es\",\"potentialAction\":[{\"@type\":\"CommentAction\",\"name\":\"Comment\",\"target\":[\"https:\\\/\\\/hueleaazufre.com\\\/wordpress_a\\\/index.php\\\/2026\\\/05\\\/01\\\/peter-thiel-y-el-circulo-rojo-digital-como-capitulo-argentino-de-paypal-mafia\\\/#respond\"]}]},{\"@type\":\"WebPage\",\"@id\":\"https:\\\/\\\/hueleaazufre.com\\\/wordpress_a\\\/index.php\\\/2026\\\/05\\\/01\\\/peter-thiel-y-el-circulo-rojo-digital-como-capitulo-argentino-de-paypal-mafia\\\/\",\"url\":\"https:\\\/\\\/hueleaazufre.com\\\/wordpress_a\\\/index.php\\\/2026\\\/05\\\/01\\\/peter-thiel-y-el-circulo-rojo-digital-como-capitulo-argentino-de-paypal-mafia\\\/\",\"name\":\"Peter Thiel y el \u201cc\u00edrculo rojo digital\u201d como cap\u00edtulo argentino de \u201cPayPal Mafia\u201d -\",\"isPartOf\":{\"@id\":\"https:\\\/\\\/hueleaazufre.com\\\/wordpress_a\\\/#website\"},\"primaryImageOfPage\":{\"@id\":\"https:\\\/\\\/hueleaazufre.com\\\/wordpress_a\\\/index.php\\\/2026\\\/05\\\/01\\\/peter-thiel-y-el-circulo-rojo-digital-como-capitulo-argentino-de-paypal-mafia\\\/#primaryimage\"},\"image\":{\"@id\":\"https:\\\/\\\/hueleaazufre.com\\\/wordpress_a\\\/index.php\\\/2026\\\/05\\\/01\\\/peter-thiel-y-el-circulo-rojo-digital-como-capitulo-argentino-de-paypal-mafia\\\/#primaryimage\"},\"thumbnailUrl\":\"https:\\\/\\\/hueleaazufre.com\\\/wordpress_a\\\/wp-content\\\/uploads\\\/2026\\\/05\\\/2a.webp\",\"datePublished\":\"2026-05-01T16:09:01+00:00\",\"author\":{\"@id\":\"https:\\\/\\\/hueleaazufre.com\\\/wordpress_a\\\/#\\\/schema\\\/person\\\/549dd871707ea7f9f1a686323ebe9baa\"},\"description\":\"El 23 de abril de 2026, el presidente Javier Milei recibi\u00f3 en Casa Rosada a Peter Thiel, cofundador de PayPal y una de las figuras centrales del capital tecnol\u00f3gico global\",\"breadcrumb\":{\"@id\":\"https:\\\/\\\/hueleaazufre.com\\\/wordpress_a\\\/index.php\\\/2026\\\/05\\\/01\\\/peter-thiel-y-el-circulo-rojo-digital-como-capitulo-argentino-de-paypal-mafia\\\/#breadcrumb\"},\"inLanguage\":\"es\",\"potentialAction\":[{\"@type\":\"ReadAction\",\"target\":[\"https:\\\/\\\/hueleaazufre.com\\\/wordpress_a\\\/index.php\\\/2026\\\/05\\\/01\\\/peter-thiel-y-el-circulo-rojo-digital-como-capitulo-argentino-de-paypal-mafia\\\/\"]}]},{\"@type\":\"ImageObject\",\"inLanguage\":\"es\",\"@id\":\"https:\\\/\\\/hueleaazufre.com\\\/wordpress_a\\\/index.php\\\/2026\\\/05\\\/01\\\/peter-thiel-y-el-circulo-rojo-digital-como-capitulo-argentino-de-paypal-mafia\\\/#primaryimage\",\"url\":\"https:\\\/\\\/hueleaazufre.com\\\/wordpress_a\\\/wp-content\\\/uploads\\\/2026\\\/05\\\/2a.webp\",\"contentUrl\":\"https:\\\/\\\/hueleaazufre.com\\\/wordpress_a\\\/wp-content\\\/uploads\\\/2026\\\/05\\\/2a.webp\",\"width\":1024,\"height\":683},{\"@type\":\"BreadcrumbList\",\"@id\":\"https:\\\/\\\/hueleaazufre.com\\\/wordpress_a\\\/index.php\\\/2026\\\/05\\\/01\\\/peter-thiel-y-el-circulo-rojo-digital-como-capitulo-argentino-de-paypal-mafia\\\/#breadcrumb\",\"itemListElement\":[{\"@type\":\"ListItem\",\"position\":1,\"name\":\"Portada\",\"item\":\"https:\\\/\\\/hueleaazufre.com\\\/wordpress_a\\\/\"},{\"@type\":\"ListItem\",\"position\":2,\"name\":\"Peter Thiel y el \u201cc\u00edrculo rojo digital\u201d como cap\u00edtulo argentino de \u201cPayPal Mafia\u201d\"}]},{\"@type\":\"WebSite\",\"@id\":\"https:\\\/\\\/hueleaazufre.com\\\/wordpress_a\\\/#website\",\"url\":\"https:\\\/\\\/hueleaazufre.com\\\/wordpress_a\\\/\",\"name\":\"\",\"description\":\"Huele a azufre es una plataforma digital de an\u00e1lisis geopol\u00edtico.\",\"potentialAction\":[{\"@type\":\"SearchAction\",\"target\":{\"@type\":\"EntryPoint\",\"urlTemplate\":\"https:\\\/\\\/hueleaazufre.com\\\/wordpress_a\\\/?s={search_term_string}\"},\"query-input\":{\"@type\":\"PropertyValueSpecification\",\"valueRequired\":true,\"valueName\":\"search_term_string\"}}],\"inLanguage\":\"es\"},{\"@type\":\"Person\",\"@id\":\"https:\\\/\\\/hueleaazufre.com\\\/wordpress_a\\\/#\\\/schema\\\/person\\\/549dd871707ea7f9f1a686323ebe9baa\",\"name\":\"Huele a azufre\",\"image\":{\"@type\":\"ImageObject\",\"inLanguage\":\"es\",\"@id\":\"https:\\\/\\\/secure.gravatar.com\\\/avatar\\\/e972d5c124b9bf80eb4c9d322a90dd86a59d447f5da36700a77516f13637d44e?s=96&d=mm&r=g\",\"url\":\"https:\\\/\\\/secure.gravatar.com\\\/avatar\\\/e972d5c124b9bf80eb4c9d322a90dd86a59d447f5da36700a77516f13637d44e?s=96&d=mm&r=g\",\"contentUrl\":\"https:\\\/\\\/secure.gravatar.com\\\/avatar\\\/e972d5c124b9bf80eb4c9d322a90dd86a59d447f5da36700a77516f13637d44e?s=96&d=mm&r=g\",\"caption\":\"Huele a azufre\"},\"description\":\"Huele a azufre es una plataforma digital de an\u00e1lisis geopol\u00edtico\u00a0 contrahegem\u00f3nico, que busca visibilizar las voces y los discursos silenciados por el poder medi\u00e1tico.\",\"sameAs\":[\"https:\\\/\\\/hueleaazufre.com\\\/wordpress_a\"],\"url\":\"https:\\\/\\\/hueleaazufre.com\\\/wordpress_a\\\/index.php\\\/author\\\/admin_tupapa\\\/\"}]}<\/script>\n<!-- \/ Yoast SEO plugin. -->","yoast_head_json":{"title":"Peter Thiel y el \u201cc\u00edrculo rojo digital\u201d como cap\u00edtulo argentino de \u201cPayPal Mafia\u201d -","description":"El 23 de abril de 2026, el presidente Javier Milei recibi\u00f3 en Casa Rosada a Peter Thiel, cofundador de PayPal y una de las figuras centrales del capital tecnol\u00f3gico global","robots":{"index":"index","follow":"follow","max-snippet":"max-snippet:-1","max-image-preview":"max-image-preview:large","max-video-preview":"max-video-preview:-1"},"canonical":"https:\/\/hueleaazufre.com\/wordpress_a\/index.php\/2026\/05\/01\/peter-thiel-y-el-circulo-rojo-digital-como-capitulo-argentino-de-paypal-mafia\/","og_locale":"es_ES","og_type":"article","og_title":"Peter Thiel y el \u201cc\u00edrculo rojo digital\u201d como cap\u00edtulo argentino de \u201cPayPal Mafia\u201d -","og_description":"El 23 de abril de 2026, el presidente Javier Milei recibi\u00f3 en Casa Rosada a Peter Thiel, cofundador de PayPal y una de las figuras centrales del capital tecnol\u00f3gico global","og_url":"https:\/\/hueleaazufre.com\/wordpress_a\/index.php\/2026\/05\/01\/peter-thiel-y-el-circulo-rojo-digital-como-capitulo-argentino-de-paypal-mafia\/","article_published_time":"2026-05-01T16:09:01+00:00","og_image":[{"width":1024,"height":683,"url":"https:\/\/hueleaazufre.com\/wordpress_a\/wp-content\/uploads\/2026\/05\/2a.webp","type":"image\/webp"}],"author":"Huele a azufre","twitter_card":"summary_large_image","twitter_misc":{"Escrito por":"Huele a azufre","Tiempo de lectura":"7 minutos"},"schema":{"@context":"https:\/\/schema.org","@graph":[{"@type":"Article","@id":"https:\/\/hueleaazufre.com\/wordpress_a\/index.php\/2026\/05\/01\/peter-thiel-y-el-circulo-rojo-digital-como-capitulo-argentino-de-paypal-mafia\/#article","isPartOf":{"@id":"https:\/\/hueleaazufre.com\/wordpress_a\/index.php\/2026\/05\/01\/peter-thiel-y-el-circulo-rojo-digital-como-capitulo-argentino-de-paypal-mafia\/"},"author":{"name":"Huele a azufre","@id":"https:\/\/hueleaazufre.com\/wordpress_a\/#\/schema\/person\/549dd871707ea7f9f1a686323ebe9baa"},"headline":"Peter Thiel y el \u201cc\u00edrculo rojo digital\u201d como cap\u00edtulo argentino de \u201cPayPal Mafia\u201d","datePublished":"2026-05-01T16:09:01+00:00","mainEntityOfPage":{"@id":"https:\/\/hueleaazufre.com\/wordpress_a\/index.php\/2026\/05\/01\/peter-thiel-y-el-circulo-rojo-digital-como-capitulo-argentino-de-paypal-mafia\/"},"wordCount":1785,"commentCount":0,"image":{"@id":"https:\/\/hueleaazufre.com\/wordpress_a\/index.php\/2026\/05\/01\/peter-thiel-y-el-circulo-rojo-digital-como-capitulo-argentino-de-paypal-mafia\/#primaryimage"},"thumbnailUrl":"https:\/\/hueleaazufre.com\/wordpress_a\/wp-content\/uploads\/2026\/05\/2a.webp","keywords":["Javier Milei","Palantir","Peter Thiel"],"articleSection":["Emilia Trabucco","Otras voces"],"inLanguage":"es","potentialAction":[{"@type":"CommentAction","name":"Comment","target":["https:\/\/hueleaazufre.com\/wordpress_a\/index.php\/2026\/05\/01\/peter-thiel-y-el-circulo-rojo-digital-como-capitulo-argentino-de-paypal-mafia\/#respond"]}]},{"@type":"WebPage","@id":"https:\/\/hueleaazufre.com\/wordpress_a\/index.php\/2026\/05\/01\/peter-thiel-y-el-circulo-rojo-digital-como-capitulo-argentino-de-paypal-mafia\/","url":"https:\/\/hueleaazufre.com\/wordpress_a\/index.php\/2026\/05\/01\/peter-thiel-y-el-circulo-rojo-digital-como-capitulo-argentino-de-paypal-mafia\/","name":"Peter Thiel y el \u201cc\u00edrculo rojo digital\u201d como cap\u00edtulo argentino de \u201cPayPal Mafia\u201d -","isPartOf":{"@id":"https:\/\/hueleaazufre.com\/wordpress_a\/#website"},"primaryImageOfPage":{"@id":"https:\/\/hueleaazufre.com\/wordpress_a\/index.php\/2026\/05\/01\/peter-thiel-y-el-circulo-rojo-digital-como-capitulo-argentino-de-paypal-mafia\/#primaryimage"},"image":{"@id":"https:\/\/hueleaazufre.com\/wordpress_a\/index.php\/2026\/05\/01\/peter-thiel-y-el-circulo-rojo-digital-como-capitulo-argentino-de-paypal-mafia\/#primaryimage"},"thumbnailUrl":"https:\/\/hueleaazufre.com\/wordpress_a\/wp-content\/uploads\/2026\/05\/2a.webp","datePublished":"2026-05-01T16:09:01+00:00","author":{"@id":"https:\/\/hueleaazufre.com\/wordpress_a\/#\/schema\/person\/549dd871707ea7f9f1a686323ebe9baa"},"description":"El 23 de abril de 2026, el presidente Javier Milei recibi\u00f3 en Casa Rosada a Peter Thiel, cofundador de PayPal y una de las figuras centrales del capital tecnol\u00f3gico global","breadcrumb":{"@id":"https:\/\/hueleaazufre.com\/wordpress_a\/index.php\/2026\/05\/01\/peter-thiel-y-el-circulo-rojo-digital-como-capitulo-argentino-de-paypal-mafia\/#breadcrumb"},"inLanguage":"es","potentialAction":[{"@type":"ReadAction","target":["https:\/\/hueleaazufre.com\/wordpress_a\/index.php\/2026\/05\/01\/peter-thiel-y-el-circulo-rojo-digital-como-capitulo-argentino-de-paypal-mafia\/"]}]},{"@type":"ImageObject","inLanguage":"es","@id":"https:\/\/hueleaazufre.com\/wordpress_a\/index.php\/2026\/05\/01\/peter-thiel-y-el-circulo-rojo-digital-como-capitulo-argentino-de-paypal-mafia\/#primaryimage","url":"https:\/\/hueleaazufre.com\/wordpress_a\/wp-content\/uploads\/2026\/05\/2a.webp","contentUrl":"https:\/\/hueleaazufre.com\/wordpress_a\/wp-content\/uploads\/2026\/05\/2a.webp","width":1024,"height":683},{"@type":"BreadcrumbList","@id":"https:\/\/hueleaazufre.com\/wordpress_a\/index.php\/2026\/05\/01\/peter-thiel-y-el-circulo-rojo-digital-como-capitulo-argentino-de-paypal-mafia\/#breadcrumb","itemListElement":[{"@type":"ListItem","position":1,"name":"Portada","item":"https:\/\/hueleaazufre.com\/wordpress_a\/"},{"@type":"ListItem","position":2,"name":"Peter Thiel y el \u201cc\u00edrculo rojo digital\u201d como cap\u00edtulo argentino de \u201cPayPal Mafia\u201d"}]},{"@type":"WebSite","@id":"https:\/\/hueleaazufre.com\/wordpress_a\/#website","url":"https:\/\/hueleaazufre.com\/wordpress_a\/","name":"","description":"Huele a azufre es una plataforma digital de an\u00e1lisis geopol\u00edtico.","potentialAction":[{"@type":"SearchAction","target":{"@type":"EntryPoint","urlTemplate":"https:\/\/hueleaazufre.com\/wordpress_a\/?s={search_term_string}"},"query-input":{"@type":"PropertyValueSpecification","valueRequired":true,"valueName":"search_term_string"}}],"inLanguage":"es"},{"@type":"Person","@id":"https:\/\/hueleaazufre.com\/wordpress_a\/#\/schema\/person\/549dd871707ea7f9f1a686323ebe9baa","name":"Huele a azufre","image":{"@type":"ImageObject","inLanguage":"es","@id":"https:\/\/secure.gravatar.com\/avatar\/e972d5c124b9bf80eb4c9d322a90dd86a59d447f5da36700a77516f13637d44e?s=96&d=mm&r=g","url":"https:\/\/secure.gravatar.com\/avatar\/e972d5c124b9bf80eb4c9d322a90dd86a59d447f5da36700a77516f13637d44e?s=96&d=mm&r=g","contentUrl":"https:\/\/secure.gravatar.com\/avatar\/e972d5c124b9bf80eb4c9d322a90dd86a59d447f5da36700a77516f13637d44e?s=96&d=mm&r=g","caption":"Huele a azufre"},"description":"Huele a azufre es una plataforma digital de an\u00e1lisis geopol\u00edtico\u00a0 contrahegem\u00f3nico, que busca visibilizar las voces y los discursos silenciados por el poder medi\u00e1tico.","sameAs":["https:\/\/hueleaazufre.com\/wordpress_a"],"url":"https:\/\/hueleaazufre.com\/wordpress_a\/index.php\/author\/admin_tupapa\/"}]}},"_links":{"self":[{"href":"https:\/\/hueleaazufre.com\/wordpress_a\/index.php\/wp-json\/wp\/v2\/posts\/4136","targetHints":{"allow":["GET"]}}],"collection":[{"href":"https:\/\/hueleaazufre.com\/wordpress_a\/index.php\/wp-json\/wp\/v2\/posts"}],"about":[{"href":"https:\/\/hueleaazufre.com\/wordpress_a\/index.php\/wp-json\/wp\/v2\/types\/post"}],"author":[{"embeddable":true,"href":"https:\/\/hueleaazufre.com\/wordpress_a\/index.php\/wp-json\/wp\/v2\/users\/1"}],"replies":[{"embeddable":true,"href":"https:\/\/hueleaazufre.com\/wordpress_a\/index.php\/wp-json\/wp\/v2\/comments?post=4136"}],"version-history":[{"count":1,"href":"https:\/\/hueleaazufre.com\/wordpress_a\/index.php\/wp-json\/wp\/v2\/posts\/4136\/revisions"}],"predecessor-version":[{"id":4138,"href":"https:\/\/hueleaazufre.com\/wordpress_a\/index.php\/wp-json\/wp\/v2\/posts\/4136\/revisions\/4138"}],"wp:featuredmedia":[{"embeddable":true,"href":"https:\/\/hueleaazufre.com\/wordpress_a\/index.php\/wp-json\/wp\/v2\/media\/4137"}],"wp:attachment":[{"href":"https:\/\/hueleaazufre.com\/wordpress_a\/index.php\/wp-json\/wp\/v2\/media?parent=4136"}],"wp:term":[{"taxonomy":"category","embeddable":true,"href":"https:\/\/hueleaazufre.com\/wordpress_a\/index.php\/wp-json\/wp\/v2\/categories?post=4136"},{"taxonomy":"post_tag","embeddable":true,"href":"https:\/\/hueleaazufre.com\/wordpress_a\/index.php\/wp-json\/wp\/v2\/tags?post=4136"}],"curies":[{"name":"wp","href":"https:\/\/api.w.org\/{rel}","templated":true}]}}