{"id":4142,"date":"2026-05-01T16:35:59","date_gmt":"2026-05-01T16:35:59","guid":{"rendered":"https:\/\/hueleaazufre.com\/wordpress_a\/?p=4142"},"modified":"2026-05-01T16:35:59","modified_gmt":"2026-05-01T16:35:59","slug":"cuba-patentizo-este-1ro-de-mayo-la-patria-se-defiende","status":"publish","type":"post","link":"https:\/\/hueleaazufre.com\/wordpress_a\/index.php\/2026\/05\/01\/cuba-patentizo-este-1ro-de-mayo-la-patria-se-defiende\/","title":{"rendered":"Cuba patentiz\u00f3 este 1ro de mayo: La \u00abPatria se defiende\u00bb"},"content":{"rendered":"<p class=\"p-summary\"><strong>El l\u00edder de la Revoluci\u00f3n cubana, Ra\u00fal Castro, presidi\u00f3 el acto central por el D\u00eda Internacional de los Trabajadores en La Habana. Medio mill\u00f3n de capitalinos reafirmaron frente a la embajada de EE. UU. su apoyo a la Revoluci\u00f3n.<\/strong><\/p>\n<div class=\"post-metas-wrapper\">\n<div class=\"audio-player-section\">\n<div class=\"audio-player-btn\">\n<p>La jornada del 1ro de Mayo es para\u00a0<strong>Cuba\u00a0<\/strong>sin\u00f3nimo de expresi\u00f3n de fiesta, orgullo y compromiso que recorre el archipi\u00e9lago de extremo a extremo para patentizar una m\u00e1xima que ha guiado a cada cubano desde enero de 1959:\u00a0<strong>\u00abLa Patria se defiende\u00bb.<\/strong><\/p>\n<p>Este 2026, la festividad adquiere una connotaci\u00f3n hist\u00f3rica excepcional al coincidir con el a\u00f1o del centenario del Comandante en Jefe,<strong>\u00a0Fidel Castro Ruz<\/strong>, cuya presencia simb\u00f3lica guio el esp\u00edritu de las movilizaciones.<\/p>\n<p>En la capital cubana, medio mill\u00f3n de habaneros, actuando en representaci\u00f3n del sentir de todos los cubanos, marcharon desde la ic\u00f3nica\u00a0<strong>Plaza de la Revoluci\u00f3n<\/strong>\u00a0hasta la\u00a0<strong>Tribuna Antimperialista Jos\u00e9 Mart\u00ed\u00a0<\/strong>ubicada frente a la embajada de Estados Unidos<strong>,<\/strong>\u00a0para ratificar la continuidad del proceso revolucionario.<\/p>\n<p>El acto oficial estuvo presidido por el l\u00edder de la Revoluci\u00f3n, el General de Ej\u00e9rcito<strong>\u00a0Ra\u00fal Castro Ruz<\/strong>, y el Primer Secretario del Comit\u00e9 Central del Partido y Presidente de la Rep\u00fablica,\u00a0<strong>Miguel D\u00edaz-Canel Berm\u00fadez<\/strong>, quienes acompa\u00f1aron a la multitud en una demostraci\u00f3n de unidad nacional.<\/p>\n<p>Durante la celebraci\u00f3n, representantes de la sociedad civil cubana entregaron al General de Ej\u00e9rcito, dos libros que, de manera simb\u00f3lica, plasman las seis millones 230 mil 973 firmas del pueblo cubano que patentizan la determinaci\u00f3n de mantener a Cuba como una naci\u00f3n libre, independiente y soberana.<\/p>\n<blockquote class=\"twitter-tweet\">\n<p dir=\"ltr\" lang=\"es\">\ud83c\udde8\ud83c\uddfa| \u00a1M\u00e1s de 6 millones de cubanos dieron su firma por la Patria!<a href=\"https:\/\/twitter.com\/hashtag\/LaPatriaSeDefiende?src=hash&amp;ref_src=twsrc%5Etfw\">#LaPatriaSeDefiende<\/a>\u00a0<a href=\"https:\/\/t.co\/al173cpKek\">pic.twitter.com\/al173cpKek<\/a><\/p>\n<p>\u2014 Presidencia Cuba \ud83c\udde8\ud83c\uddfa (@PresidenciaCuba)\u00a0<a href=\"https:\/\/twitter.com\/PresidenciaCuba\/status\/2050191413413818771?ref_src=twsrc%5Etfw\">May 1, 2026<\/a><\/p><\/blockquote>\n<p>Desde 19 de abril pasado hasta hace apenas unas horas, los cubanos plasmaron su firma y patentizaron otro leg\u00edtimo ejercicio de soberan\u00eda popular frente a la escalada de agresiones que enfrenta Cuba.<\/p>\n<p>Organizaciones de la sociedad civil lanzaron la convocatoria como respuesta a un contexto de bloqueo, calumnias, agresiones medi\u00e1ticas y una guerra h\u00edbrida permanente.<\/p>\n<p><iframe id=\"instagram-embed-0\" class=\"instagram-media instagram-media-rendered\" src=\"https:\/\/www.instagram.com\/p\/DXy9I_Ikmm_\/embed\/captioned\/?cr=1&amp;v=14&amp;wp=540&amp;rd=https%3A%2F%2Fespanol.almayadeen.net&amp;rp=%2Fnoticias%2Fpolitica%2F2169752%2Fcuba-patentiza-este-1-de-mayo-que-la--patria-se-defiente%3Futm_source%3Dmango-searchx%26utm_medium%3Dtitle_and_relatives%26utm_campaign%3Dcuba#%7B%22ci%22%3A0%2C%22os%22%3A3817.3000000000466%2C%22ls%22%3A1367.4000000000233%2C%22le%22%3A2594.8000000000466%7D\" height=\"1239\" frameborder=\"0\" scrolling=\"no\" allowfullscreen=\"allowfullscreen\" data-instgrm-payload-id=\"instagram-media-payload-0\"><\/iframe>&nbsp;<\/p>\n<p>Al estampar su r\u00fabrica, los ciudadanos no solo ejercieron un derecho, sino que cumplieron con el deber supremo consagrado en la Constituci\u00f3n de defender la naci\u00f3n, reafirmando as\u00ed su compromiso activo con el presente y futuro del pa\u00eds en lugar de permanecer como espectadores pasivos.<\/p>\n<p>Los participantes en estos actos por el\u00a0<strong>D\u00eda Internacional de los Trabajadores<\/strong>\u00a0subrayaron que la invulnerabilidad de la isla reside en la premisa innegociable de que la patria se defiende palmo a palmo, asegurando que el legado de justicia social y autodeterminaci\u00f3n permanezca vigente frente a cualquier desaf\u00edo externo.<\/p>\n<p><a href=\"https:\/\/espanol.almayadeen.net\/noticias\/politica\/2169752\/cuba-patentiza-este-1-de-mayo-que-la--patria-se-defiente?utm_source=mango-searchx&amp;utm_medium=title_and_relatives&amp;utm_campaign=cuba\"><strong>Fuente: Al Mayadeen<\/strong><\/a><\/p>\n<\/div>\n<\/div>\n<\/div>\n","protected":false},"excerpt":{"rendered":"<p>El l\u00edder de la Revoluci\u00f3n cubana, Ra\u00fal Castro, presidi\u00f3 el acto central por el D\u00eda&#8230;<\/p>\n","protected":false},"author":1,"featured_media":4143,"comment_status":"open","ping_status":"closed","sticky":false,"template":"","format":"standard","meta":{"footnotes":""},"categories":[56],"tags":[1221,76,1222],"class_list":["post-4142","post","type-post","status-publish","format-standard","has-post-thumbnail","hentry","category-medios-aliados","tag-1ro-de-mayo","tag-cuba","tag-patria"],"yoast_head":"<!-- This site is optimized with the Yoast SEO plugin v27.5 - https:\/\/yoast.com\/product\/yoast-seo-wordpress\/ -->\n<title>Cuba patentiz\u00f3 este 1ro de mayo: La &quot;Patria se defiende&quot; -<\/title>\n<meta name=\"description\" content=\"Cuba. El l\u00edder de la Revoluci\u00f3n cubana, Ra\u00fal Castro, presidi\u00f3 el acto central por el D\u00eda Internacional de los Trabajadores en La Habana.\" \/>\n<meta name=\"robots\" content=\"index, follow, max-snippet:-1, max-image-preview:large, max-video-preview:-1\" \/>\n<link rel=\"canonical\" href=\"https:\/\/hueleaazufre.com\/wordpress_a\/index.php\/2026\/05\/01\/cuba-patentizo-este-1ro-de-mayo-la-patria-se-defiende\/\" \/>\n<meta property=\"og:locale\" content=\"es_ES\" \/>\n<meta property=\"og:type\" content=\"article\" \/>\n<meta property=\"og:title\" content=\"Cuba patentiz\u00f3 este 1ro de mayo: La &quot;Patria se defiende&quot; -\" \/>\n<meta property=\"og:description\" content=\"Cuba. El l\u00edder de la Revoluci\u00f3n cubana, Ra\u00fal Castro, presidi\u00f3 el acto central por el D\u00eda Internacional de los Trabajadores en La Habana.\" \/>\n<meta property=\"og:url\" content=\"https:\/\/hueleaazufre.com\/wordpress_a\/index.php\/2026\/05\/01\/cuba-patentizo-este-1ro-de-mayo-la-patria-se-defiende\/\" \/>\n<meta property=\"article:published_time\" content=\"2026-05-01T16:35:59+00:00\" \/>\n<meta property=\"og:image\" content=\"https:\/\/hueleaazufre.com\/wordpress_a\/wp-content\/uploads\/2026\/05\/4a.webp\" \/>\n\t<meta property=\"og:image:width\" content=\"1000\" \/>\n\t<meta property=\"og:image:height\" content=\"750\" \/>\n\t<meta property=\"og:image:type\" content=\"image\/webp\" \/>\n<meta name=\"author\" content=\"Huele a azufre\" \/>\n<meta name=\"twitter:card\" content=\"summary_large_image\" \/>\n<meta name=\"twitter:label1\" content=\"Escrito por\" \/>\n\t<meta name=\"twitter:data1\" content=\"Huele a azufre\" \/>\n\t<meta name=\"twitter:label2\" content=\"Tiempo de lectura\" \/>\n\t<meta name=\"twitter:data2\" content=\"3 minutos\" \/>\n<script type=\"application\/ld+json\" class=\"yoast-schema-graph\">{\"@context\":\"https:\\\/\\\/schema.org\",\"@graph\":[{\"@type\":\"Article\",\"@id\":\"https:\\\/\\\/hueleaazufre.com\\\/wordpress_a\\\/index.php\\\/2026\\\/05\\\/01\\\/cuba-patentizo-este-1ro-de-mayo-la-patria-se-defiende\\\/#article\",\"isPartOf\":{\"@id\":\"https:\\\/\\\/hueleaazufre.com\\\/wordpress_a\\\/index.php\\\/2026\\\/05\\\/01\\\/cuba-patentizo-este-1ro-de-mayo-la-patria-se-defiende\\\/\"},\"author\":{\"name\":\"Huele a azufre\",\"@id\":\"https:\\\/\\\/hueleaazufre.com\\\/wordpress_a\\\/#\\\/schema\\\/person\\\/549dd871707ea7f9f1a686323ebe9baa\"},\"headline\":\"Cuba patentiz\u00f3 este 1ro de mayo: La \u00abPatria se defiende\u00bb\",\"datePublished\":\"2026-05-01T16:35:59+00:00\",\"mainEntityOfPage\":{\"@id\":\"https:\\\/\\\/hueleaazufre.com\\\/wordpress_a\\\/index.php\\\/2026\\\/05\\\/01\\\/cuba-patentizo-este-1ro-de-mayo-la-patria-se-defiende\\\/\"},\"wordCount\":476,\"commentCount\":0,\"image\":{\"@id\":\"https:\\\/\\\/hueleaazufre.com\\\/wordpress_a\\\/index.php\\\/2026\\\/05\\\/01\\\/cuba-patentizo-este-1ro-de-mayo-la-patria-se-defiende\\\/#primaryimage\"},\"thumbnailUrl\":\"https:\\\/\\\/hueleaazufre.com\\\/wordpress_a\\\/wp-content\\\/uploads\\\/2026\\\/05\\\/4a.webp\",\"keywords\":[\"1ro de mayo\",\"Cuba\",\"Patria\"],\"articleSection\":[\"Medios aliados\"],\"inLanguage\":\"es\",\"potentialAction\":[{\"@type\":\"CommentAction\",\"name\":\"Comment\",\"target\":[\"https:\\\/\\\/hueleaazufre.com\\\/wordpress_a\\\/index.php\\\/2026\\\/05\\\/01\\\/cuba-patentizo-este-1ro-de-mayo-la-patria-se-defiende\\\/#respond\"]}]},{\"@type\":\"WebPage\",\"@id\":\"https:\\\/\\\/hueleaazufre.com\\\/wordpress_a\\\/index.php\\\/2026\\\/05\\\/01\\\/cuba-patentizo-este-1ro-de-mayo-la-patria-se-defiende\\\/\",\"url\":\"https:\\\/\\\/hueleaazufre.com\\\/wordpress_a\\\/index.php\\\/2026\\\/05\\\/01\\\/cuba-patentizo-este-1ro-de-mayo-la-patria-se-defiende\\\/\",\"name\":\"Cuba patentiz\u00f3 este 1ro de mayo: La \\\"Patria se defiende\\\" -\",\"isPartOf\":{\"@id\":\"https:\\\/\\\/hueleaazufre.com\\\/wordpress_a\\\/#website\"},\"primaryImageOfPage\":{\"@id\":\"https:\\\/\\\/hueleaazufre.com\\\/wordpress_a\\\/index.php\\\/2026\\\/05\\\/01\\\/cuba-patentizo-este-1ro-de-mayo-la-patria-se-defiende\\\/#primaryimage\"},\"image\":{\"@id\":\"https:\\\/\\\/hueleaazufre.com\\\/wordpress_a\\\/index.php\\\/2026\\\/05\\\/01\\\/cuba-patentizo-este-1ro-de-mayo-la-patria-se-defiende\\\/#primaryimage\"},\"thumbnailUrl\":\"https:\\\/\\\/hueleaazufre.com\\\/wordpress_a\\\/wp-content\\\/uploads\\\/2026\\\/05\\\/4a.webp\",\"datePublished\":\"2026-05-01T16:35:59+00:00\",\"author\":{\"@id\":\"https:\\\/\\\/hueleaazufre.com\\\/wordpress_a\\\/#\\\/schema\\\/person\\\/549dd871707ea7f9f1a686323ebe9baa\"},\"description\":\"Cuba. El l\u00edder de la Revoluci\u00f3n cubana, Ra\u00fal Castro, presidi\u00f3 el acto central por el D\u00eda Internacional de los Trabajadores en La Habana.\",\"breadcrumb\":{\"@id\":\"https:\\\/\\\/hueleaazufre.com\\\/wordpress_a\\\/index.php\\\/2026\\\/05\\\/01\\\/cuba-patentizo-este-1ro-de-mayo-la-patria-se-defiende\\\/#breadcrumb\"},\"inLanguage\":\"es\",\"potentialAction\":[{\"@type\":\"ReadAction\",\"target\":[\"https:\\\/\\\/hueleaazufre.com\\\/wordpress_a\\\/index.php\\\/2026\\\/05\\\/01\\\/cuba-patentizo-este-1ro-de-mayo-la-patria-se-defiende\\\/\"]}]},{\"@type\":\"ImageObject\",\"inLanguage\":\"es\",\"@id\":\"https:\\\/\\\/hueleaazufre.com\\\/wordpress_a\\\/index.php\\\/2026\\\/05\\\/01\\\/cuba-patentizo-este-1ro-de-mayo-la-patria-se-defiende\\\/#primaryimage\",\"url\":\"https:\\\/\\\/hueleaazufre.com\\\/wordpress_a\\\/wp-content\\\/uploads\\\/2026\\\/05\\\/4a.webp\",\"contentUrl\":\"https:\\\/\\\/hueleaazufre.com\\\/wordpress_a\\\/wp-content\\\/uploads\\\/2026\\\/05\\\/4a.webp\",\"width\":1000,\"height\":750},{\"@type\":\"BreadcrumbList\",\"@id\":\"https:\\\/\\\/hueleaazufre.com\\\/wordpress_a\\\/index.php\\\/2026\\\/05\\\/01\\\/cuba-patentizo-este-1ro-de-mayo-la-patria-se-defiende\\\/#breadcrumb\",\"itemListElement\":[{\"@type\":\"ListItem\",\"position\":1,\"name\":\"Portada\",\"item\":\"https:\\\/\\\/hueleaazufre.com\\\/wordpress_a\\\/\"},{\"@type\":\"ListItem\",\"position\":2,\"name\":\"Cuba patentiz\u00f3 este 1ro de mayo: La \u00abPatria se defiende\u00bb\"}]},{\"@type\":\"WebSite\",\"@id\":\"https:\\\/\\\/hueleaazufre.com\\\/wordpress_a\\\/#website\",\"url\":\"https:\\\/\\\/hueleaazufre.com\\\/wordpress_a\\\/\",\"name\":\"\",\"description\":\"Huele a azufre es una plataforma digital de an\u00e1lisis geopol\u00edtico.\",\"potentialAction\":[{\"@type\":\"SearchAction\",\"target\":{\"@type\":\"EntryPoint\",\"urlTemplate\":\"https:\\\/\\\/hueleaazufre.com\\\/wordpress_a\\\/?s={search_term_string}\"},\"query-input\":{\"@type\":\"PropertyValueSpecification\",\"valueRequired\":true,\"valueName\":\"search_term_string\"}}],\"inLanguage\":\"es\"},{\"@type\":\"Person\",\"@id\":\"https:\\\/\\\/hueleaazufre.com\\\/wordpress_a\\\/#\\\/schema\\\/person\\\/549dd871707ea7f9f1a686323ebe9baa\",\"name\":\"Huele a azufre\",\"image\":{\"@type\":\"ImageObject\",\"inLanguage\":\"es\",\"@id\":\"https:\\\/\\\/secure.gravatar.com\\\/avatar\\\/e972d5c124b9bf80eb4c9d322a90dd86a59d447f5da36700a77516f13637d44e?s=96&d=mm&r=g\",\"url\":\"https:\\\/\\\/secure.gravatar.com\\\/avatar\\\/e972d5c124b9bf80eb4c9d322a90dd86a59d447f5da36700a77516f13637d44e?s=96&d=mm&r=g\",\"contentUrl\":\"https:\\\/\\\/secure.gravatar.com\\\/avatar\\\/e972d5c124b9bf80eb4c9d322a90dd86a59d447f5da36700a77516f13637d44e?s=96&d=mm&r=g\",\"caption\":\"Huele a azufre\"},\"description\":\"Huele a azufre es una plataforma digital de an\u00e1lisis geopol\u00edtico\u00a0 contrahegem\u00f3nico, que busca visibilizar las voces y los discursos silenciados por el poder medi\u00e1tico.\",\"sameAs\":[\"https:\\\/\\\/hueleaazufre.com\\\/wordpress_a\"],\"url\":\"https:\\\/\\\/hueleaazufre.com\\\/wordpress_a\\\/index.php\\\/author\\\/admin_tupapa\\\/\"}]}<\/script>\n<!-- \/ Yoast SEO plugin. -->","yoast_head_json":{"title":"Cuba patentiz\u00f3 este 1ro de mayo: La \"Patria se defiende\" -","description":"Cuba. El l\u00edder de la Revoluci\u00f3n cubana, Ra\u00fal Castro, presidi\u00f3 el acto central por el D\u00eda Internacional de los Trabajadores en La Habana.","robots":{"index":"index","follow":"follow","max-snippet":"max-snippet:-1","max-image-preview":"max-image-preview:large","max-video-preview":"max-video-preview:-1"},"canonical":"https:\/\/hueleaazufre.com\/wordpress_a\/index.php\/2026\/05\/01\/cuba-patentizo-este-1ro-de-mayo-la-patria-se-defiende\/","og_locale":"es_ES","og_type":"article","og_title":"Cuba patentiz\u00f3 este 1ro de mayo: La \"Patria se defiende\" -","og_description":"Cuba. El l\u00edder de la Revoluci\u00f3n cubana, Ra\u00fal Castro, presidi\u00f3 el acto central por el D\u00eda Internacional de los Trabajadores en La Habana.","og_url":"https:\/\/hueleaazufre.com\/wordpress_a\/index.php\/2026\/05\/01\/cuba-patentizo-este-1ro-de-mayo-la-patria-se-defiende\/","article_published_time":"2026-05-01T16:35:59+00:00","og_image":[{"width":1000,"height":750,"url":"https:\/\/hueleaazufre.com\/wordpress_a\/wp-content\/uploads\/2026\/05\/4a.webp","type":"image\/webp"}],"author":"Huele a azufre","twitter_card":"summary_large_image","twitter_misc":{"Escrito por":"Huele a azufre","Tiempo de lectura":"3 minutos"},"schema":{"@context":"https:\/\/schema.org","@graph":[{"@type":"Article","@id":"https:\/\/hueleaazufre.com\/wordpress_a\/index.php\/2026\/05\/01\/cuba-patentizo-este-1ro-de-mayo-la-patria-se-defiende\/#article","isPartOf":{"@id":"https:\/\/hueleaazufre.com\/wordpress_a\/index.php\/2026\/05\/01\/cuba-patentizo-este-1ro-de-mayo-la-patria-se-defiende\/"},"author":{"name":"Huele a azufre","@id":"https:\/\/hueleaazufre.com\/wordpress_a\/#\/schema\/person\/549dd871707ea7f9f1a686323ebe9baa"},"headline":"Cuba patentiz\u00f3 este 1ro de mayo: La \u00abPatria se defiende\u00bb","datePublished":"2026-05-01T16:35:59+00:00","mainEntityOfPage":{"@id":"https:\/\/hueleaazufre.com\/wordpress_a\/index.php\/2026\/05\/01\/cuba-patentizo-este-1ro-de-mayo-la-patria-se-defiende\/"},"wordCount":476,"commentCount":0,"image":{"@id":"https:\/\/hueleaazufre.com\/wordpress_a\/index.php\/2026\/05\/01\/cuba-patentizo-este-1ro-de-mayo-la-patria-se-defiende\/#primaryimage"},"thumbnailUrl":"https:\/\/hueleaazufre.com\/wordpress_a\/wp-content\/uploads\/2026\/05\/4a.webp","keywords":["1ro de mayo","Cuba","Patria"],"articleSection":["Medios aliados"],"inLanguage":"es","potentialAction":[{"@type":"CommentAction","name":"Comment","target":["https:\/\/hueleaazufre.com\/wordpress_a\/index.php\/2026\/05\/01\/cuba-patentizo-este-1ro-de-mayo-la-patria-se-defiende\/#respond"]}]},{"@type":"WebPage","@id":"https:\/\/hueleaazufre.com\/wordpress_a\/index.php\/2026\/05\/01\/cuba-patentizo-este-1ro-de-mayo-la-patria-se-defiende\/","url":"https:\/\/hueleaazufre.com\/wordpress_a\/index.php\/2026\/05\/01\/cuba-patentizo-este-1ro-de-mayo-la-patria-se-defiende\/","name":"Cuba patentiz\u00f3 este 1ro de mayo: La \"Patria se defiende\" -","isPartOf":{"@id":"https:\/\/hueleaazufre.com\/wordpress_a\/#website"},"primaryImageOfPage":{"@id":"https:\/\/hueleaazufre.com\/wordpress_a\/index.php\/2026\/05\/01\/cuba-patentizo-este-1ro-de-mayo-la-patria-se-defiende\/#primaryimage"},"image":{"@id":"https:\/\/hueleaazufre.com\/wordpress_a\/index.php\/2026\/05\/01\/cuba-patentizo-este-1ro-de-mayo-la-patria-se-defiende\/#primaryimage"},"thumbnailUrl":"https:\/\/hueleaazufre.com\/wordpress_a\/wp-content\/uploads\/2026\/05\/4a.webp","datePublished":"2026-05-01T16:35:59+00:00","author":{"@id":"https:\/\/hueleaazufre.com\/wordpress_a\/#\/schema\/person\/549dd871707ea7f9f1a686323ebe9baa"},"description":"Cuba. El l\u00edder de la Revoluci\u00f3n cubana, Ra\u00fal Castro, presidi\u00f3 el acto central por el D\u00eda Internacional de los Trabajadores en La Habana.","breadcrumb":{"@id":"https:\/\/hueleaazufre.com\/wordpress_a\/index.php\/2026\/05\/01\/cuba-patentizo-este-1ro-de-mayo-la-patria-se-defiende\/#breadcrumb"},"inLanguage":"es","potentialAction":[{"@type":"ReadAction","target":["https:\/\/hueleaazufre.com\/wordpress_a\/index.php\/2026\/05\/01\/cuba-patentizo-este-1ro-de-mayo-la-patria-se-defiende\/"]}]},{"@type":"ImageObject","inLanguage":"es","@id":"https:\/\/hueleaazufre.com\/wordpress_a\/index.php\/2026\/05\/01\/cuba-patentizo-este-1ro-de-mayo-la-patria-se-defiende\/#primaryimage","url":"https:\/\/hueleaazufre.com\/wordpress_a\/wp-content\/uploads\/2026\/05\/4a.webp","contentUrl":"https:\/\/hueleaazufre.com\/wordpress_a\/wp-content\/uploads\/2026\/05\/4a.webp","width":1000,"height":750},{"@type":"BreadcrumbList","@id":"https:\/\/hueleaazufre.com\/wordpress_a\/index.php\/2026\/05\/01\/cuba-patentizo-este-1ro-de-mayo-la-patria-se-defiende\/#breadcrumb","itemListElement":[{"@type":"ListItem","position":1,"name":"Portada","item":"https:\/\/hueleaazufre.com\/wordpress_a\/"},{"@type":"ListItem","position":2,"name":"Cuba patentiz\u00f3 este 1ro de mayo: La \u00abPatria se defiende\u00bb"}]},{"@type":"WebSite","@id":"https:\/\/hueleaazufre.com\/wordpress_a\/#website","url":"https:\/\/hueleaazufre.com\/wordpress_a\/","name":"","description":"Huele a azufre es una plataforma digital de an\u00e1lisis geopol\u00edtico.","potentialAction":[{"@type":"SearchAction","target":{"@type":"EntryPoint","urlTemplate":"https:\/\/hueleaazufre.com\/wordpress_a\/?s={search_term_string}"},"query-input":{"@type":"PropertyValueSpecification","valueRequired":true,"valueName":"search_term_string"}}],"inLanguage":"es"},{"@type":"Person","@id":"https:\/\/hueleaazufre.com\/wordpress_a\/#\/schema\/person\/549dd871707ea7f9f1a686323ebe9baa","name":"Huele a azufre","image":{"@type":"ImageObject","inLanguage":"es","@id":"https:\/\/secure.gravatar.com\/avatar\/e972d5c124b9bf80eb4c9d322a90dd86a59d447f5da36700a77516f13637d44e?s=96&d=mm&r=g","url":"https:\/\/secure.gravatar.com\/avatar\/e972d5c124b9bf80eb4c9d322a90dd86a59d447f5da36700a77516f13637d44e?s=96&d=mm&r=g","contentUrl":"https:\/\/secure.gravatar.com\/avatar\/e972d5c124b9bf80eb4c9d322a90dd86a59d447f5da36700a77516f13637d44e?s=96&d=mm&r=g","caption":"Huele a azufre"},"description":"Huele a azufre es una plataforma digital de an\u00e1lisis geopol\u00edtico\u00a0 contrahegem\u00f3nico, que busca visibilizar las voces y los discursos silenciados por el poder medi\u00e1tico.","sameAs":["https:\/\/hueleaazufre.com\/wordpress_a"],"url":"https:\/\/hueleaazufre.com\/wordpress_a\/index.php\/author\/admin_tupapa\/"}]}},"_links":{"self":[{"href":"https:\/\/hueleaazufre.com\/wordpress_a\/index.php\/wp-json\/wp\/v2\/posts\/4142","targetHints":{"allow":["GET"]}}],"collection":[{"href":"https:\/\/hueleaazufre.com\/wordpress_a\/index.php\/wp-json\/wp\/v2\/posts"}],"about":[{"href":"https:\/\/hueleaazufre.com\/wordpress_a\/index.php\/wp-json\/wp\/v2\/types\/post"}],"author":[{"embeddable":true,"href":"https:\/\/hueleaazufre.com\/wordpress_a\/index.php\/wp-json\/wp\/v2\/users\/1"}],"replies":[{"embeddable":true,"href":"https:\/\/hueleaazufre.com\/wordpress_a\/index.php\/wp-json\/wp\/v2\/comments?post=4142"}],"version-history":[{"count":1,"href":"https:\/\/hueleaazufre.com\/wordpress_a\/index.php\/wp-json\/wp\/v2\/posts\/4142\/revisions"}],"predecessor-version":[{"id":4144,"href":"https:\/\/hueleaazufre.com\/wordpress_a\/index.php\/wp-json\/wp\/v2\/posts\/4142\/revisions\/4144"}],"wp:featuredmedia":[{"embeddable":true,"href":"https:\/\/hueleaazufre.com\/wordpress_a\/index.php\/wp-json\/wp\/v2\/media\/4143"}],"wp:attachment":[{"href":"https:\/\/hueleaazufre.com\/wordpress_a\/index.php\/wp-json\/wp\/v2\/media?parent=4142"}],"wp:term":[{"taxonomy":"category","embeddable":true,"href":"https:\/\/hueleaazufre.com\/wordpress_a\/index.php\/wp-json\/wp\/v2\/categories?post=4142"},{"taxonomy":"post_tag","embeddable":true,"href":"https:\/\/hueleaazufre.com\/wordpress_a\/index.php\/wp-json\/wp\/v2\/tags?post=4142"}],"curies":[{"name":"wp","href":"https:\/\/api.w.org\/{rel}","templated":true}]}}