{"id":549,"date":"2024-01-19T22:59:34","date_gmt":"2024-01-19T22:59:34","guid":{"rendered":"https:\/\/hueleaazufre.com\/wordpress_a\/?p=549"},"modified":"2024-01-19T22:59:34","modified_gmt":"2024-01-19T22:59:34","slug":"otan-anuncia-el-mayor-ejercicio-militar-desde-la-guerra-fria","status":"publish","type":"post","link":"https:\/\/hueleaazufre.com\/wordpress_a\/index.php\/2024\/01\/19\/otan-anuncia-el-mayor-ejercicio-militar-desde-la-guerra-fria\/","title":{"rendered":"OTAN anuncia el mayor ejercicio militar desde la Guerra Fr\u00eda"},"content":{"rendered":"<p><b><i>La alianza planea movilizar 90 mil soldados para una maniobra destinada a disuadir la agresi\u00f3n rusa.<\/i><\/b><\/p>\n<p>&nbsp;<\/p>\n<p><span style=\"font-weight: 400;\">La Organizaci\u00f3n del Tratado del Atl\u00e1ntico Norte (OTAN) iniciar\u00e1 la pr\u00f3xima semana el mayor ejercicio militar desde la Guerra Fr\u00eda.<\/span><\/p>\n<p>&nbsp;<\/p>\n<p><span style=\"font-weight: 400;\">Seg\u00fan el jefe del Comando de la OTAN para Europa, el general estadounidense Christopher Cavoli, las maniobras tendr\u00e1n una duraci\u00f3n de varios meses y en ellas participar\u00e1n 90 mil soldados de la alianza.<\/span><\/p>\n<p>&nbsp;<\/p>\n<p><span style=\"font-weight: 400;\">El organismo demostrar\u00e1 su capacidad para reforzar el \u00e1rea euroatl\u00e1ntica mediante un movimiento trasatl\u00e1ntico de fuerzas desde Am\u00e9rica del Norte, indic\u00f3 Cavoli tras una reuni\u00f3n de dos d\u00edas de los jefes nacionales de Defensa en Bruselas.\u00a0<\/span><\/p>\n<p><span style=\"font-weight: 400;\">A su juicio, ser\u00e1 una clara evidencia de unidad, fuerza y determinaci\u00f3n para la protecci\u00f3n de los pa\u00edses miembros.<\/span><\/p>\n<p>&nbsp;<\/p>\n<p><span style=\"font-weight: 400;\">El ejercicio, denominado Steadfast Defender, ser\u00e1 extendido hasta mayo y en \u00e9l estar\u00e1n involucradas las 31 naciones del bloque militar y Suecia.<\/span><\/p>\n<p>&nbsp;<\/p>\n<p><span style=\"font-weight: 400;\">Los adiestramientos castrenses comenzar\u00e1n en febrero y tendr\u00e1n como objetivo simular un ataque ruso a territorio aliado, acci\u00f3n v\u00e1lida para la aplicaci\u00f3n del art\u00edculo 5 del Tratado de la OTAN, en favor de la promesa de defensa colectiva.\u00a0<\/span><\/p>\n<p>&nbsp;<\/p>\n<p><span style=\"font-weight: 400;\">El referido apartado fue invocado solo una vez, tras los atentados de Al Qaeda en 2001.<\/span><\/p>\n<p>&nbsp;<\/p>\n<p><a href=\"https:\/\/espanol.almayadeen.net\/noticias\/politica\/1808099\/otan-anuncia-el-mayor-ejercicio-militar-desde-la-guerra-fr%C3%ADa\"><b>Autor: Al Mayadeen Espa\u00f1ol<\/b><\/a><\/p>\n<p>&nbsp;<\/p>\n","protected":false},"excerpt":{"rendered":"<p>La alianza planea movilizar 90 mil soldados para una maniobra destinada a disuadir la agresi\u00f3n&#8230;<\/p>\n","protected":false},"author":1,"featured_media":550,"comment_status":"open","ping_status":"closed","sticky":false,"template":"","format":"standard","meta":{"footnotes":""},"categories":[56],"tags":[101,100],"class_list":["post-549","post","type-post","status-publish","format-standard","has-post-thumbnail","hentry","category-medios-aliados","tag-guerra-fria","tag-otan"],"yoast_head":"<!-- This site is optimized with the Yoast SEO plugin v27.5 - https:\/\/yoast.com\/product\/yoast-seo-wordpress\/ -->\n<title>OTAN anuncia el mayor ejercicio militar desde la Guerra Fr\u00eda -<\/title>\n<meta name=\"robots\" content=\"index, follow, max-snippet:-1, max-image-preview:large, max-video-preview:-1\" \/>\n<link rel=\"canonical\" href=\"https:\/\/hueleaazufre.com\/wordpress_a\/index.php\/2024\/01\/19\/otan-anuncia-el-mayor-ejercicio-militar-desde-la-guerra-fria\/\" \/>\n<meta property=\"og:locale\" content=\"es_ES\" \/>\n<meta property=\"og:type\" content=\"article\" \/>\n<meta property=\"og:title\" content=\"OTAN anuncia el mayor ejercicio militar desde la Guerra Fr\u00eda -\" \/>\n<meta property=\"og:description\" content=\"La alianza planea movilizar 90 mil soldados para una maniobra destinada a disuadir la agresi\u00f3n...\" \/>\n<meta property=\"og:url\" content=\"https:\/\/hueleaazufre.com\/wordpress_a\/index.php\/2024\/01\/19\/otan-anuncia-el-mayor-ejercicio-militar-desde-la-guerra-fria\/\" \/>\n<meta property=\"article:published_time\" content=\"2024-01-19T22:59:34+00:00\" \/>\n<meta property=\"og:image\" content=\"https:\/\/hueleaazufre.com\/wordpress_a\/wp-content\/uploads\/2024\/01\/otan.jpg\" \/>\n\t<meta property=\"og:image:width\" content=\"800\" \/>\n\t<meta property=\"og:image:height\" content=\"600\" \/>\n\t<meta property=\"og:image:type\" content=\"image\/jpeg\" \/>\n<meta name=\"author\" content=\"Huele a azufre\" \/>\n<meta name=\"twitter:card\" content=\"summary_large_image\" \/>\n<meta name=\"twitter:label1\" content=\"Escrito por\" \/>\n\t<meta name=\"twitter:data1\" content=\"Huele a azufre\" \/>\n\t<meta name=\"twitter:label2\" content=\"Tiempo de lectura\" \/>\n\t<meta name=\"twitter:data2\" content=\"2 minutos\" \/>\n<script type=\"application\/ld+json\" class=\"yoast-schema-graph\">{\"@context\":\"https:\\\/\\\/schema.org\",\"@graph\":[{\"@type\":\"Article\",\"@id\":\"https:\\\/\\\/hueleaazufre.com\\\/wordpress_a\\\/index.php\\\/2024\\\/01\\\/19\\\/otan-anuncia-el-mayor-ejercicio-militar-desde-la-guerra-fria\\\/#article\",\"isPartOf\":{\"@id\":\"https:\\\/\\\/hueleaazufre.com\\\/wordpress_a\\\/index.php\\\/2024\\\/01\\\/19\\\/otan-anuncia-el-mayor-ejercicio-militar-desde-la-guerra-fria\\\/\"},\"author\":{\"name\":\"Huele a azufre\",\"@id\":\"https:\\\/\\\/hueleaazufre.com\\\/wordpress_a\\\/#\\\/schema\\\/person\\\/549dd871707ea7f9f1a686323ebe9baa\"},\"headline\":\"OTAN anuncia el mayor ejercicio militar desde la Guerra Fr\u00eda\",\"datePublished\":\"2024-01-19T22:59:34+00:00\",\"mainEntityOfPage\":{\"@id\":\"https:\\\/\\\/hueleaazufre.com\\\/wordpress_a\\\/index.php\\\/2024\\\/01\\\/19\\\/otan-anuncia-el-mayor-ejercicio-militar-desde-la-guerra-fria\\\/\"},\"wordCount\":243,\"commentCount\":0,\"image\":{\"@id\":\"https:\\\/\\\/hueleaazufre.com\\\/wordpress_a\\\/index.php\\\/2024\\\/01\\\/19\\\/otan-anuncia-el-mayor-ejercicio-militar-desde-la-guerra-fria\\\/#primaryimage\"},\"thumbnailUrl\":\"https:\\\/\\\/hueleaazufre.com\\\/wordpress_a\\\/wp-content\\\/uploads\\\/2024\\\/01\\\/otan.jpg\",\"keywords\":[\"Guerra Fr\u00eda\",\"OTAN\"],\"articleSection\":[\"Medios aliados\"],\"inLanguage\":\"es\",\"potentialAction\":[{\"@type\":\"CommentAction\",\"name\":\"Comment\",\"target\":[\"https:\\\/\\\/hueleaazufre.com\\\/wordpress_a\\\/index.php\\\/2024\\\/01\\\/19\\\/otan-anuncia-el-mayor-ejercicio-militar-desde-la-guerra-fria\\\/#respond\"]}]},{\"@type\":\"WebPage\",\"@id\":\"https:\\\/\\\/hueleaazufre.com\\\/wordpress_a\\\/index.php\\\/2024\\\/01\\\/19\\\/otan-anuncia-el-mayor-ejercicio-militar-desde-la-guerra-fria\\\/\",\"url\":\"https:\\\/\\\/hueleaazufre.com\\\/wordpress_a\\\/index.php\\\/2024\\\/01\\\/19\\\/otan-anuncia-el-mayor-ejercicio-militar-desde-la-guerra-fria\\\/\",\"name\":\"OTAN anuncia el mayor ejercicio militar desde la Guerra Fr\u00eda -\",\"isPartOf\":{\"@id\":\"https:\\\/\\\/hueleaazufre.com\\\/wordpress_a\\\/#website\"},\"primaryImageOfPage\":{\"@id\":\"https:\\\/\\\/hueleaazufre.com\\\/wordpress_a\\\/index.php\\\/2024\\\/01\\\/19\\\/otan-anuncia-el-mayor-ejercicio-militar-desde-la-guerra-fria\\\/#primaryimage\"},\"image\":{\"@id\":\"https:\\\/\\\/hueleaazufre.com\\\/wordpress_a\\\/index.php\\\/2024\\\/01\\\/19\\\/otan-anuncia-el-mayor-ejercicio-militar-desde-la-guerra-fria\\\/#primaryimage\"},\"thumbnailUrl\":\"https:\\\/\\\/hueleaazufre.com\\\/wordpress_a\\\/wp-content\\\/uploads\\\/2024\\\/01\\\/otan.jpg\",\"datePublished\":\"2024-01-19T22:59:34+00:00\",\"author\":{\"@id\":\"https:\\\/\\\/hueleaazufre.com\\\/wordpress_a\\\/#\\\/schema\\\/person\\\/549dd871707ea7f9f1a686323ebe9baa\"},\"breadcrumb\":{\"@id\":\"https:\\\/\\\/hueleaazufre.com\\\/wordpress_a\\\/index.php\\\/2024\\\/01\\\/19\\\/otan-anuncia-el-mayor-ejercicio-militar-desde-la-guerra-fria\\\/#breadcrumb\"},\"inLanguage\":\"es\",\"potentialAction\":[{\"@type\":\"ReadAction\",\"target\":[\"https:\\\/\\\/hueleaazufre.com\\\/wordpress_a\\\/index.php\\\/2024\\\/01\\\/19\\\/otan-anuncia-el-mayor-ejercicio-militar-desde-la-guerra-fria\\\/\"]}]},{\"@type\":\"ImageObject\",\"inLanguage\":\"es\",\"@id\":\"https:\\\/\\\/hueleaazufre.com\\\/wordpress_a\\\/index.php\\\/2024\\\/01\\\/19\\\/otan-anuncia-el-mayor-ejercicio-militar-desde-la-guerra-fria\\\/#primaryimage\",\"url\":\"https:\\\/\\\/hueleaazufre.com\\\/wordpress_a\\\/wp-content\\\/uploads\\\/2024\\\/01\\\/otan.jpg\",\"contentUrl\":\"https:\\\/\\\/hueleaazufre.com\\\/wordpress_a\\\/wp-content\\\/uploads\\\/2024\\\/01\\\/otan.jpg\",\"width\":800,\"height\":600},{\"@type\":\"BreadcrumbList\",\"@id\":\"https:\\\/\\\/hueleaazufre.com\\\/wordpress_a\\\/index.php\\\/2024\\\/01\\\/19\\\/otan-anuncia-el-mayor-ejercicio-militar-desde-la-guerra-fria\\\/#breadcrumb\",\"itemListElement\":[{\"@type\":\"ListItem\",\"position\":1,\"name\":\"Portada\",\"item\":\"https:\\\/\\\/hueleaazufre.com\\\/wordpress_a\\\/\"},{\"@type\":\"ListItem\",\"position\":2,\"name\":\"OTAN anuncia el mayor ejercicio militar desde la Guerra Fr\u00eda\"}]},{\"@type\":\"WebSite\",\"@id\":\"https:\\\/\\\/hueleaazufre.com\\\/wordpress_a\\\/#website\",\"url\":\"https:\\\/\\\/hueleaazufre.com\\\/wordpress_a\\\/\",\"name\":\"\",\"description\":\"Huele a azufre es una plataforma digital de an\u00e1lisis geopol\u00edtico.\",\"potentialAction\":[{\"@type\":\"SearchAction\",\"target\":{\"@type\":\"EntryPoint\",\"urlTemplate\":\"https:\\\/\\\/hueleaazufre.com\\\/wordpress_a\\\/?s={search_term_string}\"},\"query-input\":{\"@type\":\"PropertyValueSpecification\",\"valueRequired\":true,\"valueName\":\"search_term_string\"}}],\"inLanguage\":\"es\"},{\"@type\":\"Person\",\"@id\":\"https:\\\/\\\/hueleaazufre.com\\\/wordpress_a\\\/#\\\/schema\\\/person\\\/549dd871707ea7f9f1a686323ebe9baa\",\"name\":\"Huele a azufre\",\"image\":{\"@type\":\"ImageObject\",\"inLanguage\":\"es\",\"@id\":\"https:\\\/\\\/secure.gravatar.com\\\/avatar\\\/e972d5c124b9bf80eb4c9d322a90dd86a59d447f5da36700a77516f13637d44e?s=96&d=mm&r=g\",\"url\":\"https:\\\/\\\/secure.gravatar.com\\\/avatar\\\/e972d5c124b9bf80eb4c9d322a90dd86a59d447f5da36700a77516f13637d44e?s=96&d=mm&r=g\",\"contentUrl\":\"https:\\\/\\\/secure.gravatar.com\\\/avatar\\\/e972d5c124b9bf80eb4c9d322a90dd86a59d447f5da36700a77516f13637d44e?s=96&d=mm&r=g\",\"caption\":\"Huele a azufre\"},\"description\":\"Huele a azufre es una plataforma digital de an\u00e1lisis geopol\u00edtico\u00a0 contrahegem\u00f3nico, que busca visibilizar las voces y los discursos silenciados por el poder medi\u00e1tico.\",\"sameAs\":[\"https:\\\/\\\/hueleaazufre.com\\\/wordpress_a\"],\"url\":\"https:\\\/\\\/hueleaazufre.com\\\/wordpress_a\\\/index.php\\\/author\\\/admin_tupapa\\\/\"}]}<\/script>\n<!-- \/ Yoast SEO plugin. -->","yoast_head_json":{"title":"OTAN anuncia el mayor ejercicio militar desde la Guerra Fr\u00eda -","robots":{"index":"index","follow":"follow","max-snippet":"max-snippet:-1","max-image-preview":"max-image-preview:large","max-video-preview":"max-video-preview:-1"},"canonical":"https:\/\/hueleaazufre.com\/wordpress_a\/index.php\/2024\/01\/19\/otan-anuncia-el-mayor-ejercicio-militar-desde-la-guerra-fria\/","og_locale":"es_ES","og_type":"article","og_title":"OTAN anuncia el mayor ejercicio militar desde la Guerra Fr\u00eda -","og_description":"La alianza planea movilizar 90 mil soldados para una maniobra destinada a disuadir la agresi\u00f3n...","og_url":"https:\/\/hueleaazufre.com\/wordpress_a\/index.php\/2024\/01\/19\/otan-anuncia-el-mayor-ejercicio-militar-desde-la-guerra-fria\/","article_published_time":"2024-01-19T22:59:34+00:00","og_image":[{"width":800,"height":600,"url":"https:\/\/hueleaazufre.com\/wordpress_a\/wp-content\/uploads\/2024\/01\/otan.jpg","type":"image\/jpeg"}],"author":"Huele a azufre","twitter_card":"summary_large_image","twitter_misc":{"Escrito por":"Huele a azufre","Tiempo de lectura":"2 minutos"},"schema":{"@context":"https:\/\/schema.org","@graph":[{"@type":"Article","@id":"https:\/\/hueleaazufre.com\/wordpress_a\/index.php\/2024\/01\/19\/otan-anuncia-el-mayor-ejercicio-militar-desde-la-guerra-fria\/#article","isPartOf":{"@id":"https:\/\/hueleaazufre.com\/wordpress_a\/index.php\/2024\/01\/19\/otan-anuncia-el-mayor-ejercicio-militar-desde-la-guerra-fria\/"},"author":{"name":"Huele a azufre","@id":"https:\/\/hueleaazufre.com\/wordpress_a\/#\/schema\/person\/549dd871707ea7f9f1a686323ebe9baa"},"headline":"OTAN anuncia el mayor ejercicio militar desde la Guerra Fr\u00eda","datePublished":"2024-01-19T22:59:34+00:00","mainEntityOfPage":{"@id":"https:\/\/hueleaazufre.com\/wordpress_a\/index.php\/2024\/01\/19\/otan-anuncia-el-mayor-ejercicio-militar-desde-la-guerra-fria\/"},"wordCount":243,"commentCount":0,"image":{"@id":"https:\/\/hueleaazufre.com\/wordpress_a\/index.php\/2024\/01\/19\/otan-anuncia-el-mayor-ejercicio-militar-desde-la-guerra-fria\/#primaryimage"},"thumbnailUrl":"https:\/\/hueleaazufre.com\/wordpress_a\/wp-content\/uploads\/2024\/01\/otan.jpg","keywords":["Guerra Fr\u00eda","OTAN"],"articleSection":["Medios aliados"],"inLanguage":"es","potentialAction":[{"@type":"CommentAction","name":"Comment","target":["https:\/\/hueleaazufre.com\/wordpress_a\/index.php\/2024\/01\/19\/otan-anuncia-el-mayor-ejercicio-militar-desde-la-guerra-fria\/#respond"]}]},{"@type":"WebPage","@id":"https:\/\/hueleaazufre.com\/wordpress_a\/index.php\/2024\/01\/19\/otan-anuncia-el-mayor-ejercicio-militar-desde-la-guerra-fria\/","url":"https:\/\/hueleaazufre.com\/wordpress_a\/index.php\/2024\/01\/19\/otan-anuncia-el-mayor-ejercicio-militar-desde-la-guerra-fria\/","name":"OTAN anuncia el mayor ejercicio militar desde la Guerra Fr\u00eda -","isPartOf":{"@id":"https:\/\/hueleaazufre.com\/wordpress_a\/#website"},"primaryImageOfPage":{"@id":"https:\/\/hueleaazufre.com\/wordpress_a\/index.php\/2024\/01\/19\/otan-anuncia-el-mayor-ejercicio-militar-desde-la-guerra-fria\/#primaryimage"},"image":{"@id":"https:\/\/hueleaazufre.com\/wordpress_a\/index.php\/2024\/01\/19\/otan-anuncia-el-mayor-ejercicio-militar-desde-la-guerra-fria\/#primaryimage"},"thumbnailUrl":"https:\/\/hueleaazufre.com\/wordpress_a\/wp-content\/uploads\/2024\/01\/otan.jpg","datePublished":"2024-01-19T22:59:34+00:00","author":{"@id":"https:\/\/hueleaazufre.com\/wordpress_a\/#\/schema\/person\/549dd871707ea7f9f1a686323ebe9baa"},"breadcrumb":{"@id":"https:\/\/hueleaazufre.com\/wordpress_a\/index.php\/2024\/01\/19\/otan-anuncia-el-mayor-ejercicio-militar-desde-la-guerra-fria\/#breadcrumb"},"inLanguage":"es","potentialAction":[{"@type":"ReadAction","target":["https:\/\/hueleaazufre.com\/wordpress_a\/index.php\/2024\/01\/19\/otan-anuncia-el-mayor-ejercicio-militar-desde-la-guerra-fria\/"]}]},{"@type":"ImageObject","inLanguage":"es","@id":"https:\/\/hueleaazufre.com\/wordpress_a\/index.php\/2024\/01\/19\/otan-anuncia-el-mayor-ejercicio-militar-desde-la-guerra-fria\/#primaryimage","url":"https:\/\/hueleaazufre.com\/wordpress_a\/wp-content\/uploads\/2024\/01\/otan.jpg","contentUrl":"https:\/\/hueleaazufre.com\/wordpress_a\/wp-content\/uploads\/2024\/01\/otan.jpg","width":800,"height":600},{"@type":"BreadcrumbList","@id":"https:\/\/hueleaazufre.com\/wordpress_a\/index.php\/2024\/01\/19\/otan-anuncia-el-mayor-ejercicio-militar-desde-la-guerra-fria\/#breadcrumb","itemListElement":[{"@type":"ListItem","position":1,"name":"Portada","item":"https:\/\/hueleaazufre.com\/wordpress_a\/"},{"@type":"ListItem","position":2,"name":"OTAN anuncia el mayor ejercicio militar desde la Guerra Fr\u00eda"}]},{"@type":"WebSite","@id":"https:\/\/hueleaazufre.com\/wordpress_a\/#website","url":"https:\/\/hueleaazufre.com\/wordpress_a\/","name":"","description":"Huele a azufre es una plataforma digital de an\u00e1lisis geopol\u00edtico.","potentialAction":[{"@type":"SearchAction","target":{"@type":"EntryPoint","urlTemplate":"https:\/\/hueleaazufre.com\/wordpress_a\/?s={search_term_string}"},"query-input":{"@type":"PropertyValueSpecification","valueRequired":true,"valueName":"search_term_string"}}],"inLanguage":"es"},{"@type":"Person","@id":"https:\/\/hueleaazufre.com\/wordpress_a\/#\/schema\/person\/549dd871707ea7f9f1a686323ebe9baa","name":"Huele a azufre","image":{"@type":"ImageObject","inLanguage":"es","@id":"https:\/\/secure.gravatar.com\/avatar\/e972d5c124b9bf80eb4c9d322a90dd86a59d447f5da36700a77516f13637d44e?s=96&d=mm&r=g","url":"https:\/\/secure.gravatar.com\/avatar\/e972d5c124b9bf80eb4c9d322a90dd86a59d447f5da36700a77516f13637d44e?s=96&d=mm&r=g","contentUrl":"https:\/\/secure.gravatar.com\/avatar\/e972d5c124b9bf80eb4c9d322a90dd86a59d447f5da36700a77516f13637d44e?s=96&d=mm&r=g","caption":"Huele a azufre"},"description":"Huele a azufre es una plataforma digital de an\u00e1lisis geopol\u00edtico\u00a0 contrahegem\u00f3nico, que busca visibilizar las voces y los discursos silenciados por el poder medi\u00e1tico.","sameAs":["https:\/\/hueleaazufre.com\/wordpress_a"],"url":"https:\/\/hueleaazufre.com\/wordpress_a\/index.php\/author\/admin_tupapa\/"}]}},"_links":{"self":[{"href":"https:\/\/hueleaazufre.com\/wordpress_a\/index.php\/wp-json\/wp\/v2\/posts\/549","targetHints":{"allow":["GET"]}}],"collection":[{"href":"https:\/\/hueleaazufre.com\/wordpress_a\/index.php\/wp-json\/wp\/v2\/posts"}],"about":[{"href":"https:\/\/hueleaazufre.com\/wordpress_a\/index.php\/wp-json\/wp\/v2\/types\/post"}],"author":[{"embeddable":true,"href":"https:\/\/hueleaazufre.com\/wordpress_a\/index.php\/wp-json\/wp\/v2\/users\/1"}],"replies":[{"embeddable":true,"href":"https:\/\/hueleaazufre.com\/wordpress_a\/index.php\/wp-json\/wp\/v2\/comments?post=549"}],"version-history":[{"count":1,"href":"https:\/\/hueleaazufre.com\/wordpress_a\/index.php\/wp-json\/wp\/v2\/posts\/549\/revisions"}],"predecessor-version":[{"id":551,"href":"https:\/\/hueleaazufre.com\/wordpress_a\/index.php\/wp-json\/wp\/v2\/posts\/549\/revisions\/551"}],"wp:featuredmedia":[{"embeddable":true,"href":"https:\/\/hueleaazufre.com\/wordpress_a\/index.php\/wp-json\/wp\/v2\/media\/550"}],"wp:attachment":[{"href":"https:\/\/hueleaazufre.com\/wordpress_a\/index.php\/wp-json\/wp\/v2\/media?parent=549"}],"wp:term":[{"taxonomy":"category","embeddable":true,"href":"https:\/\/hueleaazufre.com\/wordpress_a\/index.php\/wp-json\/wp\/v2\/categories?post=549"},{"taxonomy":"post_tag","embeddable":true,"href":"https:\/\/hueleaazufre.com\/wordpress_a\/index.php\/wp-json\/wp\/v2\/tags?post=549"}],"curies":[{"name":"wp","href":"https:\/\/api.w.org\/{rel}","templated":true}]}}