{"id":69,"date":"2023-11-27T16:07:20","date_gmt":"2023-11-27T16:07:20","guid":{"rendered":"https:\/\/hueleaazufre.com\/wordpress_a\/?p=69"},"modified":"2023-12-28T18:43:41","modified_gmt":"2023-12-28T18:43:41","slug":"los-poderes-y-el-regimen-politico-i","status":"publish","type":"post","link":"https:\/\/hueleaazufre.com\/wordpress_a\/index.php\/2023\/11\/27\/los-poderes-y-el-regimen-politico-i\/","title":{"rendered":"LOS PODERES Y EL R\u00c9GIMEN POL\u00cdTICO (I)"},"content":{"rendered":"\t\t<div data-elementor-type=\"wp-post\" data-elementor-id=\"69\" class=\"elementor elementor-69\">\n\t\t\t\t<div class=\"elementor-element elementor-element-4f9ee44b e-flex e-con-boxed e-con e-parent\" data-id=\"4f9ee44b\" data-element_type=\"container\" data-e-type=\"container\">\n\t\t\t\t\t<div class=\"e-con-inner\">\n\t\t\t\t<div class=\"elementor-element elementor-element-7d21d05b elementor-widget elementor-widget-text-editor\" data-id=\"7d21d05b\" data-element_type=\"widget\" data-e-type=\"widget\" data-widget_type=\"text-editor.default\">\n\t\t\t\t<div class=\"elementor-widget-container\">\n\t\t\t\t\t\t\t\t\t<p><span style=\"font-weight: 400;\">Por este tiempo los grupos de poder y sus \u00abEmpresas de Comunicaci\u00f3n\u00bb colocaron el grito en cielo por que el ELN hablaba de la necesidad de buscar con la contribuci\u00f3n de la Comunidad Internacional la financiaci\u00f3n de las estructuras guerrilleras del ELN durante el tiempo del Cese el Fuego, asunto que lo venimos discutiendo en la Mesa desde hace casi 10 a\u00f1os, los pa\u00edses Garantes y Acompa\u00f1antes son conocedores de dichas discusiones.<\/span><\/p><p><span style=\"font-weight: 400;\">Es elemental que una Fuerza Rebelde Alzada en Armas contra el Estado no tiene ni tendr\u00e1 forma legal de financiarse, s\u00f3lo un \u00abdespistado\u00bb como Duque pensaba y seguir\u00e1 pensando que deb\u00eda dialogar s\u00f3lo con Organizaciones alzadas en armas \u00abdentro de la legalidad\u00bb. De todas formas preguntamos si puede haber una forma que lo haga posible en este periodo cuando a\u00fan no hay acuerdos sobre los reales cambios que el pa\u00eds necesita.<\/span><\/p><p><span style=\"font-weight: 400;\">Es de todos conocido que los partidos pol\u00edticos reciben financiaci\u00f3n de los Grandes Grupos Econ\u00f3micos, y eso no es ning\u00fan pecado:<\/span><\/p><p><span style=\"font-weight: 400;\">El Partido Liberal seg\u00fan datos del portal Cuentas Claras del CNE, en 2022 recibi\u00f3 12.897 millones de pesos por concepto de donaciones para funcionamiento. Entre sus principales donantes est\u00e1n Adminegocios S.A., una empresa del Grupo Sarmiento Angulo, con una donaci\u00f3n de 4.100 millones de pesos; el grupo Ardila Lule con Postob\u00f3n S.A. y Gaseosas de Lux por valores de 2.400 y 1.700 millones de pesos, respectivamente, y Bavaria &amp; CIA con una donaci\u00f3n de 1.200 millones de pesos. Tambi\u00e9n se destacan donaciones de Tecnoqu\u00edmicas por 600 millones de pesos y Grupo Mercantil Colpatria por 515 millones de pesos.<\/span><\/p><p><span style=\"font-weight: 400;\">El Partido de la U, donde funge como jefa Dilian Francisca Toro, recibi\u00f3 la mayor cantidad de donaciones de particulares para su funcionamiento. Seg\u00fan la misma fuente, en 2022 recibi\u00f3 13.874 millones de pesos. Los principales donantes incluyen el Ingenio Providencia de Ardila Lule con 1.725 millones de pesos; Postob\u00f3n S.A. con 1.340 millones de pesos; Bavaria &amp; CIA con un total de 920 millones de pesos y el Grupo Sarmiento Angulo con Adminegocios S.A. por 2.000 millones de pesos y Grupo Aval Acciones y Valores con 800 millones de pesos.<\/span><\/p><p><span style=\"font-weight: 400;\">El Partido Conservador en 2022 recibi\u00f3 6.607 millones de pesos. Entre sus principales donantes est\u00e1n Postob\u00f3n S.A. con 2.300 millones de pesos, Bavaria &amp; CIA con 900 millones de pesos, Adminegocios S.A. con 740 millones de pesos, Tecnoqu\u00edmicas con 270 millones de pesos y Valorem con 230 millones de pesos.<\/span><\/p><p><span style=\"font-weight: 400;\">El Cambio Radical, recibi\u00f3 2.600 millones de pesos. Entre los mayores aportantes est\u00e1n Adminegocios S.A. con 1.072 millones de pesos, es decir, aproximadamente el 42% de sus ingresos; Postob\u00f3n S.A. con un aporte de 333 millones de pesos; Mercantil Colpatria con 100 millones de pesos; Comunicaci\u00f3n Celular S.A. con 100 millones de pesos, Amarilo con 256 millones de pesos; Integral de fertilizante con 200 millones y, entre las m\u00e1s grandes, la de Valorem por 99 millones de pesos.<\/span><\/p><h5>\u00abDesde luego que estas <i>&#8216;donaciones&#8217;<\/i> no se quedan ah\u00ed como una \u00absana contribuci\u00f3n a la democracia\u00bb, sino que constituyen las m\u00e1s importantes inversiones que deben retornar en utilidades garantizadas por medio de la gesti\u00f3n pol\u00edtica en las instituciones. Es la <i>&#8216;captura del Estado&#8217;<\/i> que hacen los Grandes Grupos Econ\u00f3micos por medio de los Partidos Pol\u00edticos y los Clanes Regionales.\u00bb<\/h5><p><span style=\"font-weight: 400;\">El Centro Democr\u00e1tico en 2022 recibi\u00f3 8.592 millones de pesos por concepto de donaci\u00f3n y reposici\u00f3n a candidaturas a concejos. Entre los aportantes m\u00e1s destacados se encuentran Adminegocios S.A. con 3.000 millones de pesos, Postob\u00f3n S.A. con 1.610 millones de pesos, Bavaria &amp; CIA con 920 millones de pesos, Mercantil Colpatria con 480 millones de pesos, Banco Davivienda con 381 millones de pesos, Ingenio Providencia con 330 millones de pesos y Seguros Comerciales Bol\u00edvar con 280 millones de pesos.<\/span><\/p><p><span style=\"font-weight: 400;\">El Partido Verde en 2022 recibi\u00f3 de financiaci\u00f3n por parte de privados 5.508 millones de pesos. Entre los que m\u00e1s sobresalen est\u00e1n Postob\u00f3n S.A. con 800 millones de pesos, Bavaria &amp; CIA con 800 millones de pesos, Valorem del grupo Santodomingo con 540 millones de pesos, Banco Davivienda con 140 millones de pesos, Adminegocios con 90 millones de pesos. All\u00ed tambi\u00e9n figuran Tecnoqu\u00edmicas, Jaramillo &amp; Mora, Amarilo, entre otros.\u00a0\u00a0<\/span><\/p><p>Desde luego que estas \u00abdonaciones\u00bb no se quedan ah\u00ed como una \u00absana contribuci\u00f3n a la democracia\u00bb, sino que constituyen las m\u00e1s importantes inversiones que deben retornar en utilidades garantizadas por medio de la gesti\u00f3n pol\u00edtica en las instituciones. Es la \u00abcaptura del Estado\u00bb que hacen los Grandes Grupos Econ\u00f3micos por medio de los Partidos Pol\u00edticos y los Clanes Regionales.<\/p><p><span style=\"font-weight: 400;\">De un bipartidismo imperante por aproximadamente siglo y medio, el r\u00e9gimen colombiano pas\u00f3 a tener 35 partidos pol\u00edticos con personer\u00eda jur\u00eddica. Entre 2018 y 2023 surgieron 15 partidos nuevos por decisi\u00f3n del CNE. Esto significa que existen 35 personer\u00edas jur\u00eddicas con la capacidad de otorgar avales para diversas elecciones en el pa\u00eds. Estos partidos pol\u00edticos tienen la responsabilidad de nombrar directamente a cargos clave en el proceso electoral como los nueve magistrados del CNE, quienes provienen mayoritariamente de los partidos con mayor representaci\u00f3n en el legislativo. Actualmente, los puestos en esta corporaci\u00f3n se distribuyen de la siguiente manera: dos para el Pacto Hist\u00f3rico y uno para los partidos de La U, Conservador, Liberal, Centro Democr\u00e1tico, Cambio Radical y Alianza Verde; el partido Comunes ocupa un lugar con voz pero sin voto.<\/span><\/p><p><span style=\"font-weight: 400;\">Junto a los partidos pol\u00edticos est\u00e1n los clanes pol\u00edticos que mantienen una relaci\u00f3n instrumental permanente con ellos, de quienes dependen para recibir los avales que les permitan acceder a cargos p\u00fablicos, favoreciendo sus intereses particulares y la apropiaci\u00f3n de recursos a nivel regional y nacional. Por otro lado, los partidos pol\u00edticos y las \u00e9lites nacionales en su direcci\u00f3n necesitan de los clanes pol\u00edticos para ser elegidos en cargos de representaci\u00f3n nacional, aprovechando los votos que estos pueden sumar gracias al control regional que ofrecen y las pr\u00e1cticas ilegales en el marco del sistema electoral. Como resultado de esta relaci\u00f3n simbi\u00f3tica, los clanes pol\u00edticos han logrado establecer fortines de poder en sus departamentos y tener participaci\u00f3n nacional determinante, al tiempo que las dirigencias de los partidos han logrado mantener su hegemon\u00eda en numerosos cargos de decisi\u00f3n a nivel nacional. Cada clan tiene relaci\u00f3n con varios partidos, as\u00ed como cada partido con diferentes clanes.<\/span><\/p><p><span style=\"font-weight: 400;\">En Colombia operan 54 clanes pol\u00edticos que logran capturar el poder pol\u00edtico a trav\u00e9s del control y la influencia en cargos p\u00fablicos de decisi\u00f3n y de control. Para ilustrar este fen\u00f3meno, en las elecciones de marzo de 2022 el 26% del Congreso fue ocupado por los clanes pol\u00edticos. Fueron 77 congresistas, 29 senadores y 48 Representantes a la C\u00e1mara, de 36 clanes pol\u00edticos en 19 departamentos del pa\u00eds. Los cuatro principales clanes con: 1)Atl\u00e1ntico: Clan Char, 2)Cesar: Clan Gnecco, 3)Santander: Clan Aguilar, 4) Valle del Cauca: Clan Dilian Francisca Toro. Cabe aclarar que al haber m\u00e1s de un clan por departamento, estos est\u00e1n en la capacidad y disposici\u00f3n de actuar conjuntamente, seg\u00fan la coyuntura, para mantener cuotas de poder y mantener una estructura de poder en las regiones.<\/span><\/p><p><span style=\"font-weight: 400;\">El R\u00e9gimen Pol\u00edtico colombiano est\u00e1 configurado por ese entramado del Poder Econ\u00f3mico, el Poder Pol\u00edtico y el Poder Medi\u00e1tico, en lo concreto los seis grupos empresariales, los partidos pol\u00edticos y clanes y las Empresas de la Comunicaci\u00f3n, por eso se habla que el Estado est\u00e1 \u00abCapturado\u00bb por estos poderes.<\/span><\/p><p><span style=\"font-weight: 400;\">El Gran poder econ\u00f3mico est\u00e1 constituido por los 6 grupos empresariales: el Grupo Suramericana (SURA), el Grupo Sarmiento Angulo (GSA), el Grupo Bol\u00edvar (GB), el Grupo Ardila L\u00fclle, (GAL), el Grupo Santodomingo (SD) y el Grupo Gilinski.<\/span><\/p><p><span style=\"font-weight: 400;\">Este poder econ\u00f3mico controla y determina al Poder Medi\u00e1tico, donde el Grupo Sarmiento Angulo controla El Tiempo, City Tv y Portafolio; el Grupo Ardila L\u00fclle controla RCN Televisi\u00f3n, RCN Radio y La FM; el Grupo Santodomingo controla Caracol Tv, Blu Radio y El Espectador; y el Grupo Gilinski la Revista Semana, El Heraldo y El Pa\u00eds (Cali).<\/span><\/p><p><span style=\"font-weight: 400;\">En tal sentido la versi\u00f3n \u00abde verdad\u00bb que se difunde es la que este poder Econ\u00f3mico direcciona con sus respectivas \u00abEmpresas de la Comunicaci\u00f3n\u00bb, la informaci\u00f3n est\u00e1 orientada para que la sociedad se amolde a los intereses del gran capital.<\/span><\/p><p><span style=\"font-weight: 400;\">Como puede verse el R\u00e9gimen Pol\u00edtico garantiza el control del \u00abPoder\u00bb para realizar el ciclo econ\u00f3mico completo, donde el Gran Capital se enriquece con el manejo del Estado, los Partidos Pol\u00edticos y lo Clanes controlan los Votos que permiten hacer creer que estamos en una democracia, para que se legisle y se gobierne para favorecer al gran poder econ\u00f3mico; desde luego que ellos medran recostados a dicho poder para sumar tambi\u00e9n riquezas a sus bolsillos.<\/span><\/p><p>Fuente: <span style=\"font-weight: 400;\">Antonio Garc\u00eda<\/span><\/p><p>https:\/\/telegra.ph\/LOS-PODERES-Y-EL-R%C3%89GIMEN-POL%C3%8DTICO-I-11-27<\/p><p>\u00a0<\/p>\t\t\t\t\t\t\t\t<\/div>\n\t\t\t\t<\/div>\n\t\t\t\t\t<\/div>\n\t\t\t\t<\/div>\n\t\t\t\t<\/div>\n\t\t","protected":false},"excerpt":{"rendered":"<p>Por este tiempo los grupos de poder y sus \u00abEmpresas de Comunicaci\u00f3n\u00bb colocaron el grito&#8230;<\/p>\n","protected":false},"author":1,"featured_media":70,"comment_status":"open","ping_status":"closed","sticky":false,"template":"","format":"standard","meta":{"footnotes":""},"categories":[12,70],"tags":[21,20,19,22],"class_list":["post-69","post","type-post","status-publish","format-standard","has-post-thumbnail","hentry","category-antonio-garcia","category-otras-voces","tag-cia","tag-duque","tag-eln","tag-regimen"],"yoast_head":"<!-- This site is optimized with the Yoast SEO plugin v27.5 - https:\/\/yoast.com\/product\/yoast-seo-wordpress\/ -->\n<title>LOS PODERES Y EL R\u00c9GIMEN POL\u00cdTICO (I) -<\/title>\n<meta name=\"robots\" content=\"index, follow, max-snippet:-1, max-image-preview:large, max-video-preview:-1\" \/>\n<link rel=\"canonical\" href=\"https:\/\/hueleaazufre.com\/wordpress_a\/index.php\/2023\/11\/27\/los-poderes-y-el-regimen-politico-i\/\" \/>\n<meta property=\"og:locale\" content=\"es_ES\" \/>\n<meta property=\"og:type\" content=\"article\" \/>\n<meta property=\"og:title\" content=\"LOS PODERES Y EL R\u00c9GIMEN POL\u00cdTICO (I) -\" \/>\n<meta property=\"og:description\" content=\"Por este tiempo los grupos de poder y sus \u00abEmpresas de Comunicaci\u00f3n\u00bb colocaron el grito...\" \/>\n<meta property=\"og:url\" content=\"https:\/\/hueleaazufre.com\/wordpress_a\/index.php\/2023\/11\/27\/los-poderes-y-el-regimen-politico-i\/\" \/>\n<meta property=\"article:published_time\" content=\"2023-11-27T16:07:20+00:00\" \/>\n<meta property=\"article:modified_time\" content=\"2023-12-28T18:43:41+00:00\" \/>\n<meta property=\"og:image\" content=\"https:\/\/hueleaazufre.com\/wordpress_a\/wp-content\/uploads\/2023\/11\/111.jpg\" \/>\n\t<meta property=\"og:image:width\" content=\"988\" \/>\n\t<meta property=\"og:image:height\" content=\"556\" \/>\n\t<meta property=\"og:image:type\" content=\"image\/jpeg\" \/>\n<meta name=\"author\" content=\"Huele a azufre\" \/>\n<meta name=\"twitter:card\" content=\"summary_large_image\" \/>\n<meta name=\"twitter:label1\" content=\"Escrito por\" \/>\n\t<meta name=\"twitter:data1\" content=\"Huele a azufre\" \/>\n\t<meta name=\"twitter:label2\" content=\"Tiempo de lectura\" \/>\n\t<meta name=\"twitter:data2\" content=\"7 minutos\" \/>\n<script type=\"application\/ld+json\" class=\"yoast-schema-graph\">{\"@context\":\"https:\\\/\\\/schema.org\",\"@graph\":[{\"@type\":\"Article\",\"@id\":\"https:\\\/\\\/hueleaazufre.com\\\/wordpress_a\\\/index.php\\\/2023\\\/11\\\/27\\\/los-poderes-y-el-regimen-politico-i\\\/#article\",\"isPartOf\":{\"@id\":\"https:\\\/\\\/hueleaazufre.com\\\/wordpress_a\\\/index.php\\\/2023\\\/11\\\/27\\\/los-poderes-y-el-regimen-politico-i\\\/\"},\"author\":{\"name\":\"Huele a azufre\",\"@id\":\"https:\\\/\\\/hueleaazufre.com\\\/wordpress_a\\\/#\\\/schema\\\/person\\\/549dd871707ea7f9f1a686323ebe9baa\"},\"headline\":\"LOS PODERES Y EL R\u00c9GIMEN POL\u00cdTICO (I)\",\"datePublished\":\"2023-11-27T16:07:20+00:00\",\"dateModified\":\"2023-12-28T18:43:41+00:00\",\"mainEntityOfPage\":{\"@id\":\"https:\\\/\\\/hueleaazufre.com\\\/wordpress_a\\\/index.php\\\/2023\\\/11\\\/27\\\/los-poderes-y-el-regimen-politico-i\\\/\"},\"wordCount\":1513,\"commentCount\":0,\"image\":{\"@id\":\"https:\\\/\\\/hueleaazufre.com\\\/wordpress_a\\\/index.php\\\/2023\\\/11\\\/27\\\/los-poderes-y-el-regimen-politico-i\\\/#primaryimage\"},\"thumbnailUrl\":\"https:\\\/\\\/hueleaazufre.com\\\/wordpress_a\\\/wp-content\\\/uploads\\\/2023\\\/11\\\/111.jpg\",\"keywords\":[\"CIA\",\"Duque\",\"ELN\",\"R\u00e9gimen\"],\"articleSection\":[\"Antonio Garc\u00eda\u00a0\",\"Otras voces\"],\"inLanguage\":\"es\",\"potentialAction\":[{\"@type\":\"CommentAction\",\"name\":\"Comment\",\"target\":[\"https:\\\/\\\/hueleaazufre.com\\\/wordpress_a\\\/index.php\\\/2023\\\/11\\\/27\\\/los-poderes-y-el-regimen-politico-i\\\/#respond\"]}]},{\"@type\":\"WebPage\",\"@id\":\"https:\\\/\\\/hueleaazufre.com\\\/wordpress_a\\\/index.php\\\/2023\\\/11\\\/27\\\/los-poderes-y-el-regimen-politico-i\\\/\",\"url\":\"https:\\\/\\\/hueleaazufre.com\\\/wordpress_a\\\/index.php\\\/2023\\\/11\\\/27\\\/los-poderes-y-el-regimen-politico-i\\\/\",\"name\":\"LOS PODERES Y EL R\u00c9GIMEN POL\u00cdTICO (I) -\",\"isPartOf\":{\"@id\":\"https:\\\/\\\/hueleaazufre.com\\\/wordpress_a\\\/#website\"},\"primaryImageOfPage\":{\"@id\":\"https:\\\/\\\/hueleaazufre.com\\\/wordpress_a\\\/index.php\\\/2023\\\/11\\\/27\\\/los-poderes-y-el-regimen-politico-i\\\/#primaryimage\"},\"image\":{\"@id\":\"https:\\\/\\\/hueleaazufre.com\\\/wordpress_a\\\/index.php\\\/2023\\\/11\\\/27\\\/los-poderes-y-el-regimen-politico-i\\\/#primaryimage\"},\"thumbnailUrl\":\"https:\\\/\\\/hueleaazufre.com\\\/wordpress_a\\\/wp-content\\\/uploads\\\/2023\\\/11\\\/111.jpg\",\"datePublished\":\"2023-11-27T16:07:20+00:00\",\"dateModified\":\"2023-12-28T18:43:41+00:00\",\"author\":{\"@id\":\"https:\\\/\\\/hueleaazufre.com\\\/wordpress_a\\\/#\\\/schema\\\/person\\\/549dd871707ea7f9f1a686323ebe9baa\"},\"breadcrumb\":{\"@id\":\"https:\\\/\\\/hueleaazufre.com\\\/wordpress_a\\\/index.php\\\/2023\\\/11\\\/27\\\/los-poderes-y-el-regimen-politico-i\\\/#breadcrumb\"},\"inLanguage\":\"es\",\"potentialAction\":[{\"@type\":\"ReadAction\",\"target\":[\"https:\\\/\\\/hueleaazufre.com\\\/wordpress_a\\\/index.php\\\/2023\\\/11\\\/27\\\/los-poderes-y-el-regimen-politico-i\\\/\"]}]},{\"@type\":\"ImageObject\",\"inLanguage\":\"es\",\"@id\":\"https:\\\/\\\/hueleaazufre.com\\\/wordpress_a\\\/index.php\\\/2023\\\/11\\\/27\\\/los-poderes-y-el-regimen-politico-i\\\/#primaryimage\",\"url\":\"https:\\\/\\\/hueleaazufre.com\\\/wordpress_a\\\/wp-content\\\/uploads\\\/2023\\\/11\\\/111.jpg\",\"contentUrl\":\"https:\\\/\\\/hueleaazufre.com\\\/wordpress_a\\\/wp-content\\\/uploads\\\/2023\\\/11\\\/111.jpg\",\"width\":988,\"height\":556},{\"@type\":\"BreadcrumbList\",\"@id\":\"https:\\\/\\\/hueleaazufre.com\\\/wordpress_a\\\/index.php\\\/2023\\\/11\\\/27\\\/los-poderes-y-el-regimen-politico-i\\\/#breadcrumb\",\"itemListElement\":[{\"@type\":\"ListItem\",\"position\":1,\"name\":\"Portada\",\"item\":\"https:\\\/\\\/hueleaazufre.com\\\/wordpress_a\\\/\"},{\"@type\":\"ListItem\",\"position\":2,\"name\":\"LOS PODERES Y EL R\u00c9GIMEN POL\u00cdTICO (I)\"}]},{\"@type\":\"WebSite\",\"@id\":\"https:\\\/\\\/hueleaazufre.com\\\/wordpress_a\\\/#website\",\"url\":\"https:\\\/\\\/hueleaazufre.com\\\/wordpress_a\\\/\",\"name\":\"\",\"description\":\"Huele a azufre es una plataforma digital de an\u00e1lisis geopol\u00edtico.\",\"potentialAction\":[{\"@type\":\"SearchAction\",\"target\":{\"@type\":\"EntryPoint\",\"urlTemplate\":\"https:\\\/\\\/hueleaazufre.com\\\/wordpress_a\\\/?s={search_term_string}\"},\"query-input\":{\"@type\":\"PropertyValueSpecification\",\"valueRequired\":true,\"valueName\":\"search_term_string\"}}],\"inLanguage\":\"es\"},{\"@type\":\"Person\",\"@id\":\"https:\\\/\\\/hueleaazufre.com\\\/wordpress_a\\\/#\\\/schema\\\/person\\\/549dd871707ea7f9f1a686323ebe9baa\",\"name\":\"Huele a azufre\",\"image\":{\"@type\":\"ImageObject\",\"inLanguage\":\"es\",\"@id\":\"https:\\\/\\\/secure.gravatar.com\\\/avatar\\\/e972d5c124b9bf80eb4c9d322a90dd86a59d447f5da36700a77516f13637d44e?s=96&d=mm&r=g\",\"url\":\"https:\\\/\\\/secure.gravatar.com\\\/avatar\\\/e972d5c124b9bf80eb4c9d322a90dd86a59d447f5da36700a77516f13637d44e?s=96&d=mm&r=g\",\"contentUrl\":\"https:\\\/\\\/secure.gravatar.com\\\/avatar\\\/e972d5c124b9bf80eb4c9d322a90dd86a59d447f5da36700a77516f13637d44e?s=96&d=mm&r=g\",\"caption\":\"Huele a azufre\"},\"description\":\"Huele a azufre es una plataforma digital de an\u00e1lisis geopol\u00edtico\u00a0 contrahegem\u00f3nico, que busca visibilizar las voces y los discursos silenciados por el poder medi\u00e1tico.\",\"sameAs\":[\"https:\\\/\\\/hueleaazufre.com\\\/wordpress_a\"],\"url\":\"https:\\\/\\\/hueleaazufre.com\\\/wordpress_a\\\/index.php\\\/author\\\/admin_tupapa\\\/\"}]}<\/script>\n<!-- \/ Yoast SEO plugin. -->","yoast_head_json":{"title":"LOS PODERES Y EL R\u00c9GIMEN POL\u00cdTICO (I) -","robots":{"index":"index","follow":"follow","max-snippet":"max-snippet:-1","max-image-preview":"max-image-preview:large","max-video-preview":"max-video-preview:-1"},"canonical":"https:\/\/hueleaazufre.com\/wordpress_a\/index.php\/2023\/11\/27\/los-poderes-y-el-regimen-politico-i\/","og_locale":"es_ES","og_type":"article","og_title":"LOS PODERES Y EL R\u00c9GIMEN POL\u00cdTICO (I) -","og_description":"Por este tiempo los grupos de poder y sus \u00abEmpresas de Comunicaci\u00f3n\u00bb colocaron el grito...","og_url":"https:\/\/hueleaazufre.com\/wordpress_a\/index.php\/2023\/11\/27\/los-poderes-y-el-regimen-politico-i\/","article_published_time":"2023-11-27T16:07:20+00:00","article_modified_time":"2023-12-28T18:43:41+00:00","og_image":[{"width":988,"height":556,"url":"https:\/\/hueleaazufre.com\/wordpress_a\/wp-content\/uploads\/2023\/11\/111.jpg","type":"image\/jpeg"}],"author":"Huele a azufre","twitter_card":"summary_large_image","twitter_misc":{"Escrito por":"Huele a azufre","Tiempo de lectura":"7 minutos"},"schema":{"@context":"https:\/\/schema.org","@graph":[{"@type":"Article","@id":"https:\/\/hueleaazufre.com\/wordpress_a\/index.php\/2023\/11\/27\/los-poderes-y-el-regimen-politico-i\/#article","isPartOf":{"@id":"https:\/\/hueleaazufre.com\/wordpress_a\/index.php\/2023\/11\/27\/los-poderes-y-el-regimen-politico-i\/"},"author":{"name":"Huele a azufre","@id":"https:\/\/hueleaazufre.com\/wordpress_a\/#\/schema\/person\/549dd871707ea7f9f1a686323ebe9baa"},"headline":"LOS PODERES Y EL R\u00c9GIMEN POL\u00cdTICO (I)","datePublished":"2023-11-27T16:07:20+00:00","dateModified":"2023-12-28T18:43:41+00:00","mainEntityOfPage":{"@id":"https:\/\/hueleaazufre.com\/wordpress_a\/index.php\/2023\/11\/27\/los-poderes-y-el-regimen-politico-i\/"},"wordCount":1513,"commentCount":0,"image":{"@id":"https:\/\/hueleaazufre.com\/wordpress_a\/index.php\/2023\/11\/27\/los-poderes-y-el-regimen-politico-i\/#primaryimage"},"thumbnailUrl":"https:\/\/hueleaazufre.com\/wordpress_a\/wp-content\/uploads\/2023\/11\/111.jpg","keywords":["CIA","Duque","ELN","R\u00e9gimen"],"articleSection":["Antonio Garc\u00eda\u00a0","Otras voces"],"inLanguage":"es","potentialAction":[{"@type":"CommentAction","name":"Comment","target":["https:\/\/hueleaazufre.com\/wordpress_a\/index.php\/2023\/11\/27\/los-poderes-y-el-regimen-politico-i\/#respond"]}]},{"@type":"WebPage","@id":"https:\/\/hueleaazufre.com\/wordpress_a\/index.php\/2023\/11\/27\/los-poderes-y-el-regimen-politico-i\/","url":"https:\/\/hueleaazufre.com\/wordpress_a\/index.php\/2023\/11\/27\/los-poderes-y-el-regimen-politico-i\/","name":"LOS PODERES Y EL R\u00c9GIMEN POL\u00cdTICO (I) -","isPartOf":{"@id":"https:\/\/hueleaazufre.com\/wordpress_a\/#website"},"primaryImageOfPage":{"@id":"https:\/\/hueleaazufre.com\/wordpress_a\/index.php\/2023\/11\/27\/los-poderes-y-el-regimen-politico-i\/#primaryimage"},"image":{"@id":"https:\/\/hueleaazufre.com\/wordpress_a\/index.php\/2023\/11\/27\/los-poderes-y-el-regimen-politico-i\/#primaryimage"},"thumbnailUrl":"https:\/\/hueleaazufre.com\/wordpress_a\/wp-content\/uploads\/2023\/11\/111.jpg","datePublished":"2023-11-27T16:07:20+00:00","dateModified":"2023-12-28T18:43:41+00:00","author":{"@id":"https:\/\/hueleaazufre.com\/wordpress_a\/#\/schema\/person\/549dd871707ea7f9f1a686323ebe9baa"},"breadcrumb":{"@id":"https:\/\/hueleaazufre.com\/wordpress_a\/index.php\/2023\/11\/27\/los-poderes-y-el-regimen-politico-i\/#breadcrumb"},"inLanguage":"es","potentialAction":[{"@type":"ReadAction","target":["https:\/\/hueleaazufre.com\/wordpress_a\/index.php\/2023\/11\/27\/los-poderes-y-el-regimen-politico-i\/"]}]},{"@type":"ImageObject","inLanguage":"es","@id":"https:\/\/hueleaazufre.com\/wordpress_a\/index.php\/2023\/11\/27\/los-poderes-y-el-regimen-politico-i\/#primaryimage","url":"https:\/\/hueleaazufre.com\/wordpress_a\/wp-content\/uploads\/2023\/11\/111.jpg","contentUrl":"https:\/\/hueleaazufre.com\/wordpress_a\/wp-content\/uploads\/2023\/11\/111.jpg","width":988,"height":556},{"@type":"BreadcrumbList","@id":"https:\/\/hueleaazufre.com\/wordpress_a\/index.php\/2023\/11\/27\/los-poderes-y-el-regimen-politico-i\/#breadcrumb","itemListElement":[{"@type":"ListItem","position":1,"name":"Portada","item":"https:\/\/hueleaazufre.com\/wordpress_a\/"},{"@type":"ListItem","position":2,"name":"LOS PODERES Y EL R\u00c9GIMEN POL\u00cdTICO (I)"}]},{"@type":"WebSite","@id":"https:\/\/hueleaazufre.com\/wordpress_a\/#website","url":"https:\/\/hueleaazufre.com\/wordpress_a\/","name":"","description":"Huele a azufre es una plataforma digital de an\u00e1lisis geopol\u00edtico.","potentialAction":[{"@type":"SearchAction","target":{"@type":"EntryPoint","urlTemplate":"https:\/\/hueleaazufre.com\/wordpress_a\/?s={search_term_string}"},"query-input":{"@type":"PropertyValueSpecification","valueRequired":true,"valueName":"search_term_string"}}],"inLanguage":"es"},{"@type":"Person","@id":"https:\/\/hueleaazufre.com\/wordpress_a\/#\/schema\/person\/549dd871707ea7f9f1a686323ebe9baa","name":"Huele a azufre","image":{"@type":"ImageObject","inLanguage":"es","@id":"https:\/\/secure.gravatar.com\/avatar\/e972d5c124b9bf80eb4c9d322a90dd86a59d447f5da36700a77516f13637d44e?s=96&d=mm&r=g","url":"https:\/\/secure.gravatar.com\/avatar\/e972d5c124b9bf80eb4c9d322a90dd86a59d447f5da36700a77516f13637d44e?s=96&d=mm&r=g","contentUrl":"https:\/\/secure.gravatar.com\/avatar\/e972d5c124b9bf80eb4c9d322a90dd86a59d447f5da36700a77516f13637d44e?s=96&d=mm&r=g","caption":"Huele a azufre"},"description":"Huele a azufre es una plataforma digital de an\u00e1lisis geopol\u00edtico\u00a0 contrahegem\u00f3nico, que busca visibilizar las voces y los discursos silenciados por el poder medi\u00e1tico.","sameAs":["https:\/\/hueleaazufre.com\/wordpress_a"],"url":"https:\/\/hueleaazufre.com\/wordpress_a\/index.php\/author\/admin_tupapa\/"}]}},"_links":{"self":[{"href":"https:\/\/hueleaazufre.com\/wordpress_a\/index.php\/wp-json\/wp\/v2\/posts\/69","targetHints":{"allow":["GET"]}}],"collection":[{"href":"https:\/\/hueleaazufre.com\/wordpress_a\/index.php\/wp-json\/wp\/v2\/posts"}],"about":[{"href":"https:\/\/hueleaazufre.com\/wordpress_a\/index.php\/wp-json\/wp\/v2\/types\/post"}],"author":[{"embeddable":true,"href":"https:\/\/hueleaazufre.com\/wordpress_a\/index.php\/wp-json\/wp\/v2\/users\/1"}],"replies":[{"embeddable":true,"href":"https:\/\/hueleaazufre.com\/wordpress_a\/index.php\/wp-json\/wp\/v2\/comments?post=69"}],"version-history":[{"count":4,"href":"https:\/\/hueleaazufre.com\/wordpress_a\/index.php\/wp-json\/wp\/v2\/posts\/69\/revisions"}],"predecessor-version":[{"id":78,"href":"https:\/\/hueleaazufre.com\/wordpress_a\/index.php\/wp-json\/wp\/v2\/posts\/69\/revisions\/78"}],"wp:featuredmedia":[{"embeddable":true,"href":"https:\/\/hueleaazufre.com\/wordpress_a\/index.php\/wp-json\/wp\/v2\/media\/70"}],"wp:attachment":[{"href":"https:\/\/hueleaazufre.com\/wordpress_a\/index.php\/wp-json\/wp\/v2\/media?parent=69"}],"wp:term":[{"taxonomy":"category","embeddable":true,"href":"https:\/\/hueleaazufre.com\/wordpress_a\/index.php\/wp-json\/wp\/v2\/categories?post=69"},{"taxonomy":"post_tag","embeddable":true,"href":"https:\/\/hueleaazufre.com\/wordpress_a\/index.php\/wp-json\/wp\/v2\/tags?post=69"}],"curies":[{"name":"wp","href":"https:\/\/api.w.org\/{rel}","templated":true}]}}