{"id":735,"date":"2024-02-24T21:06:38","date_gmt":"2024-02-24T21:06:38","guid":{"rendered":"https:\/\/hueleaazufre.com\/wordpress_a\/?p=735"},"modified":"2024-02-26T03:37:33","modified_gmt":"2024-02-26T03:37:33","slug":"rusia-gano-la-guerra-la-batalla-de-avdivka-y-un-nuevo-momento-clave-de-un-conflicto-que-cumple-dos-anos","status":"publish","type":"post","link":"https:\/\/hueleaazufre.com\/wordpress_a\/index.php\/2024\/02\/24\/rusia-gano-la-guerra-la-batalla-de-avdivka-y-un-nuevo-momento-clave-de-un-conflicto-que-cumple-dos-anos\/","title":{"rendered":"\u00bfRusia gan\u00f3 la guerra? La batalla de Avdivka y un nuevo momento clave de un conflicto que cumple dos a\u00f1os"},"content":{"rendered":"<p><strong>Este 24 de febrero se cumplen\u00a0<a class=\"link\" href=\"https:\/\/www.eldestapeweb.com\/tag\/guerra-rusia-ucrania\">dos a\u00f1os del inicio de la operaci\u00f3n militar especial de Rusia<\/a>, dando inicio a una guerra europea en territorio ucraniano<\/strong>. La magnitud de los contendientes directos e indirectos en el conflicto, la ubicaci\u00f3n del teatro de las operaciones militares, los recursos econ\u00f3micos que la guerra consume, y las repercusiones geopol\u00edticas que gener\u00f3 y genera, han hecho de \u201cUcrania\u201d el conflicto armado de estos tiempos. Adem\u00e1s, al necesario recuento del conflicto en el segundo aniversario de su inicio, el campo de batalla agreg\u00f3 hechos recientes que empezaron a redefinir el escenario estrat\u00e9gico en donde el conflicto se desenvuelve.<\/p>\n<h2 class=\"h2\">La guerra de baja intensidad del Donbas<\/h2>\n<p>El conflicto en\u00a0<strong>el Donbas, la regi\u00f3n cultural e idiom\u00e1ticamente rusa del este ucraniano<\/strong>, no arranc\u00f3 en 2022, sino que tiene origen en la distribuci\u00f3n de l\u00edmites al interior de la URSS que fueron puestos en evidencia tras su disoluci\u00f3n. Los movimientos pro-europeos en Ucrania con epicentro en Kiev, la Revoluci\u00f3n Naranja de 2004-05 y el Euromaid\u00e1n de 2013-14, trastocaron el hist\u00f3rico alineamiento de Ucrania con Mosc\u00fa. Dependiendo la posici\u00f3n del analista, dicha situaci\u00f3n fue promovida o aprovechada por los Estados Unidos que, desde la ca\u00edda de la URSS, fue corriendo progresivamente la frontera de los pa\u00edses miembros de la OTAN hacia el este.<\/p>\n<p>&nbsp;<\/p>\n<div class=\"link_nota_propia\" data-mrf-recirculation=\"Nota: nota propia\">\n<article class=\"nota nota--horizontal\">\n<div class=\"aux\">\n<div class=\"media\"><a href=\"https:\/\/www.eldestapeweb.com\/opinion\/estados-unidos\/estados-unidos-guerra-civil-o-contienda-electoral--2024290516\"><img decoding=\"async\" class=\"i-amphtml-fill-content i-amphtml-replaced-content\" src=\"https:\/\/cdn.eldestapeweb.com\/eldestape\/112020\/1604542710385.webp?cw=375&amp;ch=211&amp;extw=jpg\" alt=\"Estados Unidos: \u00bfGuerra civil o contienda electoral?\" data-amp-auto-lightbox-disable=\"\" \/><\/a><\/div>\n<div class=\"data\"><\/div>\n<\/div>\n<\/article>\n<\/div>\n<p>El Euromaid\u00e1n determin\u00f3 que la Federaci\u00f3n de Rusia avance militarmente ocupando la estrat\u00e9gica Pen\u00ednsula de Crimea en 2014, cuya anexi\u00f3n fue reconocida de facto por\u00a0<strong>los Acuerdos de Minsk, rubricados por Mosc\u00fa y Kiev<\/strong>\u00a0tras un esfuerzo negociador de la Uni\u00f3n Europea. Esa situaci\u00f3n deriv\u00f3 en\u00a0<strong>el surgimiento de las Rep\u00fablicas Populares de Donetsk y Lugansk<\/strong>, los dos oblast (provincias) del Donbas. Sus gobiernos, que incluso anunciaron un car\u00e1cter socialista, no fueron reconocidos por Rusia, abriendo un conflicto de baja intensidad, con milicias del nacionalismo ucraniano cometiendo ataques sobre la poblaci\u00f3n civil ruso-parlante.<\/p>\n<p>El\u00a0<strong>medio alem\u00e1n\u00a0<em>Deustche Welle<\/em><\/strong>, al que no se puede rotular como simpatizante ruso, se\u00f1ala\u00a0<strong>acusaciones sobre Arsen Avakov, antiguo Ministro del Interior ucraniano, de ser responsable por \u201cdisparos contra zonas residenciales en Donb\u00e1s, en los que regularmente mueren habitantes\u201d<\/strong>, mientras que en 2021, antes del inicio de la intervenci\u00f3n militar de Mosc\u00fa, se denunci\u00f3 la aparici\u00f3n de cinco fosas comunes, donde los separatistas pro-rusos exhumaron cuerpos de civiles desarmados. \u201cLos separatistas de Donetsk reportaron 47 muertos, los de Lugansk, 267\u201d (DW, 18\/02\/2022).<\/p>\n<p>Ya en febrero de 2022,\u00a0<strong>el presidente ruso Vladimir Putin justific\u00f3 la operaci\u00f3n militar detallando el incumplimiento de los \u201cAcuerdos de Minsk I y II\u201d\u00a0<\/strong>y denunci\u00f3 un \u201cgenocidio\u201d de 15 mil personas en el Donb\u00e1s y la necesidad de \u201cdesnazificar\u201d el Estado ucraniano.<\/p>\n<h2 class=\"h2\">Dos a\u00f1os, seis momentos<\/h2>\n<p>Desde el inicio de la autodenominada \u201cOperaci\u00f3n Militar Especial\u201d de Rusia, en cumplimiento de su Doctrina de Defensa Nacional establecida en 1993, la cual contempla dicha figura para protecci\u00f3n de minor\u00edas rusas en pa\u00edses fronterizos, el conflicto armado atraves\u00f3 distintas etapas. En retrospectiva, y a nuestro criterio, estos pueden ser divididos en seis momentos:<\/p>\n<ul>\n<li>Primer Momento, febrero de 2022: \u201cGuerra rel\u00e1mpago rusa\u201d.\u00a0La operaci\u00f3n militar especial de Rusia sobre Ucrania ataca por tres frentes: Norte-Noreste, Este y Sur. Se ocupa el Donbas, se y se conecta por tierra esta regi\u00f3n con la Pen\u00ednsula de Crimea, al tiempo que en el Frente Norte-Noreste, en territorio central ucraniano, la acci\u00f3n militar ensaya un movimiento envolvente sobre Kiev para hacer caer el gobierno de Volodimir Zelenski y \u201cdesnazificar\u201d el pa\u00eds.<\/li>\n<li>Segundo Momento, marzo de 2022: \u201cRepliegue de Rusia\u201d. Por errores t\u00e1cticos y operacionales, y en un escenario de presi\u00f3n internacional creciente, Rusia no consigue hacerse del control de Kiev. Mosc\u00fa ordena un repliegue y abandona la ocupaci\u00f3n del \u00e1rea central de Ucrania, concentrando su atenci\u00f3n en el Donbas, pero sin dejar de bombardear objetivos militares y civiles lejos de la l\u00ednea de ese frente, incluida la red de energ\u00eda durante el invierno.<\/li>\n<li>Tercer Momento, mayo de 2022, \u201cSegunda ofensiva rusa\u201d. El objetivo de Rusia se concentr\u00f3 en tratar de tomar el pleno control sobre el Donbas, particularmente de las ciudades de Kramatorsk y Slaviansk. Despu\u00e9s de largos meses de combate, los rusos quebraron el frente de batalla al sur. Sin embargo, la ofensiva rusa se paraliz\u00f3 a unos 20 km, no consiguiendo una penetraci\u00f3n de mayor alcance. A partir de all\u00ed, la guerra se estanc\u00f3 en sangrientas batallas por pueblos muy peque\u00f1os.<\/li>\n<\/ul>\n<p>Tal como lo se\u00f1ala\u00a0<strong>el analista argentino Guillermo Caviasca<\/strong>, \u201cdurante ese periodo los ucranianos maduraron el apoyo occidental y sus fuerzas de reclutamiento movilizadas y con esta base amenazaron otros sectores del frente. Tuvieron \u00e9xito. Se lanzaron sobre Jers\u00f3n. Los rusos ante la presi\u00f3n decidieron ir disminuyendo el frente. A principios de septiembre [de 2022] toda la provincia de Karkov pas\u00f3 a manos ucranianas. A principios de octubre en Liman (una posici\u00f3n de importancia operacional) los rusos fueron derrotados en batalla, aunque salvaron sus fuerzas. Y a principios de noviembre Jers\u00f3n fue abandonada despu\u00e9s de haber sido anexionada a la federaci\u00f3n rusa. La iniciativa operacional hab\u00eda pasado a los ucras por primera vez\u201d.<\/p>\n<p>A partir de all\u00ed, los frentes de batalla se estabilizaron.\u00a0<strong>Ucrania agot\u00f3 su capacidad ofensiva<\/strong>, y\u00a0<strong>Rusia<\/strong>, con un cambio del jefe militar de sus tropas en Ucrania,\u00a0<strong>logra racionalizar el desgaste y estabilizar la situaci\u00f3n<\/strong>.<\/p>\n<ul>\n<li>Cuarto Momento, junio de 2023, \u201cLa contraofensiva de Ucrania\u201d. Con el apoyo financiero y material de Occidente, Ucrania finalmente lanza su tan esperada ofensiva, con m\u00e1s de 1.200 tanques, veh\u00edculos blindados de tropas, aviones de combate, drones y equipos antia\u00e9reos. A pesar de la intensa propaganda occidental, los c\u00e1lculos de diversos analistas se\u00f1alaron desde un comienzo que la ofensiva ucraniana era, por lo menos, muy arriesgada. Seg\u00fan informaci\u00f3n proporcionada por la propia BBC brit\u00e1nica, ni en el mejor momento de la asistencia occidental en febrero de 2023, Ucrania logr\u00f3 poner en pie una Fuerza Armada equivalente a la de Rusia.<\/li>\n<\/ul>\n<p>El punto m\u00e1s \u00e1lgido de este momento se vivi\u00f3 con\u00a0<strong>la rebeli\u00f3n del Grupo Wanger, el ej\u00e9rcito privado ruso, el 23 y 24 de junio de 2023<\/strong>. Yevgueni Prigozhin, Jefe del Grupo Wagner, se rindi\u00f3 y march\u00f3 al exilio a Bielorrusia, se\u00f1alando que quer\u00eda \u201cdemostrar nuestro portento, no superar a la autoridad en Rusia\u201d. Prigozhin muri\u00f3 en un accidente a\u00e9reo en agosto pasado, y Wanger opera en Ucrania y en el globo como una fuerza militar privada a las \u00f3rdenes de Mosc\u00fa.<\/p>\n<p>&nbsp;<\/p>\n<div class=\"link_nota_propia\" data-mrf-recirculation=\"Nota: nota propia\">\n<article class=\"nota nota--horizontal\">\n<div class=\"aux\">\n<div class=\"media\"><a href=\"https:\/\/www.eldestapeweb.com\/opinion\/guerra-rusia-ucrania\/la-sublevacion-de-wagner-un-nuevo-elemento-que-define-el-caracter-hibrido-del-conflicto-armado-en-ucrania--2023630070\"><img decoding=\"async\" class=\"i-amphtml-fill-content i-amphtml-replaced-content\" src=\"https:\/\/cdn.eldestapeweb.com\/eldestape\/062023\/1687695238343.webp?cw=375&amp;ch=211&amp;extw=jpg\" alt=\"Caso Wagner \u00bfUn nuevo elemento que define el car\u00e1cter h\u00edbrido del conflicto?\" data-amp-auto-lightbox-disable=\"\" \/><\/a><\/div>\n<div class=\"data\">\n<div><\/div>\n<\/div>\n<\/div>\n<\/article>\n<\/div>\n<ul>\n<li>Quinto Momento, noviembre de 2023: \u201cEl estancamiento de la guerra\u201d. Desde septiembre la contraofensiva ucraniana perdi\u00f3 impulso. Mientras la econom\u00eda rusa cay\u00f3 2 puntos del PBI por las sanciones de la guerra, su r\u00e1pida potenciaci\u00f3n de las relaciones comerciales con \u201cOriente\u201d (China e India, sobre todo), mostraban en esas fechas un balance m\u00e1s que positivo para 2023.<\/li>\n<\/ul>\n<p>De esa manera, y como oportunamente se\u00f1al\u00f3\u00a0<strong>Gabriel Camilli, Coronel Mayor retirado del Ej\u00e9rcito Argentino<\/strong>, \u201cen los niveles estrat\u00e9gicos militar y operacional y en el t\u00e1ctico, se puede ver que Ucrania est\u00e1 en realidad a la defensiva y Rusia a la ofensiva\u201d (VP, 29\/01\/2024).<\/p>\n<p>En otro art\u00edculo,\u00a0<strong>Camilli profundiza su an\u00e1lisis y se\u00f1ala el principal problema de las Fuerzas Armadas de Ucrania<\/strong>\u00a0y, por ende, de todo occidente: el \u201cfactor demogr\u00e1fico\u201d. Con una edad media de 40 a\u00f1os en sus combatientes, \u201cel ej\u00e9rcito ucraniano no puede reclutar soldados m\u00e1s j\u00f3venes simplemente porque no hay m\u00e1s j\u00f3venes. Los pocos miles de j\u00f3venes que frecuentan Kiev son en realidad estudiantes universitarios cuyo conocimiento y trabajo son necesarios para afrontar las pr\u00f3ximas d\u00e9cadas. Reclutarlos acabar\u00eda con cualquier perspectiva positiva que a\u00fan pueda tener Ucrania\u201d (VP, 6\/02\/2024).<\/p>\n<h2 class=\"h2\">La actualidad: el sexto momento de la Guerra en Ucrania<\/h2>\n<p>A casi dos a\u00f1os del inicio de la guerra abierta, el pasado domingo 18 de febrero,\u00a0<strong>el Ministerio de Defensa de la Federaci\u00f3n de Rusia comunic\u00f3 que ten\u00eda el control total de la ciudad de Avdivka<\/strong>\u00a0tras una desordenada retirada de las fuerzas ucranianas Ucrania.<\/p>\n<p>&nbsp;<\/p>\n<div class=\"link_nota_propia\" data-mrf-recirculation=\"Nota: nota propia\">\n<p class=\"subtitulo\"><a href=\"https:\/\/www.eldestapeweb.com\/opinion\/conflicto-en-medio-oriente\/yemen-el-mar-rojo-y-el-escalamiento-del-conflicto-en-medio-oriente--20241280530\"><img decoding=\"async\" class=\"i-amphtml-fill-content i-amphtml-replaced-content\" src=\"https:\/\/cdn.eldestapeweb.com\/eldestape\/012024\/1704886663514.webp?cw=375&amp;ch=211&amp;extw=jpeg\" alt=\"Yemen, el mar rojo y el escalamiento del conflicto en medio oriente \" data-amp-auto-lightbox-disable=\"\" \/><\/a><\/p>\n<article class=\"nota nota--horizontal\">\n<div class=\"aux\">\n<div class=\"data\">\n<div class=\"cont_autor\">\n<div><\/div>\n<\/div>\n<\/div>\n<\/div>\n<\/article>\n<\/div>\n<p>El control por parte de Rusia de esta ciudad, a escasos 20km de Donetsk es, para todos los analistas, un punto de inflexi\u00f3n en el conflicto.\u00a0<strong>La resoluci\u00f3n de esta batalla resuelve el control de toda la regi\u00f3n de Donetsk a Rusia.\u00a0<\/strong><\/p>\n<p>El nuevo jefe de las fuerzas armadas de Ucrania,\u00a0<strong>el general Oleksandr Syrskyi, nombrado este mes, dijo que \u201cpreferir\u00eda retirarse antes que sacrificar vidas\u201d.<\/strong>\u00a0Sin embargo, un sector de la prensa occidental se\u00f1ala un cortocircuito entre el nuevo mando militar y el famoso \u201cBatall\u00f3n Azov\u201d, que se neg\u00f3 o no pudo dar un contragolpe luego de que Rusia ocupara Avdivka, una localidad, convertida en fortaleza, en los suburbios de la Ciudad de Doneskt, capital de la provincia hom\u00f3nima y epicentro demogr\u00e1fico del Donbas.<\/p>\n<p>La prensa occidental atribuye que\u00a0<strong>la p\u00e9rdida de este combate se da en el marco del corte del financiamiento por parte de EEUU y Europa<\/strong>. El propio Biden culp\u00f3 al Congreso y al dislate republicano, que condiciona cualquier nueva ayuda a Ucrania a la puesta en marcha de una pol\u00edtica punitivista a la crisis migratoria de Texas.<\/p>\n<p>El control militar de\u00a0<strong>estos territorios, que en conjunto representan cerca del 20% de Ucrania y que concentran zonas industriales, tierras f\u00e9rtiles, puertos y abundantes recursos naturales claves como el ne\u00f3n\u00a0<\/strong>(utilizado en la producci\u00f3n de semiconductores), pareciera sellar aquel anuncio de anexi\u00f3n por parte de la Federaci\u00f3n Rusa de las Rep\u00fablica Popular de Donetsk, Rep\u00fablica Popular de Lugansk, y los \u00f3blast de Zaporiyia y Jers\u00f3n. En conjunto adem\u00e1s, esto implica una conexi\u00f3n entre Rusia y Crimea, a la vez que una desconexi\u00f3n entre Ucrania y dicha pen\u00ednsula.<\/p>\n<h2 class=\"h2\">Palabras finales<\/h2>\n<p>Pese a los m\u00e1s de 160 mil millones de d\u00f3lares que los EEUU y la OTAN pusieron en los dos a\u00f1os de guerra abierta en Ucrania,\u00a0<strong>la batalla de Avdivka se\u00f1ala que, en el nivel operacional, Ucrania por si sola no puede ganar<\/strong>. S\u00f3lo con una intervenci\u00f3n directa de las Fuerzas de la OTAN, la guerra podr\u00eda cambiar su curso. Por m\u00faltiples razones, eso hoy es improbable. Fundamentalmente porque en EEUU se abri\u00f3, con las elecciones, una discusi\u00f3n de proyectos estrat\u00e9gicos, entre globalistas y neoconservadores, y, en Europa, la lucha de sus pa\u00edses est\u00e1 m\u00e1s en no caer en una franca recesi\u00f3n tras los problemas de abastecimiento energ\u00e9tico que se viven desde la ruptura con la provisi\u00f3n rusa.<\/p>\n<p>El nivel t\u00e9cnico-militar siempre est\u00e1 supeditado a un nivel pol\u00edtico-militar.<strong>\u00a0Ganar una guerra no es sin\u00f3nimo de realizar pol\u00edticamente una victoria<\/strong>. El Kremlin lo sabe, y por eso Putin sacudi\u00f3 la cortina informativa occidental con la entrevista realizada por Tucker Carlson a trav\u00e9s de la red social X, con el benepl\u00e1cito de su due\u00f1o, Elon Musk, y como un gui\u00f1o electoral al mism\u00edsimo Donald Trump. Ni lento ni perezoso, Putin aprovecha las fortalezas de sus Ej\u00e9rcitos en el Donbas, para operar \u201ctras l\u00edneas enemigas\u201d, tambi\u00e9n en el campo de la pol\u00edtica internacional.<\/p>\n<p>A\u00fan restan elementos geopol\u00edticos que analizar. En la coyuntura actual,\u00a0<strong>resulta imprescindible medir la articulaci\u00f3n del escenario ucraniano con el escalamiento del conflicto en Medio Oriente tras el accionar desproporcionado de Israel en Gaza<\/strong>. Lo cierto es que en Ucrania pareciera estar resuelto, en el nivel operacional, un conflicto armado que promet\u00eda ser de larga duraci\u00f3n. Las elecciones en Rusia, en menos de cuatro semanas, otorgar\u00e1n un nuevo impulso a la resoluci\u00f3n del conflicto en favor de Putin, en donde la reciente muerte en la c\u00e1rcel de Navalny, un medi\u00e1tico opositor, no pareciera haber hecho la m\u00e1s m\u00ednima mella.<\/p>\n<p>Ante nuestros ojos,\u00a0<strong>empieza a emerger la construcci\u00f3n pol\u00edtica de un nuevo orden mundial<\/strong>. En la palestra internacional aparecen m\u00faltiples actores con capacidad de desafiar el orden edificado tras el fin de la segunda guerra mundial. De conjunto, la eventual derrota en el campo de batalla de un Ej\u00e9rcito armado tan decididamente por la OTAN empieza a se\u00f1alarnos la consolidaci\u00f3n de una nueva fase en el sistema econ\u00f3mico, pol\u00edtico y militar global. All\u00ed, sin dudas, Ucrania se inscribe como un importante escenario del conflicto geopol\u00edtico.<\/p>\n<p><strong>Autores: Mat\u00edas Caciabue y Paula Gim\u00e9nez<\/strong><\/p>\n<p><a href=\"https:\/\/www.eldestapeweb.com\/opinion\/guerra-rusia-ucrania\/en-el-segundo-aniversario-de-la-invasion-rusia-gano-la-guerra--20242240540\">Fuente: El Destape \/\u00a0 PAULA GIM\u00c9NEZ <\/a><a href=\"https:\/\/www.eldestapeweb.com\/opinion\/guerra-rusia-ucrania\/en-el-segundo-aniversario-de-la-invasion-rusia-gano-la-guerra--20242240540\">MAT\u00cdAS CACIABUE,<\/a><\/p>\n","protected":false},"excerpt":{"rendered":"<p>Este 24 de febrero se cumplen\u00a0dos a\u00f1os del inicio de la operaci\u00f3n militar especial de&#8230;<\/p>\n","protected":false},"author":1,"featured_media":736,"comment_status":"open","ping_status":"closed","sticky":false,"template":"","format":"standard","meta":{"footnotes":""},"categories":[70,59],"tags":[89,8,100,134],"class_list":["post-735","post","type-post","status-publish","format-standard","has-post-thumbnail","hentry","category-otras-voces","category-paula-gimenez","tag-ee-uu","tag-guerra","tag-otan","tag-rusia"],"yoast_head":"<!-- This site is optimized with the Yoast SEO plugin v27.5 - https:\/\/yoast.com\/product\/yoast-seo-wordpress\/ -->\n<title>\u00bfRusia gan\u00f3 la guerra? La batalla de Avdivka y un nuevo momento clave de un conflicto que cumple dos a\u00f1os -<\/title>\n<meta name=\"robots\" content=\"index, follow, max-snippet:-1, max-image-preview:large, max-video-preview:-1\" \/>\n<link rel=\"canonical\" href=\"https:\/\/hueleaazufre.com\/wordpress_a\/index.php\/2024\/02\/24\/rusia-gano-la-guerra-la-batalla-de-avdivka-y-un-nuevo-momento-clave-de-un-conflicto-que-cumple-dos-anos\/\" \/>\n<meta property=\"og:locale\" content=\"es_ES\" \/>\n<meta property=\"og:type\" content=\"article\" \/>\n<meta property=\"og:title\" content=\"\u00bfRusia gan\u00f3 la guerra? La batalla de Avdivka y un nuevo momento clave de un conflicto que cumple dos a\u00f1os -\" \/>\n<meta property=\"og:description\" content=\"Este 24 de febrero se cumplen\u00a0dos a\u00f1os del inicio de la operaci\u00f3n militar especial de...\" \/>\n<meta property=\"og:url\" content=\"https:\/\/hueleaazufre.com\/wordpress_a\/index.php\/2024\/02\/24\/rusia-gano-la-guerra-la-batalla-de-avdivka-y-un-nuevo-momento-clave-de-un-conflicto-que-cumple-dos-anos\/\" \/>\n<meta property=\"article:published_time\" content=\"2024-02-24T21:06:38+00:00\" \/>\n<meta property=\"article:modified_time\" content=\"2024-02-26T03:37:33+00:00\" \/>\n<meta property=\"og:image\" content=\"https:\/\/hueleaazufre.com\/wordpress_a\/wp-content\/uploads\/2024\/02\/22.jpg\" \/>\n\t<meta property=\"og:image:width\" content=\"426\" \/>\n\t<meta property=\"og:image:height\" content=\"316\" \/>\n\t<meta property=\"og:image:type\" content=\"image\/jpeg\" \/>\n<meta name=\"author\" content=\"Huele a azufre\" \/>\n<meta name=\"twitter:card\" content=\"summary_large_image\" \/>\n<meta name=\"twitter:label1\" content=\"Escrito por\" \/>\n\t<meta name=\"twitter:data1\" content=\"Huele a azufre\" \/>\n\t<meta name=\"twitter:label2\" content=\"Tiempo de lectura\" \/>\n\t<meta name=\"twitter:data2\" content=\"10 minutos\" \/>\n<script type=\"application\/ld+json\" class=\"yoast-schema-graph\">{\"@context\":\"https:\\\/\\\/schema.org\",\"@graph\":[{\"@type\":\"Article\",\"@id\":\"https:\\\/\\\/hueleaazufre.com\\\/wordpress_a\\\/index.php\\\/2024\\\/02\\\/24\\\/rusia-gano-la-guerra-la-batalla-de-avdivka-y-un-nuevo-momento-clave-de-un-conflicto-que-cumple-dos-anos\\\/#article\",\"isPartOf\":{\"@id\":\"https:\\\/\\\/hueleaazufre.com\\\/wordpress_a\\\/index.php\\\/2024\\\/02\\\/24\\\/rusia-gano-la-guerra-la-batalla-de-avdivka-y-un-nuevo-momento-clave-de-un-conflicto-que-cumple-dos-anos\\\/\"},\"author\":{\"name\":\"Huele a azufre\",\"@id\":\"https:\\\/\\\/hueleaazufre.com\\\/wordpress_a\\\/#\\\/schema\\\/person\\\/549dd871707ea7f9f1a686323ebe9baa\"},\"headline\":\"\u00bfRusia gan\u00f3 la guerra? La batalla de Avdivka y un nuevo momento clave de un conflicto que cumple dos a\u00f1os\",\"datePublished\":\"2024-02-24T21:06:38+00:00\",\"dateModified\":\"2024-02-26T03:37:33+00:00\",\"mainEntityOfPage\":{\"@id\":\"https:\\\/\\\/hueleaazufre.com\\\/wordpress_a\\\/index.php\\\/2024\\\/02\\\/24\\\/rusia-gano-la-guerra-la-batalla-de-avdivka-y-un-nuevo-momento-clave-de-un-conflicto-que-cumple-dos-anos\\\/\"},\"wordCount\":2145,\"commentCount\":0,\"image\":{\"@id\":\"https:\\\/\\\/hueleaazufre.com\\\/wordpress_a\\\/index.php\\\/2024\\\/02\\\/24\\\/rusia-gano-la-guerra-la-batalla-de-avdivka-y-un-nuevo-momento-clave-de-un-conflicto-que-cumple-dos-anos\\\/#primaryimage\"},\"thumbnailUrl\":\"https:\\\/\\\/hueleaazufre.com\\\/wordpress_a\\\/wp-content\\\/uploads\\\/2024\\\/02\\\/22.jpg\",\"keywords\":[\"EE.UU\",\"Guerra\",\"OTAN\",\"Rusia\"],\"articleSection\":[\"Otras voces\",\"Paula Gim\u00e9nez\"],\"inLanguage\":\"es\",\"potentialAction\":[{\"@type\":\"CommentAction\",\"name\":\"Comment\",\"target\":[\"https:\\\/\\\/hueleaazufre.com\\\/wordpress_a\\\/index.php\\\/2024\\\/02\\\/24\\\/rusia-gano-la-guerra-la-batalla-de-avdivka-y-un-nuevo-momento-clave-de-un-conflicto-que-cumple-dos-anos\\\/#respond\"]}]},{\"@type\":\"WebPage\",\"@id\":\"https:\\\/\\\/hueleaazufre.com\\\/wordpress_a\\\/index.php\\\/2024\\\/02\\\/24\\\/rusia-gano-la-guerra-la-batalla-de-avdivka-y-un-nuevo-momento-clave-de-un-conflicto-que-cumple-dos-anos\\\/\",\"url\":\"https:\\\/\\\/hueleaazufre.com\\\/wordpress_a\\\/index.php\\\/2024\\\/02\\\/24\\\/rusia-gano-la-guerra-la-batalla-de-avdivka-y-un-nuevo-momento-clave-de-un-conflicto-que-cumple-dos-anos\\\/\",\"name\":\"\u00bfRusia gan\u00f3 la guerra? La batalla de Avdivka y un nuevo momento clave de un conflicto que cumple dos a\u00f1os -\",\"isPartOf\":{\"@id\":\"https:\\\/\\\/hueleaazufre.com\\\/wordpress_a\\\/#website\"},\"primaryImageOfPage\":{\"@id\":\"https:\\\/\\\/hueleaazufre.com\\\/wordpress_a\\\/index.php\\\/2024\\\/02\\\/24\\\/rusia-gano-la-guerra-la-batalla-de-avdivka-y-un-nuevo-momento-clave-de-un-conflicto-que-cumple-dos-anos\\\/#primaryimage\"},\"image\":{\"@id\":\"https:\\\/\\\/hueleaazufre.com\\\/wordpress_a\\\/index.php\\\/2024\\\/02\\\/24\\\/rusia-gano-la-guerra-la-batalla-de-avdivka-y-un-nuevo-momento-clave-de-un-conflicto-que-cumple-dos-anos\\\/#primaryimage\"},\"thumbnailUrl\":\"https:\\\/\\\/hueleaazufre.com\\\/wordpress_a\\\/wp-content\\\/uploads\\\/2024\\\/02\\\/22.jpg\",\"datePublished\":\"2024-02-24T21:06:38+00:00\",\"dateModified\":\"2024-02-26T03:37:33+00:00\",\"author\":{\"@id\":\"https:\\\/\\\/hueleaazufre.com\\\/wordpress_a\\\/#\\\/schema\\\/person\\\/549dd871707ea7f9f1a686323ebe9baa\"},\"breadcrumb\":{\"@id\":\"https:\\\/\\\/hueleaazufre.com\\\/wordpress_a\\\/index.php\\\/2024\\\/02\\\/24\\\/rusia-gano-la-guerra-la-batalla-de-avdivka-y-un-nuevo-momento-clave-de-un-conflicto-que-cumple-dos-anos\\\/#breadcrumb\"},\"inLanguage\":\"es\",\"potentialAction\":[{\"@type\":\"ReadAction\",\"target\":[\"https:\\\/\\\/hueleaazufre.com\\\/wordpress_a\\\/index.php\\\/2024\\\/02\\\/24\\\/rusia-gano-la-guerra-la-batalla-de-avdivka-y-un-nuevo-momento-clave-de-un-conflicto-que-cumple-dos-anos\\\/\"]}]},{\"@type\":\"ImageObject\",\"inLanguage\":\"es\",\"@id\":\"https:\\\/\\\/hueleaazufre.com\\\/wordpress_a\\\/index.php\\\/2024\\\/02\\\/24\\\/rusia-gano-la-guerra-la-batalla-de-avdivka-y-un-nuevo-momento-clave-de-un-conflicto-que-cumple-dos-anos\\\/#primaryimage\",\"url\":\"https:\\\/\\\/hueleaazufre.com\\\/wordpress_a\\\/wp-content\\\/uploads\\\/2024\\\/02\\\/22.jpg\",\"contentUrl\":\"https:\\\/\\\/hueleaazufre.com\\\/wordpress_a\\\/wp-content\\\/uploads\\\/2024\\\/02\\\/22.jpg\",\"width\":426,\"height\":316,\"caption\":\"foto: El Destape\"},{\"@type\":\"BreadcrumbList\",\"@id\":\"https:\\\/\\\/hueleaazufre.com\\\/wordpress_a\\\/index.php\\\/2024\\\/02\\\/24\\\/rusia-gano-la-guerra-la-batalla-de-avdivka-y-un-nuevo-momento-clave-de-un-conflicto-que-cumple-dos-anos\\\/#breadcrumb\",\"itemListElement\":[{\"@type\":\"ListItem\",\"position\":1,\"name\":\"Portada\",\"item\":\"https:\\\/\\\/hueleaazufre.com\\\/wordpress_a\\\/\"},{\"@type\":\"ListItem\",\"position\":2,\"name\":\"\u00bfRusia gan\u00f3 la guerra? La batalla de Avdivka y un nuevo momento clave de un conflicto que cumple dos a\u00f1os\"}]},{\"@type\":\"WebSite\",\"@id\":\"https:\\\/\\\/hueleaazufre.com\\\/wordpress_a\\\/#website\",\"url\":\"https:\\\/\\\/hueleaazufre.com\\\/wordpress_a\\\/\",\"name\":\"\",\"description\":\"Huele a azufre es una plataforma digital de an\u00e1lisis geopol\u00edtico.\",\"potentialAction\":[{\"@type\":\"SearchAction\",\"target\":{\"@type\":\"EntryPoint\",\"urlTemplate\":\"https:\\\/\\\/hueleaazufre.com\\\/wordpress_a\\\/?s={search_term_string}\"},\"query-input\":{\"@type\":\"PropertyValueSpecification\",\"valueRequired\":true,\"valueName\":\"search_term_string\"}}],\"inLanguage\":\"es\"},{\"@type\":\"Person\",\"@id\":\"https:\\\/\\\/hueleaazufre.com\\\/wordpress_a\\\/#\\\/schema\\\/person\\\/549dd871707ea7f9f1a686323ebe9baa\",\"name\":\"Huele a azufre\",\"image\":{\"@type\":\"ImageObject\",\"inLanguage\":\"es\",\"@id\":\"https:\\\/\\\/secure.gravatar.com\\\/avatar\\\/e972d5c124b9bf80eb4c9d322a90dd86a59d447f5da36700a77516f13637d44e?s=96&d=mm&r=g\",\"url\":\"https:\\\/\\\/secure.gravatar.com\\\/avatar\\\/e972d5c124b9bf80eb4c9d322a90dd86a59d447f5da36700a77516f13637d44e?s=96&d=mm&r=g\",\"contentUrl\":\"https:\\\/\\\/secure.gravatar.com\\\/avatar\\\/e972d5c124b9bf80eb4c9d322a90dd86a59d447f5da36700a77516f13637d44e?s=96&d=mm&r=g\",\"caption\":\"Huele a azufre\"},\"description\":\"Huele a azufre es una plataforma digital de an\u00e1lisis geopol\u00edtico\u00a0 contrahegem\u00f3nico, que busca visibilizar las voces y los discursos silenciados por el poder medi\u00e1tico.\",\"sameAs\":[\"https:\\\/\\\/hueleaazufre.com\\\/wordpress_a\"],\"url\":\"https:\\\/\\\/hueleaazufre.com\\\/wordpress_a\\\/index.php\\\/author\\\/admin_tupapa\\\/\"}]}<\/script>\n<!-- \/ Yoast SEO plugin. -->","yoast_head_json":{"title":"\u00bfRusia gan\u00f3 la guerra? La batalla de Avdivka y un nuevo momento clave de un conflicto que cumple dos a\u00f1os -","robots":{"index":"index","follow":"follow","max-snippet":"max-snippet:-1","max-image-preview":"max-image-preview:large","max-video-preview":"max-video-preview:-1"},"canonical":"https:\/\/hueleaazufre.com\/wordpress_a\/index.php\/2024\/02\/24\/rusia-gano-la-guerra-la-batalla-de-avdivka-y-un-nuevo-momento-clave-de-un-conflicto-que-cumple-dos-anos\/","og_locale":"es_ES","og_type":"article","og_title":"\u00bfRusia gan\u00f3 la guerra? La batalla de Avdivka y un nuevo momento clave de un conflicto que cumple dos a\u00f1os -","og_description":"Este 24 de febrero se cumplen\u00a0dos a\u00f1os del inicio de la operaci\u00f3n militar especial de...","og_url":"https:\/\/hueleaazufre.com\/wordpress_a\/index.php\/2024\/02\/24\/rusia-gano-la-guerra-la-batalla-de-avdivka-y-un-nuevo-momento-clave-de-un-conflicto-que-cumple-dos-anos\/","article_published_time":"2024-02-24T21:06:38+00:00","article_modified_time":"2024-02-26T03:37:33+00:00","og_image":[{"width":426,"height":316,"url":"https:\/\/hueleaazufre.com\/wordpress_a\/wp-content\/uploads\/2024\/02\/22.jpg","type":"image\/jpeg"}],"author":"Huele a azufre","twitter_card":"summary_large_image","twitter_misc":{"Escrito por":"Huele a azufre","Tiempo de lectura":"10 minutos"},"schema":{"@context":"https:\/\/schema.org","@graph":[{"@type":"Article","@id":"https:\/\/hueleaazufre.com\/wordpress_a\/index.php\/2024\/02\/24\/rusia-gano-la-guerra-la-batalla-de-avdivka-y-un-nuevo-momento-clave-de-un-conflicto-que-cumple-dos-anos\/#article","isPartOf":{"@id":"https:\/\/hueleaazufre.com\/wordpress_a\/index.php\/2024\/02\/24\/rusia-gano-la-guerra-la-batalla-de-avdivka-y-un-nuevo-momento-clave-de-un-conflicto-que-cumple-dos-anos\/"},"author":{"name":"Huele a azufre","@id":"https:\/\/hueleaazufre.com\/wordpress_a\/#\/schema\/person\/549dd871707ea7f9f1a686323ebe9baa"},"headline":"\u00bfRusia gan\u00f3 la guerra? La batalla de Avdivka y un nuevo momento clave de un conflicto que cumple dos a\u00f1os","datePublished":"2024-02-24T21:06:38+00:00","dateModified":"2024-02-26T03:37:33+00:00","mainEntityOfPage":{"@id":"https:\/\/hueleaazufre.com\/wordpress_a\/index.php\/2024\/02\/24\/rusia-gano-la-guerra-la-batalla-de-avdivka-y-un-nuevo-momento-clave-de-un-conflicto-que-cumple-dos-anos\/"},"wordCount":2145,"commentCount":0,"image":{"@id":"https:\/\/hueleaazufre.com\/wordpress_a\/index.php\/2024\/02\/24\/rusia-gano-la-guerra-la-batalla-de-avdivka-y-un-nuevo-momento-clave-de-un-conflicto-que-cumple-dos-anos\/#primaryimage"},"thumbnailUrl":"https:\/\/hueleaazufre.com\/wordpress_a\/wp-content\/uploads\/2024\/02\/22.jpg","keywords":["EE.UU","Guerra","OTAN","Rusia"],"articleSection":["Otras voces","Paula Gim\u00e9nez"],"inLanguage":"es","potentialAction":[{"@type":"CommentAction","name":"Comment","target":["https:\/\/hueleaazufre.com\/wordpress_a\/index.php\/2024\/02\/24\/rusia-gano-la-guerra-la-batalla-de-avdivka-y-un-nuevo-momento-clave-de-un-conflicto-que-cumple-dos-anos\/#respond"]}]},{"@type":"WebPage","@id":"https:\/\/hueleaazufre.com\/wordpress_a\/index.php\/2024\/02\/24\/rusia-gano-la-guerra-la-batalla-de-avdivka-y-un-nuevo-momento-clave-de-un-conflicto-que-cumple-dos-anos\/","url":"https:\/\/hueleaazufre.com\/wordpress_a\/index.php\/2024\/02\/24\/rusia-gano-la-guerra-la-batalla-de-avdivka-y-un-nuevo-momento-clave-de-un-conflicto-que-cumple-dos-anos\/","name":"\u00bfRusia gan\u00f3 la guerra? La batalla de Avdivka y un nuevo momento clave de un conflicto que cumple dos a\u00f1os -","isPartOf":{"@id":"https:\/\/hueleaazufre.com\/wordpress_a\/#website"},"primaryImageOfPage":{"@id":"https:\/\/hueleaazufre.com\/wordpress_a\/index.php\/2024\/02\/24\/rusia-gano-la-guerra-la-batalla-de-avdivka-y-un-nuevo-momento-clave-de-un-conflicto-que-cumple-dos-anos\/#primaryimage"},"image":{"@id":"https:\/\/hueleaazufre.com\/wordpress_a\/index.php\/2024\/02\/24\/rusia-gano-la-guerra-la-batalla-de-avdivka-y-un-nuevo-momento-clave-de-un-conflicto-que-cumple-dos-anos\/#primaryimage"},"thumbnailUrl":"https:\/\/hueleaazufre.com\/wordpress_a\/wp-content\/uploads\/2024\/02\/22.jpg","datePublished":"2024-02-24T21:06:38+00:00","dateModified":"2024-02-26T03:37:33+00:00","author":{"@id":"https:\/\/hueleaazufre.com\/wordpress_a\/#\/schema\/person\/549dd871707ea7f9f1a686323ebe9baa"},"breadcrumb":{"@id":"https:\/\/hueleaazufre.com\/wordpress_a\/index.php\/2024\/02\/24\/rusia-gano-la-guerra-la-batalla-de-avdivka-y-un-nuevo-momento-clave-de-un-conflicto-que-cumple-dos-anos\/#breadcrumb"},"inLanguage":"es","potentialAction":[{"@type":"ReadAction","target":["https:\/\/hueleaazufre.com\/wordpress_a\/index.php\/2024\/02\/24\/rusia-gano-la-guerra-la-batalla-de-avdivka-y-un-nuevo-momento-clave-de-un-conflicto-que-cumple-dos-anos\/"]}]},{"@type":"ImageObject","inLanguage":"es","@id":"https:\/\/hueleaazufre.com\/wordpress_a\/index.php\/2024\/02\/24\/rusia-gano-la-guerra-la-batalla-de-avdivka-y-un-nuevo-momento-clave-de-un-conflicto-que-cumple-dos-anos\/#primaryimage","url":"https:\/\/hueleaazufre.com\/wordpress_a\/wp-content\/uploads\/2024\/02\/22.jpg","contentUrl":"https:\/\/hueleaazufre.com\/wordpress_a\/wp-content\/uploads\/2024\/02\/22.jpg","width":426,"height":316,"caption":"foto: El Destape"},{"@type":"BreadcrumbList","@id":"https:\/\/hueleaazufre.com\/wordpress_a\/index.php\/2024\/02\/24\/rusia-gano-la-guerra-la-batalla-de-avdivka-y-un-nuevo-momento-clave-de-un-conflicto-que-cumple-dos-anos\/#breadcrumb","itemListElement":[{"@type":"ListItem","position":1,"name":"Portada","item":"https:\/\/hueleaazufre.com\/wordpress_a\/"},{"@type":"ListItem","position":2,"name":"\u00bfRusia gan\u00f3 la guerra? La batalla de Avdivka y un nuevo momento clave de un conflicto que cumple dos a\u00f1os"}]},{"@type":"WebSite","@id":"https:\/\/hueleaazufre.com\/wordpress_a\/#website","url":"https:\/\/hueleaazufre.com\/wordpress_a\/","name":"","description":"Huele a azufre es una plataforma digital de an\u00e1lisis geopol\u00edtico.","potentialAction":[{"@type":"SearchAction","target":{"@type":"EntryPoint","urlTemplate":"https:\/\/hueleaazufre.com\/wordpress_a\/?s={search_term_string}"},"query-input":{"@type":"PropertyValueSpecification","valueRequired":true,"valueName":"search_term_string"}}],"inLanguage":"es"},{"@type":"Person","@id":"https:\/\/hueleaazufre.com\/wordpress_a\/#\/schema\/person\/549dd871707ea7f9f1a686323ebe9baa","name":"Huele a azufre","image":{"@type":"ImageObject","inLanguage":"es","@id":"https:\/\/secure.gravatar.com\/avatar\/e972d5c124b9bf80eb4c9d322a90dd86a59d447f5da36700a77516f13637d44e?s=96&d=mm&r=g","url":"https:\/\/secure.gravatar.com\/avatar\/e972d5c124b9bf80eb4c9d322a90dd86a59d447f5da36700a77516f13637d44e?s=96&d=mm&r=g","contentUrl":"https:\/\/secure.gravatar.com\/avatar\/e972d5c124b9bf80eb4c9d322a90dd86a59d447f5da36700a77516f13637d44e?s=96&d=mm&r=g","caption":"Huele a azufre"},"description":"Huele a azufre es una plataforma digital de an\u00e1lisis geopol\u00edtico\u00a0 contrahegem\u00f3nico, que busca visibilizar las voces y los discursos silenciados por el poder medi\u00e1tico.","sameAs":["https:\/\/hueleaazufre.com\/wordpress_a"],"url":"https:\/\/hueleaazufre.com\/wordpress_a\/index.php\/author\/admin_tupapa\/"}]}},"_links":{"self":[{"href":"https:\/\/hueleaazufre.com\/wordpress_a\/index.php\/wp-json\/wp\/v2\/posts\/735","targetHints":{"allow":["GET"]}}],"collection":[{"href":"https:\/\/hueleaazufre.com\/wordpress_a\/index.php\/wp-json\/wp\/v2\/posts"}],"about":[{"href":"https:\/\/hueleaazufre.com\/wordpress_a\/index.php\/wp-json\/wp\/v2\/types\/post"}],"author":[{"embeddable":true,"href":"https:\/\/hueleaazufre.com\/wordpress_a\/index.php\/wp-json\/wp\/v2\/users\/1"}],"replies":[{"embeddable":true,"href":"https:\/\/hueleaazufre.com\/wordpress_a\/index.php\/wp-json\/wp\/v2\/comments?post=735"}],"version-history":[{"count":8,"href":"https:\/\/hueleaazufre.com\/wordpress_a\/index.php\/wp-json\/wp\/v2\/posts\/735\/revisions"}],"predecessor-version":[{"id":748,"href":"https:\/\/hueleaazufre.com\/wordpress_a\/index.php\/wp-json\/wp\/v2\/posts\/735\/revisions\/748"}],"wp:featuredmedia":[{"embeddable":true,"href":"https:\/\/hueleaazufre.com\/wordpress_a\/index.php\/wp-json\/wp\/v2\/media\/736"}],"wp:attachment":[{"href":"https:\/\/hueleaazufre.com\/wordpress_a\/index.php\/wp-json\/wp\/v2\/media?parent=735"}],"wp:term":[{"taxonomy":"category","embeddable":true,"href":"https:\/\/hueleaazufre.com\/wordpress_a\/index.php\/wp-json\/wp\/v2\/categories?post=735"},{"taxonomy":"post_tag","embeddable":true,"href":"https:\/\/hueleaazufre.com\/wordpress_a\/index.php\/wp-json\/wp\/v2\/tags?post=735"}],"curies":[{"name":"wp","href":"https:\/\/api.w.org\/{rel}","templated":true}]}}