{"id":750,"date":"2024-02-26T15:30:28","date_gmt":"2024-02-26T15:30:28","guid":{"rendered":"https:\/\/hueleaazufre.com\/wordpress_a\/?p=750"},"modified":"2024-02-26T15:32:08","modified_gmt":"2024-02-26T15:32:08","slug":"este-caribe-nuestro","status":"publish","type":"post","link":"https:\/\/hueleaazufre.com\/wordpress_a\/index.php\/2024\/02\/26\/este-caribe-nuestro\/","title":{"rendered":"Este Caribe nuestro"},"content":{"rendered":"<p style=\"text-align: right;\"><b><i>En homenaje<\/i><\/b><\/p>\n<p style=\"text-align: right;\"><b><i>al general Augusto C. Sandino<\/i><\/b><\/p>\n<p style=\"text-align: right;\"><b><i>\u00a0en el 90 aniversario de su paso a la inmortalidad<\/i><\/b><\/p>\n<p style=\"text-align: right;\"><b>\u00a0<\/b><\/p>\n<p><span style=\"font-weight: 400;\">Viendo por televisi\u00f3n la Serie del Caribe de b\u00e9isbol, m\u00e1s all\u00e1 de los \u00e9xitos del equipo venezolano que result\u00f3 campe\u00f3n no dej\u00e9 de sentir algunas inquietudes en el contexto. En primer lugar porque se realiz\u00f3 en Miami y en segundo que, por esa misma raz\u00f3n Cuba no pudo participar.\u00a0<\/span><\/p>\n<p><span style=\"font-weight: 400;\">De entrada me cuesta pensar en un caribe sin Cuba. Para aquellos lectores que viven fuera de nuestra regi\u00f3n y no est\u00e1n interiorizados con el tema, quisiera explicarles que la Serie del Caribe es el campeonato anual entre equipos ganadores en sus series de b\u00e9isbol nacional. Una suerte de Copa Libertadores de b\u00e9isbol.<\/span><\/p>\n<p><span style=\"font-weight: 400;\">Desde ni\u00f1o, mi vida est\u00e1 vinculada al Caribe, ser\u00eda imposible imagin\u00e1rmela sin que ese venerado espacio de agua salada y c\u00e1lida, no est\u00e9 presente. Recuerdo ahora las memorias de Gabriel Garc\u00eda M\u00e1rquez tituladas \u201cVivir para contarla\u201d que bien podr\u00eda ser el marco suficiente para referirnos a la identidad caribe, a la condici\u00f3n caribe escrito con min\u00fascula como adjetivo que nos caracteriza y nos diferencia.<\/span><\/p>\n<p><span style=\"font-weight: 400;\">Con su lenguaje florido y caluroso en el cual una sola palabra sirve para mostrarnos el todo, nos recuerda el Premio Nobel\u00a0 \u201cnuestra cultura caribe\u201d, el \u201coctubre caribe\u201d, la\u201dpoes\u00eda de la costa caribe\u201d, nuestros \u201cpaisanos caribe\u201d, un \u201ccoraz\u00f3n caribe\u201d, el \u201carte caribe\u201d y para se\u00f1alarnos la s\u00f3lida ra\u00edz de un personaje, lo define como \u201cun caribe puro\u201d.\u00a0<\/span><\/p>\n<p><span style=\"font-weight: 400;\">No s\u00f3lo la val\u00eda intelectual de Garc\u00eda M\u00e1rquez pondera su variadas menciones de nuestro Caribe ahora con may\u00fascula, debe recordarse que el escritor es colombiano, pa\u00eds que \u2014al igual que la mayor parte de los centroamericanos\u2014 desde hace relativamente poco tiempo ha comenzado a descubrir su identidad caribe\u00f1a, prueba es que Barranquilla, una de las ciudades colombianas m\u00e1s identificadas con nuestra regi\u00f3n es la capital del Departamento del\u2026Atl\u00e1ntico.<\/span><\/p>\n<p><span style=\"font-weight: 400;\">Quiero finalizar la menci\u00f3n a la obra del Gabo que me ha servido para introducir este art\u00edculo, exponiendo un p\u00e1rrafo de esa obra. Al evocar sus ancestros familiares y refiri\u00e9ndose en particular a su abuelo dice que: \u201cLa lengua dom\u00e9stica era la que sus abuelos hab\u00edan tra\u00eddo de Espa\u00f1a a trav\u00e9s de Venezuela en el siglo anterior, revitalizada con localismos caribes, africanismos de esclavos y retazos de la lengua guajira, que iban filtr\u00e1ndose gota a gota en la nuestra\u201d. Nada m\u00e1s descriptivo de lo que somos, de lo que tenemos y de lo que debemos rescatar para que persevere en el tiempo.<\/span><\/p>\n<p><span style=\"font-weight: 400;\">A lo largo de la historia, diversas conceptualizaciones y definiciones se han hecho sobre el Caribe. Me voy a permitir citar algunos p\u00e1rrafos de mi trabajo \u201cEl Gran Caribe: hacia un marco regional y global\u201d publicado en el libro \u201cCien a\u00f1os de Sociedad, los 98 del Gran Caribe, editado por Antonio Gaztambide, Juan Gonz\u00e1lez Mendoza y Mario Cancel, publicado en Puerto Rico en el a\u00f1o 2000.<\/span><\/p>\n<p><span style=\"font-weight: 400;\">El r\u00e9gimen colonial que Espa\u00f1a implant\u00f3 en el Caribe se sustent\u00f3 en el mercantilismo sobre la base de un estricto control de las actividades de sus colonias: monopolio comercial, extracci\u00f3n del oro y la plata para engrosar los tesoros reales y restricciones a la producci\u00f3n de manufacturas en las colonias. El sistema social pol\u00edtico e ideol\u00f3gico era absolutista, dogm\u00e1tico y semifeudal, rodeado de un f\u00e9rreo control religioso e inquisitorial que frenaron el desarrollo de un pensamiento libre. La econom\u00eda cimentada en el esclavismo obstaculiz\u00f3 la posibilidad de crear un sistema econ\u00f3mico empresarial y de trabajo creador, adem\u00e1s de crear castas y estamentos que impidieron la formaci\u00f3n de una burgues\u00eda nacional.<\/span><\/p>\n<p><span style=\"font-weight: 400;\">Estos elementos fueron dando una configuraci\u00f3n regional muy particular, generando una din\u00e1mica econ\u00f3mica y geopol\u00edtica que de alguna manera se mantiene hasta la actualidad. Desde el punto de vista de la econom\u00eda, la agricultura contin\u00faa siendo el principal sost\u00e9n del \u00e1rea, incluso, es todav\u00eda la m\u00e1s alta fuente de empleo, renta y divisas en la mayor parte de los pa\u00edses de la regi\u00f3n.<\/span><\/p>\n<p><span style=\"font-weight: 400;\">La agricultura ha tenido dos formas: por un lado la explotaci\u00f3n por monocultivo (az\u00facar, tabaco, banano) y, por el otro, la existencia de grandes extensiones de tierra en manos de una minor\u00eda, frente a una poblaci\u00f3n mayoritaria viviendo en los m\u00e1rgenes de la subsistencia. Esto ha hecho que la estructura agraria se mantenga intacta, toda vez que a diferencia de Am\u00e9rica del Sur, no se incentiv\u00f3 la realizaci\u00f3n de reformas agrarias.\u00a0\u00a0<\/span><\/p>\n<p><span style=\"font-weight: 400;\">El cultivo de la ca\u00f1a de az\u00facar predomin\u00f3 en Cuba, Rep\u00fablica Dominicana, Puerto Rico y Jamaica; el banano se convirti\u00f3 en producto b\u00e1sico de exportaci\u00f3n en Jamaica, los dominios franceses, Santa Luc\u00eda, San Vicente y Dominica; el tabaco en Cuba y Rep\u00fablica Dominicana; los c\u00edtricos en Trinidad; y el ron en Jamaica y Puerto Rico, y el caf\u00e9 en Hait\u00ed.<\/span><\/p>\n<p><span style=\"font-weight: 400;\">Desde el punto de vista geopol\u00edtico debemos mencionar la presencia de Francia en la regi\u00f3n desde 1635 en Martinica y Guadalupe, y la posterior obtenci\u00f3n de Hait\u00ed mediante el Tratado de Ryswick en 1697. La potencia gala tambi\u00e9n se sent\u00eda atra\u00edda por el az\u00facar que se produc\u00eda en el Caribe. Por su parte, Holanda realiz\u00f3 durante el siglo XVII actos de hostigamiento y saqueo hasta concretar su ocupaci\u00f3n permanente de territorios tanto insulares como en el continente. Entre 1630 y 1648 se apoderaron de Curazao, Aruba, Bonaire, San Eustaquio, Saba y San Mart\u00edn, as\u00ed como de Surinam.<\/span><\/p>\n<blockquote>\n<h2><b><i>\u201cEstos cuatro siglos de presencia europea de diferentes latitudes, as\u00ed como el modelo econ\u00f3mico impuesto fue configurando una realidad donde predomin\u00f3 la fragmentaci\u00f3n \u00e9tnica, cultural, ling\u00fc\u00edstica y religiosa, lo que m\u00e1s recientemente ha conducido a la existencia de una multiplicidad de actores e identidades\u2026\u201d<\/i><\/b><\/h2>\n<\/blockquote>\n<p><span style=\"font-weight: 400;\">Espa\u00f1a se vio obligada a entregar estas posesiones por el Tratado de M\u00fcnster de 1648. Asimismo, Inglaterra desde el siglo XVI inici\u00f3 sus incursiones en el Caribe a trav\u00e9s de ataques corsarios. Igualmente, le motivaban las plantaciones azucareras y el comercio de esclavos. En 1623, ocup\u00f3 San Crist\u00f3bal, en 1625 Barbados y en 1655, Jamaica. En 1713, por el Tratado de Utrecht, Inglaterra obtuvo la autorizaci\u00f3n para importar esclavos y otros bienes. Durante el siglo XVIII, invadi\u00f3 otras islas de Barlovento y Sotavento y en 1797 consum\u00f3 la posesi\u00f3n de Trinidad.<\/span><\/p>\n<p><span style=\"font-weight: 400;\">Estos cuatro siglos de presencia europea de diferentes latitudes, as\u00ed como el modelo econ\u00f3mico impuesto fue configurando una realidad donde predomin\u00f3 la fragmentaci\u00f3n \u00e9tnica, cultural, ling\u00fc\u00edstica y religiosa, lo que m\u00e1s recientemente ha conducido a la existencia de una multiplicidad de actores e identidades, que tiene un reflejo trascendente en la actualidad.<\/span><\/p>\n<p><span style=\"font-weight: 400;\">Los diferentes conflictos europeos de los \u00faltimos cuatro siglos repercutieron negativamente en sus colonias del Caribe, pues se enquist\u00f3 el desconocimiento y la falta de comprensi\u00f3n mutua. Igualmente, pueden detectarse diferencias en el \u00e1mbito pol\u00edtico, social, \u00e9tnico y ling\u00fc\u00edstico que llevaron a dividir la regi\u00f3n seg\u00fan \u00e1reas idiom\u00e1ticas: las de habla inglesa, hispana, holandesa y francesa, trayendo consecuencias en sus relaciones internacionales, en particular con los pa\u00edses de Am\u00e9rica Latina que se encuentran m\u00e1s cercanos: Venezuela, Colombia y M\u00e9xico.<\/span><\/p>\n<p><span style=\"font-weight: 400;\">Ha sido de suma importancia la conformaci\u00f3n de identidades nacionales y proyectos pol\u00edticos en el Caribe a partir de factores etnorraciales que incorporan elementos culturales, sociales y ling\u00fc\u00edsticos que son asumidos por determinados grupos humanos. As\u00ed mismo, existen factores sociales que se fundamentan en las caracter\u00edsticas fenot\u00edpicas hereditarias de los distintos grupos humanos. De esta manera, la identidad nacional se ha definido como aquellas representaciones colectivas que definen la pertinencia a un Estado-Naci\u00f3n y, por lo tanto, diferencian a aquellos que pertenecen a otros Estados nacionales.<\/span><\/p>\n<p><span style=\"font-weight: 400;\">A partir de estas ideas, surgidas desde las similitudes y las diferencias, se podr\u00eda intentar expresar una noci\u00f3n de \u201cidentidad caribe\u00f1a\u201d. Esta posibilidad brota de la existencia real de un Caribe poseedor de un ecosistema com\u00fan y de los puntos de homogeneidad expresados anteriormente, los cuales surgieron desde hace aproximadamente cuatrocientos a\u00f1os.<\/span><\/p>\n<p><span style=\"font-weight: 400;\">Las diferentes percepciones acerca de la identidad caribe\u00f1a llevan a producir diversas definiciones del Caribe. Su utilizaci\u00f3n en uno u otro caso va a referir a distintos intereses que marcan prioridades dispares en las relaciones internacionales del presente. A las tres definiciones tradicionales: etnohist\u00f3rica, geopol\u00edtica y tercermundista, el profesor puertorrique\u00f1o Antonio Gaztambide va a agregar una cuarta: Caribe cultural.\u00a0<\/span><\/p>\n<p><span style=\"font-weight: 400;\">La etnohist\u00f3rica pone \u00e9nfasis en la experiencia com\u00fan de la plantaci\u00f3n azucarera; la definici\u00f3n geopol\u00edtica incorpora adem\u00e1s a Am\u00e9rica Central y Panam\u00e1, centr\u00e1ndose as\u00ed en las regiones donde se produjo la mayor parte del intervencionismo militar estadounidense. La definici\u00f3n tercermundista incorpora a Venezuela, Colombia y M\u00e9xico. A estos axiomas que tienen en com\u00fan una diferenciaci\u00f3n geogr\u00e1fica, Gaztambide agrega la que \u00e9l llama \u201destrictamente intelectual,\u201d ya que puede incluir partes de pa\u00edses.<\/span><\/p>\n<p><span style=\"font-weight: 400;\">En el mundo global, estas conceptualizaciones y definiciones acerca de la regi\u00f3n se encuentran sometidas a transformaciones bajo in\u00e9ditos procesos generadores de nuevas definiciones e identidades, que afectan a esta parte del planeta en todos los \u00e1mbitos de la vida pol\u00edtica, econ\u00f3mica, social y cultural. Tener una clara idea al respecto va a permitir reconfigurar la regi\u00f3n, seg\u00fan nuevos par\u00e1metros a partir de la creaci\u00f3n de una capacidad de respuesta regional y de la b\u00fasqueda de un consenso regional sobre las necesidades m\u00e1s b\u00e1sicas y urgentes de las sociedades caribe\u00f1as.<\/span><\/p>\n<p><span style=\"font-weight: 400;\">A partir de esto, la creaci\u00f3n de la Asociaci\u00f3n de Estados del Caribe (AEC) marca un punto de partida importante como ente referencial de una nueva enunciaci\u00f3n, la de Gran Caribe, cual elemento aglutinador de todas las definiciones anteriores, en un paso adelante para la inserci\u00f3n del Caribe en un mundo plagado de turbulencias e incertidumbres, frente a un futuro en formaci\u00f3n, dentro de un proceso de transici\u00f3n complejo que a\u00fan no concluye.<\/span><\/p>\n<p><span style=\"font-weight: 400;\">Los avatares de la vida me han llevado a recorrer este Caribe nuestro en las islas, en Sudam\u00e9rica, en Centroam\u00e9rica y en M\u00e9xico. Desde Puerto Cabello en Venezuela, donde me cri\u00e9, hasta Santo Domingo y Mayag\u00fcez; desde Santiago de Cuba hasta M\u00e9rida, desde Bluefields y Bilwi, en Nicaragua, hasta Curazao; desde Cartagena de Indias a San Salvador; desde Panam\u00e1 hasta Tapachula en M\u00e9xico.<\/span><\/p>\n<p><span style=\"font-weight: 400;\">Nada m\u00e1s reconfortante que sentirse un \u201ccaribe puro\u201d como dice el Gabo, de haber crecido con los olores, los sabores y los colores infinitos de nuestra regi\u00f3n, de haber conocido personajes tan maravillosos como ese anciano abaku\u00e1 cubano que cuando le pregunt\u00e9 si para ellos la revoluci\u00f3n hab\u00eda sido negativa o positiva, me contest\u00f3 con su sabidur\u00eda milenaria \u201c Asere, todo lo que pasa es porque sucede\u201d.<\/span><\/p>\n<p><span style=\"font-weight: 400;\">O a Laureano Mairena, el m\u00e1s valiente de todos los valientes que he conocido, pintor de Solentiname en el Lago de Nicaragua que se hizo guerrillero por dignidad,\u00a0 jugaba con la muerte, se re\u00eda de ella, la elud\u00eda una y mil veces hasta encontrarla de la manera m\u00e1s absurda en los d\u00edas luminosos de los primeros a\u00f1os de la Revoluci\u00f3n Sandinista y que me dec\u00eda \u201cSos jodido, pero sos mi hermano\u201d<\/span><\/p>\n<p><span style=\"font-weight: 400;\">O Don Luis y Do\u00f1a Epifania Gil, esa pareja de negros margarite\u00f1os de Venezuela quienes con m\u00e1s de 60 a\u00f1os y yo s\u00f3lo con 9 o 10, me introdujeron en el amor por lo que Garc\u00eda M\u00e1rquez llama el \u201cb\u00e9isbol caribe\u201d en aquellos a\u00f1os en que alrededor de una radio nos imagin\u00e1bamos c\u00f3mo era y c\u00f3mo se practicaba el deporte porque el estadio m\u00e1s cercano quedaba en Valencia, muy lejos de nuestras posibilidades, y a\u00fan no exist\u00edan las transmisiones de televisi\u00f3n<\/span><\/p>\n<p><span style=\"font-weight: 400;\">O a Rafael Cancel Miranda con quien convers\u00e9 en Cabo Rojo, un peque\u00f1o pueblo del rinc\u00f3n sudoccidental de Puerto Rico, quien estuvo 27 a\u00f1os preso en Estados Unidos por no aceptar que su bella isla perteneciera \u2014como pertenece todav\u00eda\u2014 a la potencia del norte; o como Chuch\u00fa Mart\u00ednez, ese Doctor en Matem\u00e1ticas, piloto, soldado y ayudante del General Torrijos quien siempre me recomendaba que hab\u00eda que estar vivo para poder participar en la pr\u00f3xima batalla.<\/span><\/p>\n<p><span style=\"font-weight: 400;\">En fin personajes y lugares de este Caribe nuestro donde se habla papiamento y creole, ingl\u00e9s y\u00a0 franc\u00e9s, tzotzil y tzeltal, espa\u00f1ol y holand\u00e9s, miskito y maya, donde conviven los sistemas parlamentarios de los Estados angloparlantes con los presidenciales de los de habla hispana, y donde hay pa\u00edses en los que los partidos pol\u00edticos se organizan a partir del origen racial, regi\u00f3n en la que a\u00fan tenemos ciudadanos de tercera porque como \u2014en Puerto Rico\u2014 no tiene derecho a elegir a su Presidente y a sus representantes ante el Congreso del pa\u00eds que, por obra de una ley, les dio su ciudadan\u00eda; una regi\u00f3n due\u00f1a de una cultura tan poderosa que ha parido cinco Premios Nobel de Literatura, adem\u00e1s del ya mencionado Gabriel Garc\u00eda M\u00e1rquez, colombiano; Miguel \u00c1ngel Asturias, guatemalteco; Octavio Paz, mexicano; Derek Walcott de Santa Luc\u00eda y V.S. Naipul de Trinidad.<\/span><\/p>\n<p><span style=\"font-weight: 400;\">Una regi\u00f3n donde el Paso de los Vientos separa la dignidad de Cuba de la triste miseria de Hait\u00ed, marcando lo que para unos es una frontera ideol\u00f3gica, pero que tal vez sea una se\u00f1al de los que nos puede deparar un futuro desunidos a pesar de lo cerca que estamos.\u00a0<\/span><\/p>\n<p><span style=\"font-weight: 400;\">O es que acaso olvidamos que este mismo Hait\u00ed del que hablamos, fue el primer territorio libre del Caribe y de nuestra Am\u00e9rica morena cuando un 1\u00aa de enero de 1804 los negros declararon su libertad de la poderosa Francia y proclamaron que, tal como lo enunciaban los preceptos fundamentales enarbolados por la Revoluci\u00f3n Francesa, sobre la base de la solidaridad, la igualdad y la fraternidad desterraban para siempre la esclavitud de la parte occidental de la isla de La Espa\u00f1ola.<\/span><\/p>\n<p><span style=\"font-weight: 400;\">Como podemos entender entonces, sino por el poder de las fuerzas retr\u00f3gradas de la historia, que asistamos imp\u00e1vidos al menosprecio con que son tratados los haitianos y otros hermanos del Caribe cuando pretenden llegar al norte en la b\u00fasqueda de un mejor horizonte para su existencia. Pero, por circunstancias de la vida, la historia al igual que ese a\u00f1o 1804 resucit\u00f3 otro 1\u00ba de enero pero de 1959 en Cuba, para decirnos que la dignidad no desaparece con el tiempo, que nuestra cultura y nuestras tradiciones se mantienen vivas, a pesar de todo.<\/span><\/p>\n<p><span style=\"font-weight: 400;\">Este Caribe diverso, amplio y generoso, debe utilizar la fuerza de su cultura y de su arte y tambi\u00e9n del deporte, as\u00ed como la solidaridad y la complementariedad de sus econom\u00edas como veh\u00edculo de unidad y de integraci\u00f3n en el camino de construir una regi\u00f3n que nos prepare para enfrentar los retos y las vicisitudes de este mundo tan complejo y dif\u00edcil.<\/span><\/p>\n<p><b>Autor: Sergio Rodr\u00edguez Gelfenstein<\/b><\/p>\n<p><a href=\"http:\/\/www.sergioro07.blogspot.com\"><b>www.sergioro07.blogspot.com<\/b><\/a><\/p>\n","protected":false},"excerpt":{"rendered":"<p>En homenaje al general Augusto C. Sandino \u00a0en el 90 aniversario de su paso a&#8230;<\/p>\n","protected":false},"author":1,"featured_media":751,"comment_status":"open","ping_status":"closed","sticky":false,"template":"","format":"standard","meta":{"footnotes":""},"categories":[70,52],"tags":[141,140,142,30],"class_list":["post-750","post","type-post","status-publish","format-standard","has-post-thumbnail","hentry","category-otras-voces","category-sergio-rodriguez-gelfenstein","tag-beisbol","tag-caribe","tag-miami","tag-venezuela"],"yoast_head":"<!-- This site is optimized with the Yoast SEO plugin v27.5 - https:\/\/yoast.com\/product\/yoast-seo-wordpress\/ -->\n<title>Este Caribe nuestro -<\/title>\n<meta name=\"description\" content=\"Viendo por televisi\u00f3n la Serie del Caribe de b\u00e9isbol, m\u00e1s all\u00e1 de los \u00e9xitos del equipo venezolano que result\u00f3 campe\u00f3n no dej\u00e9 de sentir algunas inquietudes en el contexto. En primer lugar porque se realiz\u00f3 en Miami y en segundo que, por esa misma raz\u00f3n Cuba no pudo participar.\" \/>\n<meta name=\"robots\" content=\"index, follow, max-snippet:-1, max-image-preview:large, max-video-preview:-1\" \/>\n<link rel=\"canonical\" href=\"https:\/\/hueleaazufre.com\/wordpress_a\/index.php\/2024\/02\/26\/este-caribe-nuestro\/\" \/>\n<meta property=\"og:locale\" content=\"es_ES\" \/>\n<meta property=\"og:type\" content=\"article\" \/>\n<meta property=\"og:title\" content=\"Este Caribe nuestro -\" \/>\n<meta property=\"og:description\" content=\"Viendo por televisi\u00f3n la Serie del Caribe de b\u00e9isbol, m\u00e1s all\u00e1 de los \u00e9xitos del equipo venezolano que result\u00f3 campe\u00f3n no dej\u00e9 de sentir algunas inquietudes en el contexto. En primer lugar porque se realiz\u00f3 en Miami y en segundo que, por esa misma raz\u00f3n Cuba no pudo participar.\" \/>\n<meta property=\"og:url\" content=\"https:\/\/hueleaazufre.com\/wordpress_a\/index.php\/2024\/02\/26\/este-caribe-nuestro\/\" \/>\n<meta property=\"article:published_time\" content=\"2024-02-26T15:30:28+00:00\" \/>\n<meta property=\"article:modified_time\" content=\"2024-02-26T15:32:08+00:00\" \/>\n<meta property=\"og:image\" content=\"https:\/\/hueleaazufre.com\/wordpress_a\/wp-content\/uploads\/2024\/02\/realistic-portait-of-caribeans-cuture-baseball-and-tradicion-perfect-composition-beautiful-detai-839760869.png\" \/>\n\t<meta property=\"og:image:width\" content=\"1024\" \/>\n\t<meta property=\"og:image:height\" content=\"1024\" \/>\n\t<meta property=\"og:image:type\" content=\"image\/png\" \/>\n<meta name=\"author\" content=\"Huele a azufre\" \/>\n<meta name=\"twitter:card\" content=\"summary_large_image\" \/>\n<meta name=\"twitter:label1\" content=\"Escrito por\" \/>\n\t<meta name=\"twitter:data1\" content=\"Huele a azufre\" \/>\n\t<meta name=\"twitter:label2\" content=\"Tiempo de lectura\" \/>\n\t<meta name=\"twitter:data2\" content=\"11 minutos\" \/>\n<script type=\"application\/ld+json\" class=\"yoast-schema-graph\">{\"@context\":\"https:\\\/\\\/schema.org\",\"@graph\":[{\"@type\":\"Article\",\"@id\":\"https:\\\/\\\/hueleaazufre.com\\\/wordpress_a\\\/index.php\\\/2024\\\/02\\\/26\\\/este-caribe-nuestro\\\/#article\",\"isPartOf\":{\"@id\":\"https:\\\/\\\/hueleaazufre.com\\\/wordpress_a\\\/index.php\\\/2024\\\/02\\\/26\\\/este-caribe-nuestro\\\/\"},\"author\":{\"name\":\"Huele a azufre\",\"@id\":\"https:\\\/\\\/hueleaazufre.com\\\/wordpress_a\\\/#\\\/schema\\\/person\\\/549dd871707ea7f9f1a686323ebe9baa\"},\"headline\":\"Este Caribe nuestro\",\"datePublished\":\"2024-02-26T15:30:28+00:00\",\"dateModified\":\"2024-02-26T15:32:08+00:00\",\"mainEntityOfPage\":{\"@id\":\"https:\\\/\\\/hueleaazufre.com\\\/wordpress_a\\\/index.php\\\/2024\\\/02\\\/26\\\/este-caribe-nuestro\\\/\"},\"wordCount\":2598,\"commentCount\":0,\"image\":{\"@id\":\"https:\\\/\\\/hueleaazufre.com\\\/wordpress_a\\\/index.php\\\/2024\\\/02\\\/26\\\/este-caribe-nuestro\\\/#primaryimage\"},\"thumbnailUrl\":\"https:\\\/\\\/hueleaazufre.com\\\/wordpress_a\\\/wp-content\\\/uploads\\\/2024\\\/02\\\/realistic-portait-of-caribeans-cuture-baseball-and-tradicion-perfect-composition-beautiful-detai-839760869.png\",\"keywords\":[\"b\u00e9isbol\",\"Caribe\",\"Miami\",\"Venezuela\"],\"articleSection\":[\"Otras voces\",\"Sergio Rodr\u00edguez Gelfenstein\"],\"inLanguage\":\"es\",\"potentialAction\":[{\"@type\":\"CommentAction\",\"name\":\"Comment\",\"target\":[\"https:\\\/\\\/hueleaazufre.com\\\/wordpress_a\\\/index.php\\\/2024\\\/02\\\/26\\\/este-caribe-nuestro\\\/#respond\"]}]},{\"@type\":\"WebPage\",\"@id\":\"https:\\\/\\\/hueleaazufre.com\\\/wordpress_a\\\/index.php\\\/2024\\\/02\\\/26\\\/este-caribe-nuestro\\\/\",\"url\":\"https:\\\/\\\/hueleaazufre.com\\\/wordpress_a\\\/index.php\\\/2024\\\/02\\\/26\\\/este-caribe-nuestro\\\/\",\"name\":\"Este Caribe nuestro -\",\"isPartOf\":{\"@id\":\"https:\\\/\\\/hueleaazufre.com\\\/wordpress_a\\\/#website\"},\"primaryImageOfPage\":{\"@id\":\"https:\\\/\\\/hueleaazufre.com\\\/wordpress_a\\\/index.php\\\/2024\\\/02\\\/26\\\/este-caribe-nuestro\\\/#primaryimage\"},\"image\":{\"@id\":\"https:\\\/\\\/hueleaazufre.com\\\/wordpress_a\\\/index.php\\\/2024\\\/02\\\/26\\\/este-caribe-nuestro\\\/#primaryimage\"},\"thumbnailUrl\":\"https:\\\/\\\/hueleaazufre.com\\\/wordpress_a\\\/wp-content\\\/uploads\\\/2024\\\/02\\\/realistic-portait-of-caribeans-cuture-baseball-and-tradicion-perfect-composition-beautiful-detai-839760869.png\",\"datePublished\":\"2024-02-26T15:30:28+00:00\",\"dateModified\":\"2024-02-26T15:32:08+00:00\",\"author\":{\"@id\":\"https:\\\/\\\/hueleaazufre.com\\\/wordpress_a\\\/#\\\/schema\\\/person\\\/549dd871707ea7f9f1a686323ebe9baa\"},\"description\":\"Viendo por televisi\u00f3n la Serie del Caribe de b\u00e9isbol, m\u00e1s all\u00e1 de los \u00e9xitos del equipo venezolano que result\u00f3 campe\u00f3n no dej\u00e9 de sentir algunas inquietudes en el contexto. En primer lugar porque se realiz\u00f3 en Miami y en segundo que, por esa misma raz\u00f3n Cuba no pudo participar.\",\"breadcrumb\":{\"@id\":\"https:\\\/\\\/hueleaazufre.com\\\/wordpress_a\\\/index.php\\\/2024\\\/02\\\/26\\\/este-caribe-nuestro\\\/#breadcrumb\"},\"inLanguage\":\"es\",\"potentialAction\":[{\"@type\":\"ReadAction\",\"target\":[\"https:\\\/\\\/hueleaazufre.com\\\/wordpress_a\\\/index.php\\\/2024\\\/02\\\/26\\\/este-caribe-nuestro\\\/\"]}]},{\"@type\":\"ImageObject\",\"inLanguage\":\"es\",\"@id\":\"https:\\\/\\\/hueleaazufre.com\\\/wordpress_a\\\/index.php\\\/2024\\\/02\\\/26\\\/este-caribe-nuestro\\\/#primaryimage\",\"url\":\"https:\\\/\\\/hueleaazufre.com\\\/wordpress_a\\\/wp-content\\\/uploads\\\/2024\\\/02\\\/realistic-portait-of-caribeans-cuture-baseball-and-tradicion-perfect-composition-beautiful-detai-839760869.png\",\"contentUrl\":\"https:\\\/\\\/hueleaazufre.com\\\/wordpress_a\\\/wp-content\\\/uploads\\\/2024\\\/02\\\/realistic-portait-of-caribeans-cuture-baseball-and-tradicion-perfect-composition-beautiful-detai-839760869.png\",\"width\":1024,\"height\":1024},{\"@type\":\"BreadcrumbList\",\"@id\":\"https:\\\/\\\/hueleaazufre.com\\\/wordpress_a\\\/index.php\\\/2024\\\/02\\\/26\\\/este-caribe-nuestro\\\/#breadcrumb\",\"itemListElement\":[{\"@type\":\"ListItem\",\"position\":1,\"name\":\"Portada\",\"item\":\"https:\\\/\\\/hueleaazufre.com\\\/wordpress_a\\\/\"},{\"@type\":\"ListItem\",\"position\":2,\"name\":\"Este Caribe nuestro\"}]},{\"@type\":\"WebSite\",\"@id\":\"https:\\\/\\\/hueleaazufre.com\\\/wordpress_a\\\/#website\",\"url\":\"https:\\\/\\\/hueleaazufre.com\\\/wordpress_a\\\/\",\"name\":\"\",\"description\":\"Huele a azufre es una plataforma digital de an\u00e1lisis geopol\u00edtico.\",\"potentialAction\":[{\"@type\":\"SearchAction\",\"target\":{\"@type\":\"EntryPoint\",\"urlTemplate\":\"https:\\\/\\\/hueleaazufre.com\\\/wordpress_a\\\/?s={search_term_string}\"},\"query-input\":{\"@type\":\"PropertyValueSpecification\",\"valueRequired\":true,\"valueName\":\"search_term_string\"}}],\"inLanguage\":\"es\"},{\"@type\":\"Person\",\"@id\":\"https:\\\/\\\/hueleaazufre.com\\\/wordpress_a\\\/#\\\/schema\\\/person\\\/549dd871707ea7f9f1a686323ebe9baa\",\"name\":\"Huele a azufre\",\"image\":{\"@type\":\"ImageObject\",\"inLanguage\":\"es\",\"@id\":\"https:\\\/\\\/secure.gravatar.com\\\/avatar\\\/e972d5c124b9bf80eb4c9d322a90dd86a59d447f5da36700a77516f13637d44e?s=96&d=mm&r=g\",\"url\":\"https:\\\/\\\/secure.gravatar.com\\\/avatar\\\/e972d5c124b9bf80eb4c9d322a90dd86a59d447f5da36700a77516f13637d44e?s=96&d=mm&r=g\",\"contentUrl\":\"https:\\\/\\\/secure.gravatar.com\\\/avatar\\\/e972d5c124b9bf80eb4c9d322a90dd86a59d447f5da36700a77516f13637d44e?s=96&d=mm&r=g\",\"caption\":\"Huele a azufre\"},\"description\":\"Huele a azufre es una plataforma digital de an\u00e1lisis geopol\u00edtico\u00a0 contrahegem\u00f3nico, que busca visibilizar las voces y los discursos silenciados por el poder medi\u00e1tico.\",\"sameAs\":[\"https:\\\/\\\/hueleaazufre.com\\\/wordpress_a\"],\"url\":\"https:\\\/\\\/hueleaazufre.com\\\/wordpress_a\\\/index.php\\\/author\\\/admin_tupapa\\\/\"}]}<\/script>\n<!-- \/ Yoast SEO plugin. -->","yoast_head_json":{"title":"Este Caribe nuestro -","description":"Viendo por televisi\u00f3n la Serie del Caribe de b\u00e9isbol, m\u00e1s all\u00e1 de los \u00e9xitos del equipo venezolano que result\u00f3 campe\u00f3n no dej\u00e9 de sentir algunas inquietudes en el contexto. En primer lugar porque se realiz\u00f3 en Miami y en segundo que, por esa misma raz\u00f3n Cuba no pudo participar.","robots":{"index":"index","follow":"follow","max-snippet":"max-snippet:-1","max-image-preview":"max-image-preview:large","max-video-preview":"max-video-preview:-1"},"canonical":"https:\/\/hueleaazufre.com\/wordpress_a\/index.php\/2024\/02\/26\/este-caribe-nuestro\/","og_locale":"es_ES","og_type":"article","og_title":"Este Caribe nuestro -","og_description":"Viendo por televisi\u00f3n la Serie del Caribe de b\u00e9isbol, m\u00e1s all\u00e1 de los \u00e9xitos del equipo venezolano que result\u00f3 campe\u00f3n no dej\u00e9 de sentir algunas inquietudes en el contexto. En primer lugar porque se realiz\u00f3 en Miami y en segundo que, por esa misma raz\u00f3n Cuba no pudo participar.","og_url":"https:\/\/hueleaazufre.com\/wordpress_a\/index.php\/2024\/02\/26\/este-caribe-nuestro\/","article_published_time":"2024-02-26T15:30:28+00:00","article_modified_time":"2024-02-26T15:32:08+00:00","og_image":[{"width":1024,"height":1024,"url":"https:\/\/hueleaazufre.com\/wordpress_a\/wp-content\/uploads\/2024\/02\/realistic-portait-of-caribeans-cuture-baseball-and-tradicion-perfect-composition-beautiful-detai-839760869.png","type":"image\/png"}],"author":"Huele a azufre","twitter_card":"summary_large_image","twitter_misc":{"Escrito por":"Huele a azufre","Tiempo de lectura":"11 minutos"},"schema":{"@context":"https:\/\/schema.org","@graph":[{"@type":"Article","@id":"https:\/\/hueleaazufre.com\/wordpress_a\/index.php\/2024\/02\/26\/este-caribe-nuestro\/#article","isPartOf":{"@id":"https:\/\/hueleaazufre.com\/wordpress_a\/index.php\/2024\/02\/26\/este-caribe-nuestro\/"},"author":{"name":"Huele a azufre","@id":"https:\/\/hueleaazufre.com\/wordpress_a\/#\/schema\/person\/549dd871707ea7f9f1a686323ebe9baa"},"headline":"Este Caribe nuestro","datePublished":"2024-02-26T15:30:28+00:00","dateModified":"2024-02-26T15:32:08+00:00","mainEntityOfPage":{"@id":"https:\/\/hueleaazufre.com\/wordpress_a\/index.php\/2024\/02\/26\/este-caribe-nuestro\/"},"wordCount":2598,"commentCount":0,"image":{"@id":"https:\/\/hueleaazufre.com\/wordpress_a\/index.php\/2024\/02\/26\/este-caribe-nuestro\/#primaryimage"},"thumbnailUrl":"https:\/\/hueleaazufre.com\/wordpress_a\/wp-content\/uploads\/2024\/02\/realistic-portait-of-caribeans-cuture-baseball-and-tradicion-perfect-composition-beautiful-detai-839760869.png","keywords":["b\u00e9isbol","Caribe","Miami","Venezuela"],"articleSection":["Otras voces","Sergio Rodr\u00edguez Gelfenstein"],"inLanguage":"es","potentialAction":[{"@type":"CommentAction","name":"Comment","target":["https:\/\/hueleaazufre.com\/wordpress_a\/index.php\/2024\/02\/26\/este-caribe-nuestro\/#respond"]}]},{"@type":"WebPage","@id":"https:\/\/hueleaazufre.com\/wordpress_a\/index.php\/2024\/02\/26\/este-caribe-nuestro\/","url":"https:\/\/hueleaazufre.com\/wordpress_a\/index.php\/2024\/02\/26\/este-caribe-nuestro\/","name":"Este Caribe nuestro -","isPartOf":{"@id":"https:\/\/hueleaazufre.com\/wordpress_a\/#website"},"primaryImageOfPage":{"@id":"https:\/\/hueleaazufre.com\/wordpress_a\/index.php\/2024\/02\/26\/este-caribe-nuestro\/#primaryimage"},"image":{"@id":"https:\/\/hueleaazufre.com\/wordpress_a\/index.php\/2024\/02\/26\/este-caribe-nuestro\/#primaryimage"},"thumbnailUrl":"https:\/\/hueleaazufre.com\/wordpress_a\/wp-content\/uploads\/2024\/02\/realistic-portait-of-caribeans-cuture-baseball-and-tradicion-perfect-composition-beautiful-detai-839760869.png","datePublished":"2024-02-26T15:30:28+00:00","dateModified":"2024-02-26T15:32:08+00:00","author":{"@id":"https:\/\/hueleaazufre.com\/wordpress_a\/#\/schema\/person\/549dd871707ea7f9f1a686323ebe9baa"},"description":"Viendo por televisi\u00f3n la Serie del Caribe de b\u00e9isbol, m\u00e1s all\u00e1 de los \u00e9xitos del equipo venezolano que result\u00f3 campe\u00f3n no dej\u00e9 de sentir algunas inquietudes en el contexto. En primer lugar porque se realiz\u00f3 en Miami y en segundo que, por esa misma raz\u00f3n Cuba no pudo participar.","breadcrumb":{"@id":"https:\/\/hueleaazufre.com\/wordpress_a\/index.php\/2024\/02\/26\/este-caribe-nuestro\/#breadcrumb"},"inLanguage":"es","potentialAction":[{"@type":"ReadAction","target":["https:\/\/hueleaazufre.com\/wordpress_a\/index.php\/2024\/02\/26\/este-caribe-nuestro\/"]}]},{"@type":"ImageObject","inLanguage":"es","@id":"https:\/\/hueleaazufre.com\/wordpress_a\/index.php\/2024\/02\/26\/este-caribe-nuestro\/#primaryimage","url":"https:\/\/hueleaazufre.com\/wordpress_a\/wp-content\/uploads\/2024\/02\/realistic-portait-of-caribeans-cuture-baseball-and-tradicion-perfect-composition-beautiful-detai-839760869.png","contentUrl":"https:\/\/hueleaazufre.com\/wordpress_a\/wp-content\/uploads\/2024\/02\/realistic-portait-of-caribeans-cuture-baseball-and-tradicion-perfect-composition-beautiful-detai-839760869.png","width":1024,"height":1024},{"@type":"BreadcrumbList","@id":"https:\/\/hueleaazufre.com\/wordpress_a\/index.php\/2024\/02\/26\/este-caribe-nuestro\/#breadcrumb","itemListElement":[{"@type":"ListItem","position":1,"name":"Portada","item":"https:\/\/hueleaazufre.com\/wordpress_a\/"},{"@type":"ListItem","position":2,"name":"Este Caribe nuestro"}]},{"@type":"WebSite","@id":"https:\/\/hueleaazufre.com\/wordpress_a\/#website","url":"https:\/\/hueleaazufre.com\/wordpress_a\/","name":"","description":"Huele a azufre es una plataforma digital de an\u00e1lisis geopol\u00edtico.","potentialAction":[{"@type":"SearchAction","target":{"@type":"EntryPoint","urlTemplate":"https:\/\/hueleaazufre.com\/wordpress_a\/?s={search_term_string}"},"query-input":{"@type":"PropertyValueSpecification","valueRequired":true,"valueName":"search_term_string"}}],"inLanguage":"es"},{"@type":"Person","@id":"https:\/\/hueleaazufre.com\/wordpress_a\/#\/schema\/person\/549dd871707ea7f9f1a686323ebe9baa","name":"Huele a azufre","image":{"@type":"ImageObject","inLanguage":"es","@id":"https:\/\/secure.gravatar.com\/avatar\/e972d5c124b9bf80eb4c9d322a90dd86a59d447f5da36700a77516f13637d44e?s=96&d=mm&r=g","url":"https:\/\/secure.gravatar.com\/avatar\/e972d5c124b9bf80eb4c9d322a90dd86a59d447f5da36700a77516f13637d44e?s=96&d=mm&r=g","contentUrl":"https:\/\/secure.gravatar.com\/avatar\/e972d5c124b9bf80eb4c9d322a90dd86a59d447f5da36700a77516f13637d44e?s=96&d=mm&r=g","caption":"Huele a azufre"},"description":"Huele a azufre es una plataforma digital de an\u00e1lisis geopol\u00edtico\u00a0 contrahegem\u00f3nico, que busca visibilizar las voces y los discursos silenciados por el poder medi\u00e1tico.","sameAs":["https:\/\/hueleaazufre.com\/wordpress_a"],"url":"https:\/\/hueleaazufre.com\/wordpress_a\/index.php\/author\/admin_tupapa\/"}]}},"_links":{"self":[{"href":"https:\/\/hueleaazufre.com\/wordpress_a\/index.php\/wp-json\/wp\/v2\/posts\/750","targetHints":{"allow":["GET"]}}],"collection":[{"href":"https:\/\/hueleaazufre.com\/wordpress_a\/index.php\/wp-json\/wp\/v2\/posts"}],"about":[{"href":"https:\/\/hueleaazufre.com\/wordpress_a\/index.php\/wp-json\/wp\/v2\/types\/post"}],"author":[{"embeddable":true,"href":"https:\/\/hueleaazufre.com\/wordpress_a\/index.php\/wp-json\/wp\/v2\/users\/1"}],"replies":[{"embeddable":true,"href":"https:\/\/hueleaazufre.com\/wordpress_a\/index.php\/wp-json\/wp\/v2\/comments?post=750"}],"version-history":[{"count":2,"href":"https:\/\/hueleaazufre.com\/wordpress_a\/index.php\/wp-json\/wp\/v2\/posts\/750\/revisions"}],"predecessor-version":[{"id":753,"href":"https:\/\/hueleaazufre.com\/wordpress_a\/index.php\/wp-json\/wp\/v2\/posts\/750\/revisions\/753"}],"wp:featuredmedia":[{"embeddable":true,"href":"https:\/\/hueleaazufre.com\/wordpress_a\/index.php\/wp-json\/wp\/v2\/media\/751"}],"wp:attachment":[{"href":"https:\/\/hueleaazufre.com\/wordpress_a\/index.php\/wp-json\/wp\/v2\/media?parent=750"}],"wp:term":[{"taxonomy":"category","embeddable":true,"href":"https:\/\/hueleaazufre.com\/wordpress_a\/index.php\/wp-json\/wp\/v2\/categories?post=750"},{"taxonomy":"post_tag","embeddable":true,"href":"https:\/\/hueleaazufre.com\/wordpress_a\/index.php\/wp-json\/wp\/v2\/tags?post=750"}],"curies":[{"name":"wp","href":"https:\/\/api.w.org\/{rel}","templated":true}]}}