{"id":759,"date":"2024-02-28T14:02:46","date_gmt":"2024-02-28T14:02:46","guid":{"rendered":"https:\/\/hueleaazufre.com\/wordpress_a\/?p=759"},"modified":"2024-02-28T14:02:46","modified_gmt":"2024-02-28T14:02:46","slug":"la-razon-de-la-sinrazon","status":"publish","type":"post","link":"https:\/\/hueleaazufre.com\/wordpress_a\/index.php\/2024\/02\/28\/la-razon-de-la-sinrazon\/","title":{"rendered":"La raz\u00f3n de la sinraz\u00f3n"},"content":{"rendered":"<p><span style=\"font-weight: 400;\">El 19 de febrero, hace un a\u00f1o iniciamos la publicaci\u00f3n de esta columna, con el tiempo fue volvi\u00e9ndose semanal. Durante estos doce meses publicaron 49, s\u00f3lo faltaron 3 para cubrir en su totalidad las 52 semanas.<\/span><\/p>\n<p><span style=\"font-weight: 400;\">Nos paseamos por una diversidad de temas, el referido al proceso de paz entre el Gobierno y el ELN se trat\u00f3 con m\u00e1s rigurosidad, el enfoque ha sido hacer claridades, pues la gente ha recibido mucha contra informaci\u00f3n, que en esencia es mal intencionada. No producto de la ignorancia sino de clara intenci\u00f3n direccionada por los c\u00edrculos de poder, a trav\u00e9s de sus \u00abEmpresas de la Comunicaci\u00f3n\u00bb cumpliendo su oficio.<\/span><\/p>\n<p><span style=\"font-weight: 400;\">Como este tema \u2014esta semana\u2014 se ha puesto muy movido, a tal punto que \u00abpromete ponerse muy interesante\u00bb y como dir\u00edan en los pueblos: \u00abla cosa est\u00e1 para alquilar balc\u00f3n\u00bb.<\/span><\/p>\n<p><span style=\"font-weight: 400;\">La actuaci\u00f3n de los funcionarios del Gobierno en la Delegaci\u00f3n Di\u00e1logos con el ELN, hizo recurrente y prioritario el uso de los micr\u00f3fonos por fuera de la Mesa. En ese espacio, ellos reh\u00fayen dar respuestas coherentes y cuando al final se logra alg\u00fan acuerdo, de inmediato salen por los micr\u00f3fonos a desvirtuar lo acordado para tratar de imponer en la opini\u00f3n su criterio unilateral, no lo acordado.\u00a0<\/span><\/p>\n<p><span style=\"font-weight: 400;\">Siempre tratando de ganar en la opini\u00f3n lo que en la Mesa no se ha pactado y as\u00ed tratar de forzar al ELN para que acepte acuerdos por presi\u00f3n de los \u00abMedios\u00bb. Este ha sido el m\u00e9todo preferido de negociaci\u00f3n del Gobierno, y por tanto para el ELN ser\u00e1 inaceptable.<\/span><\/p>\n<p><span style=\"font-weight: 400;\">Si quisi\u00e9ramos mirar el repertorio de fragilidades en la falta de coherencia del Gobierno, podr\u00eda ser muy largo, pero para el muestrario, dos botones:<\/span><\/p>\n<p><span style=\"font-weight: 400;\">Existe un Acuerdo de las Partes ante los pa\u00edses Garantes y los Acompa\u00f1antes Permanentes, surtido el d\u00eda 12 de diciembre de 2022 en Venezuela, consistente en el compromiso por parte del gobierno colombiano de retirar al ELN de la lista de los Grupos Armados Organizados (GAO). Van m\u00e1s de 440 d\u00edas y este acuerdo sigue sin cumplirse.<\/span><\/p>\n<p><a href=\"https:\/\/www.telesurtv.net\/news\/eln-gobierno-retoman-dialogos-20240227-0018.html\"><b>Para leer m\u00e1s sobre la reanudaci\u00f3n de los di\u00e1logos de paz<\/b><\/a><\/p>\n<p><span style=\"font-weight: 400;\">No ha sido posible hacer una evaluaci\u00f3n seria y profunda del Cese el Fuego, pues para los militares del gobierno que participan en estas formalidades su funci\u00f3n en el Mecanismo de Monitoreo y verificaci\u00f3n (MMV) es parte de una estrategia diversionista llevando cantidad de suposiciones y acciones que nada tiene que ver con lo realmente pactado con el fin de saturar el MMV y hacerlo inoperante en incidentes delicados, y cuando estos se presentan se hacen los locos. Este s\u00ed es un problema delicado, pero no hay poder humano para que se le coloque seriedad.<\/span><\/p>\n<p><span style=\"font-weight: 400;\">Ahora han salido a decir que el ELN \u00abest\u00e1 haciendo una pataleta\u00bb por lo que est\u00e1 sucediendo en Nari\u00f1o. Que eso \u00abse puede hablar con tranquilidad en la Mesa\u00bb. Tambi\u00e9n han llegado a decir que es una reacci\u00f3n del ELN para \u00abmeter presi\u00f3n\u00bb, pero que al final el \u00abELN va a ceder\u00bb. Aunque ahora Otty dice que es una crisis innecesaria. Otros han dicho que es una \u00absinraz\u00f3n\u00bb.<\/span><\/p>\n<p><span style=\"font-weight: 400;\">Sabiendo que es un gran error que han cometido, as\u00ed se lo hemos expresado, ahora quieren minimizarlo. Pero esto es m\u00e1s serio y grave de lo que parece, y por tanto nos ha conducido a un congelamiento de los di\u00e1logos. Para hacerlo m\u00e1s claro vamos explicar un poco m\u00e1s \u00abla raz\u00f3n de la sinraz\u00f3n\u00bb.<\/span><\/p>\n<p><span style=\"font-weight: 400;\">Lo acordado con el Gobierno es la creaci\u00f3n de una sola instancia de di\u00e1logo que se llama Mesa, donde participan formalmente representantes autorizados de las dos partes: Gobierno Nacional y ELN.<\/span><\/p>\n<p><span style=\"font-weight: 400;\">Ahora aparece un \u00absupuesto proceso de paz regional\u00bb entre el Gobierno Nacional y una supuesta estructura regional del ELN en Nari\u00f1o.<\/span><\/p>\n<p><span style=\"font-weight: 400;\">Pero lo que realmente viene sucediendo es una operaci\u00f3n de inteligencia militar, iniciada por gobiernos anteriores y que Iv\u00e1n Duque mantuvo activa para golpear a profundidad al ELN. Pero como los organismos de inteligencia dieron por hecho que ser\u00eda un gran golpe contra la Comandancia del ELN y culminar\u00eda con el desmantelamiento de todo el ELN, los gobiernos \u2014incluido el de Petro\u2014 le dieron continuidad.<\/span><\/p>\n<p><span style=\"font-weight: 400;\">El asunto es m\u00e1s delicado de lo que parece, pues en la orientaci\u00f3n de dicho plan participaron generales, ministros de Defensa y presidentes. Era tentador el plan, aniquilar al Comando Central del ELN, operaciones que iniciaron en 2014 y siguieron con Duque en el 2018, quien se atrevi\u00f3 a formular un plan para capturar o matar a la Delegaci\u00f3n en un montaje de reanudar los di\u00e1logos entre 2018 y 2019, planes que terminaron frustrados, pues fueron descubiertos.<\/span><\/p>\n<p><span style=\"font-weight: 400;\">Luego con el actual Presidente han continuando dichos planes contra el Comando Central y mandos de los Frentes de Guerra, lo delicado es que dichas acciones han sido realizadas en medio del Cese el Fuego pactado.<\/span><\/p>\n<p><span style=\"font-weight: 400;\">Uno de los principales agentes infiltrados en este plan es uno de los que funge como dirigente guerrillero en Nari\u00f1o. Dicho tipo, cuando se encontraba coordinando en otras estructuras las operaciones de aniquilamiento de integrantes del Comando Central, fue descubierto, y al ser requerido para un proceso de investigaci\u00f3n se refugi\u00f3 en dicha estructura y se protegi\u00f3 con otros \u00abcolegas\u00bb del plan de inteligencia.\u00a0<\/span><\/p>\n<p><span style=\"font-weight: 400;\">Estos tipos ten\u00edan ese plan dentro de una estrategia del Gobierno para impulsar la desmovilizaci\u00f3n de dicha estructura en Nari\u00f1o y tratar de extenderla a otras estructuras. Lo que est\u00e1 claro es que los actuales integrantes de la Delegaci\u00f3n del Gobierno conoc\u00edan dicho plan, recib\u00edan orientaciones superiores para darle curso a este tipo de acciones de inteligencia.<\/span><\/p>\n<p><span style=\"font-weight: 400;\">O sea, estamos ante un plan de inteligencia militar para hacerlo pasar como una desmovilizaci\u00f3n, como quien dice unos agentes de inteligencia haci\u00e9ndose pasar por \u00abmandos del ELN\u00bb para enga\u00f1ar a unos combatientes y pobladores de la regi\u00f3n. Esto tambi\u00e9n podr\u00eda ser interpretado por el ELN como el montaje de una Mesa de Di\u00e1logos, que en el fondo hace parte de una estrategia de guerra. \u00a1Qu\u00e9 lindo!<\/span><\/p>\n<p><span style=\"font-weight: 400;\">As\u00ed de clarito se les dijo a los jefes de la Delegaci\u00f3n del Gobierno en Cuba.<\/span><\/p>\n<p><span style=\"font-weight: 400;\">Ah\u00ed no para la cosa, pues ahora estos supuestos mandos de Nari\u00f1o resultan en una alianza con una banda de la Segunda Marquetalia y un grupo de paramilitares del pac\u00edfico para enfrentarse contra las Bandas de la Primera Marquetalia a fin de disputar el territorio, la miner\u00eda y \u00abotros negocios de aquellos\u00bb.<\/span><\/p>\n<p><span style=\"font-weight: 400;\">Es un hecho que el gobierno le ha dado prioridad a dicho \u00abproceso de paz regional\u00bb, pero lo concreto es que est\u00e1n \u00abnegociando\u00bb con agentes de inteligencia militar del gobierno, o sea \u00abyo con yo\u00bb, y lo quieren presentar como si fuese con una parte el ELN. Al final es un cuento, que ellos mismos saben que es un cuento, lo delicado es que lo est\u00e1n vendiendo como una realidad a los colombianos.<\/span><\/p>\n<p><span style=\"font-weight: 400;\">Este plan de inteligencia ten\u00eda como prop\u00f3sito golpear al Comando Central que, al fracasar, ahora tratan de proteger a los agentes infiltrados descubiertos y no perder lo invertido buscando sacar provecho, al menos causando confusi\u00f3n con un montaje de una supuesta desmovilizaci\u00f3n en la regi\u00f3n.<\/span><\/p>\n<p><span style=\"font-weight: 400;\">Desde luego que el ELN no dejar\u00e1 pasar este hecho del Gobierno, pues fue advertido y ha preferido darle curso a un plan de inteligencia y dejar a un lado un verdadero proceso de paz.<\/span><\/p>\n<p><span style=\"font-weight: 400;\">Podr\u00eda ser tiempo de una correcci\u00f3n por parte del gobierno, pero la experiencia nos dice que corregir errores es de valientes; justificarlos y disfrazarlos es propio de los que persistir\u00e1n en la mentira.<\/span><\/p>\n<p><span style=\"font-weight: 400;\">Ahora no faltar\u00e1n quienes digan que Antonio Garc\u00eda sali\u00f3 a amenazar, ser\u00e1 chistoso escucharlo. Pero los verdaderos planes de aniquilamiento de la Comandancia no son una amenaza. \u00a1Qu\u00e9 gracioso!<\/span><\/p>\n<p>&nbsp;<\/p>\n<p><b>Autor: Antonio Garc\u00eda<\/b><\/p>\n","protected":false},"excerpt":{"rendered":"<p>El 19 de febrero, hace un a\u00f1o iniciamos la publicaci\u00f3n de esta columna, con el&#8230;<\/p>\n","protected":false},"author":1,"featured_media":257,"comment_status":"open","ping_status":"closed","sticky":false,"template":"","format":"standard","meta":{"footnotes":""},"categories":[12,70],"tags":[57,76,145,51],"class_list":["post-759","post","type-post","status-publish","format-standard","has-post-thumbnail","hentry","category-antonio-garcia","category-otras-voces","tag-colombia","tag-cuba","tag-empresas-de-la-comunicacion","tag-paz"],"yoast_head":"<!-- This site is optimized with the Yoast SEO plugin v27.5 - https:\/\/yoast.com\/product\/yoast-seo-wordpress\/ -->\n<title>La raz\u00f3n de la sinraz\u00f3n -<\/title>\n<meta name=\"description\" content=\"El 19 de febrero, hace un a\u00f1o iniciamos la publicaci\u00f3n de esta columna, con el tiempo fue volvi\u00e9ndose semanal. Durante estos doce meses publicaron 49, s\u00f3lo faltaron 3 para cubrir en su totalidad las 52 semanas.\" \/>\n<meta name=\"robots\" content=\"index, follow, max-snippet:-1, max-image-preview:large, max-video-preview:-1\" \/>\n<link rel=\"canonical\" href=\"https:\/\/hueleaazufre.com\/wordpress_a\/index.php\/2024\/02\/28\/la-razon-de-la-sinrazon\/\" \/>\n<meta property=\"og:locale\" content=\"es_ES\" \/>\n<meta property=\"og:type\" content=\"article\" \/>\n<meta property=\"og:title\" content=\"La raz\u00f3n de la sinraz\u00f3n -\" \/>\n<meta property=\"og:description\" content=\"El 19 de febrero, hace un a\u00f1o iniciamos la publicaci\u00f3n de esta columna, con el tiempo fue volvi\u00e9ndose semanal. Durante estos doce meses publicaron 49, s\u00f3lo faltaron 3 para cubrir en su totalidad las 52 semanas.\" \/>\n<meta property=\"og:url\" content=\"https:\/\/hueleaazufre.com\/wordpress_a\/index.php\/2024\/02\/28\/la-razon-de-la-sinrazon\/\" \/>\n<meta property=\"article:published_time\" content=\"2024-02-28T14:02:46+00:00\" \/>\n<meta property=\"og:image\" content=\"https:\/\/hueleaazufre.com\/wordpress_a\/wp-content\/uploads\/2023\/12\/bandera-colombia-ST.jpg\" \/>\n\t<meta property=\"og:image:width\" content=\"828\" \/>\n\t<meta property=\"og:image:height\" content=\"622\" \/>\n\t<meta property=\"og:image:type\" content=\"image\/jpeg\" \/>\n<meta name=\"author\" content=\"Huele a azufre\" \/>\n<meta name=\"twitter:card\" content=\"summary_large_image\" \/>\n<meta name=\"twitter:label1\" content=\"Escrito por\" \/>\n\t<meta name=\"twitter:data1\" content=\"Huele a azufre\" \/>\n\t<meta name=\"twitter:label2\" content=\"Tiempo de lectura\" \/>\n\t<meta name=\"twitter:data2\" content=\"7 minutos\" \/>\n<script type=\"application\/ld+json\" class=\"yoast-schema-graph\">{\"@context\":\"https:\\\/\\\/schema.org\",\"@graph\":[{\"@type\":\"Article\",\"@id\":\"https:\\\/\\\/hueleaazufre.com\\\/wordpress_a\\\/index.php\\\/2024\\\/02\\\/28\\\/la-razon-de-la-sinrazon\\\/#article\",\"isPartOf\":{\"@id\":\"https:\\\/\\\/hueleaazufre.com\\\/wordpress_a\\\/index.php\\\/2024\\\/02\\\/28\\\/la-razon-de-la-sinrazon\\\/\"},\"author\":{\"name\":\"Huele a azufre\",\"@id\":\"https:\\\/\\\/hueleaazufre.com\\\/wordpress_a\\\/#\\\/schema\\\/person\\\/549dd871707ea7f9f1a686323ebe9baa\"},\"headline\":\"La raz\u00f3n de la sinraz\u00f3n\",\"datePublished\":\"2024-02-28T14:02:46+00:00\",\"mainEntityOfPage\":{\"@id\":\"https:\\\/\\\/hueleaazufre.com\\\/wordpress_a\\\/index.php\\\/2024\\\/02\\\/28\\\/la-razon-de-la-sinrazon\\\/\"},\"wordCount\":1354,\"commentCount\":0,\"image\":{\"@id\":\"https:\\\/\\\/hueleaazufre.com\\\/wordpress_a\\\/index.php\\\/2024\\\/02\\\/28\\\/la-razon-de-la-sinrazon\\\/#primaryimage\"},\"thumbnailUrl\":\"https:\\\/\\\/hueleaazufre.com\\\/wordpress_a\\\/wp-content\\\/uploads\\\/2023\\\/12\\\/bandera-colombia-ST.jpg\",\"keywords\":[\"Colombia\",\"Cuba\",\"Empresas de la Comunicaci\u00f3n\",\"PAZ\"],\"articleSection\":[\"Antonio Garc\u00eda\u00a0\",\"Otras voces\"],\"inLanguage\":\"es\",\"potentialAction\":[{\"@type\":\"CommentAction\",\"name\":\"Comment\",\"target\":[\"https:\\\/\\\/hueleaazufre.com\\\/wordpress_a\\\/index.php\\\/2024\\\/02\\\/28\\\/la-razon-de-la-sinrazon\\\/#respond\"]}]},{\"@type\":\"WebPage\",\"@id\":\"https:\\\/\\\/hueleaazufre.com\\\/wordpress_a\\\/index.php\\\/2024\\\/02\\\/28\\\/la-razon-de-la-sinrazon\\\/\",\"url\":\"https:\\\/\\\/hueleaazufre.com\\\/wordpress_a\\\/index.php\\\/2024\\\/02\\\/28\\\/la-razon-de-la-sinrazon\\\/\",\"name\":\"La raz\u00f3n de la sinraz\u00f3n -\",\"isPartOf\":{\"@id\":\"https:\\\/\\\/hueleaazufre.com\\\/wordpress_a\\\/#website\"},\"primaryImageOfPage\":{\"@id\":\"https:\\\/\\\/hueleaazufre.com\\\/wordpress_a\\\/index.php\\\/2024\\\/02\\\/28\\\/la-razon-de-la-sinrazon\\\/#primaryimage\"},\"image\":{\"@id\":\"https:\\\/\\\/hueleaazufre.com\\\/wordpress_a\\\/index.php\\\/2024\\\/02\\\/28\\\/la-razon-de-la-sinrazon\\\/#primaryimage\"},\"thumbnailUrl\":\"https:\\\/\\\/hueleaazufre.com\\\/wordpress_a\\\/wp-content\\\/uploads\\\/2023\\\/12\\\/bandera-colombia-ST.jpg\",\"datePublished\":\"2024-02-28T14:02:46+00:00\",\"author\":{\"@id\":\"https:\\\/\\\/hueleaazufre.com\\\/wordpress_a\\\/#\\\/schema\\\/person\\\/549dd871707ea7f9f1a686323ebe9baa\"},\"description\":\"El 19 de febrero, hace un a\u00f1o iniciamos la publicaci\u00f3n de esta columna, con el tiempo fue volvi\u00e9ndose semanal. Durante estos doce meses publicaron 49, s\u00f3lo faltaron 3 para cubrir en su totalidad las 52 semanas.\",\"breadcrumb\":{\"@id\":\"https:\\\/\\\/hueleaazufre.com\\\/wordpress_a\\\/index.php\\\/2024\\\/02\\\/28\\\/la-razon-de-la-sinrazon\\\/#breadcrumb\"},\"inLanguage\":\"es\",\"potentialAction\":[{\"@type\":\"ReadAction\",\"target\":[\"https:\\\/\\\/hueleaazufre.com\\\/wordpress_a\\\/index.php\\\/2024\\\/02\\\/28\\\/la-razon-de-la-sinrazon\\\/\"]}]},{\"@type\":\"ImageObject\",\"inLanguage\":\"es\",\"@id\":\"https:\\\/\\\/hueleaazufre.com\\\/wordpress_a\\\/index.php\\\/2024\\\/02\\\/28\\\/la-razon-de-la-sinrazon\\\/#primaryimage\",\"url\":\"https:\\\/\\\/hueleaazufre.com\\\/wordpress_a\\\/wp-content\\\/uploads\\\/2023\\\/12\\\/bandera-colombia-ST.jpg\",\"contentUrl\":\"https:\\\/\\\/hueleaazufre.com\\\/wordpress_a\\\/wp-content\\\/uploads\\\/2023\\\/12\\\/bandera-colombia-ST.jpg\",\"width\":828,\"height\":622},{\"@type\":\"BreadcrumbList\",\"@id\":\"https:\\\/\\\/hueleaazufre.com\\\/wordpress_a\\\/index.php\\\/2024\\\/02\\\/28\\\/la-razon-de-la-sinrazon\\\/#breadcrumb\",\"itemListElement\":[{\"@type\":\"ListItem\",\"position\":1,\"name\":\"Portada\",\"item\":\"https:\\\/\\\/hueleaazufre.com\\\/wordpress_a\\\/\"},{\"@type\":\"ListItem\",\"position\":2,\"name\":\"La raz\u00f3n de la sinraz\u00f3n\"}]},{\"@type\":\"WebSite\",\"@id\":\"https:\\\/\\\/hueleaazufre.com\\\/wordpress_a\\\/#website\",\"url\":\"https:\\\/\\\/hueleaazufre.com\\\/wordpress_a\\\/\",\"name\":\"\",\"description\":\"Huele a azufre es una plataforma digital de an\u00e1lisis geopol\u00edtico.\",\"potentialAction\":[{\"@type\":\"SearchAction\",\"target\":{\"@type\":\"EntryPoint\",\"urlTemplate\":\"https:\\\/\\\/hueleaazufre.com\\\/wordpress_a\\\/?s={search_term_string}\"},\"query-input\":{\"@type\":\"PropertyValueSpecification\",\"valueRequired\":true,\"valueName\":\"search_term_string\"}}],\"inLanguage\":\"es\"},{\"@type\":\"Person\",\"@id\":\"https:\\\/\\\/hueleaazufre.com\\\/wordpress_a\\\/#\\\/schema\\\/person\\\/549dd871707ea7f9f1a686323ebe9baa\",\"name\":\"Huele a azufre\",\"image\":{\"@type\":\"ImageObject\",\"inLanguage\":\"es\",\"@id\":\"https:\\\/\\\/secure.gravatar.com\\\/avatar\\\/e972d5c124b9bf80eb4c9d322a90dd86a59d447f5da36700a77516f13637d44e?s=96&d=mm&r=g\",\"url\":\"https:\\\/\\\/secure.gravatar.com\\\/avatar\\\/e972d5c124b9bf80eb4c9d322a90dd86a59d447f5da36700a77516f13637d44e?s=96&d=mm&r=g\",\"contentUrl\":\"https:\\\/\\\/secure.gravatar.com\\\/avatar\\\/e972d5c124b9bf80eb4c9d322a90dd86a59d447f5da36700a77516f13637d44e?s=96&d=mm&r=g\",\"caption\":\"Huele a azufre\"},\"description\":\"Huele a azufre es una plataforma digital de an\u00e1lisis geopol\u00edtico\u00a0 contrahegem\u00f3nico, que busca visibilizar las voces y los discursos silenciados por el poder medi\u00e1tico.\",\"sameAs\":[\"https:\\\/\\\/hueleaazufre.com\\\/wordpress_a\"],\"url\":\"https:\\\/\\\/hueleaazufre.com\\\/wordpress_a\\\/index.php\\\/author\\\/admin_tupapa\\\/\"}]}<\/script>\n<!-- \/ Yoast SEO plugin. -->","yoast_head_json":{"title":"La raz\u00f3n de la sinraz\u00f3n -","description":"El 19 de febrero, hace un a\u00f1o iniciamos la publicaci\u00f3n de esta columna, con el tiempo fue volvi\u00e9ndose semanal. Durante estos doce meses publicaron 49, s\u00f3lo faltaron 3 para cubrir en su totalidad las 52 semanas.","robots":{"index":"index","follow":"follow","max-snippet":"max-snippet:-1","max-image-preview":"max-image-preview:large","max-video-preview":"max-video-preview:-1"},"canonical":"https:\/\/hueleaazufre.com\/wordpress_a\/index.php\/2024\/02\/28\/la-razon-de-la-sinrazon\/","og_locale":"es_ES","og_type":"article","og_title":"La raz\u00f3n de la sinraz\u00f3n -","og_description":"El 19 de febrero, hace un a\u00f1o iniciamos la publicaci\u00f3n de esta columna, con el tiempo fue volvi\u00e9ndose semanal. Durante estos doce meses publicaron 49, s\u00f3lo faltaron 3 para cubrir en su totalidad las 52 semanas.","og_url":"https:\/\/hueleaazufre.com\/wordpress_a\/index.php\/2024\/02\/28\/la-razon-de-la-sinrazon\/","article_published_time":"2024-02-28T14:02:46+00:00","og_image":[{"width":828,"height":622,"url":"https:\/\/hueleaazufre.com\/wordpress_a\/wp-content\/uploads\/2023\/12\/bandera-colombia-ST.jpg","type":"image\/jpeg"}],"author":"Huele a azufre","twitter_card":"summary_large_image","twitter_misc":{"Escrito por":"Huele a azufre","Tiempo de lectura":"7 minutos"},"schema":{"@context":"https:\/\/schema.org","@graph":[{"@type":"Article","@id":"https:\/\/hueleaazufre.com\/wordpress_a\/index.php\/2024\/02\/28\/la-razon-de-la-sinrazon\/#article","isPartOf":{"@id":"https:\/\/hueleaazufre.com\/wordpress_a\/index.php\/2024\/02\/28\/la-razon-de-la-sinrazon\/"},"author":{"name":"Huele a azufre","@id":"https:\/\/hueleaazufre.com\/wordpress_a\/#\/schema\/person\/549dd871707ea7f9f1a686323ebe9baa"},"headline":"La raz\u00f3n de la sinraz\u00f3n","datePublished":"2024-02-28T14:02:46+00:00","mainEntityOfPage":{"@id":"https:\/\/hueleaazufre.com\/wordpress_a\/index.php\/2024\/02\/28\/la-razon-de-la-sinrazon\/"},"wordCount":1354,"commentCount":0,"image":{"@id":"https:\/\/hueleaazufre.com\/wordpress_a\/index.php\/2024\/02\/28\/la-razon-de-la-sinrazon\/#primaryimage"},"thumbnailUrl":"https:\/\/hueleaazufre.com\/wordpress_a\/wp-content\/uploads\/2023\/12\/bandera-colombia-ST.jpg","keywords":["Colombia","Cuba","Empresas de la Comunicaci\u00f3n","PAZ"],"articleSection":["Antonio Garc\u00eda\u00a0","Otras voces"],"inLanguage":"es","potentialAction":[{"@type":"CommentAction","name":"Comment","target":["https:\/\/hueleaazufre.com\/wordpress_a\/index.php\/2024\/02\/28\/la-razon-de-la-sinrazon\/#respond"]}]},{"@type":"WebPage","@id":"https:\/\/hueleaazufre.com\/wordpress_a\/index.php\/2024\/02\/28\/la-razon-de-la-sinrazon\/","url":"https:\/\/hueleaazufre.com\/wordpress_a\/index.php\/2024\/02\/28\/la-razon-de-la-sinrazon\/","name":"La raz\u00f3n de la sinraz\u00f3n -","isPartOf":{"@id":"https:\/\/hueleaazufre.com\/wordpress_a\/#website"},"primaryImageOfPage":{"@id":"https:\/\/hueleaazufre.com\/wordpress_a\/index.php\/2024\/02\/28\/la-razon-de-la-sinrazon\/#primaryimage"},"image":{"@id":"https:\/\/hueleaazufre.com\/wordpress_a\/index.php\/2024\/02\/28\/la-razon-de-la-sinrazon\/#primaryimage"},"thumbnailUrl":"https:\/\/hueleaazufre.com\/wordpress_a\/wp-content\/uploads\/2023\/12\/bandera-colombia-ST.jpg","datePublished":"2024-02-28T14:02:46+00:00","author":{"@id":"https:\/\/hueleaazufre.com\/wordpress_a\/#\/schema\/person\/549dd871707ea7f9f1a686323ebe9baa"},"description":"El 19 de febrero, hace un a\u00f1o iniciamos la publicaci\u00f3n de esta columna, con el tiempo fue volvi\u00e9ndose semanal. Durante estos doce meses publicaron 49, s\u00f3lo faltaron 3 para cubrir en su totalidad las 52 semanas.","breadcrumb":{"@id":"https:\/\/hueleaazufre.com\/wordpress_a\/index.php\/2024\/02\/28\/la-razon-de-la-sinrazon\/#breadcrumb"},"inLanguage":"es","potentialAction":[{"@type":"ReadAction","target":["https:\/\/hueleaazufre.com\/wordpress_a\/index.php\/2024\/02\/28\/la-razon-de-la-sinrazon\/"]}]},{"@type":"ImageObject","inLanguage":"es","@id":"https:\/\/hueleaazufre.com\/wordpress_a\/index.php\/2024\/02\/28\/la-razon-de-la-sinrazon\/#primaryimage","url":"https:\/\/hueleaazufre.com\/wordpress_a\/wp-content\/uploads\/2023\/12\/bandera-colombia-ST.jpg","contentUrl":"https:\/\/hueleaazufre.com\/wordpress_a\/wp-content\/uploads\/2023\/12\/bandera-colombia-ST.jpg","width":828,"height":622},{"@type":"BreadcrumbList","@id":"https:\/\/hueleaazufre.com\/wordpress_a\/index.php\/2024\/02\/28\/la-razon-de-la-sinrazon\/#breadcrumb","itemListElement":[{"@type":"ListItem","position":1,"name":"Portada","item":"https:\/\/hueleaazufre.com\/wordpress_a\/"},{"@type":"ListItem","position":2,"name":"La raz\u00f3n de la sinraz\u00f3n"}]},{"@type":"WebSite","@id":"https:\/\/hueleaazufre.com\/wordpress_a\/#website","url":"https:\/\/hueleaazufre.com\/wordpress_a\/","name":"","description":"Huele a azufre es una plataforma digital de an\u00e1lisis geopol\u00edtico.","potentialAction":[{"@type":"SearchAction","target":{"@type":"EntryPoint","urlTemplate":"https:\/\/hueleaazufre.com\/wordpress_a\/?s={search_term_string}"},"query-input":{"@type":"PropertyValueSpecification","valueRequired":true,"valueName":"search_term_string"}}],"inLanguage":"es"},{"@type":"Person","@id":"https:\/\/hueleaazufre.com\/wordpress_a\/#\/schema\/person\/549dd871707ea7f9f1a686323ebe9baa","name":"Huele a azufre","image":{"@type":"ImageObject","inLanguage":"es","@id":"https:\/\/secure.gravatar.com\/avatar\/e972d5c124b9bf80eb4c9d322a90dd86a59d447f5da36700a77516f13637d44e?s=96&d=mm&r=g","url":"https:\/\/secure.gravatar.com\/avatar\/e972d5c124b9bf80eb4c9d322a90dd86a59d447f5da36700a77516f13637d44e?s=96&d=mm&r=g","contentUrl":"https:\/\/secure.gravatar.com\/avatar\/e972d5c124b9bf80eb4c9d322a90dd86a59d447f5da36700a77516f13637d44e?s=96&d=mm&r=g","caption":"Huele a azufre"},"description":"Huele a azufre es una plataforma digital de an\u00e1lisis geopol\u00edtico\u00a0 contrahegem\u00f3nico, que busca visibilizar las voces y los discursos silenciados por el poder medi\u00e1tico.","sameAs":["https:\/\/hueleaazufre.com\/wordpress_a"],"url":"https:\/\/hueleaazufre.com\/wordpress_a\/index.php\/author\/admin_tupapa\/"}]}},"_links":{"self":[{"href":"https:\/\/hueleaazufre.com\/wordpress_a\/index.php\/wp-json\/wp\/v2\/posts\/759","targetHints":{"allow":["GET"]}}],"collection":[{"href":"https:\/\/hueleaazufre.com\/wordpress_a\/index.php\/wp-json\/wp\/v2\/posts"}],"about":[{"href":"https:\/\/hueleaazufre.com\/wordpress_a\/index.php\/wp-json\/wp\/v2\/types\/post"}],"author":[{"embeddable":true,"href":"https:\/\/hueleaazufre.com\/wordpress_a\/index.php\/wp-json\/wp\/v2\/users\/1"}],"replies":[{"embeddable":true,"href":"https:\/\/hueleaazufre.com\/wordpress_a\/index.php\/wp-json\/wp\/v2\/comments?post=759"}],"version-history":[{"count":1,"href":"https:\/\/hueleaazufre.com\/wordpress_a\/index.php\/wp-json\/wp\/v2\/posts\/759\/revisions"}],"predecessor-version":[{"id":760,"href":"https:\/\/hueleaazufre.com\/wordpress_a\/index.php\/wp-json\/wp\/v2\/posts\/759\/revisions\/760"}],"wp:featuredmedia":[{"embeddable":true,"href":"https:\/\/hueleaazufre.com\/wordpress_a\/index.php\/wp-json\/wp\/v2\/media\/257"}],"wp:attachment":[{"href":"https:\/\/hueleaazufre.com\/wordpress_a\/index.php\/wp-json\/wp\/v2\/media?parent=759"}],"wp:term":[{"taxonomy":"category","embeddable":true,"href":"https:\/\/hueleaazufre.com\/wordpress_a\/index.php\/wp-json\/wp\/v2\/categories?post=759"},{"taxonomy":"post_tag","embeddable":true,"href":"https:\/\/hueleaazufre.com\/wordpress_a\/index.php\/wp-json\/wp\/v2\/tags?post=759"}],"curies":[{"name":"wp","href":"https:\/\/api.w.org\/{rel}","templated":true}]}}