{"id":765,"date":"2024-03-01T16:32:52","date_gmt":"2024-03-01T16:32:52","guid":{"rendered":"https:\/\/hueleaazufre.com\/wordpress_a\/?p=765"},"modified":"2024-03-01T16:32:52","modified_gmt":"2024-03-01T16:32:52","slug":"donde-estamos-en-que-lugar-y-en-que-momento-de-la-historia-nos-encontramos-i","status":"publish","type":"post","link":"https:\/\/hueleaazufre.com\/wordpress_a\/index.php\/2024\/03\/01\/donde-estamos-en-que-lugar-y-en-que-momento-de-la-historia-nos-encontramos-i\/","title":{"rendered":"\u00bfD\u00f3nde estamos? \u00bfen qu\u00e9 lugar y en qu\u00e9 momento de la historia nos encontramos? (I)"},"content":{"rendered":"<p><b><i>Este art\u00edculo fue publicado el pasado 27 de febrero en la Revista Soberan\u00eda N\u00b0 7 de la Casa de la Soberan\u00eda Miguel d\u00b4Escoto Brockmann de la Universidad Nacional Aut\u00f3noma de Nicaragua (UNAN). Managua. Por razones de espacio, aqu\u00ed ser\u00e1 divulgado en dos partes.<\/i><\/b><\/p>\n<p><span style=\"font-weight: 400;\">El ritmo de los acontecimientos internacionales es avasallador. Inmersos en la din\u00e1mica de la sobrevivencia cotidiana resulta sumamente complicado seguirle el paso a los hechos regionales o globales que, dada la interdependencia de los procesos, terminan influyendo y afectando el quehacer local en cualquiera de nuestros pa\u00edses.<\/span><\/p>\n<p><span style=\"font-weight: 400;\">En este contexto es v\u00e1lido preguntarse, \u00bfen qu\u00e9 lugar y en qu\u00e9 momento de la historia de la humanidad nos encontramos? La respuesta puede sonar un tanto fr\u00edvola, pero creo que estamos pasando por un tsunami de varias olas que han sido generadas por una superposici\u00f3n de movimientos tect\u00f3nicos que est\u00e1n ocurriendo simult\u00e1neamente.<\/span><\/p>\n<p><span style=\"font-weight: 400;\">La primera ola expone el trance que significa el cuestionamiento creciente a la democracia surgida hace 2.700 a\u00f1os, en la Grecia del siglo VI antes de Cristo, y que, a pesar de haber sufrido grandes modificaciones a lo largo de la historia, se mantiene como esencia del modelo pol\u00edtico de Occidente, fracasando y generando conflictos en su intento de transformarse en modelo universal.\u00a0<\/span><\/p>\n<p><span style=\"font-weight: 400;\">La segunda es aquella que ha emanado de las primeras manifestaciones de crisis estructural del capitalismo surgido hace alrededor de 250 a\u00f1os tras la revoluci\u00f3n industrial, iniciada hacia 1760 en el Reino Unido en lo econ\u00f3mico, y la revoluci\u00f3n francesa de 1789 en lo pol\u00edtico.\u00a0<\/span><\/p>\n<p><span style=\"font-weight: 400;\">La tercera es la del fin del modelo heredado de la segunda guerra mundial y la consolidaci\u00f3n de la hegemon\u00eda estadounidense hace casi 80 a\u00f1os. Finalmente, la cuarta ola es la que se ha formado por el fin de la bipolaridad hace 30 a\u00f1os sin que el mundo haya podido estabilizar un nuevo sistema internacional.<\/span><\/p>\n<p><span style=\"font-weight: 400;\">Como se dijo antes, la din\u00e1mica de los acontecimientos del d\u00eda a d\u00eda no nos dejan ver esta dimensi\u00f3n tan extraordinaria de la situaci\u00f3n pol\u00edtica internacional. Vivimos un momento de quiebres. De cuestionamientos, un momento en que se pone a prueba lo mejor de la condici\u00f3n humana, pero que tambi\u00e9n se manifiesta lo m\u00e1s execrable y la fragilidad de los mortales. Es un momento de definiciones. Es un momento de decisiones. Vivimos un tiempo \u00fanico de la historia.<\/span><\/p>\n<blockquote>\n<h2><b><i>\u201cEl fin de la segunda guerra mundial hizo nacer un nuevo sistema internacional que tuvo a la ONU como eje fundamental sobre el cual se iban a construir la paz y relaciones m\u00e1s equitativas entre los pueblos. La ONU no ha podido cumplir ese objetivo, lo cual es expresi\u00f3n de la obsolescencia del sistema.\u201d<\/i><\/b><\/h2>\n<\/blockquote>\n<p><span style=\"font-weight: 400;\">Veamos:<\/span><\/p>\n<ol>\n<li><b><\/b> <b>La democracia ateniense<\/b><\/li>\n<\/ol>\n<p><span style=\"font-weight: 400;\">Aunque hay estudios que se\u00f1alan que hubo algunas manifestaciones democr\u00e1ticas anteriores, se considera que la democracia surgi\u00f3 en Atenas hace 27 siglos significando un paso adelante en el desarrollo pol\u00edtico de Occidente, a pesar que naci\u00f3 siendo un sistema excluyente que s\u00f3lo consideraba como ciudadanos a los varones, con capacidad econ\u00f3mica y pertenencia a la nobleza. Los extranjeros, los esclavos y las mujeres no eran ciudadanos. No obstante, la instauraci\u00f3n de ciertas instituciones como los poderes ejecutivo y legislativo y el voto, fueron mecanismos de avanzada en la \u00e9poca. Sin embargo, hasta ahora, la democracia no ha sido capaz de resolver la dicotom\u00eda representaci\u00f3n\/participaci\u00f3n que sigue siendo restringida y limitada a los sectores con mayores recursos en la sociedad que la utiliza precisamente como mecanismo de control de la misma. Es un sistema en crisis.<\/span><\/p>\n<ol start=\"2\">\n<li><b><\/b> <b>La revoluci\u00f3n industrial y la revoluci\u00f3n francesa<\/b><\/li>\n<\/ol>\n<p><span style=\"font-weight: 400;\">La revoluci\u00f3n francesa instaur\u00f3 una serie de mecanismos avanzados respecto de las sociedades esclavista y feudal. Por ejemplo, los tres poderes (ejecutivo, legislativo y judicial), la alternabilidad y la independencia de estas instancias as\u00ed como las libertades civiles (de expresi\u00f3n, de prensa, de asociaci\u00f3n), entre otras.<\/span><\/p>\n<p><span style=\"font-weight: 400;\">Habr\u00eda sido deseable que el pueblo hubiera asaltado el poder para construir sociedades m\u00e1s justas y democr\u00e1ticas, sin embargo, tal como lo previ\u00f3 Lenin, en la fase superior del capitalismo que vivimos, el sistema creado ha llegado a tan altos niveles de concentraci\u00f3n del poder econ\u00f3mico y pol\u00edtico que son estos propios avances desmesurados los que constri\u00f1en el desarrollo acelerado de la acumulaci\u00f3n capitalista en los niveles ambicionados, transform\u00e1ndose en un freno para el sus necesidades de ganancia, por lo cual, son las propias clases sustentadoras del poder, las que destruyen las llamadas libertades democr\u00e1ticas que ellas mismas han creado.<\/span><\/p>\n<p><span style=\"font-weight: 400;\">Por su parte, la revoluci\u00f3n industrial que signific\u00f3 un impulso revolucionario respecto del retr\u00f3grado sistema feudal, hoy en su fase imperialista ha creado elevados niveles de diferenciaci\u00f3n entre explotadores y explotados. La producci\u00f3n capitalista se concentra cada vez m\u00e1s en una minor\u00eda que usufruct\u00faa los \u00e9xitos y los avances del desarrollo y de los adelantos cient\u00edficos y tecnol\u00f3gicos. Estos procesos revolucionarios del pasado, hoy se manifiestan de manera reaccionaria, representando formas conservadoras y atrasadas que no tienen sustento en el mediano y largo plazo.<\/span><\/p>\n<ol start=\"3\">\n<li><b><\/b> <b>El fin de la segunda guerra mundial.<\/b><\/li>\n<\/ol>\n<p><span style=\"font-weight: 400;\">El fin de la segunda guerra mundial hizo nacer un nuevo sistema internacional que tuvo a la ONU como eje fundamental sobre el cual se iban a construir la paz y relaciones m\u00e1s equitativas entre los pueblos. La ONU no ha podido cumplir ese objetivo, lo cual es expresi\u00f3n de la obsolescencia del sistema.<\/span><\/p>\n<p><span style=\"font-weight: 400;\">Por ejemplo, la Organizaci\u00f3n Mundial de la Salud (OMS) fue incapaz de manejar la crisis del COVID19, la Organizaci\u00f3n Mundial del Comercio no ha podido impedir que el 31,5% de la poblaci\u00f3n mundial viva bajo sanciones, la Comisi\u00f3n de Derechos Humanos y sus entes adscritos no se pueden sacudir la tutela de mecanismos politizados que son manejados seg\u00fan los intereses de los poderosos. Otro tanto ocurre con los organismos encargados de impartir justicia. Las organizaciones de Naciones Unidas para la Agricultura y la Alimentaci\u00f3n (FAO), para la Educaci\u00f3n, la Ciencia y la Cultura (UNESCO) y el Fondo de Naciones Unidas para la Infancia (UNICEF) son estructuras que hacen una loable labor pero est\u00e1n limitadas y restringidas de recursos porque las misiones que cumplen no est\u00e1n encaminadas a favorecer los intereses de los poderosos.<\/span><\/p>\n<p><span style=\"font-weight: 400;\">La ONU vive una contradicci\u00f3n intr\u00ednseca entre el car\u00e1cter democr\u00e1tico de la Asamblea General y el car\u00e1cter dictatorial del Consejo de Seguridad y su derecho a veto. Hay que recordar que la ONU se cre\u00f3 con 51 pa\u00edses y hoy forman parte de ella 194 Estados, de manera tal que la realidad de hoy es muy distinta a la que le dio origen. Los miembros africanos originales de la ONU fueron 4, hoy son 54, de Asia, 8, hoy son 51, de Caricom, ninguno, hoy son 15. \u00bfPuede alguien pensar que la ONU puede seguir funcionando de la misma manera, cuando ha habido una evidente transformaci\u00f3n de su membres\u00eda?<\/span><\/p>\n<p><span style=\"font-weight: 400;\">El Art\u00edculo 3 de la Declaraci\u00f3n Universal de los Derechos Humanos expone el derecho a la vida. Por su parte, el art\u00edculo 1 dice que\u201d Todos los seres humanos nacen libres e iguales en dignidad y derechos\u201d \u00bfPuede alguien creer que eso es verdad? El sistema emanado de la segunda guerra mundial hoy es solo una quimera.<\/span><\/p>\n<p><span style=\"font-weight: 400;\">El capitalismo no ha podido garantizar que todos seamos iguales en dignidad y derechos. Veamos:<\/span><\/p>\n<ul>\n<li><span style=\"font-weight: 400;\"> \u00a0 <\/span> <span style=\"font-weight: 400;\">900 millones de personas pasan hambre.<\/span><\/li>\n<li><span style=\"font-weight: 400;\"> \u00a0 <\/span> <span style=\"font-weight: 400;\">1.100 millones viven en condiciones de pobreza extrema.<\/span><\/li>\n<li><span style=\"font-weight: 400;\"> \u00a0 <\/span> <span style=\"font-weight: 400;\">2.800 millones en situaci\u00f3n de pobreza.<\/span><\/li>\n<li><span style=\"font-weight: 400;\"> \u00a0 <\/span> <span style=\"font-weight: 400;\">448 millones de ni\u00f1os tienen bajo peso.<\/span><\/li>\n<li><span style=\"font-weight: 400;\"> \u00a0 <\/span> <span style=\"font-weight: 400;\">876 millones de adultos son analfabetos. De ellos, las dos terceras partes son mujeres.<\/span><\/li>\n<li><span style=\"font-weight: 400;\"> \u00a0 <\/span> <span style=\"font-weight: 400;\">Todos los d\u00edas mueren 30 mil ni\u00f1os menores de 5 a\u00f1os de enfermedades que podr\u00edan haber sido evitadas.<\/span><\/li>\n<li><span style=\"font-weight: 400;\"> \u00a0 <\/span> <span style=\"font-weight: 400;\">M\u00e1s de 1.000 millones de personas no tienen acceso al agua.<\/span><\/li>\n<li><span style=\"font-weight: 400;\"> \u00a0 <\/span> <span style=\"font-weight: 400;\">El 90% de la poblaci\u00f3n mundial posee el 20% de la riqueza.<\/span><\/li>\n<li><span style=\"font-weight: 400;\"> \u00a0 <\/span> <span style=\"font-weight: 400;\">El 1% posee el 63% de esa riqueza.<\/span><\/li>\n<li><span style=\"font-weight: 400;\"> \u00a0 <\/span> <span style=\"font-weight: 400;\">Ellon Musk paga 3% de impuestos. Una trabajadora de Uganda que se dedica a vender harina, paga el 40% de sus ingresos en impuestos, es decir 80 d\u00f3lares al mes.<\/span><\/li>\n<li><span style=\"font-weight: 400;\"> \u00a0 <\/span> <span style=\"font-weight: 400;\">Los mil millonarios ganan 2.700 millones de d\u00f3lares al d\u00eda.<\/span><\/li>\n<li><span style=\"font-weight: 400;\"> \u00a0 <\/span> <span style=\"font-weight: 400;\">1.800 millones de personas en el mundo carecen de vivienda.<\/span><\/li>\n<\/ul>\n<p><span style=\"font-weight: 400;\">\u00bfEste es el \u00e9xito del capitalismo?\u00bfEste es el mundo que queremos? El \u00e9xito que con total fanfarria y colorido nos muestran los medios de comunicaci\u00f3n a trav\u00e9s de \u201calfombras rojas\u201d, vestidos largos, yates y mansiones, concursos de belleza y laureles de artistas, deportistas y monarqu\u00edas, representan a una muy \u00ednfima parte de la humanidad, menos del 1%. Esa no es la realidad del planeta. El capitalismo fracas\u00f3, solo produce hambre, guerra y muerte. Pero nos tratan de convencer, de que alg\u00fan d\u00eda podremos vivir como ese 1%, lo cual es y ser\u00e1 imposible mientras la estructura del poder mundial se mantenga como hasta ahora.<\/span><\/p>\n<p><a href=\"https:\/\/www.nodal.am\/2024\/02\/el-impuesto-a-los-superricos-genero-recaudacion-historica\/\"><span style=\"font-weight: 400;\">Te puede interesar, impuesto a los superricos en Brasil gener\u00f3 recaudaci\u00f3n hist\u00f3rica<\/span><\/a><\/p>\n<ol start=\"4\">\n<li><b><\/b> <b>La ca\u00edda de la Uni\u00f3n Sovi\u00e9tica y el fin de la bipolaridad.<\/b><\/li>\n<\/ol>\n<p><span style=\"font-weight: 400;\">Tras la ca\u00edda de la Uni\u00f3n Sovi\u00e9tica y el fin de la bipolaridad, el mundo no pudo, de inmediato, estructurar un nuevo sistema internacional. La \u00faltima d\u00e9cada del siglo pasado fue ca\u00f3tica sin que las dos fuerzas en pugna: unilateralismo y multilateralismo, pudieran consolidarse. Pero los atentados terroristas del 11 de septiembre de 2001 le permitieron a Estados Unidos imponer la doctrina de \u201cguerra contra el terrorismo\u201d que, en los hechos, signific\u00f3 la instauraci\u00f3n de la unipolaridad. Hay que recordar el discurso del presidente Bush del 20 de septiembre de ese a\u00f1o cuando plante\u00f3 la falsa disyuntiva de \u201co est\u00e1n con ellos o est\u00e1n con nosotros\u201d. Eso impuso la obligaci\u00f3n del mundo de \u201cestar con Estados Unidos\u201d, porque la alternativa era \u201capoyar al terrorismo\u201d, eliminando cualquier otra posici\u00f3n. El gran ganador de esas acciones terroristas fue Estados Unidos.<\/span><\/p>\n<p><span style=\"font-weight: 400;\">Eran tiempos en que se anunciaba \u201cel fin de la historia\u201d y efectivamente pareci\u00f3 que Estados Unidos y el capitalismo se establecer\u00edan en el planeta por \u201clos siglos de los siglos\u201d. Estaba ocurriendo la guerra en los Balcanes y se produjo la intervenci\u00f3n estadounidense en Irak, sin que hubiera contrapeso alguno a la actuaci\u00f3n imperialista.<\/span><\/p>\n<p><span style=\"font-weight: 400;\">Todo marchaba bien para Washington hasta que, en 2008, se produjo la crisis de la burbuja inmobiliaria en Estados Unidos que contamin\u00f3 a todo el mundo. Era expresi\u00f3n de la incapacidad de esa potencia y del capitalismo de sostener el mundo unipolar.<\/span><\/p>\n<p><span style=\"font-weight: 400;\">Pero el mundo hab\u00eda cambiado. Pocos a\u00f1os despu\u00e9s, en 2012, Vladimir Putin regres\u00f3 al poder en Rusia, y en China, el mismo a\u00f1o, Xi Jinping era elegido secretario general del partido comunista. Ese mismo a\u00f1o fue nombrado presidente de la Comisi\u00f3n Militar Central y, al siguiente, presidente de la Rep\u00fablica Popular China.<\/span><\/p>\n<p><span style=\"font-weight: 400;\">Putin y Xi son de la misma generaci\u00f3n, uno nacido en octubre de 1952 y el otro, en junio de 1953. Es una generaci\u00f3n de la postguerra, Putin vivi\u00f3 el fin del socialismo en la Uni\u00f3n Sovi\u00e9tica y Xi, la muerte de Mao y el inicio de la pol\u00edtica de reforma y apertura, ambos en la tercera d\u00e9cada de su vida. Ellos y sus pa\u00edses son los conductores del nuevo mundo que est\u00e1 naciendo.<\/span><\/p>\n<p><span style=\"font-weight: 400;\">Este sistema que est\u00e1 emergiendo, como es natural, navega en medio de contradicciones y resistencias sin que todav\u00eda pueda definirse con precisi\u00f3n. A\u00fan hoy, se mantiene con mucha mayor fuerza la pugna entre multipolaridad y unipolaridad. Pero este conflicto comenz\u00f3 a resolverse en 2020.<\/span><\/p>\n<p><span style=\"font-weight: 400;\">Continuar\u00e1\u2026<\/span><\/p>\n<p><b>Autor: Sergio Rodr\u00edguez Gelfenstein<\/b><\/p>\n<p><a href=\"http:\/\/www.sergioro07.blogspot.com\"><b>www.sergioro07.blogspot.com<\/b><\/a><\/p>\n","protected":false},"excerpt":{"rendered":"<p>Este art\u00edculo fue publicado el pasado 27 de febrero en la Revista Soberan\u00eda N\u00b0 7&#8230;<\/p>\n","protected":false},"author":1,"featured_media":766,"comment_status":"open","ping_status":"closed","sticky":false,"template":"","format":"standard","meta":{"footnotes":""},"categories":[70,52],"tags":[89,152,150,32,151],"class_list":["post-765","post","type-post","status-publish","format-standard","has-post-thumbnail","hentry","category-otras-voces","category-sergio-rodriguez-gelfenstein","tag-ee-uu","tag-fao","tag-oms","tag-onu","tag-unesco"],"yoast_head":"<!-- This site is optimized with the Yoast SEO plugin v27.5 - https:\/\/yoast.com\/product\/yoast-seo-wordpress\/ -->\n<title>\u00bfD\u00f3nde estamos? \u00bfen qu\u00e9 lugar y en qu\u00e9 momento de la historia nos encontramos? (I) -<\/title>\n<meta name=\"description\" content=\"El fin de la segunda guerra mundial hizo nacer un nuevo sistema internacional que tuvo a la ONU como eje fundamental sobre el cual se iban a construir la paz y relaciones m\u00e1s equitativas entre los pueblos. La ONU no ha podido cumplir ese objetivo, lo cual es expresi\u00f3n de la obsolescencia del sistema.\" \/>\n<meta name=\"robots\" content=\"index, follow, max-snippet:-1, max-image-preview:large, max-video-preview:-1\" \/>\n<link rel=\"canonical\" href=\"https:\/\/hueleaazufre.com\/wordpress_a\/index.php\/2024\/03\/01\/donde-estamos-en-que-lugar-y-en-que-momento-de-la-historia-nos-encontramos-i\/\" \/>\n<meta property=\"og:locale\" content=\"es_ES\" \/>\n<meta property=\"og:type\" content=\"article\" \/>\n<meta property=\"og:title\" content=\"\u00bfD\u00f3nde estamos? \u00bfen qu\u00e9 lugar y en qu\u00e9 momento de la historia nos encontramos? (I) -\" \/>\n<meta property=\"og:description\" content=\"El fin de la segunda guerra mundial hizo nacer un nuevo sistema internacional que tuvo a la ONU como eje fundamental sobre el cual se iban a construir la paz y relaciones m\u00e1s equitativas entre los pueblos. La ONU no ha podido cumplir ese objetivo, lo cual es expresi\u00f3n de la obsolescencia del sistema.\" \/>\n<meta property=\"og:url\" content=\"https:\/\/hueleaazufre.com\/wordpress_a\/index.php\/2024\/03\/01\/donde-estamos-en-que-lugar-y-en-que-momento-de-la-historia-nos-encontramos-i\/\" \/>\n<meta property=\"article:published_time\" content=\"2024-03-01T16:32:52+00:00\" \/>\n<meta property=\"og:image\" content=\"https:\/\/hueleaazufre.com\/wordpress_a\/wp-content\/uploads\/2024\/03\/joe-biden-enfrentadose-a-xi-jinping-y-vladmir-putin.png\" \/>\n\t<meta property=\"og:image:width\" content=\"1024\" \/>\n\t<meta property=\"og:image:height\" content=\"1024\" \/>\n\t<meta property=\"og:image:type\" content=\"image\/png\" \/>\n<meta name=\"author\" content=\"Huele a azufre\" \/>\n<meta name=\"twitter:card\" content=\"summary_large_image\" \/>\n<meta name=\"twitter:label1\" content=\"Escrito por\" \/>\n\t<meta name=\"twitter:data1\" content=\"Huele a azufre\" \/>\n\t<meta name=\"twitter:label2\" content=\"Tiempo de lectura\" \/>\n\t<meta name=\"twitter:data2\" content=\"9 minutos\" \/>\n<script type=\"application\/ld+json\" class=\"yoast-schema-graph\">{\"@context\":\"https:\\\/\\\/schema.org\",\"@graph\":[{\"@type\":\"Article\",\"@id\":\"https:\\\/\\\/hueleaazufre.com\\\/wordpress_a\\\/index.php\\\/2024\\\/03\\\/01\\\/donde-estamos-en-que-lugar-y-en-que-momento-de-la-historia-nos-encontramos-i\\\/#article\",\"isPartOf\":{\"@id\":\"https:\\\/\\\/hueleaazufre.com\\\/wordpress_a\\\/index.php\\\/2024\\\/03\\\/01\\\/donde-estamos-en-que-lugar-y-en-que-momento-de-la-historia-nos-encontramos-i\\\/\"},\"author\":{\"name\":\"Huele a azufre\",\"@id\":\"https:\\\/\\\/hueleaazufre.com\\\/wordpress_a\\\/#\\\/schema\\\/person\\\/549dd871707ea7f9f1a686323ebe9baa\"},\"headline\":\"\u00bfD\u00f3nde estamos? \u00bfen qu\u00e9 lugar y en qu\u00e9 momento de la historia nos encontramos? (I)\",\"datePublished\":\"2024-03-01T16:32:52+00:00\",\"mainEntityOfPage\":{\"@id\":\"https:\\\/\\\/hueleaazufre.com\\\/wordpress_a\\\/index.php\\\/2024\\\/03\\\/01\\\/donde-estamos-en-que-lugar-y-en-que-momento-de-la-historia-nos-encontramos-i\\\/\"},\"wordCount\":1987,\"commentCount\":0,\"image\":{\"@id\":\"https:\\\/\\\/hueleaazufre.com\\\/wordpress_a\\\/index.php\\\/2024\\\/03\\\/01\\\/donde-estamos-en-que-lugar-y-en-que-momento-de-la-historia-nos-encontramos-i\\\/#primaryimage\"},\"thumbnailUrl\":\"https:\\\/\\\/hueleaazufre.com\\\/wordpress_a\\\/wp-content\\\/uploads\\\/2024\\\/03\\\/joe-biden-enfrentadose-a-xi-jinping-y-vladmir-putin.png\",\"keywords\":[\"EE.UU\",\"FAO\",\"OMS\",\"ONU\",\"UNESCO\"],\"articleSection\":[\"Otras voces\",\"Sergio Rodr\u00edguez Gelfenstein\"],\"inLanguage\":\"es\",\"potentialAction\":[{\"@type\":\"CommentAction\",\"name\":\"Comment\",\"target\":[\"https:\\\/\\\/hueleaazufre.com\\\/wordpress_a\\\/index.php\\\/2024\\\/03\\\/01\\\/donde-estamos-en-que-lugar-y-en-que-momento-de-la-historia-nos-encontramos-i\\\/#respond\"]}]},{\"@type\":\"WebPage\",\"@id\":\"https:\\\/\\\/hueleaazufre.com\\\/wordpress_a\\\/index.php\\\/2024\\\/03\\\/01\\\/donde-estamos-en-que-lugar-y-en-que-momento-de-la-historia-nos-encontramos-i\\\/\",\"url\":\"https:\\\/\\\/hueleaazufre.com\\\/wordpress_a\\\/index.php\\\/2024\\\/03\\\/01\\\/donde-estamos-en-que-lugar-y-en-que-momento-de-la-historia-nos-encontramos-i\\\/\",\"name\":\"\u00bfD\u00f3nde estamos? \u00bfen qu\u00e9 lugar y en qu\u00e9 momento de la historia nos encontramos? (I) -\",\"isPartOf\":{\"@id\":\"https:\\\/\\\/hueleaazufre.com\\\/wordpress_a\\\/#website\"},\"primaryImageOfPage\":{\"@id\":\"https:\\\/\\\/hueleaazufre.com\\\/wordpress_a\\\/index.php\\\/2024\\\/03\\\/01\\\/donde-estamos-en-que-lugar-y-en-que-momento-de-la-historia-nos-encontramos-i\\\/#primaryimage\"},\"image\":{\"@id\":\"https:\\\/\\\/hueleaazufre.com\\\/wordpress_a\\\/index.php\\\/2024\\\/03\\\/01\\\/donde-estamos-en-que-lugar-y-en-que-momento-de-la-historia-nos-encontramos-i\\\/#primaryimage\"},\"thumbnailUrl\":\"https:\\\/\\\/hueleaazufre.com\\\/wordpress_a\\\/wp-content\\\/uploads\\\/2024\\\/03\\\/joe-biden-enfrentadose-a-xi-jinping-y-vladmir-putin.png\",\"datePublished\":\"2024-03-01T16:32:52+00:00\",\"author\":{\"@id\":\"https:\\\/\\\/hueleaazufre.com\\\/wordpress_a\\\/#\\\/schema\\\/person\\\/549dd871707ea7f9f1a686323ebe9baa\"},\"description\":\"El fin de la segunda guerra mundial hizo nacer un nuevo sistema internacional que tuvo a la ONU como eje fundamental sobre el cual se iban a construir la paz y relaciones m\u00e1s equitativas entre los pueblos. La ONU no ha podido cumplir ese objetivo, lo cual es expresi\u00f3n de la obsolescencia del sistema.\",\"breadcrumb\":{\"@id\":\"https:\\\/\\\/hueleaazufre.com\\\/wordpress_a\\\/index.php\\\/2024\\\/03\\\/01\\\/donde-estamos-en-que-lugar-y-en-que-momento-de-la-historia-nos-encontramos-i\\\/#breadcrumb\"},\"inLanguage\":\"es\",\"potentialAction\":[{\"@type\":\"ReadAction\",\"target\":[\"https:\\\/\\\/hueleaazufre.com\\\/wordpress_a\\\/index.php\\\/2024\\\/03\\\/01\\\/donde-estamos-en-que-lugar-y-en-que-momento-de-la-historia-nos-encontramos-i\\\/\"]}]},{\"@type\":\"ImageObject\",\"inLanguage\":\"es\",\"@id\":\"https:\\\/\\\/hueleaazufre.com\\\/wordpress_a\\\/index.php\\\/2024\\\/03\\\/01\\\/donde-estamos-en-que-lugar-y-en-que-momento-de-la-historia-nos-encontramos-i\\\/#primaryimage\",\"url\":\"https:\\\/\\\/hueleaazufre.com\\\/wordpress_a\\\/wp-content\\\/uploads\\\/2024\\\/03\\\/joe-biden-enfrentadose-a-xi-jinping-y-vladmir-putin.png\",\"contentUrl\":\"https:\\\/\\\/hueleaazufre.com\\\/wordpress_a\\\/wp-content\\\/uploads\\\/2024\\\/03\\\/joe-biden-enfrentadose-a-xi-jinping-y-vladmir-putin.png\",\"width\":1024,\"height\":1024},{\"@type\":\"BreadcrumbList\",\"@id\":\"https:\\\/\\\/hueleaazufre.com\\\/wordpress_a\\\/index.php\\\/2024\\\/03\\\/01\\\/donde-estamos-en-que-lugar-y-en-que-momento-de-la-historia-nos-encontramos-i\\\/#breadcrumb\",\"itemListElement\":[{\"@type\":\"ListItem\",\"position\":1,\"name\":\"Portada\",\"item\":\"https:\\\/\\\/hueleaazufre.com\\\/wordpress_a\\\/\"},{\"@type\":\"ListItem\",\"position\":2,\"name\":\"\u00bfD\u00f3nde estamos? \u00bfen qu\u00e9 lugar y en qu\u00e9 momento de la historia nos encontramos? (I)\"}]},{\"@type\":\"WebSite\",\"@id\":\"https:\\\/\\\/hueleaazufre.com\\\/wordpress_a\\\/#website\",\"url\":\"https:\\\/\\\/hueleaazufre.com\\\/wordpress_a\\\/\",\"name\":\"\",\"description\":\"Huele a azufre es una plataforma digital de an\u00e1lisis geopol\u00edtico.\",\"potentialAction\":[{\"@type\":\"SearchAction\",\"target\":{\"@type\":\"EntryPoint\",\"urlTemplate\":\"https:\\\/\\\/hueleaazufre.com\\\/wordpress_a\\\/?s={search_term_string}\"},\"query-input\":{\"@type\":\"PropertyValueSpecification\",\"valueRequired\":true,\"valueName\":\"search_term_string\"}}],\"inLanguage\":\"es\"},{\"@type\":\"Person\",\"@id\":\"https:\\\/\\\/hueleaazufre.com\\\/wordpress_a\\\/#\\\/schema\\\/person\\\/549dd871707ea7f9f1a686323ebe9baa\",\"name\":\"Huele a azufre\",\"image\":{\"@type\":\"ImageObject\",\"inLanguage\":\"es\",\"@id\":\"https:\\\/\\\/secure.gravatar.com\\\/avatar\\\/e972d5c124b9bf80eb4c9d322a90dd86a59d447f5da36700a77516f13637d44e?s=96&d=mm&r=g\",\"url\":\"https:\\\/\\\/secure.gravatar.com\\\/avatar\\\/e972d5c124b9bf80eb4c9d322a90dd86a59d447f5da36700a77516f13637d44e?s=96&d=mm&r=g\",\"contentUrl\":\"https:\\\/\\\/secure.gravatar.com\\\/avatar\\\/e972d5c124b9bf80eb4c9d322a90dd86a59d447f5da36700a77516f13637d44e?s=96&d=mm&r=g\",\"caption\":\"Huele a azufre\"},\"description\":\"Huele a azufre es una plataforma digital de an\u00e1lisis geopol\u00edtico\u00a0 contrahegem\u00f3nico, que busca visibilizar las voces y los discursos silenciados por el poder medi\u00e1tico.\",\"sameAs\":[\"https:\\\/\\\/hueleaazufre.com\\\/wordpress_a\"],\"url\":\"https:\\\/\\\/hueleaazufre.com\\\/wordpress_a\\\/index.php\\\/author\\\/admin_tupapa\\\/\"}]}<\/script>\n<!-- \/ Yoast SEO plugin. -->","yoast_head_json":{"title":"\u00bfD\u00f3nde estamos? \u00bfen qu\u00e9 lugar y en qu\u00e9 momento de la historia nos encontramos? (I) -","description":"El fin de la segunda guerra mundial hizo nacer un nuevo sistema internacional que tuvo a la ONU como eje fundamental sobre el cual se iban a construir la paz y relaciones m\u00e1s equitativas entre los pueblos. La ONU no ha podido cumplir ese objetivo, lo cual es expresi\u00f3n de la obsolescencia del sistema.","robots":{"index":"index","follow":"follow","max-snippet":"max-snippet:-1","max-image-preview":"max-image-preview:large","max-video-preview":"max-video-preview:-1"},"canonical":"https:\/\/hueleaazufre.com\/wordpress_a\/index.php\/2024\/03\/01\/donde-estamos-en-que-lugar-y-en-que-momento-de-la-historia-nos-encontramos-i\/","og_locale":"es_ES","og_type":"article","og_title":"\u00bfD\u00f3nde estamos? \u00bfen qu\u00e9 lugar y en qu\u00e9 momento de la historia nos encontramos? (I) -","og_description":"El fin de la segunda guerra mundial hizo nacer un nuevo sistema internacional que tuvo a la ONU como eje fundamental sobre el cual se iban a construir la paz y relaciones m\u00e1s equitativas entre los pueblos. La ONU no ha podido cumplir ese objetivo, lo cual es expresi\u00f3n de la obsolescencia del sistema.","og_url":"https:\/\/hueleaazufre.com\/wordpress_a\/index.php\/2024\/03\/01\/donde-estamos-en-que-lugar-y-en-que-momento-de-la-historia-nos-encontramos-i\/","article_published_time":"2024-03-01T16:32:52+00:00","og_image":[{"width":1024,"height":1024,"url":"https:\/\/hueleaazufre.com\/wordpress_a\/wp-content\/uploads\/2024\/03\/joe-biden-enfrentadose-a-xi-jinping-y-vladmir-putin.png","type":"image\/png"}],"author":"Huele a azufre","twitter_card":"summary_large_image","twitter_misc":{"Escrito por":"Huele a azufre","Tiempo de lectura":"9 minutos"},"schema":{"@context":"https:\/\/schema.org","@graph":[{"@type":"Article","@id":"https:\/\/hueleaazufre.com\/wordpress_a\/index.php\/2024\/03\/01\/donde-estamos-en-que-lugar-y-en-que-momento-de-la-historia-nos-encontramos-i\/#article","isPartOf":{"@id":"https:\/\/hueleaazufre.com\/wordpress_a\/index.php\/2024\/03\/01\/donde-estamos-en-que-lugar-y-en-que-momento-de-la-historia-nos-encontramos-i\/"},"author":{"name":"Huele a azufre","@id":"https:\/\/hueleaazufre.com\/wordpress_a\/#\/schema\/person\/549dd871707ea7f9f1a686323ebe9baa"},"headline":"\u00bfD\u00f3nde estamos? \u00bfen qu\u00e9 lugar y en qu\u00e9 momento de la historia nos encontramos? (I)","datePublished":"2024-03-01T16:32:52+00:00","mainEntityOfPage":{"@id":"https:\/\/hueleaazufre.com\/wordpress_a\/index.php\/2024\/03\/01\/donde-estamos-en-que-lugar-y-en-que-momento-de-la-historia-nos-encontramos-i\/"},"wordCount":1987,"commentCount":0,"image":{"@id":"https:\/\/hueleaazufre.com\/wordpress_a\/index.php\/2024\/03\/01\/donde-estamos-en-que-lugar-y-en-que-momento-de-la-historia-nos-encontramos-i\/#primaryimage"},"thumbnailUrl":"https:\/\/hueleaazufre.com\/wordpress_a\/wp-content\/uploads\/2024\/03\/joe-biden-enfrentadose-a-xi-jinping-y-vladmir-putin.png","keywords":["EE.UU","FAO","OMS","ONU","UNESCO"],"articleSection":["Otras voces","Sergio Rodr\u00edguez Gelfenstein"],"inLanguage":"es","potentialAction":[{"@type":"CommentAction","name":"Comment","target":["https:\/\/hueleaazufre.com\/wordpress_a\/index.php\/2024\/03\/01\/donde-estamos-en-que-lugar-y-en-que-momento-de-la-historia-nos-encontramos-i\/#respond"]}]},{"@type":"WebPage","@id":"https:\/\/hueleaazufre.com\/wordpress_a\/index.php\/2024\/03\/01\/donde-estamos-en-que-lugar-y-en-que-momento-de-la-historia-nos-encontramos-i\/","url":"https:\/\/hueleaazufre.com\/wordpress_a\/index.php\/2024\/03\/01\/donde-estamos-en-que-lugar-y-en-que-momento-de-la-historia-nos-encontramos-i\/","name":"\u00bfD\u00f3nde estamos? \u00bfen qu\u00e9 lugar y en qu\u00e9 momento de la historia nos encontramos? (I) -","isPartOf":{"@id":"https:\/\/hueleaazufre.com\/wordpress_a\/#website"},"primaryImageOfPage":{"@id":"https:\/\/hueleaazufre.com\/wordpress_a\/index.php\/2024\/03\/01\/donde-estamos-en-que-lugar-y-en-que-momento-de-la-historia-nos-encontramos-i\/#primaryimage"},"image":{"@id":"https:\/\/hueleaazufre.com\/wordpress_a\/index.php\/2024\/03\/01\/donde-estamos-en-que-lugar-y-en-que-momento-de-la-historia-nos-encontramos-i\/#primaryimage"},"thumbnailUrl":"https:\/\/hueleaazufre.com\/wordpress_a\/wp-content\/uploads\/2024\/03\/joe-biden-enfrentadose-a-xi-jinping-y-vladmir-putin.png","datePublished":"2024-03-01T16:32:52+00:00","author":{"@id":"https:\/\/hueleaazufre.com\/wordpress_a\/#\/schema\/person\/549dd871707ea7f9f1a686323ebe9baa"},"description":"El fin de la segunda guerra mundial hizo nacer un nuevo sistema internacional que tuvo a la ONU como eje fundamental sobre el cual se iban a construir la paz y relaciones m\u00e1s equitativas entre los pueblos. La ONU no ha podido cumplir ese objetivo, lo cual es expresi\u00f3n de la obsolescencia del sistema.","breadcrumb":{"@id":"https:\/\/hueleaazufre.com\/wordpress_a\/index.php\/2024\/03\/01\/donde-estamos-en-que-lugar-y-en-que-momento-de-la-historia-nos-encontramos-i\/#breadcrumb"},"inLanguage":"es","potentialAction":[{"@type":"ReadAction","target":["https:\/\/hueleaazufre.com\/wordpress_a\/index.php\/2024\/03\/01\/donde-estamos-en-que-lugar-y-en-que-momento-de-la-historia-nos-encontramos-i\/"]}]},{"@type":"ImageObject","inLanguage":"es","@id":"https:\/\/hueleaazufre.com\/wordpress_a\/index.php\/2024\/03\/01\/donde-estamos-en-que-lugar-y-en-que-momento-de-la-historia-nos-encontramos-i\/#primaryimage","url":"https:\/\/hueleaazufre.com\/wordpress_a\/wp-content\/uploads\/2024\/03\/joe-biden-enfrentadose-a-xi-jinping-y-vladmir-putin.png","contentUrl":"https:\/\/hueleaazufre.com\/wordpress_a\/wp-content\/uploads\/2024\/03\/joe-biden-enfrentadose-a-xi-jinping-y-vladmir-putin.png","width":1024,"height":1024},{"@type":"BreadcrumbList","@id":"https:\/\/hueleaazufre.com\/wordpress_a\/index.php\/2024\/03\/01\/donde-estamos-en-que-lugar-y-en-que-momento-de-la-historia-nos-encontramos-i\/#breadcrumb","itemListElement":[{"@type":"ListItem","position":1,"name":"Portada","item":"https:\/\/hueleaazufre.com\/wordpress_a\/"},{"@type":"ListItem","position":2,"name":"\u00bfD\u00f3nde estamos? \u00bfen qu\u00e9 lugar y en qu\u00e9 momento de la historia nos encontramos? (I)"}]},{"@type":"WebSite","@id":"https:\/\/hueleaazufre.com\/wordpress_a\/#website","url":"https:\/\/hueleaazufre.com\/wordpress_a\/","name":"","description":"Huele a azufre es una plataforma digital de an\u00e1lisis geopol\u00edtico.","potentialAction":[{"@type":"SearchAction","target":{"@type":"EntryPoint","urlTemplate":"https:\/\/hueleaazufre.com\/wordpress_a\/?s={search_term_string}"},"query-input":{"@type":"PropertyValueSpecification","valueRequired":true,"valueName":"search_term_string"}}],"inLanguage":"es"},{"@type":"Person","@id":"https:\/\/hueleaazufre.com\/wordpress_a\/#\/schema\/person\/549dd871707ea7f9f1a686323ebe9baa","name":"Huele a azufre","image":{"@type":"ImageObject","inLanguage":"es","@id":"https:\/\/secure.gravatar.com\/avatar\/e972d5c124b9bf80eb4c9d322a90dd86a59d447f5da36700a77516f13637d44e?s=96&d=mm&r=g","url":"https:\/\/secure.gravatar.com\/avatar\/e972d5c124b9bf80eb4c9d322a90dd86a59d447f5da36700a77516f13637d44e?s=96&d=mm&r=g","contentUrl":"https:\/\/secure.gravatar.com\/avatar\/e972d5c124b9bf80eb4c9d322a90dd86a59d447f5da36700a77516f13637d44e?s=96&d=mm&r=g","caption":"Huele a azufre"},"description":"Huele a azufre es una plataforma digital de an\u00e1lisis geopol\u00edtico\u00a0 contrahegem\u00f3nico, que busca visibilizar las voces y los discursos silenciados por el poder medi\u00e1tico.","sameAs":["https:\/\/hueleaazufre.com\/wordpress_a"],"url":"https:\/\/hueleaazufre.com\/wordpress_a\/index.php\/author\/admin_tupapa\/"}]}},"_links":{"self":[{"href":"https:\/\/hueleaazufre.com\/wordpress_a\/index.php\/wp-json\/wp\/v2\/posts\/765","targetHints":{"allow":["GET"]}}],"collection":[{"href":"https:\/\/hueleaazufre.com\/wordpress_a\/index.php\/wp-json\/wp\/v2\/posts"}],"about":[{"href":"https:\/\/hueleaazufre.com\/wordpress_a\/index.php\/wp-json\/wp\/v2\/types\/post"}],"author":[{"embeddable":true,"href":"https:\/\/hueleaazufre.com\/wordpress_a\/index.php\/wp-json\/wp\/v2\/users\/1"}],"replies":[{"embeddable":true,"href":"https:\/\/hueleaazufre.com\/wordpress_a\/index.php\/wp-json\/wp\/v2\/comments?post=765"}],"version-history":[{"count":1,"href":"https:\/\/hueleaazufre.com\/wordpress_a\/index.php\/wp-json\/wp\/v2\/posts\/765\/revisions"}],"predecessor-version":[{"id":767,"href":"https:\/\/hueleaazufre.com\/wordpress_a\/index.php\/wp-json\/wp\/v2\/posts\/765\/revisions\/767"}],"wp:featuredmedia":[{"embeddable":true,"href":"https:\/\/hueleaazufre.com\/wordpress_a\/index.php\/wp-json\/wp\/v2\/media\/766"}],"wp:attachment":[{"href":"https:\/\/hueleaazufre.com\/wordpress_a\/index.php\/wp-json\/wp\/v2\/media?parent=765"}],"wp:term":[{"taxonomy":"category","embeddable":true,"href":"https:\/\/hueleaazufre.com\/wordpress_a\/index.php\/wp-json\/wp\/v2\/categories?post=765"},{"taxonomy":"post_tag","embeddable":true,"href":"https:\/\/hueleaazufre.com\/wordpress_a\/index.php\/wp-json\/wp\/v2\/tags?post=765"}],"curies":[{"name":"wp","href":"https:\/\/api.w.org\/{rel}","templated":true}]}}