{"id":803,"date":"2024-03-14T14:39:40","date_gmt":"2024-03-14T14:39:40","guid":{"rendered":"https:\/\/hueleaazufre.com\/wordpress_a\/?p=803"},"modified":"2024-03-14T14:39:40","modified_gmt":"2024-03-14T14:39:40","slug":"argentina-en-el-8m-el-pacto-de-mayo-de-milei-versus-la-unidad-en-la-calle-de-los-feminismos","status":"publish","type":"post","link":"https:\/\/hueleaazufre.com\/wordpress_a\/index.php\/2024\/03\/14\/argentina-en-el-8m-el-pacto-de-mayo-de-milei-versus-la-unidad-en-la-calle-de-los-feminismos\/","title":{"rendered":"Argentina en el 8M: el \u201cPacto de Mayo\u201d de Milei versus la unidad en la calle de los feminismos"},"content":{"rendered":"<p><span style=\"font-weight: 400;\">Este 8 de Marzo, d\u00eda de las mujeres y disidencias trabajadoras, el movimiento feminista se declar\u00f3 en Paro Internacional y sali\u00f3 a las calles en todo el mundo, en especial, en Am\u00e9rica Latina, en una coyuntura pol\u00edtica atravesada por la ofensiva de los proyectos pol\u00edticos de la ultraderecha, y en el marco de una profunda crisis econ\u00f3mica y social, cuyo resultado es el aumento exponencial de los \u00edndices de pobreza e indigencia que sufren millones de personas. Como muestran las estad\u00edsticas, las m\u00e1s afectadas son quienes en este d\u00eda, una vez m\u00e1s, se movilizan en reclamo de sus reivindicaciones.\u00a0<\/span><\/p>\n<p><span style=\"font-weight: 400;\">En Argentina, las m\u00faltiples iniciativas que se vienen gestando hace tiempo a lo largo y lo ancho del pa\u00eds, y que confluyen este 8M, tienen como tel\u00f3n de fondo las pol\u00edticas implementadas por el gobierno de Javier Milei, que en menos de tres meses, avanz\u00f3 con una bater\u00eda de medidas que destruyeron\u00a0 el poder adquisitivo del pueblo argentino, en una violenta transferencia de recursos desde los bolsillos de les trabajadores a las grandes corporaciones locales e internacionales, acelerando los mecanismos de saqueo a trav\u00e9s de la bicicleta financiera.<\/span><\/p>\n<p><b>La guerra Milei vs. Gobernadores en agenda y el \u201cPacto de Mayo\u201d<\/b><\/p>\n<p><span style=\"font-weight: 400;\">En este escenario, el gobierno nacional encabeza actualmente una disputa abierta con los gobiernos provinciales. El principal motivo es el recorte de fondos que el Ejecutivo ha instrumentado, afectando gravemente la sostenibilidad de la econom\u00eda dom\u00e9stica de las provincias.\u00a0<\/span><\/p>\n<p><span style=\"font-weight: 400;\">Dicha disputa viene acaparando la agenda p\u00fablica, m\u00e1s a\u00fan, desde el\u00a0 llamado que hizo el presidente a los gobernadores a celebrar lo que llam\u00f3 el \u201cPacto de Mayo\u201d, un nuevo acuerdo que le permita llevar adelante su plan econ\u00f3mico.\u00a0<\/span><\/p>\n<p><span style=\"font-weight: 400;\">El mismo 8 de marzo, el Ejecutivo llam\u00f3 a una reuni\u00f3n a los mandatarios provinciales y a algunos legisladores provinciales, cuya antesala fue una reuni\u00f3n convocada por el Ministro de Econom\u00eda, Luis Caputo, con sus pares de econom\u00eda de las provincias, a la que, llamativamente, el superministro no asisti\u00f3, por encontrarse en los preparativos del viaje a Punta Cana.\u00a0<\/span><\/p>\n<p><span style=\"font-weight: 400;\">De ello se puede deducir que el tono conciliador que el empresariado festej\u00f3 \u2014y reflej\u00f3 \u201cel mercado\u201d\u2014 solo fue declamativo. O al menos, habilita las sospechas. El propio Milei, en la reuni\u00f3n con gobernadores, tampoco estar\u00e1 presente; en su representaci\u00f3n asistir\u00e1n el jefe de gabinete Nicol\u00e1s Posse y Guillermo Francos, ministro del Interior.\u00a0<\/span><\/p>\n<p><span style=\"font-weight: 400;\">Una vez m\u00e1s, aparece la intenci\u00f3n de desviar la atenci\u00f3n medi\u00e1tica hacia la agenda palaciega, con el fin de invisibilizar las masivas movilizaciones de un nuevo 8M, cuyo epicentro es la plaza del Congreso de la Naci\u00f3n en la capital, en repudio a un gobierno que ha identificado a las mujeres y las disidencias trabajadoras como su principal enemigo. Dato: ya se inform\u00f3 desde el Ejecutivo que se le descontar\u00e1 el d\u00eda a les y las trabajadoras estatales que se adhieran al Paro del 8 de marzo.<\/span><\/p>\n<p><b>La agenda de calle: el llamado de los feminismos a la unidad<\/b><\/p>\n<p><span style=\"font-weight: 400;\">As\u00ed, ilustrativamente, el \u201cPacto de Mayo\u201d, protagonizado por mandatarios hombres, como fiel reflejo de la superestructura pol\u00edtica, se opone el mismo d\u00eda al \u201cllamado a la Unidad en las calles\u201d que encabezan los feminismos populares: millones de mujeres y disidencias que sostienen todos los d\u00edas sus organizaciones pol\u00edticas, sociales, sindicales, feministas, pero que confluyen en esta fecha, conscientes de que la unidad en la calles es central para la construcci\u00f3n de un proyecto pol\u00edtico de las mayor\u00edas, con capacidad de oponerse al plan de hambre y saqueo del gobierno y los c\u00f3mplices hist\u00f3ricos del poder econ\u00f3mico concentrado.\u00a0<\/span><\/p>\n<p><span style=\"font-weight: 400;\">Ante esta situaci\u00f3n cabe la pregunta por la construcci\u00f3n de poder, sus escenarios y sus representaciones, interrogante discutido hace mucho tiempo en los espacios feministas. Las respuestas aparecen al mirar factores estructurales de la econom\u00eda y la pol\u00edtica. Y puede entenderse adem\u00e1s, la ofensiva violenta que el gobierno de ultraderecha de Milei ha desatado sobre las mujeres y disidencias, en todos los \u00e1mbitos, agudizando las desigualdades.\u00a0<\/span><\/p>\n<p><span style=\"font-weight: 400;\">Lo que necesitan los proyectos de hambre y saqueo es profundizar las divisiones al interior de la clase trabajadora, y es all\u00ed donde aparece la conjunci\u00f3n perfecta con el patriarcado: necesita adem\u00e1s, empobrecer a\u00fan m\u00e1s a las mujeres y las disidencias.\u00a0<\/span><\/p>\n<p><b>\u201cCon Hambre no hay Libertad\u201d: la desigualdad s\u00ed existe.<\/b><\/p>\n<p><span style=\"font-weight: 400;\">La divisi\u00f3n sexual del trabajo al interior de la clase, en el seno del sistema capitalista y patriarcal, agobia a las mujeres e identidades feminizadas con extensas jornadas de trabajo de cuidado no remunerado en sus hogares (del total de personas que realizan tareas dom\u00e9sticas, un 68% son mujeres e identidades feminizadas y un 32% son varones), las confina a sectores laborales con peores salarios, a las filas de la informalidad, el trabajo precario o la desocupaci\u00f3n (la tasa de empleo es de 18 puntos en detrimento de las mujeres en relaci\u00f3n a los varones).\u00a0<\/span><\/p>\n<p><span style=\"font-weight: 400;\">Es por la desigualdad hist\u00f3rica y estructural que la crisis econ\u00f3mica actual golpea con mayor violencia sobre las mujeres y disidencias.<\/span><\/p>\n<p><span style=\"font-weight: 400;\">Esto es lo que los feminismos denuncian: \u201ccon Hambre y sin Derechos no hay Libertad\u201d es la consigna que circula en las redes desde las organizaciones. \u201cAbajo el DNU\u201d es la otra, ya que el mega Decreto de Necesidad y Urgencia es la bater\u00eda de medidas con la que el gobierno ha arremetido contra la clase trabajadora en este corto per\u00edodo de gesti\u00f3n. Los feminismos populares vuelven a poner en escena los dramas centrales de la clase e identificando con claridad a los culpables.<\/span><\/p>\n<p><span style=\"font-weight: 400;\">La desregulaci\u00f3n de los precios, sumado al congelamiento de ingresos, afecta profundamente el sostenimiento de los hogares. El 30% de los mismos est\u00e1n sostenidos por una sola persona, en general, mujeres e identidades feminizadas,<\/span> <span style=\"font-weight: 400;\">que tienen que enfrentar todos los d\u00edas el problema de cubrir gastos de alimentos, alquileres, servicios, salud y escolaridad de las infancias y adolescencias.\u00a0<\/span><\/p>\n<p><span style=\"font-weight: 400;\">El poder adquisitivo de les trabajadores cay\u00f3 un 33% en los dos primeros meses, con m\u00e1s del 50% de inflaci\u00f3n acumulada. En los meses de enero a junio, se espera una p\u00e9rdida de 26,3% en el poder adquisitivo. Y aunque el gobierno lo niegue, la brecha laboral existe: las mujeres y disidencias ganan casi un 27,7% menos que los varones en Argentina, lo que por supuesto, agrava a\u00fan m\u00e1s la situaci\u00f3n.\u00a0<\/span><\/p>\n<p><span style=\"font-weight: 400;\">La pobreza trep\u00f3 al 57,4% y se espera que entre febrero y marzo, un 60% de la poblaci\u00f3n sea pobre (UCA, 2024), porcentaje encarnado principalmente por mujeres y ni\u00f1es. La mayor\u00eda de quienes sostienen las ollas en los barrios populares son las mujeres y las disidencias: las referentas populares, est\u00e1n siendo particularmente atacadas por este gobierno, quien ha eliminado los programas Potenciar Trabajo y no ha girado un solo peso del presupuesto asignado a los comedores comunitarios, donde todos los d\u00edas se alimentan alrededor de 10 millones de personas.\u00a0<\/span><\/p>\n<p><b>Reforma Laboral y Previsional: los puntos claves de Milei y el C\u00edrculo Rojo<\/b><\/p>\n<p><span style=\"font-weight: 400;\">La Reforma Laboral que intenta llevar adelante este gobierno, prevista en el proyecto de la \u201cLey \u00d3mnibus\u201d y declarada inconstitucional por la Justicia a pedido de las Centrales Sindicales, avanza de facto y es uno de los principales objetivos del proyecto econ\u00f3mico de Milei y el empresariado nucleado en el C\u00edrculo Rojo<\/span><span style=\"font-weight: 400;\">. Supone una p\u00e9rdida absoluta de derechos laborales y el avance sobre\u00a0 victorias hist\u00f3ricas, como la jornada de ocho horas.<\/span><\/p>\n<p><span style=\"font-weight: 400;\">Merecen un cap\u00edtulo tambi\u00e9n, les jubilades, a quienes este gobierno ha decidido empobrecer violentamente. Las jubilaciones alcanzar\u00e1n el mes que viene el valor m\u00e1s bajo del siglo. El presidente Milei anunci\u00f3 el 1\u00b0 de marzo que el \u201cPacto de Mayo\u201d incluye avanzar en una Reforma Previsional, donde el objetivo, adem\u00e1s de cambiar la f\u00f3rmula de movilidad jubilatoria, pretende eliminar las moratorias previsionales, ya que \u201crepresentan una afrenta moral para los aportantes\u201d, seg\u00fan el propio presidente.<\/span><\/p>\n<p><span style=\"font-weight: 400;\">En Argentina las moratorias previsionales se llevaron adelante en el 2004, 2014, 2016 y 2023. Las mujeres representan el 74% de las prestaciones otorgadas por moratoria. El decreto 475\/2021 de Reconocimiento de Aportes por Tareas de Cuidado es una pol\u00edtica p\u00fablica con enfoque de derechos y perspectiva de g\u00e9nero que facilit\u00f3 y facilita el acceso a la jubilaci\u00f3n de las mujeres argentinas. Sin moratoria y ese reconocimiento, solo el 10% de las argentinas tendr\u00eda acceso a la jubilaci\u00f3n; fueron en total, casi 440 mil mujeres las que se pudieron jubilar gracias a este reconocimiento.\u00a0<\/span><\/p>\n<p><span style=\"font-weight: 400;\">Lejos de ser una \u201cafrenta moral\u201d, las pol\u00edticas sobre las que el gobierno pretende avanzar suponen un reconocimiento a la desigualdad estructural. El 69% de los varones es activo econ\u00f3micamente, a diferencia del 50% de las mujeres.<\/span><span style=\"font-weight: 400;\"> Hay m\u00e1s equidad que hace 50 a\u00f1os, pero menos de la que se necesita para contar con los mismos ingresos. En el camino a la jubilaci\u00f3n lo importante no es solo trabajar, sino tener aportes. Otra vez, las mujeres y disidencias vuelven a ser la primera variable de ajuste.<\/span><\/p>\n<p><b>La motosierra contra los derechos en clave de g\u00e9neros<\/b><\/p>\n<p><span style=\"font-weight: 400;\">Junto con este brutal empobrecimiento, el gobierno nacional tambi\u00e9n est\u00e1 decidido a avanzar sobre los derechos conquistados por los feminismos en clave de g\u00e9neros. El propio presidente y sus funcionarios repiten la intenci\u00f3n de eliminar la Ley de Interrupci\u00f3n Voluntaria del Embarazo (con la presentaci\u00f3n de un proyecto de ley fallida); mientras prohiben el uso del lenguaje no binario en el Estado y las escuelas.<\/span><\/p>\n<p><span style=\"font-weight: 400;\">El proyecto de Ley \u00d3mnibus, que vuelve a ponerse sobre la mesa, incluye modificar adem\u00e1s la Ley de los \u201cMil D\u00edas\u201d, que protege a las personas gestantes y las primeras infancias; incorpora de nuevo el concepto del \u201cni\u00f1o por nacer\u201d, cambia la palabra \u201cpersonas gestantes\u201d por \u201cmadres embarazadas\u201d,\u00a0 y modifica el concepto de violencia por motivos de g\u00e9nero por \u201cviolencia intrafamiliar\u201d.\u00a0<\/span><\/p>\n<p><span style=\"font-weight: 400;\">Los feminismos populares tienen sobrados motivos para denunciar a un gobierno que pretende avanzar sobre la soberan\u00eda de nuestras vidas, nuestros cuerpos y nuestros territorios. A pesar del claro inter\u00e9s de invisibilizar la agenda de las mujeres y disidencias y sus estrategias de construcci\u00f3n de poder popular, las calles vuelven a ser habitadas para avanzar en las conquistas y no retroceder en las victorias alcanzadas.\u00a0<\/span><\/p>\n<p><b>\u00bfC\u00f3mo repensar las organizaciones en los tiempos que corren?<\/b><\/p>\n<p><span style=\"font-weight: 400;\">Las mujeres y disidencias de la clase trabajadora, organizadas en sus m\u00faltiples expresiones, son hoy la punta de lanza de la construcci\u00f3n de un proyecto de dignidad para las mayor\u00edas, con plena conciencia de que la unidad, el fortalecimiento de las organizaciones y las movilizaciones de calle son fundamentales.\u00a0<\/span><\/p>\n<p><span style=\"font-weight: 400;\">Sin embargo, sus reivindicaciones suelen correr por carriles paralelos a las agendas de las organizaciones populares, cuyos lugares de decisi\u00f3n son ocupados tambi\u00e9n, en su mayor\u00eda por hombres.\u00a0<\/span><\/p>\n<p><span style=\"font-weight: 400;\">Este divorcio es parte de la estrategia de atomizaci\u00f3n que pretenden imponer los sectores econ\u00f3micos concentrados y sus c\u00f3mplices pol\u00edticos, cuya superaci\u00f3n supone reinventar las formas de organizaci\u00f3n en los tiempos que corren. Es hora de preguntarse por la ausencia de las mujeres y las disidencias en los lugares de toma de decisiones, que lejos de ser una minor\u00eda, sostienen todos los d\u00edas las iniciativas pol\u00edticas en sus territorios y sus puestos de trabajo.\u00a0<\/span><\/p>\n<p><span style=\"font-weight: 400;\">El \u201cPacto de Mayo\u201d, propuesto por el presidente en la apertura de sesiones legislativas, el 1 de marzo es, de nuevo, una mesa donde el pueblo argentino no est\u00e1 invitado a sentarse. Y por supuesto, las mujeres y disidencias trabajadoras tampoco.\u00a0<\/span><\/p>\n<p><span style=\"font-weight: 400;\">Frente a los intentos de institucionalizar y llevar la atenci\u00f3n a las discusiones palaciegas donde las mayor\u00edas solo son espectadoras, los feminismos contraponen un programa de Patria Libre, Justa, Soberana y Feminista, inundando las calles y las plazas de todo el pa\u00eds y tejiendo lazos de solidaridad a lo largo y lo ancho del mundo. Es hora de que toda la construcci\u00f3n de poder popular se traduzca en dignidad para los y las millones de argentines, a quienes ya se les ha pedido que esperen demasiado.<\/span><\/p>\n<p><b>Autora: Emilia Trabucco \/Nodal<\/b><\/p>\n<p><b><i>Para leer el art\u00edculo original:<\/i><\/b><\/p>\n<p><a href=\"https:\/\/www.nodal.am\/2024\/03\/argentina-en-el-8m-el-pacto-de-mayo-de-milei-versus-la-unidad-en-la-calle-de-los-feminismos-por-emilia-trabucco\/\"><i><span style=\"font-weight: 400;\">https:\/\/www.nodal.am\/2024\/03\/argentina-en-el-8m-el-pacto-de-mayo-de-milei-versus-la-unidad-en-la-calle-de-los-feminismos-por-emilia-trabucco\/<\/span><\/i><\/a><\/p>\n","protected":false},"excerpt":{"rendered":"<p>Este 8 de Marzo, d\u00eda de las mujeres y disidencias trabajadoras, el movimiento feminista se&#8230;<\/p>\n","protected":false},"author":1,"featured_media":804,"comment_status":"open","ping_status":"closed","sticky":false,"template":"","format":"standard","meta":{"footnotes":""},"categories":[56],"tags":[177,18,176,144,178],"class_list":["post-803","post","type-post","status-publish","format-standard","has-post-thumbnail","hentry","category-medios-aliados","tag-8m","tag-argentina","tag-feminismo","tag-javier-milei","tag-pacto-de-mayo"],"yoast_head":"<!-- This site is optimized with the Yoast SEO plugin v27.5 - https:\/\/yoast.com\/product\/yoast-seo-wordpress\/ -->\n<title>Argentina en el 8M: el \u201cPacto de Mayo\u201d de Milei versus la unidad en la calle de los feminismos -<\/title>\n<meta name=\"robots\" content=\"index, follow, max-snippet:-1, max-image-preview:large, max-video-preview:-1\" \/>\n<link rel=\"canonical\" href=\"https:\/\/hueleaazufre.com\/wordpress_a\/index.php\/2024\/03\/14\/argentina-en-el-8m-el-pacto-de-mayo-de-milei-versus-la-unidad-en-la-calle-de-los-feminismos\/\" \/>\n<meta property=\"og:locale\" content=\"es_ES\" \/>\n<meta property=\"og:type\" content=\"article\" \/>\n<meta property=\"og:title\" content=\"Argentina en el 8M: el \u201cPacto de Mayo\u201d de Milei versus la unidad en la calle de los feminismos -\" \/>\n<meta property=\"og:description\" content=\"Este 8 de Marzo, d\u00eda de las mujeres y disidencias trabajadoras, el movimiento feminista se...\" \/>\n<meta property=\"og:url\" content=\"https:\/\/hueleaazufre.com\/wordpress_a\/index.php\/2024\/03\/14\/argentina-en-el-8m-el-pacto-de-mayo-de-milei-versus-la-unidad-en-la-calle-de-los-feminismos\/\" \/>\n<meta property=\"article:published_time\" content=\"2024-03-14T14:39:40+00:00\" \/>\n<meta property=\"og:image\" content=\"https:\/\/hueleaazufre.com\/wordpress_a\/wp-content\/uploads\/2024\/03\/1a.jpeg\" \/>\n\t<meta property=\"og:image:width\" content=\"960\" \/>\n\t<meta property=\"og:image:height\" content=\"640\" \/>\n\t<meta property=\"og:image:type\" content=\"image\/jpeg\" \/>\n<meta name=\"author\" content=\"Huele a azufre\" \/>\n<meta name=\"twitter:card\" content=\"summary_large_image\" \/>\n<meta name=\"twitter:label1\" content=\"Escrito por\" \/>\n\t<meta name=\"twitter:data1\" content=\"Huele a azufre\" \/>\n\t<meta name=\"twitter:label2\" content=\"Tiempo de lectura\" \/>\n\t<meta name=\"twitter:data2\" content=\"10 minutos\" \/>\n<script type=\"application\/ld+json\" class=\"yoast-schema-graph\">{\"@context\":\"https:\\\/\\\/schema.org\",\"@graph\":[{\"@type\":\"Article\",\"@id\":\"https:\\\/\\\/hueleaazufre.com\\\/wordpress_a\\\/index.php\\\/2024\\\/03\\\/14\\\/argentina-en-el-8m-el-pacto-de-mayo-de-milei-versus-la-unidad-en-la-calle-de-los-feminismos\\\/#article\",\"isPartOf\":{\"@id\":\"https:\\\/\\\/hueleaazufre.com\\\/wordpress_a\\\/index.php\\\/2024\\\/03\\\/14\\\/argentina-en-el-8m-el-pacto-de-mayo-de-milei-versus-la-unidad-en-la-calle-de-los-feminismos\\\/\"},\"author\":{\"name\":\"Huele a azufre\",\"@id\":\"https:\\\/\\\/hueleaazufre.com\\\/wordpress_a\\\/#\\\/schema\\\/person\\\/549dd871707ea7f9f1a686323ebe9baa\"},\"headline\":\"Argentina en el 8M: el \u201cPacto de Mayo\u201d de Milei versus la unidad en la calle de los feminismos\",\"datePublished\":\"2024-03-14T14:39:40+00:00\",\"mainEntityOfPage\":{\"@id\":\"https:\\\/\\\/hueleaazufre.com\\\/wordpress_a\\\/index.php\\\/2024\\\/03\\\/14\\\/argentina-en-el-8m-el-pacto-de-mayo-de-milei-versus-la-unidad-en-la-calle-de-los-feminismos\\\/\"},\"wordCount\":2085,\"commentCount\":0,\"image\":{\"@id\":\"https:\\\/\\\/hueleaazufre.com\\\/wordpress_a\\\/index.php\\\/2024\\\/03\\\/14\\\/argentina-en-el-8m-el-pacto-de-mayo-de-milei-versus-la-unidad-en-la-calle-de-los-feminismos\\\/#primaryimage\"},\"thumbnailUrl\":\"https:\\\/\\\/hueleaazufre.com\\\/wordpress_a\\\/wp-content\\\/uploads\\\/2024\\\/03\\\/1a.jpeg\",\"keywords\":[\"8M\",\"Argentina\",\"Feminismo\",\"Javier Milei\",\"Pacto de Mayo\"],\"articleSection\":[\"Medios aliados\"],\"inLanguage\":\"es\",\"potentialAction\":[{\"@type\":\"CommentAction\",\"name\":\"Comment\",\"target\":[\"https:\\\/\\\/hueleaazufre.com\\\/wordpress_a\\\/index.php\\\/2024\\\/03\\\/14\\\/argentina-en-el-8m-el-pacto-de-mayo-de-milei-versus-la-unidad-en-la-calle-de-los-feminismos\\\/#respond\"]}]},{\"@type\":\"WebPage\",\"@id\":\"https:\\\/\\\/hueleaazufre.com\\\/wordpress_a\\\/index.php\\\/2024\\\/03\\\/14\\\/argentina-en-el-8m-el-pacto-de-mayo-de-milei-versus-la-unidad-en-la-calle-de-los-feminismos\\\/\",\"url\":\"https:\\\/\\\/hueleaazufre.com\\\/wordpress_a\\\/index.php\\\/2024\\\/03\\\/14\\\/argentina-en-el-8m-el-pacto-de-mayo-de-milei-versus-la-unidad-en-la-calle-de-los-feminismos\\\/\",\"name\":\"Argentina en el 8M: el \u201cPacto de Mayo\u201d de Milei versus la unidad en la calle de los feminismos -\",\"isPartOf\":{\"@id\":\"https:\\\/\\\/hueleaazufre.com\\\/wordpress_a\\\/#website\"},\"primaryImageOfPage\":{\"@id\":\"https:\\\/\\\/hueleaazufre.com\\\/wordpress_a\\\/index.php\\\/2024\\\/03\\\/14\\\/argentina-en-el-8m-el-pacto-de-mayo-de-milei-versus-la-unidad-en-la-calle-de-los-feminismos\\\/#primaryimage\"},\"image\":{\"@id\":\"https:\\\/\\\/hueleaazufre.com\\\/wordpress_a\\\/index.php\\\/2024\\\/03\\\/14\\\/argentina-en-el-8m-el-pacto-de-mayo-de-milei-versus-la-unidad-en-la-calle-de-los-feminismos\\\/#primaryimage\"},\"thumbnailUrl\":\"https:\\\/\\\/hueleaazufre.com\\\/wordpress_a\\\/wp-content\\\/uploads\\\/2024\\\/03\\\/1a.jpeg\",\"datePublished\":\"2024-03-14T14:39:40+00:00\",\"author\":{\"@id\":\"https:\\\/\\\/hueleaazufre.com\\\/wordpress_a\\\/#\\\/schema\\\/person\\\/549dd871707ea7f9f1a686323ebe9baa\"},\"breadcrumb\":{\"@id\":\"https:\\\/\\\/hueleaazufre.com\\\/wordpress_a\\\/index.php\\\/2024\\\/03\\\/14\\\/argentina-en-el-8m-el-pacto-de-mayo-de-milei-versus-la-unidad-en-la-calle-de-los-feminismos\\\/#breadcrumb\"},\"inLanguage\":\"es\",\"potentialAction\":[{\"@type\":\"ReadAction\",\"target\":[\"https:\\\/\\\/hueleaazufre.com\\\/wordpress_a\\\/index.php\\\/2024\\\/03\\\/14\\\/argentina-en-el-8m-el-pacto-de-mayo-de-milei-versus-la-unidad-en-la-calle-de-los-feminismos\\\/\"]}]},{\"@type\":\"ImageObject\",\"inLanguage\":\"es\",\"@id\":\"https:\\\/\\\/hueleaazufre.com\\\/wordpress_a\\\/index.php\\\/2024\\\/03\\\/14\\\/argentina-en-el-8m-el-pacto-de-mayo-de-milei-versus-la-unidad-en-la-calle-de-los-feminismos\\\/#primaryimage\",\"url\":\"https:\\\/\\\/hueleaazufre.com\\\/wordpress_a\\\/wp-content\\\/uploads\\\/2024\\\/03\\\/1a.jpeg\",\"contentUrl\":\"https:\\\/\\\/hueleaazufre.com\\\/wordpress_a\\\/wp-content\\\/uploads\\\/2024\\\/03\\\/1a.jpeg\",\"width\":960,\"height\":640},{\"@type\":\"BreadcrumbList\",\"@id\":\"https:\\\/\\\/hueleaazufre.com\\\/wordpress_a\\\/index.php\\\/2024\\\/03\\\/14\\\/argentina-en-el-8m-el-pacto-de-mayo-de-milei-versus-la-unidad-en-la-calle-de-los-feminismos\\\/#breadcrumb\",\"itemListElement\":[{\"@type\":\"ListItem\",\"position\":1,\"name\":\"Portada\",\"item\":\"https:\\\/\\\/hueleaazufre.com\\\/wordpress_a\\\/\"},{\"@type\":\"ListItem\",\"position\":2,\"name\":\"Argentina en el 8M: el \u201cPacto de Mayo\u201d de Milei versus la unidad en la calle de los feminismos\"}]},{\"@type\":\"WebSite\",\"@id\":\"https:\\\/\\\/hueleaazufre.com\\\/wordpress_a\\\/#website\",\"url\":\"https:\\\/\\\/hueleaazufre.com\\\/wordpress_a\\\/\",\"name\":\"\",\"description\":\"Huele a azufre es una plataforma digital de an\u00e1lisis geopol\u00edtico.\",\"potentialAction\":[{\"@type\":\"SearchAction\",\"target\":{\"@type\":\"EntryPoint\",\"urlTemplate\":\"https:\\\/\\\/hueleaazufre.com\\\/wordpress_a\\\/?s={search_term_string}\"},\"query-input\":{\"@type\":\"PropertyValueSpecification\",\"valueRequired\":true,\"valueName\":\"search_term_string\"}}],\"inLanguage\":\"es\"},{\"@type\":\"Person\",\"@id\":\"https:\\\/\\\/hueleaazufre.com\\\/wordpress_a\\\/#\\\/schema\\\/person\\\/549dd871707ea7f9f1a686323ebe9baa\",\"name\":\"Huele a azufre\",\"image\":{\"@type\":\"ImageObject\",\"inLanguage\":\"es\",\"@id\":\"https:\\\/\\\/secure.gravatar.com\\\/avatar\\\/e972d5c124b9bf80eb4c9d322a90dd86a59d447f5da36700a77516f13637d44e?s=96&d=mm&r=g\",\"url\":\"https:\\\/\\\/secure.gravatar.com\\\/avatar\\\/e972d5c124b9bf80eb4c9d322a90dd86a59d447f5da36700a77516f13637d44e?s=96&d=mm&r=g\",\"contentUrl\":\"https:\\\/\\\/secure.gravatar.com\\\/avatar\\\/e972d5c124b9bf80eb4c9d322a90dd86a59d447f5da36700a77516f13637d44e?s=96&d=mm&r=g\",\"caption\":\"Huele a azufre\"},\"description\":\"Huele a azufre es una plataforma digital de an\u00e1lisis geopol\u00edtico\u00a0 contrahegem\u00f3nico, que busca visibilizar las voces y los discursos silenciados por el poder medi\u00e1tico.\",\"sameAs\":[\"https:\\\/\\\/hueleaazufre.com\\\/wordpress_a\"],\"url\":\"https:\\\/\\\/hueleaazufre.com\\\/wordpress_a\\\/index.php\\\/author\\\/admin_tupapa\\\/\"}]}<\/script>\n<!-- \/ Yoast SEO plugin. -->","yoast_head_json":{"title":"Argentina en el 8M: el \u201cPacto de Mayo\u201d de Milei versus la unidad en la calle de los feminismos -","robots":{"index":"index","follow":"follow","max-snippet":"max-snippet:-1","max-image-preview":"max-image-preview:large","max-video-preview":"max-video-preview:-1"},"canonical":"https:\/\/hueleaazufre.com\/wordpress_a\/index.php\/2024\/03\/14\/argentina-en-el-8m-el-pacto-de-mayo-de-milei-versus-la-unidad-en-la-calle-de-los-feminismos\/","og_locale":"es_ES","og_type":"article","og_title":"Argentina en el 8M: el \u201cPacto de Mayo\u201d de Milei versus la unidad en la calle de los feminismos -","og_description":"Este 8 de Marzo, d\u00eda de las mujeres y disidencias trabajadoras, el movimiento feminista se...","og_url":"https:\/\/hueleaazufre.com\/wordpress_a\/index.php\/2024\/03\/14\/argentina-en-el-8m-el-pacto-de-mayo-de-milei-versus-la-unidad-en-la-calle-de-los-feminismos\/","article_published_time":"2024-03-14T14:39:40+00:00","og_image":[{"width":960,"height":640,"url":"https:\/\/hueleaazufre.com\/wordpress_a\/wp-content\/uploads\/2024\/03\/1a.jpeg","type":"image\/jpeg"}],"author":"Huele a azufre","twitter_card":"summary_large_image","twitter_misc":{"Escrito por":"Huele a azufre","Tiempo de lectura":"10 minutos"},"schema":{"@context":"https:\/\/schema.org","@graph":[{"@type":"Article","@id":"https:\/\/hueleaazufre.com\/wordpress_a\/index.php\/2024\/03\/14\/argentina-en-el-8m-el-pacto-de-mayo-de-milei-versus-la-unidad-en-la-calle-de-los-feminismos\/#article","isPartOf":{"@id":"https:\/\/hueleaazufre.com\/wordpress_a\/index.php\/2024\/03\/14\/argentina-en-el-8m-el-pacto-de-mayo-de-milei-versus-la-unidad-en-la-calle-de-los-feminismos\/"},"author":{"name":"Huele a azufre","@id":"https:\/\/hueleaazufre.com\/wordpress_a\/#\/schema\/person\/549dd871707ea7f9f1a686323ebe9baa"},"headline":"Argentina en el 8M: el \u201cPacto de Mayo\u201d de Milei versus la unidad en la calle de los feminismos","datePublished":"2024-03-14T14:39:40+00:00","mainEntityOfPage":{"@id":"https:\/\/hueleaazufre.com\/wordpress_a\/index.php\/2024\/03\/14\/argentina-en-el-8m-el-pacto-de-mayo-de-milei-versus-la-unidad-en-la-calle-de-los-feminismos\/"},"wordCount":2085,"commentCount":0,"image":{"@id":"https:\/\/hueleaazufre.com\/wordpress_a\/index.php\/2024\/03\/14\/argentina-en-el-8m-el-pacto-de-mayo-de-milei-versus-la-unidad-en-la-calle-de-los-feminismos\/#primaryimage"},"thumbnailUrl":"https:\/\/hueleaazufre.com\/wordpress_a\/wp-content\/uploads\/2024\/03\/1a.jpeg","keywords":["8M","Argentina","Feminismo","Javier Milei","Pacto de Mayo"],"articleSection":["Medios aliados"],"inLanguage":"es","potentialAction":[{"@type":"CommentAction","name":"Comment","target":["https:\/\/hueleaazufre.com\/wordpress_a\/index.php\/2024\/03\/14\/argentina-en-el-8m-el-pacto-de-mayo-de-milei-versus-la-unidad-en-la-calle-de-los-feminismos\/#respond"]}]},{"@type":"WebPage","@id":"https:\/\/hueleaazufre.com\/wordpress_a\/index.php\/2024\/03\/14\/argentina-en-el-8m-el-pacto-de-mayo-de-milei-versus-la-unidad-en-la-calle-de-los-feminismos\/","url":"https:\/\/hueleaazufre.com\/wordpress_a\/index.php\/2024\/03\/14\/argentina-en-el-8m-el-pacto-de-mayo-de-milei-versus-la-unidad-en-la-calle-de-los-feminismos\/","name":"Argentina en el 8M: el \u201cPacto de Mayo\u201d de Milei versus la unidad en la calle de los feminismos -","isPartOf":{"@id":"https:\/\/hueleaazufre.com\/wordpress_a\/#website"},"primaryImageOfPage":{"@id":"https:\/\/hueleaazufre.com\/wordpress_a\/index.php\/2024\/03\/14\/argentina-en-el-8m-el-pacto-de-mayo-de-milei-versus-la-unidad-en-la-calle-de-los-feminismos\/#primaryimage"},"image":{"@id":"https:\/\/hueleaazufre.com\/wordpress_a\/index.php\/2024\/03\/14\/argentina-en-el-8m-el-pacto-de-mayo-de-milei-versus-la-unidad-en-la-calle-de-los-feminismos\/#primaryimage"},"thumbnailUrl":"https:\/\/hueleaazufre.com\/wordpress_a\/wp-content\/uploads\/2024\/03\/1a.jpeg","datePublished":"2024-03-14T14:39:40+00:00","author":{"@id":"https:\/\/hueleaazufre.com\/wordpress_a\/#\/schema\/person\/549dd871707ea7f9f1a686323ebe9baa"},"breadcrumb":{"@id":"https:\/\/hueleaazufre.com\/wordpress_a\/index.php\/2024\/03\/14\/argentina-en-el-8m-el-pacto-de-mayo-de-milei-versus-la-unidad-en-la-calle-de-los-feminismos\/#breadcrumb"},"inLanguage":"es","potentialAction":[{"@type":"ReadAction","target":["https:\/\/hueleaazufre.com\/wordpress_a\/index.php\/2024\/03\/14\/argentina-en-el-8m-el-pacto-de-mayo-de-milei-versus-la-unidad-en-la-calle-de-los-feminismos\/"]}]},{"@type":"ImageObject","inLanguage":"es","@id":"https:\/\/hueleaazufre.com\/wordpress_a\/index.php\/2024\/03\/14\/argentina-en-el-8m-el-pacto-de-mayo-de-milei-versus-la-unidad-en-la-calle-de-los-feminismos\/#primaryimage","url":"https:\/\/hueleaazufre.com\/wordpress_a\/wp-content\/uploads\/2024\/03\/1a.jpeg","contentUrl":"https:\/\/hueleaazufre.com\/wordpress_a\/wp-content\/uploads\/2024\/03\/1a.jpeg","width":960,"height":640},{"@type":"BreadcrumbList","@id":"https:\/\/hueleaazufre.com\/wordpress_a\/index.php\/2024\/03\/14\/argentina-en-el-8m-el-pacto-de-mayo-de-milei-versus-la-unidad-en-la-calle-de-los-feminismos\/#breadcrumb","itemListElement":[{"@type":"ListItem","position":1,"name":"Portada","item":"https:\/\/hueleaazufre.com\/wordpress_a\/"},{"@type":"ListItem","position":2,"name":"Argentina en el 8M: el \u201cPacto de Mayo\u201d de Milei versus la unidad en la calle de los feminismos"}]},{"@type":"WebSite","@id":"https:\/\/hueleaazufre.com\/wordpress_a\/#website","url":"https:\/\/hueleaazufre.com\/wordpress_a\/","name":"","description":"Huele a azufre es una plataforma digital de an\u00e1lisis geopol\u00edtico.","potentialAction":[{"@type":"SearchAction","target":{"@type":"EntryPoint","urlTemplate":"https:\/\/hueleaazufre.com\/wordpress_a\/?s={search_term_string}"},"query-input":{"@type":"PropertyValueSpecification","valueRequired":true,"valueName":"search_term_string"}}],"inLanguage":"es"},{"@type":"Person","@id":"https:\/\/hueleaazufre.com\/wordpress_a\/#\/schema\/person\/549dd871707ea7f9f1a686323ebe9baa","name":"Huele a azufre","image":{"@type":"ImageObject","inLanguage":"es","@id":"https:\/\/secure.gravatar.com\/avatar\/e972d5c124b9bf80eb4c9d322a90dd86a59d447f5da36700a77516f13637d44e?s=96&d=mm&r=g","url":"https:\/\/secure.gravatar.com\/avatar\/e972d5c124b9bf80eb4c9d322a90dd86a59d447f5da36700a77516f13637d44e?s=96&d=mm&r=g","contentUrl":"https:\/\/secure.gravatar.com\/avatar\/e972d5c124b9bf80eb4c9d322a90dd86a59d447f5da36700a77516f13637d44e?s=96&d=mm&r=g","caption":"Huele a azufre"},"description":"Huele a azufre es una plataforma digital de an\u00e1lisis geopol\u00edtico\u00a0 contrahegem\u00f3nico, que busca visibilizar las voces y los discursos silenciados por el poder medi\u00e1tico.","sameAs":["https:\/\/hueleaazufre.com\/wordpress_a"],"url":"https:\/\/hueleaazufre.com\/wordpress_a\/index.php\/author\/admin_tupapa\/"}]}},"_links":{"self":[{"href":"https:\/\/hueleaazufre.com\/wordpress_a\/index.php\/wp-json\/wp\/v2\/posts\/803","targetHints":{"allow":["GET"]}}],"collection":[{"href":"https:\/\/hueleaazufre.com\/wordpress_a\/index.php\/wp-json\/wp\/v2\/posts"}],"about":[{"href":"https:\/\/hueleaazufre.com\/wordpress_a\/index.php\/wp-json\/wp\/v2\/types\/post"}],"author":[{"embeddable":true,"href":"https:\/\/hueleaazufre.com\/wordpress_a\/index.php\/wp-json\/wp\/v2\/users\/1"}],"replies":[{"embeddable":true,"href":"https:\/\/hueleaazufre.com\/wordpress_a\/index.php\/wp-json\/wp\/v2\/comments?post=803"}],"version-history":[{"count":2,"href":"https:\/\/hueleaazufre.com\/wordpress_a\/index.php\/wp-json\/wp\/v2\/posts\/803\/revisions"}],"predecessor-version":[{"id":806,"href":"https:\/\/hueleaazufre.com\/wordpress_a\/index.php\/wp-json\/wp\/v2\/posts\/803\/revisions\/806"}],"wp:featuredmedia":[{"embeddable":true,"href":"https:\/\/hueleaazufre.com\/wordpress_a\/index.php\/wp-json\/wp\/v2\/media\/804"}],"wp:attachment":[{"href":"https:\/\/hueleaazufre.com\/wordpress_a\/index.php\/wp-json\/wp\/v2\/media?parent=803"}],"wp:term":[{"taxonomy":"category","embeddable":true,"href":"https:\/\/hueleaazufre.com\/wordpress_a\/index.php\/wp-json\/wp\/v2\/categories?post=803"},{"taxonomy":"post_tag","embeddable":true,"href":"https:\/\/hueleaazufre.com\/wordpress_a\/index.php\/wp-json\/wp\/v2\/tags?post=803"}],"curies":[{"name":"wp","href":"https:\/\/api.w.org\/{rel}","templated":true}]}}