{"id":812,"date":"2024-03-14T15:12:40","date_gmt":"2024-03-14T15:12:40","guid":{"rendered":"https:\/\/hueleaazufre.com\/wordpress_a\/?p=812"},"modified":"2024-03-14T15:12:40","modified_gmt":"2024-03-14T15:12:40","slug":"feminismos-populares-pistas-y-alternativas-para-comprender-la-avanzada-de-la-extrema-derecha","status":"publish","type":"post","link":"https:\/\/hueleaazufre.com\/wordpress_a\/index.php\/2024\/03\/14\/feminismos-populares-pistas-y-alternativas-para-comprender-la-avanzada-de-la-extrema-derecha\/","title":{"rendered":"Feminismos populares: pistas y alternativas para comprender la avanzada de la extrema derecha"},"content":{"rendered":"<p><b><i>Este art\u00edculo fue publicado antes del 12 de marzo cuando, finalmente, se nombr\u00f3 como nueva Fiscal General de Colombia a Luz Adriana Camargo.<\/i><\/b><\/p>\n<p>&nbsp;<\/p>\n<p><span style=\"font-weight: 400;\">En el d\u00eda mundial de la mujer trabajadora, y como cada a\u00f1o, las feministas seguimos desmantelando toda felicitaci\u00f3n que oculte discursos fetichistas sobre nuestras vidas y nuestros cuerpos. Porque no se trata de festejar nuestra existencia bajo calificativos religiosos o estereotipos f\u00edsicos, intelectuales e incluso emocionales. No.\u00a0<\/span><\/p>\n<p><span style=\"font-weight: 400;\">Desmontamos los dispositivos ideol\u00f3gicos que el sistema patriarcal impone sobre nosotras, pero tambi\u00e9n denunciamos la estrecha conexi\u00f3n que esta estructura de poder tiene con el capitalismo, el colonialismo y el racismo.<\/span><\/p>\n<p><span style=\"font-weight: 400;\">Reconocemos que la batalla ideol\u00f3gica avanza en materia social y pol\u00edtica en toda Nuestra Am\u00e9rica, y Colombia no se separa de esta realidad. Hoy nos enfrentamos a una avanzada de la ultraderecha que pone en riesgo las luchas ganadas por el campo popular. En particular, las luchas que por d\u00e9cadas las feministas, las disidencias sexuales, el pueblo trabajador, las comunidades \u00e9tnicas, campesinas y populares se han ganado codo a codo en la movilizaci\u00f3n, en la calle.<\/span><\/p>\n<p><span style=\"font-weight: 400;\">Los pueblos excluidos por este modelo reproductor de barbarie han padecido saqueo y muerte, mientras los gobiernos de ultraderecha apelan a discursos de \u201clibertad\u201d lanzando discursos de odio, persiguiendo y golpeando cualquier iniciativa que busque subvertir el orden que les mantiene en las c\u00fapulas de poder.\u00a0<\/span><\/p>\n<p><span style=\"font-weight: 400;\">Lo hacen de manera directa bajo la brutalidad policial, la criminalizaci\u00f3n al movimiento social y a la desmedida militarizaci\u00f3n en el campo y la ciudad, pero tambi\u00e9n lo hacen en sus medios masivos de comunicaci\u00f3n, ridiculizando, invalidando e incluso tergiversando nuestros repertorios de lucha.<\/span><\/p>\n<p><span style=\"font-weight: 400;\">Pero, \u00bfpor qu\u00e9 tanta molestia a las luchas sociales y en particular al feminismo?<\/span><\/p>\n<p><span style=\"font-weight: 400;\">Porque las castas pol\u00edticas no est\u00e1n dispuestas a negociar y soltar el poder, entonces reprimen y castigan todo aquello que funcione a favor de la subversi\u00f3n de ese poder, a una desigualdad estructural sostenida por el poder pol\u00edtico, econ\u00f3mico y medi\u00e1tico. Un poder contrahegem\u00f3nico como se viene construyendo desde los feminismos comunitarios y populares, bajo pr\u00e1cticas solidarias, cooperantes, que pelean cualquier forma de opresi\u00f3n en la teor\u00eda y en la pr\u00e1ctica.\u00a0<\/span><\/p>\n<p><span style=\"font-weight: 400;\">Los feminismos que tantas luchas han conquistado en t\u00e9rminos de derechos para las mujeres tiene capacidad de objetar a las \u00e9lites aunque minen e instalen y proliferen discursos de odio, porque es masivo y contestatario, porque desborda las calles a nivel global.\u00a0<\/span><\/p>\n<p><span style=\"font-weight: 400;\">Para el caso colombiano, que atravesamos por una etapa diferenciada en materia de gobierno, vivimos por primera vez un gobierno progresista. los pueblos hemos decidido acompa\u00f1ar esta apuesta bajo la premisa del cambio. Esta posibilidad, a\u00fan con cr\u00edticas y debates que caben dentro de las distintas formas y concepciones dentro de la construcci\u00f3n democr\u00e1tica, han facilitado di\u00e1logos que nos permiten avanzar, porque entendemos que la derecha pretende desestabilizar, y en el caso particular de Colombia as\u00ed sucedi\u00f3 en las \u00faltimas elecciones regionales y locales que tuvieron lugar en octubre del 2023.\u00a0<\/span><\/p>\n<p><span style=\"font-weight: 400;\">Hoy, a m\u00e1s de un a\u00f1o de gesti\u00f3n del gobierno de Petro, las feministas populares seguimos exigiendo garant\u00edas para nuestras vidas, porque las estructuras mafiosas y paramilitares siguen presentes en nuestros territorios.\u00a0<\/span><\/p>\n<p><span style=\"font-weight: 400;\">La gran conclusi\u00f3n de la contienda electoral fue reconocer que las redes clientelares, continuistas y corruptas de la derecha siguen enraizadas en la cultura pol\u00edtica que bebe de las din\u00e1micas m\u00e1s locales, que no es un mal menor si hablamos en prospectiva de la correlaci\u00f3n de fuerzas que se viene configurando a nivel nacional, en t\u00e9rminos de disputa por el ordenamiento territorial y en materia del abanico de reformas.\u00a0<\/span><\/p>\n<p><span style=\"font-weight: 400;\">Por ejemplo, la reforma a la salud, donde se pelea el acceso a una atenci\u00f3n de calidad para las mujeres en los territorios con mayor estado de vulneraci\u00f3n por ineficiencia e ineficacia estatal y que bajo preceptos dogm\u00e1ticos la derecha pretende retroceder las ganancias de la despenalizaci\u00f3n del aborto bajo la sentencia C-355 de 2022.<\/span><\/p>\n<p><span style=\"font-weight: 400;\">Reconocemos que esta realidad desborda la actuaci\u00f3n del gobierno, porque est\u00e1 arraigada a las ra\u00edces de unas \u00e9lites militares, econ\u00f3micas y pol\u00edticas que no est\u00e1n dispuestas a negociar la tenencia del poder, que no les importa despojar nuestros cuerpos y alzar las cifras de genocidio y el despojo que hist\u00f3ricamente soportan los sujetos sociales empobrecidos y olvidados. Tambi\u00e9n reconocemos que los cuerpos feminizados son quienes viven el conflicto armado de manera diferenciada, porque sus cuerpos y territorios siguen siendo vulnerados, como objeto de guerra.<\/span><\/p>\n<p><span style=\"font-weight: 400;\">La garant\u00eda de derechos para las mujeres est\u00e1 en riesgo cuando las cifras cierran con m\u00e1s de 20 feminicidios en un solo mes. Y, \u00bfqu\u00e9 pasa con las instituciones? contamos con una fiscal Martha Mancera, investigada por narcotr\u00e1fico, en reemplazo de Francisco Barbosa, quien deja una cifra exacerbada en niveles de impunidad. De acuerdo con un informe realizado por La Secretar\u00eda de Transparencia de la Presidencia de la Rep\u00fablica \u201chay en total 57.582, entre los a\u00f1os 2010 y 2023, de las cuales el 93,99% no tienen condena; el 89,7% sin captura, y el 77,15% est\u00e1n en indagaci\u00f3n\u201d.<\/span><\/p>\n<p><span style=\"font-weight: 400;\">Bajo este panorama de incertidumbre, las mujeres feministas que apelamos a la conexi\u00f3n de las luchas de clase, raza, g\u00e9nero hacemos un llamado a solidarizarnos con las hermanas del campo y la ciudad que enfrentan el paramilitarismo como toda una estrateg\u00eda pol\u00edtica genocida, que en la lucha por la vida digna en sus territorios han perdido a sus familias, a sus comunidades por exigir una paz con cambios y transformaciones estructurales.<\/span><\/p>\n<p><b>La violencia paramilitar es violencia patriarcal<\/b><\/p>\n<p><span style=\"font-weight: 400;\">En distintos espacios de di\u00e1logo nacional entre el Gobierno y las insurgencias los pueblos decididos a participar siguen siendo estigmatizados. La avanzada del paramilitarismo en el control territorial tambi\u00e9n ejerce violencia patriarcal, por eso, nuestra disputa por el desmonte del paramilitarismo es otro reto inobjetable y es nuestro deber como pueblo organizado desmantelar los nexos que sostienen estas estructuras, y por eso reclamamos a la justicia que opere ante estas violaciones sistem\u00e1ticas.\u00a0<\/span><\/p>\n<p><span style=\"font-weight: 400;\">Si las instituciones p\u00fablicas, como la Fiscal\u00eda General de la Naci\u00f3n respalda y encubre actores narcoparamilitares, no habr\u00e1 paz para los pueblos, no habr\u00e1 paz para las mujeres.\u00a0<\/span><\/p>\n<p><span style=\"font-weight: 400;\">La soberan\u00eda, la autodeterminaci\u00f3n como horizonte nos obliga a combatir ese proyecto de muerte, nos obliga a prenderle fuego a la olla, a crear arte y vida en los territorios. En Colombia la extrema derecha nunca se ha ido, est\u00e1 viva y se alimenta de las redes sociales, de los medios hegem\u00f3nicos para estigmatizaci\u00f3n y se\u00f1alarlos de violentas y v\u00e1ndalas.\u00a0<\/span><\/p>\n<p><span style=\"font-weight: 400;\">Y nosotras no nos quedamos calladas, seguimos en pie de lucha, nos tomamos las calles, las veredas, los barrios, y con mayor ah\u00ednco seguimos prendiendo el fuego de las ollas comunitarias, seguiremos pintando de mil colores nuestras muertas, a nuestra juventud que lo ha arriesgado todo por una vida digna, seguiremos reivindicando el cuidado a la vida y a nuestros bienes comunes, seguiremos defendiendo lo popular bajo el amor y la ternura que acu\u00f1a el pueblo.\u00a0<\/span><\/p>\n<p><span style=\"font-weight: 400;\">Seguiremos reflexionando sobre nuestra creatividad para la praxis emancipadora que requiere el campo popular para la defensa del cuidado como un derecho fundamental, para transitar en nuestros territorios\u00a0 y habitar nuestras cuerpas de manera segura. Seguiremos caminando la palabra con nuestras hermanas nuestroamericanas, buscando la unidad en un proyecto democratizado y desde abajo que le reste el avance al proyecto fascista y de muerte que nos quieren vender como \u201clibertad\u201d.<\/span><\/p>\n<p><b>Autora: Angie Morales \/Nodal<\/b><\/p>\n<p><b><i>Para leer el art\u00edculo original:<\/i><\/b><\/p>\n<p><a href=\"https:\/\/www.nodal.am\/2024\/03\/colombia-feminismos-populares-pistas-y-alternativas-para-comprender-la-avanzada-de-la-extrema-derecha\/\"><b><i>https:\/\/www.nodal.am\/2024\/03\/colombia-feminismos-populares-pistas-y-alternativas-para-comprender-la-avanzada-de-la-extrema-derecha\/<\/i><\/b><\/a><\/p>\n","protected":false},"excerpt":{"rendered":"<p>Este art\u00edculo fue publicado antes del 12 de marzo cuando, finalmente, se nombr\u00f3 como nueva&#8230;<\/p>\n","protected":false},"author":1,"featured_media":813,"comment_status":"open","ping_status":"closed","sticky":false,"template":"","format":"standard","meta":{"footnotes":""},"categories":[56],"tags":[180,57,176,11,181],"class_list":["post-812","post","type-post","status-publish","format-standard","has-post-thumbnail","hentry","category-medios-aliados","tag-aborto","tag-colombia","tag-feminismo","tag-libertad","tag-violencia-patriarcal"],"yoast_head":"<!-- This site is optimized with the Yoast SEO plugin v27.5 - https:\/\/yoast.com\/product\/yoast-seo-wordpress\/ -->\n<title>Feminismos populares: pistas y alternativas para comprender la avanzada de la extrema derecha -<\/title>\n<meta name=\"description\" content=\"En el d\u00eda mundial de la mujer trabajadora, y como cada a\u00f1o, las feministas seguimos desmantelando toda felicitaci\u00f3n que oculte discursos fetichistas sobre nuestras vidas y nuestros cuerpos.\" \/>\n<meta name=\"robots\" content=\"index, follow, max-snippet:-1, max-image-preview:large, max-video-preview:-1\" \/>\n<link rel=\"canonical\" href=\"https:\/\/hueleaazufre.com\/wordpress_a\/index.php\/2024\/03\/14\/feminismos-populares-pistas-y-alternativas-para-comprender-la-avanzada-de-la-extrema-derecha\/\" \/>\n<meta property=\"og:locale\" content=\"es_ES\" \/>\n<meta property=\"og:type\" content=\"article\" \/>\n<meta property=\"og:title\" content=\"Feminismos populares: pistas y alternativas para comprender la avanzada de la extrema derecha -\" \/>\n<meta property=\"og:description\" content=\"En el d\u00eda mundial de la mujer trabajadora, y como cada a\u00f1o, las feministas seguimos desmantelando toda felicitaci\u00f3n que oculte discursos fetichistas sobre nuestras vidas y nuestros cuerpos.\" \/>\n<meta property=\"og:url\" content=\"https:\/\/hueleaazufre.com\/wordpress_a\/index.php\/2024\/03\/14\/feminismos-populares-pistas-y-alternativas-para-comprender-la-avanzada-de-la-extrema-derecha\/\" \/>\n<meta property=\"article:published_time\" content=\"2024-03-14T15:12:40+00:00\" \/>\n<meta property=\"og:image\" content=\"https:\/\/hueleaazufre.com\/wordpress_a\/wp-content\/uploads\/2024\/03\/3-1.jpg\" \/>\n\t<meta property=\"og:image:width\" content=\"626\" \/>\n\t<meta property=\"og:image:height\" content=\"391\" \/>\n\t<meta property=\"og:image:type\" content=\"image\/jpeg\" \/>\n<meta name=\"author\" content=\"Huele a azufre\" \/>\n<meta name=\"twitter:card\" content=\"summary_large_image\" \/>\n<meta name=\"twitter:label1\" content=\"Escrito por\" \/>\n\t<meta name=\"twitter:data1\" content=\"Huele a azufre\" \/>\n\t<meta name=\"twitter:label2\" content=\"Tiempo de lectura\" \/>\n\t<meta name=\"twitter:data2\" content=\"6 minutos\" \/>\n<script type=\"application\/ld+json\" class=\"yoast-schema-graph\">{\"@context\":\"https:\\\/\\\/schema.org\",\"@graph\":[{\"@type\":\"Article\",\"@id\":\"https:\\\/\\\/hueleaazufre.com\\\/wordpress_a\\\/index.php\\\/2024\\\/03\\\/14\\\/feminismos-populares-pistas-y-alternativas-para-comprender-la-avanzada-de-la-extrema-derecha\\\/#article\",\"isPartOf\":{\"@id\":\"https:\\\/\\\/hueleaazufre.com\\\/wordpress_a\\\/index.php\\\/2024\\\/03\\\/14\\\/feminismos-populares-pistas-y-alternativas-para-comprender-la-avanzada-de-la-extrema-derecha\\\/\"},\"author\":{\"name\":\"Huele a azufre\",\"@id\":\"https:\\\/\\\/hueleaazufre.com\\\/wordpress_a\\\/#\\\/schema\\\/person\\\/549dd871707ea7f9f1a686323ebe9baa\"},\"headline\":\"Feminismos populares: pistas y alternativas para comprender la avanzada de la extrema derecha\",\"datePublished\":\"2024-03-14T15:12:40+00:00\",\"mainEntityOfPage\":{\"@id\":\"https:\\\/\\\/hueleaazufre.com\\\/wordpress_a\\\/index.php\\\/2024\\\/03\\\/14\\\/feminismos-populares-pistas-y-alternativas-para-comprender-la-avanzada-de-la-extrema-derecha\\\/\"},\"wordCount\":1307,\"commentCount\":0,\"image\":{\"@id\":\"https:\\\/\\\/hueleaazufre.com\\\/wordpress_a\\\/index.php\\\/2024\\\/03\\\/14\\\/feminismos-populares-pistas-y-alternativas-para-comprender-la-avanzada-de-la-extrema-derecha\\\/#primaryimage\"},\"thumbnailUrl\":\"https:\\\/\\\/hueleaazufre.com\\\/wordpress_a\\\/wp-content\\\/uploads\\\/2024\\\/03\\\/3-1.jpg\",\"keywords\":[\"aborto\",\"Colombia\",\"Feminismo\",\"Libertad\",\"violencia patriarcal\"],\"articleSection\":[\"Medios aliados\"],\"inLanguage\":\"es\",\"potentialAction\":[{\"@type\":\"CommentAction\",\"name\":\"Comment\",\"target\":[\"https:\\\/\\\/hueleaazufre.com\\\/wordpress_a\\\/index.php\\\/2024\\\/03\\\/14\\\/feminismos-populares-pistas-y-alternativas-para-comprender-la-avanzada-de-la-extrema-derecha\\\/#respond\"]}]},{\"@type\":\"WebPage\",\"@id\":\"https:\\\/\\\/hueleaazufre.com\\\/wordpress_a\\\/index.php\\\/2024\\\/03\\\/14\\\/feminismos-populares-pistas-y-alternativas-para-comprender-la-avanzada-de-la-extrema-derecha\\\/\",\"url\":\"https:\\\/\\\/hueleaazufre.com\\\/wordpress_a\\\/index.php\\\/2024\\\/03\\\/14\\\/feminismos-populares-pistas-y-alternativas-para-comprender-la-avanzada-de-la-extrema-derecha\\\/\",\"name\":\"Feminismos populares: pistas y alternativas para comprender la avanzada de la extrema derecha -\",\"isPartOf\":{\"@id\":\"https:\\\/\\\/hueleaazufre.com\\\/wordpress_a\\\/#website\"},\"primaryImageOfPage\":{\"@id\":\"https:\\\/\\\/hueleaazufre.com\\\/wordpress_a\\\/index.php\\\/2024\\\/03\\\/14\\\/feminismos-populares-pistas-y-alternativas-para-comprender-la-avanzada-de-la-extrema-derecha\\\/#primaryimage\"},\"image\":{\"@id\":\"https:\\\/\\\/hueleaazufre.com\\\/wordpress_a\\\/index.php\\\/2024\\\/03\\\/14\\\/feminismos-populares-pistas-y-alternativas-para-comprender-la-avanzada-de-la-extrema-derecha\\\/#primaryimage\"},\"thumbnailUrl\":\"https:\\\/\\\/hueleaazufre.com\\\/wordpress_a\\\/wp-content\\\/uploads\\\/2024\\\/03\\\/3-1.jpg\",\"datePublished\":\"2024-03-14T15:12:40+00:00\",\"author\":{\"@id\":\"https:\\\/\\\/hueleaazufre.com\\\/wordpress_a\\\/#\\\/schema\\\/person\\\/549dd871707ea7f9f1a686323ebe9baa\"},\"description\":\"En el d\u00eda mundial de la mujer trabajadora, y como cada a\u00f1o, las feministas seguimos desmantelando toda felicitaci\u00f3n que oculte discursos fetichistas sobre nuestras vidas y nuestros cuerpos.\",\"breadcrumb\":{\"@id\":\"https:\\\/\\\/hueleaazufre.com\\\/wordpress_a\\\/index.php\\\/2024\\\/03\\\/14\\\/feminismos-populares-pistas-y-alternativas-para-comprender-la-avanzada-de-la-extrema-derecha\\\/#breadcrumb\"},\"inLanguage\":\"es\",\"potentialAction\":[{\"@type\":\"ReadAction\",\"target\":[\"https:\\\/\\\/hueleaazufre.com\\\/wordpress_a\\\/index.php\\\/2024\\\/03\\\/14\\\/feminismos-populares-pistas-y-alternativas-para-comprender-la-avanzada-de-la-extrema-derecha\\\/\"]}]},{\"@type\":\"ImageObject\",\"inLanguage\":\"es\",\"@id\":\"https:\\\/\\\/hueleaazufre.com\\\/wordpress_a\\\/index.php\\\/2024\\\/03\\\/14\\\/feminismos-populares-pistas-y-alternativas-para-comprender-la-avanzada-de-la-extrema-derecha\\\/#primaryimage\",\"url\":\"https:\\\/\\\/hueleaazufre.com\\\/wordpress_a\\\/wp-content\\\/uploads\\\/2024\\\/03\\\/3-1.jpg\",\"contentUrl\":\"https:\\\/\\\/hueleaazufre.com\\\/wordpress_a\\\/wp-content\\\/uploads\\\/2024\\\/03\\\/3-1.jpg\",\"width\":626,\"height\":391},{\"@type\":\"BreadcrumbList\",\"@id\":\"https:\\\/\\\/hueleaazufre.com\\\/wordpress_a\\\/index.php\\\/2024\\\/03\\\/14\\\/feminismos-populares-pistas-y-alternativas-para-comprender-la-avanzada-de-la-extrema-derecha\\\/#breadcrumb\",\"itemListElement\":[{\"@type\":\"ListItem\",\"position\":1,\"name\":\"Portada\",\"item\":\"https:\\\/\\\/hueleaazufre.com\\\/wordpress_a\\\/\"},{\"@type\":\"ListItem\",\"position\":2,\"name\":\"Feminismos populares: pistas y alternativas para comprender la avanzada de la extrema derecha\"}]},{\"@type\":\"WebSite\",\"@id\":\"https:\\\/\\\/hueleaazufre.com\\\/wordpress_a\\\/#website\",\"url\":\"https:\\\/\\\/hueleaazufre.com\\\/wordpress_a\\\/\",\"name\":\"\",\"description\":\"Huele a azufre es una plataforma digital de an\u00e1lisis geopol\u00edtico.\",\"potentialAction\":[{\"@type\":\"SearchAction\",\"target\":{\"@type\":\"EntryPoint\",\"urlTemplate\":\"https:\\\/\\\/hueleaazufre.com\\\/wordpress_a\\\/?s={search_term_string}\"},\"query-input\":{\"@type\":\"PropertyValueSpecification\",\"valueRequired\":true,\"valueName\":\"search_term_string\"}}],\"inLanguage\":\"es\"},{\"@type\":\"Person\",\"@id\":\"https:\\\/\\\/hueleaazufre.com\\\/wordpress_a\\\/#\\\/schema\\\/person\\\/549dd871707ea7f9f1a686323ebe9baa\",\"name\":\"Huele a azufre\",\"image\":{\"@type\":\"ImageObject\",\"inLanguage\":\"es\",\"@id\":\"https:\\\/\\\/secure.gravatar.com\\\/avatar\\\/e972d5c124b9bf80eb4c9d322a90dd86a59d447f5da36700a77516f13637d44e?s=96&d=mm&r=g\",\"url\":\"https:\\\/\\\/secure.gravatar.com\\\/avatar\\\/e972d5c124b9bf80eb4c9d322a90dd86a59d447f5da36700a77516f13637d44e?s=96&d=mm&r=g\",\"contentUrl\":\"https:\\\/\\\/secure.gravatar.com\\\/avatar\\\/e972d5c124b9bf80eb4c9d322a90dd86a59d447f5da36700a77516f13637d44e?s=96&d=mm&r=g\",\"caption\":\"Huele a azufre\"},\"description\":\"Huele a azufre es una plataforma digital de an\u00e1lisis geopol\u00edtico\u00a0 contrahegem\u00f3nico, que busca visibilizar las voces y los discursos silenciados por el poder medi\u00e1tico.\",\"sameAs\":[\"https:\\\/\\\/hueleaazufre.com\\\/wordpress_a\"],\"url\":\"https:\\\/\\\/hueleaazufre.com\\\/wordpress_a\\\/index.php\\\/author\\\/admin_tupapa\\\/\"}]}<\/script>\n<!-- \/ Yoast SEO plugin. -->","yoast_head_json":{"title":"Feminismos populares: pistas y alternativas para comprender la avanzada de la extrema derecha -","description":"En el d\u00eda mundial de la mujer trabajadora, y como cada a\u00f1o, las feministas seguimos desmantelando toda felicitaci\u00f3n que oculte discursos fetichistas sobre nuestras vidas y nuestros cuerpos.","robots":{"index":"index","follow":"follow","max-snippet":"max-snippet:-1","max-image-preview":"max-image-preview:large","max-video-preview":"max-video-preview:-1"},"canonical":"https:\/\/hueleaazufre.com\/wordpress_a\/index.php\/2024\/03\/14\/feminismos-populares-pistas-y-alternativas-para-comprender-la-avanzada-de-la-extrema-derecha\/","og_locale":"es_ES","og_type":"article","og_title":"Feminismos populares: pistas y alternativas para comprender la avanzada de la extrema derecha -","og_description":"En el d\u00eda mundial de la mujer trabajadora, y como cada a\u00f1o, las feministas seguimos desmantelando toda felicitaci\u00f3n que oculte discursos fetichistas sobre nuestras vidas y nuestros cuerpos.","og_url":"https:\/\/hueleaazufre.com\/wordpress_a\/index.php\/2024\/03\/14\/feminismos-populares-pistas-y-alternativas-para-comprender-la-avanzada-de-la-extrema-derecha\/","article_published_time":"2024-03-14T15:12:40+00:00","og_image":[{"width":626,"height":391,"url":"https:\/\/hueleaazufre.com\/wordpress_a\/wp-content\/uploads\/2024\/03\/3-1.jpg","type":"image\/jpeg"}],"author":"Huele a azufre","twitter_card":"summary_large_image","twitter_misc":{"Escrito por":"Huele a azufre","Tiempo de lectura":"6 minutos"},"schema":{"@context":"https:\/\/schema.org","@graph":[{"@type":"Article","@id":"https:\/\/hueleaazufre.com\/wordpress_a\/index.php\/2024\/03\/14\/feminismos-populares-pistas-y-alternativas-para-comprender-la-avanzada-de-la-extrema-derecha\/#article","isPartOf":{"@id":"https:\/\/hueleaazufre.com\/wordpress_a\/index.php\/2024\/03\/14\/feminismos-populares-pistas-y-alternativas-para-comprender-la-avanzada-de-la-extrema-derecha\/"},"author":{"name":"Huele a azufre","@id":"https:\/\/hueleaazufre.com\/wordpress_a\/#\/schema\/person\/549dd871707ea7f9f1a686323ebe9baa"},"headline":"Feminismos populares: pistas y alternativas para comprender la avanzada de la extrema derecha","datePublished":"2024-03-14T15:12:40+00:00","mainEntityOfPage":{"@id":"https:\/\/hueleaazufre.com\/wordpress_a\/index.php\/2024\/03\/14\/feminismos-populares-pistas-y-alternativas-para-comprender-la-avanzada-de-la-extrema-derecha\/"},"wordCount":1307,"commentCount":0,"image":{"@id":"https:\/\/hueleaazufre.com\/wordpress_a\/index.php\/2024\/03\/14\/feminismos-populares-pistas-y-alternativas-para-comprender-la-avanzada-de-la-extrema-derecha\/#primaryimage"},"thumbnailUrl":"https:\/\/hueleaazufre.com\/wordpress_a\/wp-content\/uploads\/2024\/03\/3-1.jpg","keywords":["aborto","Colombia","Feminismo","Libertad","violencia patriarcal"],"articleSection":["Medios aliados"],"inLanguage":"es","potentialAction":[{"@type":"CommentAction","name":"Comment","target":["https:\/\/hueleaazufre.com\/wordpress_a\/index.php\/2024\/03\/14\/feminismos-populares-pistas-y-alternativas-para-comprender-la-avanzada-de-la-extrema-derecha\/#respond"]}]},{"@type":"WebPage","@id":"https:\/\/hueleaazufre.com\/wordpress_a\/index.php\/2024\/03\/14\/feminismos-populares-pistas-y-alternativas-para-comprender-la-avanzada-de-la-extrema-derecha\/","url":"https:\/\/hueleaazufre.com\/wordpress_a\/index.php\/2024\/03\/14\/feminismos-populares-pistas-y-alternativas-para-comprender-la-avanzada-de-la-extrema-derecha\/","name":"Feminismos populares: pistas y alternativas para comprender la avanzada de la extrema derecha -","isPartOf":{"@id":"https:\/\/hueleaazufre.com\/wordpress_a\/#website"},"primaryImageOfPage":{"@id":"https:\/\/hueleaazufre.com\/wordpress_a\/index.php\/2024\/03\/14\/feminismos-populares-pistas-y-alternativas-para-comprender-la-avanzada-de-la-extrema-derecha\/#primaryimage"},"image":{"@id":"https:\/\/hueleaazufre.com\/wordpress_a\/index.php\/2024\/03\/14\/feminismos-populares-pistas-y-alternativas-para-comprender-la-avanzada-de-la-extrema-derecha\/#primaryimage"},"thumbnailUrl":"https:\/\/hueleaazufre.com\/wordpress_a\/wp-content\/uploads\/2024\/03\/3-1.jpg","datePublished":"2024-03-14T15:12:40+00:00","author":{"@id":"https:\/\/hueleaazufre.com\/wordpress_a\/#\/schema\/person\/549dd871707ea7f9f1a686323ebe9baa"},"description":"En el d\u00eda mundial de la mujer trabajadora, y como cada a\u00f1o, las feministas seguimos desmantelando toda felicitaci\u00f3n que oculte discursos fetichistas sobre nuestras vidas y nuestros cuerpos.","breadcrumb":{"@id":"https:\/\/hueleaazufre.com\/wordpress_a\/index.php\/2024\/03\/14\/feminismos-populares-pistas-y-alternativas-para-comprender-la-avanzada-de-la-extrema-derecha\/#breadcrumb"},"inLanguage":"es","potentialAction":[{"@type":"ReadAction","target":["https:\/\/hueleaazufre.com\/wordpress_a\/index.php\/2024\/03\/14\/feminismos-populares-pistas-y-alternativas-para-comprender-la-avanzada-de-la-extrema-derecha\/"]}]},{"@type":"ImageObject","inLanguage":"es","@id":"https:\/\/hueleaazufre.com\/wordpress_a\/index.php\/2024\/03\/14\/feminismos-populares-pistas-y-alternativas-para-comprender-la-avanzada-de-la-extrema-derecha\/#primaryimage","url":"https:\/\/hueleaazufre.com\/wordpress_a\/wp-content\/uploads\/2024\/03\/3-1.jpg","contentUrl":"https:\/\/hueleaazufre.com\/wordpress_a\/wp-content\/uploads\/2024\/03\/3-1.jpg","width":626,"height":391},{"@type":"BreadcrumbList","@id":"https:\/\/hueleaazufre.com\/wordpress_a\/index.php\/2024\/03\/14\/feminismos-populares-pistas-y-alternativas-para-comprender-la-avanzada-de-la-extrema-derecha\/#breadcrumb","itemListElement":[{"@type":"ListItem","position":1,"name":"Portada","item":"https:\/\/hueleaazufre.com\/wordpress_a\/"},{"@type":"ListItem","position":2,"name":"Feminismos populares: pistas y alternativas para comprender la avanzada de la extrema derecha"}]},{"@type":"WebSite","@id":"https:\/\/hueleaazufre.com\/wordpress_a\/#website","url":"https:\/\/hueleaazufre.com\/wordpress_a\/","name":"","description":"Huele a azufre es una plataforma digital de an\u00e1lisis geopol\u00edtico.","potentialAction":[{"@type":"SearchAction","target":{"@type":"EntryPoint","urlTemplate":"https:\/\/hueleaazufre.com\/wordpress_a\/?s={search_term_string}"},"query-input":{"@type":"PropertyValueSpecification","valueRequired":true,"valueName":"search_term_string"}}],"inLanguage":"es"},{"@type":"Person","@id":"https:\/\/hueleaazufre.com\/wordpress_a\/#\/schema\/person\/549dd871707ea7f9f1a686323ebe9baa","name":"Huele a azufre","image":{"@type":"ImageObject","inLanguage":"es","@id":"https:\/\/secure.gravatar.com\/avatar\/e972d5c124b9bf80eb4c9d322a90dd86a59d447f5da36700a77516f13637d44e?s=96&d=mm&r=g","url":"https:\/\/secure.gravatar.com\/avatar\/e972d5c124b9bf80eb4c9d322a90dd86a59d447f5da36700a77516f13637d44e?s=96&d=mm&r=g","contentUrl":"https:\/\/secure.gravatar.com\/avatar\/e972d5c124b9bf80eb4c9d322a90dd86a59d447f5da36700a77516f13637d44e?s=96&d=mm&r=g","caption":"Huele a azufre"},"description":"Huele a azufre es una plataforma digital de an\u00e1lisis geopol\u00edtico\u00a0 contrahegem\u00f3nico, que busca visibilizar las voces y los discursos silenciados por el poder medi\u00e1tico.","sameAs":["https:\/\/hueleaazufre.com\/wordpress_a"],"url":"https:\/\/hueleaazufre.com\/wordpress_a\/index.php\/author\/admin_tupapa\/"}]}},"_links":{"self":[{"href":"https:\/\/hueleaazufre.com\/wordpress_a\/index.php\/wp-json\/wp\/v2\/posts\/812","targetHints":{"allow":["GET"]}}],"collection":[{"href":"https:\/\/hueleaazufre.com\/wordpress_a\/index.php\/wp-json\/wp\/v2\/posts"}],"about":[{"href":"https:\/\/hueleaazufre.com\/wordpress_a\/index.php\/wp-json\/wp\/v2\/types\/post"}],"author":[{"embeddable":true,"href":"https:\/\/hueleaazufre.com\/wordpress_a\/index.php\/wp-json\/wp\/v2\/users\/1"}],"replies":[{"embeddable":true,"href":"https:\/\/hueleaazufre.com\/wordpress_a\/index.php\/wp-json\/wp\/v2\/comments?post=812"}],"version-history":[{"count":1,"href":"https:\/\/hueleaazufre.com\/wordpress_a\/index.php\/wp-json\/wp\/v2\/posts\/812\/revisions"}],"predecessor-version":[{"id":814,"href":"https:\/\/hueleaazufre.com\/wordpress_a\/index.php\/wp-json\/wp\/v2\/posts\/812\/revisions\/814"}],"wp:featuredmedia":[{"embeddable":true,"href":"https:\/\/hueleaazufre.com\/wordpress_a\/index.php\/wp-json\/wp\/v2\/media\/813"}],"wp:attachment":[{"href":"https:\/\/hueleaazufre.com\/wordpress_a\/index.php\/wp-json\/wp\/v2\/media?parent=812"}],"wp:term":[{"taxonomy":"category","embeddable":true,"href":"https:\/\/hueleaazufre.com\/wordpress_a\/index.php\/wp-json\/wp\/v2\/categories?post=812"},{"taxonomy":"post_tag","embeddable":true,"href":"https:\/\/hueleaazufre.com\/wordpress_a\/index.php\/wp-json\/wp\/v2\/tags?post=812"}],"curies":[{"name":"wp","href":"https:\/\/api.w.org\/{rel}","templated":true}]}}