{"id":819,"date":"2024-03-19T14:35:52","date_gmt":"2024-03-19T14:35:52","guid":{"rendered":"https:\/\/hueleaazufre.com\/wordpress_a\/?p=819"},"modified":"2024-03-19T14:35:52","modified_gmt":"2024-03-19T14:35:52","slug":"las-trampas-de-la-guerra-y-de-la-paz","status":"publish","type":"post","link":"https:\/\/hueleaazufre.com\/wordpress_a\/index.php\/2024\/03\/19\/las-trampas-de-la-guerra-y-de-la-paz\/","title":{"rendered":"Las trampas de la guerra y de la paz"},"content":{"rendered":"<p><span style=\"font-weight: 400;\">Cuando el Comando Central anunci\u00f3 que congelar\u00eda los di\u00e1logos con el Gobierno de Petro, por cuanto desde el Gobierno se ven\u00eda incumpliendo acuerdos que desconoc\u00eda a la Delegaci\u00f3n y al Comando Central del Ej\u00e9rcito de Liberaci\u00f3n Nacional (ELN); desde varias esquinas dijeron que se trataba de una \u00abpataleta\u00bb que con el tiempo se desvanecer\u00eda y ELN terminar\u00eda cediendo.<\/span><\/p>\n<p><span style=\"font-weight: 400;\">En varios espacios o \u00abmentideros de la alta pol\u00edtica\u00bb colocan en duda de lo que en estas columnas o en comunicados del Comando Central se ha dicho referido a los supuestos di\u00e1logos regionales en Nari\u00f1o, con los llamados \u00abComuneros del Sur\u00bb.<\/span><\/p>\n<p><span style=\"font-weight: 400;\">Repetimos que en dicho grupo hay varios agentes de inteligencia militar del Estado infiltrados y que lograron hacerlos pasar como Mandos, el principal llamado Miguel A. realiz\u00f3 operaciones contra estructuras y mandos del ELN en varias regiones del pa\u00eds. A finales de 2022, al quedar en evidencia, no quiso reportarse para una investigaci\u00f3n y se refugi\u00f3 en Nari\u00f1o, donde al poco tiempo busc\u00f3 protecci\u00f3n en los organismos de seguridad del Estado y con ellos activaron un plan B, donde para protegerlo armaron el montaje de un proceso regional de paz, presentado a la vez como una \u00abdivisi\u00f3n\u00bb en las filas del ELN.<\/span><\/p>\n<p><span style=\"font-weight: 400;\">El plan de inteligencia ten\u00eda mayor envergadura, pero los \u00abcables pelados\u00bb se fueron descubriendo ante los mismos ojos de Miguel A., por tanto, la precipitud para hacer p\u00fablico un proceso que se tra\u00eda en silencio desde hac\u00eda varios a\u00f1os.<\/span><\/p>\n<p><span style=\"font-weight: 400;\">El Gobierno sigui\u00f3 con los contactos secretos durante el primer semestre de 2023 preparando condiciones para normalizar su \u00abentuerto\u00bb, luego en agosto de ese a\u00f1o realizaron una reuni\u00f3n encubri\u00e9ndola con un evento de evaluaci\u00f3n del Cese el Fuego en Nari\u00f1o, cuando en realidad se trataba una reuni\u00f3n con los \u00abagentes de inteligencia infiltrados\u00bb que aparecen en la fotograf\u00eda, y que presentaron como un supuesto proceso de di\u00e1logo regional.\u00a0<\/span><\/p>\n<p><span style=\"font-weight: 400;\">Este hecho fue denunciado formalmente en la Mesa ante Garantes Internacionales y Acompa\u00f1antes Permanentes. Desde ese entonces, hace m\u00e1s de a\u00f1o y medio, venimos tratando dicha violaci\u00f3n de acuerdos, y de manera recurrente el Gobierno se hace el de \u00abla vista gorda\u00bb, para decir que no sab\u00eda del asunto.<\/span><\/p>\n<blockquote>\n<h2><b><i>\u201cEse plan lo asumi\u00f3 Petro y lo mantuvo paralelo al plan de di\u00e1logos, grave error, pues eso en el Derecho de la Guerra se llama perfidia. M\u00e1s grave a\u00fan, las operaciones de inteligencia, estando prohibidas por el acuerdo de cese el fuego, las siguieron adelantando\u201d<\/i><\/b><\/h2>\n<\/blockquote>\n<p><span style=\"font-weight: 400;\">\u00bfQue el Gobierno nacional no sab\u00eda del asunto? Puro cuento, el mismo Presidente Petro se reuni\u00f3 con Otty Pati\u00f1o y \u00c1lvaro Jim\u00e9nez (operador de la inteligencia militar) para recibir un informe de primera mano, pues ha sido Jim\u00e9nez junto con el General Rinc\u00f3n y Vicealmirante Romero, integrantes de la Delegaci\u00f3n de Di\u00e1logos del Gobierno, quienes adelantan el plan. En esa reuni\u00f3n le dijeron al Presidente que \u00abten\u00edan informaci\u00f3n de contactos avanzados\u00bb.<\/span><\/p>\n<p><span style=\"font-weight: 400;\">Es m\u00e1s, la Inteligencia Militar le dio continuidad a las operaciones de inteligencia que ven\u00edan de los gobiernos anteriores, le vendieron al gobierno actual la idea que con dicha inteligencia acabar\u00edan con el ELN, por medio de golpes a la Comandancia que luego har\u00edan posible procesos de desmovilizaci\u00f3n de estructuras.\u00a0<\/span><\/p>\n<p><span style=\"font-weight: 400;\">Ese plan lo asumi\u00f3 Petro y lo mantuvo paralelo al plan de di\u00e1logos, grave error, pues eso en el Derecho de la Guerra se llama perfidia. M\u00e1s grave a\u00fan, las operaciones de inteligencia, estando prohibidas por el acuerdo de cese el fuego, las siguieron adelantando, en la actualidad activaron un plan de envenenamiento de mandos. Que tan bajo han ca\u00eddo los mandos de las Fuerzas Armadas del Estado.<\/span><\/p>\n<p><span style=\"font-weight: 400;\">A\u00fan seguimos vivos, al menos para dejar testimonio de la bajeza.<\/span><\/p>\n<p><span style=\"font-weight: 400;\">Por eso, luego de esa reuni\u00f3n con Otty y \u00c1lvaro Jim\u00e9nez, escuchamos al Presidente decir que los Comandantes del ELN no representaban ni conoc\u00edan las regiones donde se mov\u00edan las econom\u00edas ilegales, para justificar la matriz medi\u00e1tica que pretende involucrarnos con el narcotr\u00e1fico.<\/span><\/p>\n<p><span style=\"font-weight: 400;\">Desde luego que hay mucha tela por cortar y muy largo para contar, pero la hip\u00f3tesis que se mov\u00eda se\u00f1alaba el inter\u00e9s del Gobierno por montar un Show, a lo mejor no como el que quer\u00edan, pero al fin de cuentas intentar\u00e1n otro rumbo con los llamados \u00abprocesos regionales\u00bb, claro que mintiendo sobre sus verdaderas intenciones al Comando Central, para poder decir que cumplieron y que \u00ablas cosas no se dieron como ellos quer\u00edan\u00bb, a la larga van a proteger a Miguel A. y a sus \u00abcompinches\u00bb, pues son una misma parte en este di\u00e1logo de \u00abyo con yo\u00bb.\u00a0<\/span><\/p>\n<p><span style=\"font-weight: 400;\">Este ser\u00e1 un di\u00e1logo entre confidentes, pues siempre ha estado a cargo del General Rinc\u00f3n y el Vicealmirante Romero, integrantes de la Delegaci\u00f3n del Gobierno. Con lo que se viene presentando podemos colegir que la pol\u00edtica de paz del gobierno, es una trampa m\u00e1s en una estrategia de guerra.<\/span><\/p>\n<p><span style=\"font-weight: 400;\">Por otro lado, es conocido desde el gobierno de Santos, su famosa \u00ablocomotora minera\u00bb, que existe un plan para exterminar a las guerrillas del territorio nacional y darle paso al plan de explotaci\u00f3n minera desarrollado por grandes empresas extrajeras.\u00a0<\/span><\/p>\n<p><span style=\"font-weight: 400;\">Lo curioso es que en este gobierno, en medio de esta mara\u00f1a de operaciones de inteligencia, de infiltrados, de montajes de procesos de paz regionales, aparecen los intereses de empresas mineras extranjeras como&#8230;, con los consabidos contactos con altos o muy altos funcionarios de este gobierno y algunas personas del \u00e1mbito social, que uno imagina estar\u00e1n hablando del \u00abc\u00f3mo voy yo\u00bb, o el vil CVY. Me estoy refiriendo a proyectos mineros en Nari\u00f1o y Cauca, para cualquier ingenuo este supuesto \u00abproceso regional de paz\u00bb, trae de la mano buenos negocios particulares.<\/span><\/p>\n<p><span style=\"font-weight: 400;\">As\u00ed que en pol\u00edtica anti-extractivista, l\u00ednea insigne de este gobierno, podr\u00edamos decir lo contrario, que se trata de una trampa de la paz.<\/span><\/p>\n<p><b>Autor: Antonio Garc\u00eda<\/b><\/p>\n","protected":false},"excerpt":{"rendered":"<p>Cuando el Comando Central anunci\u00f3 que congelar\u00eda los di\u00e1logos con el Gobierno de Petro, por&#8230;<\/p>\n","protected":false},"author":1,"featured_media":820,"comment_status":"open","ping_status":"closed","sticky":false,"template":"","format":"standard","meta":{"footnotes":""},"categories":[12,70],"tags":[187,57,63,51,58],"class_list":["post-819","post","type-post","status-publish","format-standard","has-post-thumbnail","hentry","category-antonio-garcia","category-otras-voces","tag-anti-extractivista","tag-colombia","tag-fuerzas-armadas","tag-paz","tag-petro"],"yoast_head":"<!-- This site is optimized with the Yoast SEO plugin v27.5 - https:\/\/yoast.com\/product\/yoast-seo-wordpress\/ -->\n<title>Las trampas de la guerra y de la paz -<\/title>\n<meta name=\"description\" content=\"Cuando el Comando Central anunci\u00f3 que congelar\u00eda los di\u00e1logos con el Gobierno de Petro, por cuanto desde el Gobierno se ven\u00eda incumpliendo acuerdos que desconoc\u00eda a la Delegaci\u00f3n y al Comando Central del Ej\u00e9rcito de Liberaci\u00f3n Nacional (ELN); desde varias esquinas dijeron que se trataba de una &quot;pataleta&quot; que con el tiempo se desvanecer\u00eda y ELN terminar\u00eda cediendo.\" \/>\n<meta name=\"robots\" content=\"index, follow, max-snippet:-1, max-image-preview:large, max-video-preview:-1\" \/>\n<link rel=\"canonical\" href=\"https:\/\/hueleaazufre.com\/wordpress_a\/index.php\/2024\/03\/19\/las-trampas-de-la-guerra-y-de-la-paz\/\" \/>\n<meta property=\"og:locale\" content=\"es_ES\" \/>\n<meta property=\"og:type\" content=\"article\" \/>\n<meta property=\"og:title\" content=\"Las trampas de la guerra y de la paz -\" \/>\n<meta property=\"og:description\" content=\"Cuando el Comando Central anunci\u00f3 que congelar\u00eda los di\u00e1logos con el Gobierno de Petro, por cuanto desde el Gobierno se ven\u00eda incumpliendo acuerdos que desconoc\u00eda a la Delegaci\u00f3n y al Comando Central del Ej\u00e9rcito de Liberaci\u00f3n Nacional (ELN); desde varias esquinas dijeron que se trataba de una &quot;pataleta&quot; que con el tiempo se desvanecer\u00eda y ELN terminar\u00eda cediendo.\" \/>\n<meta property=\"og:url\" content=\"https:\/\/hueleaazufre.com\/wordpress_a\/index.php\/2024\/03\/19\/las-trampas-de-la-guerra-y-de-la-paz\/\" \/>\n<meta property=\"article:published_time\" content=\"2024-03-19T14:35:52+00:00\" \/>\n<meta property=\"og:image\" content=\"https:\/\/hueleaazufre.com\/wordpress_a\/wp-content\/uploads\/2024\/03\/5a240b2991994fd9b908099b32ee1a2a.jpeg\" \/>\n\t<meta property=\"og:image:width\" content=\"512\" \/>\n\t<meta property=\"og:image:height\" content=\"512\" \/>\n\t<meta property=\"og:image:type\" content=\"image\/jpeg\" \/>\n<meta name=\"author\" content=\"Huele a azufre\" \/>\n<meta name=\"twitter:card\" content=\"summary_large_image\" \/>\n<meta name=\"twitter:label1\" content=\"Escrito por\" \/>\n\t<meta name=\"twitter:data1\" content=\"Huele a azufre\" \/>\n\t<meta name=\"twitter:label2\" content=\"Tiempo de lectura\" \/>\n\t<meta name=\"twitter:data2\" content=\"5 minutos\" \/>\n<script type=\"application\/ld+json\" class=\"yoast-schema-graph\">{\"@context\":\"https:\\\/\\\/schema.org\",\"@graph\":[{\"@type\":\"Article\",\"@id\":\"https:\\\/\\\/hueleaazufre.com\\\/wordpress_a\\\/index.php\\\/2024\\\/03\\\/19\\\/las-trampas-de-la-guerra-y-de-la-paz\\\/#article\",\"isPartOf\":{\"@id\":\"https:\\\/\\\/hueleaazufre.com\\\/wordpress_a\\\/index.php\\\/2024\\\/03\\\/19\\\/las-trampas-de-la-guerra-y-de-la-paz\\\/\"},\"author\":{\"name\":\"Huele a azufre\",\"@id\":\"https:\\\/\\\/hueleaazufre.com\\\/wordpress_a\\\/#\\\/schema\\\/person\\\/549dd871707ea7f9f1a686323ebe9baa\"},\"headline\":\"Las trampas de la guerra y de la paz\",\"datePublished\":\"2024-03-19T14:35:52+00:00\",\"mainEntityOfPage\":{\"@id\":\"https:\\\/\\\/hueleaazufre.com\\\/wordpress_a\\\/index.php\\\/2024\\\/03\\\/19\\\/las-trampas-de-la-guerra-y-de-la-paz\\\/\"},\"wordCount\":1043,\"commentCount\":0,\"image\":{\"@id\":\"https:\\\/\\\/hueleaazufre.com\\\/wordpress_a\\\/index.php\\\/2024\\\/03\\\/19\\\/las-trampas-de-la-guerra-y-de-la-paz\\\/#primaryimage\"},\"thumbnailUrl\":\"https:\\\/\\\/hueleaazufre.com\\\/wordpress_a\\\/wp-content\\\/uploads\\\/2024\\\/03\\\/5a240b2991994fd9b908099b32ee1a2a.jpeg\",\"keywords\":[\"anti-extractivista\",\"Colombia\",\"Fuerzas Armadas\",\"PAZ\",\"Petro\"],\"articleSection\":[\"Antonio Garc\u00eda\u00a0\",\"Otras voces\"],\"inLanguage\":\"es\",\"potentialAction\":[{\"@type\":\"CommentAction\",\"name\":\"Comment\",\"target\":[\"https:\\\/\\\/hueleaazufre.com\\\/wordpress_a\\\/index.php\\\/2024\\\/03\\\/19\\\/las-trampas-de-la-guerra-y-de-la-paz\\\/#respond\"]}]},{\"@type\":\"WebPage\",\"@id\":\"https:\\\/\\\/hueleaazufre.com\\\/wordpress_a\\\/index.php\\\/2024\\\/03\\\/19\\\/las-trampas-de-la-guerra-y-de-la-paz\\\/\",\"url\":\"https:\\\/\\\/hueleaazufre.com\\\/wordpress_a\\\/index.php\\\/2024\\\/03\\\/19\\\/las-trampas-de-la-guerra-y-de-la-paz\\\/\",\"name\":\"Las trampas de la guerra y de la paz -\",\"isPartOf\":{\"@id\":\"https:\\\/\\\/hueleaazufre.com\\\/wordpress_a\\\/#website\"},\"primaryImageOfPage\":{\"@id\":\"https:\\\/\\\/hueleaazufre.com\\\/wordpress_a\\\/index.php\\\/2024\\\/03\\\/19\\\/las-trampas-de-la-guerra-y-de-la-paz\\\/#primaryimage\"},\"image\":{\"@id\":\"https:\\\/\\\/hueleaazufre.com\\\/wordpress_a\\\/index.php\\\/2024\\\/03\\\/19\\\/las-trampas-de-la-guerra-y-de-la-paz\\\/#primaryimage\"},\"thumbnailUrl\":\"https:\\\/\\\/hueleaazufre.com\\\/wordpress_a\\\/wp-content\\\/uploads\\\/2024\\\/03\\\/5a240b2991994fd9b908099b32ee1a2a.jpeg\",\"datePublished\":\"2024-03-19T14:35:52+00:00\",\"author\":{\"@id\":\"https:\\\/\\\/hueleaazufre.com\\\/wordpress_a\\\/#\\\/schema\\\/person\\\/549dd871707ea7f9f1a686323ebe9baa\"},\"description\":\"Cuando el Comando Central anunci\u00f3 que congelar\u00eda los di\u00e1logos con el Gobierno de Petro, por cuanto desde el Gobierno se ven\u00eda incumpliendo acuerdos que desconoc\u00eda a la Delegaci\u00f3n y al Comando Central del Ej\u00e9rcito de Liberaci\u00f3n Nacional (ELN); desde varias esquinas dijeron que se trataba de una \\\"pataleta\\\" que con el tiempo se desvanecer\u00eda y ELN terminar\u00eda cediendo.\",\"breadcrumb\":{\"@id\":\"https:\\\/\\\/hueleaazufre.com\\\/wordpress_a\\\/index.php\\\/2024\\\/03\\\/19\\\/las-trampas-de-la-guerra-y-de-la-paz\\\/#breadcrumb\"},\"inLanguage\":\"es\",\"potentialAction\":[{\"@type\":\"ReadAction\",\"target\":[\"https:\\\/\\\/hueleaazufre.com\\\/wordpress_a\\\/index.php\\\/2024\\\/03\\\/19\\\/las-trampas-de-la-guerra-y-de-la-paz\\\/\"]}]},{\"@type\":\"ImageObject\",\"inLanguage\":\"es\",\"@id\":\"https:\\\/\\\/hueleaazufre.com\\\/wordpress_a\\\/index.php\\\/2024\\\/03\\\/19\\\/las-trampas-de-la-guerra-y-de-la-paz\\\/#primaryimage\",\"url\":\"https:\\\/\\\/hueleaazufre.com\\\/wordpress_a\\\/wp-content\\\/uploads\\\/2024\\\/03\\\/5a240b2991994fd9b908099b32ee1a2a.jpeg\",\"contentUrl\":\"https:\\\/\\\/hueleaazufre.com\\\/wordpress_a\\\/wp-content\\\/uploads\\\/2024\\\/03\\\/5a240b2991994fd9b908099b32ee1a2a.jpeg\",\"width\":512,\"height\":512},{\"@type\":\"BreadcrumbList\",\"@id\":\"https:\\\/\\\/hueleaazufre.com\\\/wordpress_a\\\/index.php\\\/2024\\\/03\\\/19\\\/las-trampas-de-la-guerra-y-de-la-paz\\\/#breadcrumb\",\"itemListElement\":[{\"@type\":\"ListItem\",\"position\":1,\"name\":\"Portada\",\"item\":\"https:\\\/\\\/hueleaazufre.com\\\/wordpress_a\\\/\"},{\"@type\":\"ListItem\",\"position\":2,\"name\":\"Las trampas de la guerra y de la paz\"}]},{\"@type\":\"WebSite\",\"@id\":\"https:\\\/\\\/hueleaazufre.com\\\/wordpress_a\\\/#website\",\"url\":\"https:\\\/\\\/hueleaazufre.com\\\/wordpress_a\\\/\",\"name\":\"\",\"description\":\"Huele a azufre es una plataforma digital de an\u00e1lisis geopol\u00edtico.\",\"potentialAction\":[{\"@type\":\"SearchAction\",\"target\":{\"@type\":\"EntryPoint\",\"urlTemplate\":\"https:\\\/\\\/hueleaazufre.com\\\/wordpress_a\\\/?s={search_term_string}\"},\"query-input\":{\"@type\":\"PropertyValueSpecification\",\"valueRequired\":true,\"valueName\":\"search_term_string\"}}],\"inLanguage\":\"es\"},{\"@type\":\"Person\",\"@id\":\"https:\\\/\\\/hueleaazufre.com\\\/wordpress_a\\\/#\\\/schema\\\/person\\\/549dd871707ea7f9f1a686323ebe9baa\",\"name\":\"Huele a azufre\",\"image\":{\"@type\":\"ImageObject\",\"inLanguage\":\"es\",\"@id\":\"https:\\\/\\\/secure.gravatar.com\\\/avatar\\\/e972d5c124b9bf80eb4c9d322a90dd86a59d447f5da36700a77516f13637d44e?s=96&d=mm&r=g\",\"url\":\"https:\\\/\\\/secure.gravatar.com\\\/avatar\\\/e972d5c124b9bf80eb4c9d322a90dd86a59d447f5da36700a77516f13637d44e?s=96&d=mm&r=g\",\"contentUrl\":\"https:\\\/\\\/secure.gravatar.com\\\/avatar\\\/e972d5c124b9bf80eb4c9d322a90dd86a59d447f5da36700a77516f13637d44e?s=96&d=mm&r=g\",\"caption\":\"Huele a azufre\"},\"description\":\"Huele a azufre es una plataforma digital de an\u00e1lisis geopol\u00edtico\u00a0 contrahegem\u00f3nico, que busca visibilizar las voces y los discursos silenciados por el poder medi\u00e1tico.\",\"sameAs\":[\"https:\\\/\\\/hueleaazufre.com\\\/wordpress_a\"],\"url\":\"https:\\\/\\\/hueleaazufre.com\\\/wordpress_a\\\/index.php\\\/author\\\/admin_tupapa\\\/\"}]}<\/script>\n<!-- \/ Yoast SEO plugin. -->","yoast_head_json":{"title":"Las trampas de la guerra y de la paz -","description":"Cuando el Comando Central anunci\u00f3 que congelar\u00eda los di\u00e1logos con el Gobierno de Petro, por cuanto desde el Gobierno se ven\u00eda incumpliendo acuerdos que desconoc\u00eda a la Delegaci\u00f3n y al Comando Central del Ej\u00e9rcito de Liberaci\u00f3n Nacional (ELN); desde varias esquinas dijeron que se trataba de una \"pataleta\" que con el tiempo se desvanecer\u00eda y ELN terminar\u00eda cediendo.","robots":{"index":"index","follow":"follow","max-snippet":"max-snippet:-1","max-image-preview":"max-image-preview:large","max-video-preview":"max-video-preview:-1"},"canonical":"https:\/\/hueleaazufre.com\/wordpress_a\/index.php\/2024\/03\/19\/las-trampas-de-la-guerra-y-de-la-paz\/","og_locale":"es_ES","og_type":"article","og_title":"Las trampas de la guerra y de la paz -","og_description":"Cuando el Comando Central anunci\u00f3 que congelar\u00eda los di\u00e1logos con el Gobierno de Petro, por cuanto desde el Gobierno se ven\u00eda incumpliendo acuerdos que desconoc\u00eda a la Delegaci\u00f3n y al Comando Central del Ej\u00e9rcito de Liberaci\u00f3n Nacional (ELN); desde varias esquinas dijeron que se trataba de una \"pataleta\" que con el tiempo se desvanecer\u00eda y ELN terminar\u00eda cediendo.","og_url":"https:\/\/hueleaazufre.com\/wordpress_a\/index.php\/2024\/03\/19\/las-trampas-de-la-guerra-y-de-la-paz\/","article_published_time":"2024-03-19T14:35:52+00:00","og_image":[{"width":512,"height":512,"url":"https:\/\/hueleaazufre.com\/wordpress_a\/wp-content\/uploads\/2024\/03\/5a240b2991994fd9b908099b32ee1a2a.jpeg","type":"image\/jpeg"}],"author":"Huele a azufre","twitter_card":"summary_large_image","twitter_misc":{"Escrito por":"Huele a azufre","Tiempo de lectura":"5 minutos"},"schema":{"@context":"https:\/\/schema.org","@graph":[{"@type":"Article","@id":"https:\/\/hueleaazufre.com\/wordpress_a\/index.php\/2024\/03\/19\/las-trampas-de-la-guerra-y-de-la-paz\/#article","isPartOf":{"@id":"https:\/\/hueleaazufre.com\/wordpress_a\/index.php\/2024\/03\/19\/las-trampas-de-la-guerra-y-de-la-paz\/"},"author":{"name":"Huele a azufre","@id":"https:\/\/hueleaazufre.com\/wordpress_a\/#\/schema\/person\/549dd871707ea7f9f1a686323ebe9baa"},"headline":"Las trampas de la guerra y de la paz","datePublished":"2024-03-19T14:35:52+00:00","mainEntityOfPage":{"@id":"https:\/\/hueleaazufre.com\/wordpress_a\/index.php\/2024\/03\/19\/las-trampas-de-la-guerra-y-de-la-paz\/"},"wordCount":1043,"commentCount":0,"image":{"@id":"https:\/\/hueleaazufre.com\/wordpress_a\/index.php\/2024\/03\/19\/las-trampas-de-la-guerra-y-de-la-paz\/#primaryimage"},"thumbnailUrl":"https:\/\/hueleaazufre.com\/wordpress_a\/wp-content\/uploads\/2024\/03\/5a240b2991994fd9b908099b32ee1a2a.jpeg","keywords":["anti-extractivista","Colombia","Fuerzas Armadas","PAZ","Petro"],"articleSection":["Antonio Garc\u00eda\u00a0","Otras voces"],"inLanguage":"es","potentialAction":[{"@type":"CommentAction","name":"Comment","target":["https:\/\/hueleaazufre.com\/wordpress_a\/index.php\/2024\/03\/19\/las-trampas-de-la-guerra-y-de-la-paz\/#respond"]}]},{"@type":"WebPage","@id":"https:\/\/hueleaazufre.com\/wordpress_a\/index.php\/2024\/03\/19\/las-trampas-de-la-guerra-y-de-la-paz\/","url":"https:\/\/hueleaazufre.com\/wordpress_a\/index.php\/2024\/03\/19\/las-trampas-de-la-guerra-y-de-la-paz\/","name":"Las trampas de la guerra y de la paz -","isPartOf":{"@id":"https:\/\/hueleaazufre.com\/wordpress_a\/#website"},"primaryImageOfPage":{"@id":"https:\/\/hueleaazufre.com\/wordpress_a\/index.php\/2024\/03\/19\/las-trampas-de-la-guerra-y-de-la-paz\/#primaryimage"},"image":{"@id":"https:\/\/hueleaazufre.com\/wordpress_a\/index.php\/2024\/03\/19\/las-trampas-de-la-guerra-y-de-la-paz\/#primaryimage"},"thumbnailUrl":"https:\/\/hueleaazufre.com\/wordpress_a\/wp-content\/uploads\/2024\/03\/5a240b2991994fd9b908099b32ee1a2a.jpeg","datePublished":"2024-03-19T14:35:52+00:00","author":{"@id":"https:\/\/hueleaazufre.com\/wordpress_a\/#\/schema\/person\/549dd871707ea7f9f1a686323ebe9baa"},"description":"Cuando el Comando Central anunci\u00f3 que congelar\u00eda los di\u00e1logos con el Gobierno de Petro, por cuanto desde el Gobierno se ven\u00eda incumpliendo acuerdos que desconoc\u00eda a la Delegaci\u00f3n y al Comando Central del Ej\u00e9rcito de Liberaci\u00f3n Nacional (ELN); desde varias esquinas dijeron que se trataba de una \"pataleta\" que con el tiempo se desvanecer\u00eda y ELN terminar\u00eda cediendo.","breadcrumb":{"@id":"https:\/\/hueleaazufre.com\/wordpress_a\/index.php\/2024\/03\/19\/las-trampas-de-la-guerra-y-de-la-paz\/#breadcrumb"},"inLanguage":"es","potentialAction":[{"@type":"ReadAction","target":["https:\/\/hueleaazufre.com\/wordpress_a\/index.php\/2024\/03\/19\/las-trampas-de-la-guerra-y-de-la-paz\/"]}]},{"@type":"ImageObject","inLanguage":"es","@id":"https:\/\/hueleaazufre.com\/wordpress_a\/index.php\/2024\/03\/19\/las-trampas-de-la-guerra-y-de-la-paz\/#primaryimage","url":"https:\/\/hueleaazufre.com\/wordpress_a\/wp-content\/uploads\/2024\/03\/5a240b2991994fd9b908099b32ee1a2a.jpeg","contentUrl":"https:\/\/hueleaazufre.com\/wordpress_a\/wp-content\/uploads\/2024\/03\/5a240b2991994fd9b908099b32ee1a2a.jpeg","width":512,"height":512},{"@type":"BreadcrumbList","@id":"https:\/\/hueleaazufre.com\/wordpress_a\/index.php\/2024\/03\/19\/las-trampas-de-la-guerra-y-de-la-paz\/#breadcrumb","itemListElement":[{"@type":"ListItem","position":1,"name":"Portada","item":"https:\/\/hueleaazufre.com\/wordpress_a\/"},{"@type":"ListItem","position":2,"name":"Las trampas de la guerra y de la paz"}]},{"@type":"WebSite","@id":"https:\/\/hueleaazufre.com\/wordpress_a\/#website","url":"https:\/\/hueleaazufre.com\/wordpress_a\/","name":"","description":"Huele a azufre es una plataforma digital de an\u00e1lisis geopol\u00edtico.","potentialAction":[{"@type":"SearchAction","target":{"@type":"EntryPoint","urlTemplate":"https:\/\/hueleaazufre.com\/wordpress_a\/?s={search_term_string}"},"query-input":{"@type":"PropertyValueSpecification","valueRequired":true,"valueName":"search_term_string"}}],"inLanguage":"es"},{"@type":"Person","@id":"https:\/\/hueleaazufre.com\/wordpress_a\/#\/schema\/person\/549dd871707ea7f9f1a686323ebe9baa","name":"Huele a azufre","image":{"@type":"ImageObject","inLanguage":"es","@id":"https:\/\/secure.gravatar.com\/avatar\/e972d5c124b9bf80eb4c9d322a90dd86a59d447f5da36700a77516f13637d44e?s=96&d=mm&r=g","url":"https:\/\/secure.gravatar.com\/avatar\/e972d5c124b9bf80eb4c9d322a90dd86a59d447f5da36700a77516f13637d44e?s=96&d=mm&r=g","contentUrl":"https:\/\/secure.gravatar.com\/avatar\/e972d5c124b9bf80eb4c9d322a90dd86a59d447f5da36700a77516f13637d44e?s=96&d=mm&r=g","caption":"Huele a azufre"},"description":"Huele a azufre es una plataforma digital de an\u00e1lisis geopol\u00edtico\u00a0 contrahegem\u00f3nico, que busca visibilizar las voces y los discursos silenciados por el poder medi\u00e1tico.","sameAs":["https:\/\/hueleaazufre.com\/wordpress_a"],"url":"https:\/\/hueleaazufre.com\/wordpress_a\/index.php\/author\/admin_tupapa\/"}]}},"_links":{"self":[{"href":"https:\/\/hueleaazufre.com\/wordpress_a\/index.php\/wp-json\/wp\/v2\/posts\/819","targetHints":{"allow":["GET"]}}],"collection":[{"href":"https:\/\/hueleaazufre.com\/wordpress_a\/index.php\/wp-json\/wp\/v2\/posts"}],"about":[{"href":"https:\/\/hueleaazufre.com\/wordpress_a\/index.php\/wp-json\/wp\/v2\/types\/post"}],"author":[{"embeddable":true,"href":"https:\/\/hueleaazufre.com\/wordpress_a\/index.php\/wp-json\/wp\/v2\/users\/1"}],"replies":[{"embeddable":true,"href":"https:\/\/hueleaazufre.com\/wordpress_a\/index.php\/wp-json\/wp\/v2\/comments?post=819"}],"version-history":[{"count":1,"href":"https:\/\/hueleaazufre.com\/wordpress_a\/index.php\/wp-json\/wp\/v2\/posts\/819\/revisions"}],"predecessor-version":[{"id":821,"href":"https:\/\/hueleaazufre.com\/wordpress_a\/index.php\/wp-json\/wp\/v2\/posts\/819\/revisions\/821"}],"wp:featuredmedia":[{"embeddable":true,"href":"https:\/\/hueleaazufre.com\/wordpress_a\/index.php\/wp-json\/wp\/v2\/media\/820"}],"wp:attachment":[{"href":"https:\/\/hueleaazufre.com\/wordpress_a\/index.php\/wp-json\/wp\/v2\/media?parent=819"}],"wp:term":[{"taxonomy":"category","embeddable":true,"href":"https:\/\/hueleaazufre.com\/wordpress_a\/index.php\/wp-json\/wp\/v2\/categories?post=819"},{"taxonomy":"post_tag","embeddable":true,"href":"https:\/\/hueleaazufre.com\/wordpress_a\/index.php\/wp-json\/wp\/v2\/tags?post=819"}],"curies":[{"name":"wp","href":"https:\/\/api.w.org\/{rel}","templated":true}]}}