{"id":822,"date":"2024-03-19T14:43:14","date_gmt":"2024-03-19T14:43:14","guid":{"rendered":"https:\/\/hueleaazufre.com\/wordpress_a\/?p=822"},"modified":"2024-03-19T14:43:14","modified_gmt":"2024-03-19T14:43:14","slug":"haiti-entre-la-espada-y-la-pared","status":"publish","type":"post","link":"https:\/\/hueleaazufre.com\/wordpress_a\/index.php\/2024\/03\/19\/haiti-entre-la-espada-y-la-pared\/","title":{"rendered":"Hait\u00ed, entre la espada y la pared"},"content":{"rendered":"<h2><b><i>El gobierno anunci\u00f3 en sus redes sociales oficiales que iniciar\u00e1 una transici\u00f3n presidencial.<\/i><\/b><\/h2>\n<p>&nbsp;<\/p>\n<p><span style=\"font-weight: 400;\">Con miles de haitianos en las calles durante semanas exigiendo la renuncia del primer ministro Ariel Henry, miembro del ultraderechista PHTK (Partido Haitiano T\u00e8t Kale), este lunes 11 de marzo el gobierno anunci\u00f3 en sus redes sociales oficiales que iniciar\u00e1 una transici\u00f3n presidencial.\u00a0<\/span><\/p>\n<p><span style=\"font-weight: 400;\">Esto sucede luego de haberse negado sistem\u00e1ticamente a un nuevo proceso electoral durante m\u00e1s de a\u00f1o. Result\u00f3 llamativo que Henry sucediera en el poder al asesinado ex presidente Jovenel Mo\u00efse \u2014crimen que a\u00fan est\u00e1 siendo investigado\u2014, mediante un anuncio de twitter (X) el mismo d\u00eda en que organizaciones sociales y pol\u00edticas se reun\u00edan para impulsar una \u201ctransici\u00f3n gubernamental\u201d, y que el premier renunciante continuara hasta hoy en el poder. Por supuesto, nada de esto podr\u00eda suceder sin el aval de Washington.<\/span><\/p>\n<p><span style=\"font-weight: 400;\">Seg\u00fan lo establecido en el art\u00edculo 20 del Acuerdo del 21 de diciembre de 2022, conocido como el \u201cConsenso Nacional para una Transici\u00f3n Inclusiva y Elecciones Transparentes\u201d, firmado, bajo los auspicios de la comunidad internacional, por representantes de partidos pol\u00edticos, organizaciones de la sociedad civil y miembros del sector privado, el mandato de Henry deb\u00eda concluir el pasado 7 de febrero.<\/span><\/p>\n<p><span style=\"font-weight: 400;\">Sin embargo, reci\u00e9n por estos d\u00edas decidi\u00f3 ceder frente a las presiones externas e internas. Acorralado por la situaci\u00f3n social ca\u00f3tica, donde se conjugan altos niveles de violencia del crimen organizado, la situaci\u00f3n de Hait\u00ed es cr\u00edtica.<\/span><\/p>\n<p><span style=\"font-weight: 400;\">El anuncio de dimisi\u00f3n lleg\u00f3 a tan solo horas de que el secretario de Estado de EE. UU., Anthony Blinken, reclamara a Henry que iniciara una transici\u00f3n urgente hacia \u201cun gobierno m\u00e1s amplio e inclusivo y el nombramiento de un primer ministro interino\u201d<\/span><b>. <\/b><span style=\"font-weight: 400;\">Todo esto suced\u00eda mientras el hatiano se encontraba fuera de su pa\u00eds, en Puerto Rico.\u00a0<\/span><\/p>\n<p><span style=\"font-weight: 400;\">La exigencia tuvo lugar durante la celebraci\u00f3n de una nueva sesi\u00f3n extraordinaria de la Comunidad del Caribe (CARICOM) en Kingston, Jamaica, con representantes de Estados Unidos, Francia, Canad\u00e1 y la ONU, reunidos all\u00ed por el conflicto humanitario en Hait\u00ed.<\/span><\/p>\n<p><span style=\"font-weight: 400;\">La CARICOM propuso que el consejo presidencial de transici\u00f3n sea integrado por siete miembros con derecho a voto y dos observadores, asegurando que el consejo seleccionar\u00e1 y nombrar\u00e1 un Primer Ministro interino y un Consejo de Ministros hasta las pr\u00f3ximas elecciones. Sin embargo, a\u00fan no hay fechas para celebrar las mismas. Blinken asegur\u00f3, adem\u00e1s, que el Consejo debe permitir el \u201cr\u00e1pido despliegue de la Misi\u00f3n Multinacional de Apoyo a la Seguridad\u201d, y anunci\u00f3 el aumento del financiamiento a tal Misi\u00f3n, autorizada por la ONU.<\/span><\/p>\n<p><span style=\"font-weight: 400;\">A Henry, no le bast\u00f3 con ausentarse del pa\u00eds en medio de la escalada del conflicto en las calles de Puerto Pr\u00edncipe. A\u00fan con el pedido de una intervenci\u00f3n extranjera respaldada por las Naciones Unidas y tropas kenianas.<\/span><\/p>\n<p><a href=\"http:\/\/Gobierno haitiano prorroga una vez m\u00e1s el toque de queda | Noticias | teleSUR (telesurtv.net)\"><b>Para leer m\u00e1s sobre la situaci\u00f3n en Hait\u00ed<\/b><\/a><\/p>\n<p><span style=\"font-weight: 400;\">Desde que el PHTK lleg\u00f3 al control del gobierno haitiano, con presidentes y primeros ministros (Michel Martelly, Jovenel Mo\u00efse y Ariel Henry como grandes figuras), la crisis solo se ha profundizado.<\/span> <span style=\"font-weight: 400;\">La preocupante degradaci\u00f3n de las instituciones del pa\u00eds y el incontrolado aumento en la influencia de bandas armadas relacionadas al narcotr\u00e1fico exponen a una gran mayor\u00eda del pueblo a una situaci\u00f3n de supervivencia.<\/span><\/p>\n<p><span style=\"font-weight: 400;\">Un breve recorte temporal indica que durante el a\u00f1o pasado los homicidios aumentaron en un 119.4 %, unas 4.789 personas fueron asesinadas, entre ellas 465 mujeres, 93 ni\u00f1os y 48 ni\u00f1as, lo que equivale a una proporci\u00f3n de 40.9 homicidios por cada 100 mil habitantes y el n\u00famero de personas secuestradas casi se duplic\u00f3 en 2023, superando las 2.500.<\/span><\/p>\n<p><span style=\"font-weight: 400;\">El ataque de las bandas a las comisar\u00edas ha destruido por incendios m\u00e1s de 45 comisar\u00edas de las 412 existentes en el pa\u00eds. En el 2023, 1.636 oficiales abandonaron el servicio,\u00a0 48 polic\u00edas resultaron muertos y 75 terminaron heridos. En febrero de este a\u00f1o UNICEF inform\u00f3 que debido la violencia de las bandas criminales unos 170 mil ni\u00f1os y ni\u00f1as abandonaron sus hogares. En total, cerca de 314 mil personas viven como desplazados, principalmente en la capital, Puerto Pr\u00edncipe; y el departamento de Artibonite, adem\u00e1s de advertir que m\u00e1s de 100 mil ni\u00f1os corren el riesgo de morir de desnutrici\u00f3n grave entre los 5,2 millones de personas que padecen inseguridad alimentaria.<\/span><\/p>\n<blockquote>\n<h2><b><i>\u201cEn 2016 el pueblo sali\u00f3 a las calles para denunciar el fraudulento proceso electoral, en el que finalmente se impuso Moise, al a\u00f1o siguiente la movilizaci\u00f3n escal\u00f3 contra el presupuesto que la poblaci\u00f3n llam\u00f3 \u201cpresupuesto criminal\u201d, por los intentos de represi\u00f3n fiscal contra las capas populares tras la ca\u00edda del programa Petrocaribe (generado por Venezuela) y que gener\u00f3 una grave crisis de liquidez\u201d<\/i><\/b><\/h2>\n<\/blockquote>\n<h2><b>La movilizaci\u00f3n popular es permanente y adquiere un car\u00e1cter antiimperialista<\/b><\/h2>\n<p><span style=\"font-weight: 400;\">Hace tres a\u00f1os se vivi\u00f3 un momento de esperanza con un enorme movimiento social de oposici\u00f3n al gobierno. En las calles de las principales ciudades del pa\u00eds, m\u00e1s de un mill\u00f3n de personas se manifestaron en contra de la corrupci\u00f3n, con la importante participaci\u00f3n de organizaciones como el Foro Patri\u00f3tico, Engages pour le Developpement (EDE), Rally Socialdem\u00f3crata para el Progreso de Hait\u00ed, Comprometidos con el Desarrollo, entre otros.<\/span><\/p>\n<p><span style=\"font-weight: 400;\">La historia de reclamos populares por una vida digna, calidad democr\u00e1tica y soberan\u00eda sobre los recursos es larga.\u00a0<\/span><\/p>\n<p><span style=\"font-weight: 400;\">En 2016 el pueblo sali\u00f3 a las calles para denunciar el fraudulento proceso electoral, en el que finalmente se impuso Moise, al a\u00f1o siguiente la movilizaci\u00f3n escal\u00f3 contra el presupuesto que la poblaci\u00f3n llam\u00f3 \u201cpresupuesto criminal\u201d, por los intentos de represi\u00f3n fiscal contra las capas populares tras la ca\u00edda del programa Petrocaribe (generado por Venezuela) y que gener\u00f3 una grave crisis de liquidez.\u00a0<\/span><\/p>\n<p><span style=\"font-weight: 400;\">En 2018 un alza importante de los precios de los combustibles de entre el 35 y el 51 por ciento de aumento volvi\u00f3 a calentar las calles con bloqueo de carreteras y de la actividad econ\u00f3mica del pa\u00eds.<\/span><\/p>\n<p><span style=\"font-weight: 400;\">Durante esos a\u00f1os de la presidencia de Moise (2017-2021), millones de ciudadanos haitianos se alzaron para reclamar la salida del poder del presidente y su gabinete. Las movilizaciones exig\u00edan, en suma, un cambio de sistema pol\u00edtico. Ya para el 2022, las manifestaciones en la ciudad de Puerto Pr\u00edncipe, y en otros puntos de la isla, repudiaban el despliegue militar de Estados Unidos y Canad\u00e1. En una serie de protestas convocadas bajo el lema \u201cAbajo Ariel Henry, abajo la ocupaci\u00f3n\u201d, las manifestaciones pol\u00edticas volvieron a ser multitudinarias.\u00a0<\/span><\/p>\n<p><span style=\"font-weight: 400;\">El a\u00f1o pasado, continuaron entre las consignas de protesta el cuestionamiento al sistema pol\u00edtico total, con \u00e9nfasis en la dimisi\u00f3n de Henry y el llamado a elecciones transparentes.<\/span><\/p>\n<p><span style=\"font-weight: 400;\">Sin embargo, en el escenario abierto por estos d\u00edas, aunque se garantiza la salida del Primer Ministro, las maniobras internacionales para continuar con una presencia en el territorio del pa\u00eds, contin\u00faan. Evidentemente, un importante segmento de la voluntad popular haitiana est\u00e1 en contra de esto, y no por nada. El peligro de que la crisis social se acreciente parece inminente.<\/span><\/p>\n<h2><b>El disciplinamiento hist\u00f3rico<\/b><\/h2>\n<p><span style=\"font-weight: 400;\">A lo largo de su historia, el pueblo haitiano no solo fue el primero en llevar adelante una exitosa revoluci\u00f3n antiesclavista en la regi\u00f3n sino que, adem\u00e1s, procur\u00f3 aportar a la liberaci\u00f3n de ese yugo en otras latitudes. Como si hubiera una acci\u00f3n hist\u00f3rica disciplinadora, Hait\u00ed ha experimentado un patr\u00f3n persistente de interferencia extranjera, principalmente de los Estados Unidos. Esto ha dado origen a un legado de explotaci\u00f3n y saqueo que afecta profundamente a esta naci\u00f3n insular del Caribe.<\/span><\/p>\n<p><span style=\"font-weight: 400;\">A lo largo de un siglo, desde la invasi\u00f3n colonial el destino de Hait\u00ed ha estado entrelazado con el ejercicio despiadado del poder por parte de actores extranjeros, que priorizan su propia agenda sin tener en cuenta el bienestar de una de las poblaciones m\u00e1s empobrecidas del planeta.<\/span><\/p>\n<p><span style=\"font-weight: 400;\">Desde la primera ocupaci\u00f3n estadounidense, de 1915 a 1934, las revueltas populares haitianas fueron brutalmente reprimidas. Esto provoc\u00f3 la p\u00e9rdida de miles de vidas y dej\u00f3 una herida abierta y duradera en la estructura social y econ\u00f3mica del pa\u00eds.\u00a0<\/span><\/p>\n<p><span style=\"font-weight: 400;\">En los a\u00f1os siguientes, Hait\u00ed sirvi\u00f3 como sitio experimental para las estrategias intervencionistas en Am\u00e9rica Latina y el Caribe. Con el apoyo de Washington, la dictadura de Fran\u00e7ois Duvalier, \u201cPapa Doc\u201d, durante 30 a\u00f1os la naci\u00f3n fue sometida a un reinado de miedo y opresi\u00f3n. Su r\u00e9gimen de terror se cobr\u00f3 la vida de numerosos dirigentes opositores, la imposibilidad de desarrollar un proyecto de pa\u00eds soberano y la imposici\u00f3n de una situaci\u00f3n social paup\u00e9rrima.<\/span><\/p>\n<p><span style=\"font-weight: 400;\">Los sucesivos gobiernos estadounidenses aprovecharon la ventajosa posici\u00f3n geogr\u00e1fica de Hait\u00ed, enclavado en un punto estrat\u00e9gico entre el mar caribe y el oc\u00e9ano atl\u00e1ntico, cercano a Cuba, M\u00e9xico, Colombia y Venezuela, para establecer instalaciones militares y ejercer influencia en toda el \u00e1rea.<\/span><\/p>\n<p><span style=\"font-weight: 400;\">Adem\u00e1s de la intervenci\u00f3n con el objetivo de \u201crestaurar democracias\u201d, la dominaci\u00f3n desde el Norte se ejerci\u00f3 tambi\u00e9n detr\u00e1s de la \u201casistencia humanitaria\u201d, en el marco de los terribles desastres naturales que sufri\u00f3 el pueblo de Hait\u00ed. Luego de que fuera derrocado Aristide en 2004, el gobierno estadounidense aprovech\u00f3 una crisis pol\u00edtica interna para establecer la presencia militar extranjera con la Misi\u00f3n de las Naciones Unidas para la Estabilizaci\u00f3n en Hait\u00ed, conocida como MINUSTAH.<\/span><\/p>\n<p><span style=\"font-weight: 400;\">Te\u00f3ricamente, esta misi\u00f3n ten\u00eda como objetivo el mantenimiento de la paz, pero nunca logr\u00f3 cumplir su funci\u00f3n de proporcionar ayuda humanitaria. El accionar de la MINUSTAH fue tan escandaloso que oblig\u00f3 a realizar investigaciones por abusos y violaciones a los derechos humanos, especialmente contra mujeres y ni\u00f1as<\/span><b>.\u00a0<\/b><\/p>\n<p><span style=\"font-weight: 400;\">La MINUSTAH tuvo que cerrarse de manera intempestiva en 2017, dando lugar a la morigerada Misi\u00f3n de las Naciones Unidas de Apoyo a la Justicia de Hait\u00ed, MINUJUSTH.<\/span><\/p>\n<p><span style=\"font-weight: 400;\">Ahora pareciera que se transita un escenario de una nueva intervenci\u00f3n internacional en la pol\u00edtica haitiana. El creciente rechazo de las organizaciones y partidos pol\u00edticos opositores al gobierno saliente, con mandato cumplido a inicios de febrero de este a\u00f1o, es evidente.<\/span><\/p>\n<p><span style=\"font-weight: 400;\">La ocupaci\u00f3n y la dependencia es entonces en Hait\u00ed, un problema hist\u00f3rico al que se suman nuevos elementos, pero que \u2014no por casualidad\u2014 vienen repiti\u00e9ndose en la regi\u00f3n: el aumento indiscriminado de los agrupamientos narco-criminales, declaraciones de estado de sitio con emergencia social y crisis carcelarias, como elementos de un modelo de control social que se profundiza. Tomemos como ejemplo la situaci\u00f3n de Ecuador y El Salvador.<\/span><\/p>\n<p><span style=\"font-weight: 400;\">De hecho, el pasado 10 de marzo, el presidente Nayib Bukele, afirm\u00f3 que puede ayudar a estabilizar la situaci\u00f3n en Hait\u00ed con una aprobaci\u00f3n del Consejo de Seguridad de la ONU y el consentimiento del gobierno haitiano, abonando la estrategia de securitizaci\u00f3n social para la regi\u00f3n.<\/span><\/p>\n<p><span style=\"font-weight: 400;\">Un emergente de estas protestas es Jimmy Ch\u00e9rizier, alias \u201cBarbecue\u201d, el vocero de una coalici\u00f3n urbana denominada \u2018Vivre ensemble\u2019 (Vivir juntos), a la que la gran prensa occidental ha rotulado de \u201cl\u00edder pandillero\u201d, con una larga historia de violencia. No faltaron acusaciones para vincularlo a pr\u00e1cticas de canibalismo, que incluy\u00f3 la publicaci\u00f3n de videos falsos en redes sociales. M\u00e1s all\u00e1 de lo contradictoria que puede resultar su figura, es importante reconocer que en todas sus declaraciones aparece un pol\u00edtico, no un criminal.<\/span><\/p>\n<p><a href=\"http:\/\/L\u00edder de bandas en Hait\u00ed recha interveci\u00f3n fuerzas extranjeras - Diario Libre\"><b>Para leer sobre las declaraciones de Jimmy Ch\u00e9rizier ante una posible intervenci\u00f3n extranjera en Hait\u00ed<\/b><\/a><\/p>\n<p><span style=\"font-weight: 400;\">Mientras tanto, el accionar internacional ha determinado que el Ministro de Finanzas, Michel Boisvert, asuma como primer ministro interino.<\/span><\/p>\n<h2><b>La alarma contin\u00faa<\/b><\/h2>\n<p><span style=\"font-weight: 400;\">La salida de Henry parecer\u00eda tener dos v\u00edas de resoluci\u00f3n. La m\u00e1s probable es la continuidad de la injerencia extranjera dirigiendo los destinos de Hait\u00ed, disfrazada de una Ayuda Humanitaria que, finalmente, siempre es escasa. La menos probable, pero a\u00fan posible, es la instauraci\u00f3n de un gobierno de coalici\u00f3n que incluya a los amplios sectores de la oposici\u00f3n no solo pol\u00edtica, sino econ\u00f3mica.<\/span><\/p>\n<p><span style=\"font-weight: 400;\">El recorrido del conflicto social y pol\u00edtico de la Hait\u00ed de los \u00faltimos a\u00f1os se\u00f1ala que existe una Fuerza social que reclama una apertura institucional y garant\u00edas democr\u00e1ticas, para la instauraci\u00f3n de un gobierno nacional que desarrolle grados de soberan\u00eda en sus decisiones y, sobre todo, de manera urgente, resuelva la grave crisis econ\u00f3mica y social en que la derecha haitiana financiada y dirigida desde el exterior, ha sumido a toda la poblaci\u00f3n.\u00a0<\/span><\/p>\n<p><b>Autores: <\/b><b>Paula Gim\u00e9nez y Mat\u00edas Caciabue\/ <\/b><b>El Destape Web<\/b><\/p>\n<p><b><i>Para leer el art\u00edculo original:<\/i><\/b> <a href=\"https:\/\/www.eldestapeweb.com\/opinion\/haiti\/haiti-entre-la-espada-y-la-pared-20243180514?s=03\"><i><span style=\"font-weight: 400;\">Hait\u00ed, entre la espada y la pared | El Destape (eldestapeweb.com)<\/span><\/i><\/a><\/p>\n","protected":false},"excerpt":{"rendered":"<p>El gobierno anunci\u00f3 en sus redes sociales oficiales que iniciar\u00e1 una transici\u00f3n presidencial. &nbsp; Con&#8230;<\/p>\n","protected":false},"author":1,"featured_media":823,"comment_status":"open","ping_status":"closed","sticky":false,"template":"","format":"standard","meta":{"footnotes":""},"categories":[56,59],"tags":[189,89,188,32,190],"class_list":["post-822","post","type-post","status-publish","format-standard","has-post-thumbnail","hentry","category-medios-aliados","category-paula-gimenez","tag-caricom","tag-ee-uu","tag-haiti","tag-onu","tag-unicef"],"yoast_head":"<!-- This site is optimized with the Yoast SEO plugin v27.5 - https:\/\/yoast.com\/product\/yoast-seo-wordpress\/ -->\n<title>Hait\u00ed, entre la espada y la pared -<\/title>\n<meta name=\"description\" content=\"Con miles de haitianos en las calles durante semanas exigiendo la renuncia del primer ministro Ariel Henry, miembro del ultraderechista PHTK (Partido Haitiano T\u00e8t Kale), este lunes 11 de marzo el gobierno anunci\u00f3 en sus redes sociales oficiales que iniciar\u00e1 una transici\u00f3n presidencial.\u00a0\" \/>\n<meta name=\"robots\" content=\"index, follow, max-snippet:-1, max-image-preview:large, max-video-preview:-1\" \/>\n<link rel=\"canonical\" href=\"https:\/\/hueleaazufre.com\/wordpress_a\/index.php\/2024\/03\/19\/haiti-entre-la-espada-y-la-pared\/\" \/>\n<meta property=\"og:locale\" content=\"es_ES\" \/>\n<meta property=\"og:type\" content=\"article\" \/>\n<meta property=\"og:title\" content=\"Hait\u00ed, entre la espada y la pared -\" \/>\n<meta property=\"og:description\" content=\"Con miles de haitianos en las calles durante semanas exigiendo la renuncia del primer ministro Ariel Henry, miembro del ultraderechista PHTK (Partido Haitiano T\u00e8t Kale), este lunes 11 de marzo el gobierno anunci\u00f3 en sus redes sociales oficiales que iniciar\u00e1 una transici\u00f3n presidencial.\u00a0\" \/>\n<meta property=\"og:url\" content=\"https:\/\/hueleaazufre.com\/wordpress_a\/index.php\/2024\/03\/19\/haiti-entre-la-espada-y-la-pared\/\" \/>\n<meta property=\"article:published_time\" content=\"2024-03-19T14:43:14+00:00\" \/>\n<meta property=\"og:image\" content=\"https:\/\/hueleaazufre.com\/wordpress_a\/wp-content\/uploads\/2024\/03\/military-and-peopple-haiti-battle-horror-ruined-city-depression-full-face-sad-evil-pixel-styl.jpeg\" \/>\n\t<meta property=\"og:image:width\" content=\"640\" \/>\n\t<meta property=\"og:image:height\" content=\"384\" \/>\n\t<meta property=\"og:image:type\" content=\"image\/jpeg\" \/>\n<meta name=\"author\" content=\"Huele a azufre\" \/>\n<meta name=\"twitter:card\" content=\"summary_large_image\" \/>\n<meta name=\"twitter:label1\" content=\"Escrito por\" \/>\n\t<meta name=\"twitter:data1\" content=\"Huele a azufre\" \/>\n\t<meta name=\"twitter:label2\" content=\"Tiempo de lectura\" \/>\n\t<meta name=\"twitter:data2\" content=\"10 minutos\" \/>\n<script type=\"application\/ld+json\" class=\"yoast-schema-graph\">{\"@context\":\"https:\\\/\\\/schema.org\",\"@graph\":[{\"@type\":\"Article\",\"@id\":\"https:\\\/\\\/hueleaazufre.com\\\/wordpress_a\\\/index.php\\\/2024\\\/03\\\/19\\\/haiti-entre-la-espada-y-la-pared\\\/#article\",\"isPartOf\":{\"@id\":\"https:\\\/\\\/hueleaazufre.com\\\/wordpress_a\\\/index.php\\\/2024\\\/03\\\/19\\\/haiti-entre-la-espada-y-la-pared\\\/\"},\"author\":{\"name\":\"Huele a azufre\",\"@id\":\"https:\\\/\\\/hueleaazufre.com\\\/wordpress_a\\\/#\\\/schema\\\/person\\\/549dd871707ea7f9f1a686323ebe9baa\"},\"headline\":\"Hait\u00ed, entre la espada y la pared\",\"datePublished\":\"2024-03-19T14:43:14+00:00\",\"mainEntityOfPage\":{\"@id\":\"https:\\\/\\\/hueleaazufre.com\\\/wordpress_a\\\/index.php\\\/2024\\\/03\\\/19\\\/haiti-entre-la-espada-y-la-pared\\\/\"},\"wordCount\":2166,\"commentCount\":0,\"image\":{\"@id\":\"https:\\\/\\\/hueleaazufre.com\\\/wordpress_a\\\/index.php\\\/2024\\\/03\\\/19\\\/haiti-entre-la-espada-y-la-pared\\\/#primaryimage\"},\"thumbnailUrl\":\"https:\\\/\\\/hueleaazufre.com\\\/wordpress_a\\\/wp-content\\\/uploads\\\/2024\\\/03\\\/military-and-peopple-haiti-battle-horror-ruined-city-depression-full-face-sad-evil-pixel-styl.jpeg\",\"keywords\":[\"CARICOM\",\"EE.UU\",\"Hait\u00ed\",\"ONU\",\"UNICEF\"],\"articleSection\":[\"Medios aliados\",\"Paula Gim\u00e9nez\"],\"inLanguage\":\"es\",\"potentialAction\":[{\"@type\":\"CommentAction\",\"name\":\"Comment\",\"target\":[\"https:\\\/\\\/hueleaazufre.com\\\/wordpress_a\\\/index.php\\\/2024\\\/03\\\/19\\\/haiti-entre-la-espada-y-la-pared\\\/#respond\"]}]},{\"@type\":\"WebPage\",\"@id\":\"https:\\\/\\\/hueleaazufre.com\\\/wordpress_a\\\/index.php\\\/2024\\\/03\\\/19\\\/haiti-entre-la-espada-y-la-pared\\\/\",\"url\":\"https:\\\/\\\/hueleaazufre.com\\\/wordpress_a\\\/index.php\\\/2024\\\/03\\\/19\\\/haiti-entre-la-espada-y-la-pared\\\/\",\"name\":\"Hait\u00ed, entre la espada y la pared -\",\"isPartOf\":{\"@id\":\"https:\\\/\\\/hueleaazufre.com\\\/wordpress_a\\\/#website\"},\"primaryImageOfPage\":{\"@id\":\"https:\\\/\\\/hueleaazufre.com\\\/wordpress_a\\\/index.php\\\/2024\\\/03\\\/19\\\/haiti-entre-la-espada-y-la-pared\\\/#primaryimage\"},\"image\":{\"@id\":\"https:\\\/\\\/hueleaazufre.com\\\/wordpress_a\\\/index.php\\\/2024\\\/03\\\/19\\\/haiti-entre-la-espada-y-la-pared\\\/#primaryimage\"},\"thumbnailUrl\":\"https:\\\/\\\/hueleaazufre.com\\\/wordpress_a\\\/wp-content\\\/uploads\\\/2024\\\/03\\\/military-and-peopple-haiti-battle-horror-ruined-city-depression-full-face-sad-evil-pixel-styl.jpeg\",\"datePublished\":\"2024-03-19T14:43:14+00:00\",\"author\":{\"@id\":\"https:\\\/\\\/hueleaazufre.com\\\/wordpress_a\\\/#\\\/schema\\\/person\\\/549dd871707ea7f9f1a686323ebe9baa\"},\"description\":\"Con miles de haitianos en las calles durante semanas exigiendo la renuncia del primer ministro Ariel Henry, miembro del ultraderechista PHTK (Partido Haitiano T\u00e8t Kale), este lunes 11 de marzo el gobierno anunci\u00f3 en sus redes sociales oficiales que iniciar\u00e1 una transici\u00f3n presidencial.\u00a0\",\"breadcrumb\":{\"@id\":\"https:\\\/\\\/hueleaazufre.com\\\/wordpress_a\\\/index.php\\\/2024\\\/03\\\/19\\\/haiti-entre-la-espada-y-la-pared\\\/#breadcrumb\"},\"inLanguage\":\"es\",\"potentialAction\":[{\"@type\":\"ReadAction\",\"target\":[\"https:\\\/\\\/hueleaazufre.com\\\/wordpress_a\\\/index.php\\\/2024\\\/03\\\/19\\\/haiti-entre-la-espada-y-la-pared\\\/\"]}]},{\"@type\":\"ImageObject\",\"inLanguage\":\"es\",\"@id\":\"https:\\\/\\\/hueleaazufre.com\\\/wordpress_a\\\/index.php\\\/2024\\\/03\\\/19\\\/haiti-entre-la-espada-y-la-pared\\\/#primaryimage\",\"url\":\"https:\\\/\\\/hueleaazufre.com\\\/wordpress_a\\\/wp-content\\\/uploads\\\/2024\\\/03\\\/military-and-peopple-haiti-battle-horror-ruined-city-depression-full-face-sad-evil-pixel-styl.jpeg\",\"contentUrl\":\"https:\\\/\\\/hueleaazufre.com\\\/wordpress_a\\\/wp-content\\\/uploads\\\/2024\\\/03\\\/military-and-peopple-haiti-battle-horror-ruined-city-depression-full-face-sad-evil-pixel-styl.jpeg\",\"width\":640,\"height\":384},{\"@type\":\"BreadcrumbList\",\"@id\":\"https:\\\/\\\/hueleaazufre.com\\\/wordpress_a\\\/index.php\\\/2024\\\/03\\\/19\\\/haiti-entre-la-espada-y-la-pared\\\/#breadcrumb\",\"itemListElement\":[{\"@type\":\"ListItem\",\"position\":1,\"name\":\"Portada\",\"item\":\"https:\\\/\\\/hueleaazufre.com\\\/wordpress_a\\\/\"},{\"@type\":\"ListItem\",\"position\":2,\"name\":\"Hait\u00ed, entre la espada y la pared\"}]},{\"@type\":\"WebSite\",\"@id\":\"https:\\\/\\\/hueleaazufre.com\\\/wordpress_a\\\/#website\",\"url\":\"https:\\\/\\\/hueleaazufre.com\\\/wordpress_a\\\/\",\"name\":\"\",\"description\":\"Huele a azufre es una plataforma digital de an\u00e1lisis geopol\u00edtico.\",\"potentialAction\":[{\"@type\":\"SearchAction\",\"target\":{\"@type\":\"EntryPoint\",\"urlTemplate\":\"https:\\\/\\\/hueleaazufre.com\\\/wordpress_a\\\/?s={search_term_string}\"},\"query-input\":{\"@type\":\"PropertyValueSpecification\",\"valueRequired\":true,\"valueName\":\"search_term_string\"}}],\"inLanguage\":\"es\"},{\"@type\":\"Person\",\"@id\":\"https:\\\/\\\/hueleaazufre.com\\\/wordpress_a\\\/#\\\/schema\\\/person\\\/549dd871707ea7f9f1a686323ebe9baa\",\"name\":\"Huele a azufre\",\"image\":{\"@type\":\"ImageObject\",\"inLanguage\":\"es\",\"@id\":\"https:\\\/\\\/secure.gravatar.com\\\/avatar\\\/e972d5c124b9bf80eb4c9d322a90dd86a59d447f5da36700a77516f13637d44e?s=96&d=mm&r=g\",\"url\":\"https:\\\/\\\/secure.gravatar.com\\\/avatar\\\/e972d5c124b9bf80eb4c9d322a90dd86a59d447f5da36700a77516f13637d44e?s=96&d=mm&r=g\",\"contentUrl\":\"https:\\\/\\\/secure.gravatar.com\\\/avatar\\\/e972d5c124b9bf80eb4c9d322a90dd86a59d447f5da36700a77516f13637d44e?s=96&d=mm&r=g\",\"caption\":\"Huele a azufre\"},\"description\":\"Huele a azufre es una plataforma digital de an\u00e1lisis geopol\u00edtico\u00a0 contrahegem\u00f3nico, que busca visibilizar las voces y los discursos silenciados por el poder medi\u00e1tico.\",\"sameAs\":[\"https:\\\/\\\/hueleaazufre.com\\\/wordpress_a\"],\"url\":\"https:\\\/\\\/hueleaazufre.com\\\/wordpress_a\\\/index.php\\\/author\\\/admin_tupapa\\\/\"}]}<\/script>\n<!-- \/ Yoast SEO plugin. -->","yoast_head_json":{"title":"Hait\u00ed, entre la espada y la pared -","description":"Con miles de haitianos en las calles durante semanas exigiendo la renuncia del primer ministro Ariel Henry, miembro del ultraderechista PHTK (Partido Haitiano T\u00e8t Kale), este lunes 11 de marzo el gobierno anunci\u00f3 en sus redes sociales oficiales que iniciar\u00e1 una transici\u00f3n presidencial.\u00a0","robots":{"index":"index","follow":"follow","max-snippet":"max-snippet:-1","max-image-preview":"max-image-preview:large","max-video-preview":"max-video-preview:-1"},"canonical":"https:\/\/hueleaazufre.com\/wordpress_a\/index.php\/2024\/03\/19\/haiti-entre-la-espada-y-la-pared\/","og_locale":"es_ES","og_type":"article","og_title":"Hait\u00ed, entre la espada y la pared -","og_description":"Con miles de haitianos en las calles durante semanas exigiendo la renuncia del primer ministro Ariel Henry, miembro del ultraderechista PHTK (Partido Haitiano T\u00e8t Kale), este lunes 11 de marzo el gobierno anunci\u00f3 en sus redes sociales oficiales que iniciar\u00e1 una transici\u00f3n presidencial.\u00a0","og_url":"https:\/\/hueleaazufre.com\/wordpress_a\/index.php\/2024\/03\/19\/haiti-entre-la-espada-y-la-pared\/","article_published_time":"2024-03-19T14:43:14+00:00","og_image":[{"width":640,"height":384,"url":"https:\/\/hueleaazufre.com\/wordpress_a\/wp-content\/uploads\/2024\/03\/military-and-peopple-haiti-battle-horror-ruined-city-depression-full-face-sad-evil-pixel-styl.jpeg","type":"image\/jpeg"}],"author":"Huele a azufre","twitter_card":"summary_large_image","twitter_misc":{"Escrito por":"Huele a azufre","Tiempo de lectura":"10 minutos"},"schema":{"@context":"https:\/\/schema.org","@graph":[{"@type":"Article","@id":"https:\/\/hueleaazufre.com\/wordpress_a\/index.php\/2024\/03\/19\/haiti-entre-la-espada-y-la-pared\/#article","isPartOf":{"@id":"https:\/\/hueleaazufre.com\/wordpress_a\/index.php\/2024\/03\/19\/haiti-entre-la-espada-y-la-pared\/"},"author":{"name":"Huele a azufre","@id":"https:\/\/hueleaazufre.com\/wordpress_a\/#\/schema\/person\/549dd871707ea7f9f1a686323ebe9baa"},"headline":"Hait\u00ed, entre la espada y la pared","datePublished":"2024-03-19T14:43:14+00:00","mainEntityOfPage":{"@id":"https:\/\/hueleaazufre.com\/wordpress_a\/index.php\/2024\/03\/19\/haiti-entre-la-espada-y-la-pared\/"},"wordCount":2166,"commentCount":0,"image":{"@id":"https:\/\/hueleaazufre.com\/wordpress_a\/index.php\/2024\/03\/19\/haiti-entre-la-espada-y-la-pared\/#primaryimage"},"thumbnailUrl":"https:\/\/hueleaazufre.com\/wordpress_a\/wp-content\/uploads\/2024\/03\/military-and-peopple-haiti-battle-horror-ruined-city-depression-full-face-sad-evil-pixel-styl.jpeg","keywords":["CARICOM","EE.UU","Hait\u00ed","ONU","UNICEF"],"articleSection":["Medios aliados","Paula Gim\u00e9nez"],"inLanguage":"es","potentialAction":[{"@type":"CommentAction","name":"Comment","target":["https:\/\/hueleaazufre.com\/wordpress_a\/index.php\/2024\/03\/19\/haiti-entre-la-espada-y-la-pared\/#respond"]}]},{"@type":"WebPage","@id":"https:\/\/hueleaazufre.com\/wordpress_a\/index.php\/2024\/03\/19\/haiti-entre-la-espada-y-la-pared\/","url":"https:\/\/hueleaazufre.com\/wordpress_a\/index.php\/2024\/03\/19\/haiti-entre-la-espada-y-la-pared\/","name":"Hait\u00ed, entre la espada y la pared -","isPartOf":{"@id":"https:\/\/hueleaazufre.com\/wordpress_a\/#website"},"primaryImageOfPage":{"@id":"https:\/\/hueleaazufre.com\/wordpress_a\/index.php\/2024\/03\/19\/haiti-entre-la-espada-y-la-pared\/#primaryimage"},"image":{"@id":"https:\/\/hueleaazufre.com\/wordpress_a\/index.php\/2024\/03\/19\/haiti-entre-la-espada-y-la-pared\/#primaryimage"},"thumbnailUrl":"https:\/\/hueleaazufre.com\/wordpress_a\/wp-content\/uploads\/2024\/03\/military-and-peopple-haiti-battle-horror-ruined-city-depression-full-face-sad-evil-pixel-styl.jpeg","datePublished":"2024-03-19T14:43:14+00:00","author":{"@id":"https:\/\/hueleaazufre.com\/wordpress_a\/#\/schema\/person\/549dd871707ea7f9f1a686323ebe9baa"},"description":"Con miles de haitianos en las calles durante semanas exigiendo la renuncia del primer ministro Ariel Henry, miembro del ultraderechista PHTK (Partido Haitiano T\u00e8t Kale), este lunes 11 de marzo el gobierno anunci\u00f3 en sus redes sociales oficiales que iniciar\u00e1 una transici\u00f3n presidencial.\u00a0","breadcrumb":{"@id":"https:\/\/hueleaazufre.com\/wordpress_a\/index.php\/2024\/03\/19\/haiti-entre-la-espada-y-la-pared\/#breadcrumb"},"inLanguage":"es","potentialAction":[{"@type":"ReadAction","target":["https:\/\/hueleaazufre.com\/wordpress_a\/index.php\/2024\/03\/19\/haiti-entre-la-espada-y-la-pared\/"]}]},{"@type":"ImageObject","inLanguage":"es","@id":"https:\/\/hueleaazufre.com\/wordpress_a\/index.php\/2024\/03\/19\/haiti-entre-la-espada-y-la-pared\/#primaryimage","url":"https:\/\/hueleaazufre.com\/wordpress_a\/wp-content\/uploads\/2024\/03\/military-and-peopple-haiti-battle-horror-ruined-city-depression-full-face-sad-evil-pixel-styl.jpeg","contentUrl":"https:\/\/hueleaazufre.com\/wordpress_a\/wp-content\/uploads\/2024\/03\/military-and-peopple-haiti-battle-horror-ruined-city-depression-full-face-sad-evil-pixel-styl.jpeg","width":640,"height":384},{"@type":"BreadcrumbList","@id":"https:\/\/hueleaazufre.com\/wordpress_a\/index.php\/2024\/03\/19\/haiti-entre-la-espada-y-la-pared\/#breadcrumb","itemListElement":[{"@type":"ListItem","position":1,"name":"Portada","item":"https:\/\/hueleaazufre.com\/wordpress_a\/"},{"@type":"ListItem","position":2,"name":"Hait\u00ed, entre la espada y la pared"}]},{"@type":"WebSite","@id":"https:\/\/hueleaazufre.com\/wordpress_a\/#website","url":"https:\/\/hueleaazufre.com\/wordpress_a\/","name":"","description":"Huele a azufre es una plataforma digital de an\u00e1lisis geopol\u00edtico.","potentialAction":[{"@type":"SearchAction","target":{"@type":"EntryPoint","urlTemplate":"https:\/\/hueleaazufre.com\/wordpress_a\/?s={search_term_string}"},"query-input":{"@type":"PropertyValueSpecification","valueRequired":true,"valueName":"search_term_string"}}],"inLanguage":"es"},{"@type":"Person","@id":"https:\/\/hueleaazufre.com\/wordpress_a\/#\/schema\/person\/549dd871707ea7f9f1a686323ebe9baa","name":"Huele a azufre","image":{"@type":"ImageObject","inLanguage":"es","@id":"https:\/\/secure.gravatar.com\/avatar\/e972d5c124b9bf80eb4c9d322a90dd86a59d447f5da36700a77516f13637d44e?s=96&d=mm&r=g","url":"https:\/\/secure.gravatar.com\/avatar\/e972d5c124b9bf80eb4c9d322a90dd86a59d447f5da36700a77516f13637d44e?s=96&d=mm&r=g","contentUrl":"https:\/\/secure.gravatar.com\/avatar\/e972d5c124b9bf80eb4c9d322a90dd86a59d447f5da36700a77516f13637d44e?s=96&d=mm&r=g","caption":"Huele a azufre"},"description":"Huele a azufre es una plataforma digital de an\u00e1lisis geopol\u00edtico\u00a0 contrahegem\u00f3nico, que busca visibilizar las voces y los discursos silenciados por el poder medi\u00e1tico.","sameAs":["https:\/\/hueleaazufre.com\/wordpress_a"],"url":"https:\/\/hueleaazufre.com\/wordpress_a\/index.php\/author\/admin_tupapa\/"}]}},"_links":{"self":[{"href":"https:\/\/hueleaazufre.com\/wordpress_a\/index.php\/wp-json\/wp\/v2\/posts\/822","targetHints":{"allow":["GET"]}}],"collection":[{"href":"https:\/\/hueleaazufre.com\/wordpress_a\/index.php\/wp-json\/wp\/v2\/posts"}],"about":[{"href":"https:\/\/hueleaazufre.com\/wordpress_a\/index.php\/wp-json\/wp\/v2\/types\/post"}],"author":[{"embeddable":true,"href":"https:\/\/hueleaazufre.com\/wordpress_a\/index.php\/wp-json\/wp\/v2\/users\/1"}],"replies":[{"embeddable":true,"href":"https:\/\/hueleaazufre.com\/wordpress_a\/index.php\/wp-json\/wp\/v2\/comments?post=822"}],"version-history":[{"count":1,"href":"https:\/\/hueleaazufre.com\/wordpress_a\/index.php\/wp-json\/wp\/v2\/posts\/822\/revisions"}],"predecessor-version":[{"id":824,"href":"https:\/\/hueleaazufre.com\/wordpress_a\/index.php\/wp-json\/wp\/v2\/posts\/822\/revisions\/824"}],"wp:featuredmedia":[{"embeddable":true,"href":"https:\/\/hueleaazufre.com\/wordpress_a\/index.php\/wp-json\/wp\/v2\/media\/823"}],"wp:attachment":[{"href":"https:\/\/hueleaazufre.com\/wordpress_a\/index.php\/wp-json\/wp\/v2\/media?parent=822"}],"wp:term":[{"taxonomy":"category","embeddable":true,"href":"https:\/\/hueleaazufre.com\/wordpress_a\/index.php\/wp-json\/wp\/v2\/categories?post=822"},{"taxonomy":"post_tag","embeddable":true,"href":"https:\/\/hueleaazufre.com\/wordpress_a\/index.php\/wp-json\/wp\/v2\/tags?post=822"}],"curies":[{"name":"wp","href":"https:\/\/api.w.org\/{rel}","templated":true}]}}