{"id":825,"date":"2024-03-20T01:37:25","date_gmt":"2024-03-20T01:37:25","guid":{"rendered":"https:\/\/hueleaazufre.com\/wordpress_a\/?p=825"},"modified":"2024-03-20T01:37:25","modified_gmt":"2024-03-20T01:37:25","slug":"unicef-confirma-muerte-de-al-menos-13-000-ninos-en-la-franja-de-gaza","status":"publish","type":"post","link":"https:\/\/hueleaazufre.com\/wordpress_a\/index.php\/2024\/03\/20\/unicef-confirma-muerte-de-al-menos-13-000-ninos-en-la-franja-de-gaza\/","title":{"rendered":"Unicef confirma muerte de al menos 13.000 ni\u00f1os en la Franja de Gaza"},"content":{"rendered":"<h3><b><i>La directora ejecutiva de Unicef alert\u00f3 que la hambruna es inminente en el norte de Gaza.<\/i><\/b><\/h3>\n<p><span style=\"font-weight: 400;\">El Fondo de las Naciones Unidas para la Infancia (Unicef) confirm\u00f3 este lunes que desde que inici\u00f3 la agresi\u00f3n por las fuerzas de ocupaci\u00f3n de Israel en la Franja de Gaza, el pasado 7 de octubre, han muerto al menos 13.000 menores de edad.<\/span><\/p>\n<p><span style=\"font-weight: 400;\">M\u00e1s de 13.000 ni\u00f1os han sido asesinados\u00bb, refiri\u00f3 el portavoz de la Unicef, James Elder, en la red social X.<\/span><\/p>\n<p><span style=\"font-weight: 400;\">Asimismo, la directora ejecutiva de Unicef, Catherine Russell, alert\u00f3 que la hambruna es inminente en el norte de Gaza.<\/span><\/p>\n<p><a href=\"https:\/\/twitter.com\/FaceTheNation\/status\/1769400917076377704?ref_src=twsrc%5Etfw%7Ctwcamp%5Etweetembed%7Ctwterm%5E1769596743627251888%7Ctwgr%5E33b2b3202bb75d56b6f46f0f478d3daaca47700c%7Ctwcon%5Es3_&amp;ref_url=https%3A%2F%2Fwww.telesurtv.net%2Fnews%2Funicef-confirma-muerte-menos-ninos-franja-gaza-20240318-0030.html\"><span style=\"font-weight: 400;\">Face The Nation en X: \u00abAn \u00abastronomical, horrifying number\u00bb of children have been killed in Gaza during the Israel-Hamas war so far, @unicefchief says. \u00abWe haven&#8217;t seen that rate of death among children in almost any other conflict in the world. It&#8217;s really shocking,\u00bb she adds. https:\/\/t.co\/RvYqaqrBHq\u00bb \/ X (twitter.com)<\/span><\/a><\/p>\n<p><span style=\"font-weight: 400;\">Tambi\u00e9n refiri\u00f3 que los ni\u00f1os del norte de Gaza ya est\u00e1n muriendo de desnutrici\u00f3n y deshidrataci\u00f3n, por lo que extendi\u00f3 un llamado a la comunidad internacional, y subray\u00f3 que \u201cesto debe impulsar al mundo a la acci\u00f3n\u201d.<\/span><\/p>\n<p><span style=\"font-weight: 400;\">Asimismo, manifest\u00f3 su abatimiento por la muerte una cantidad tan significativa de ni\u00f1os y recalc\u00f3 que no existen precedentes de tantas muertes de menores con anterioridad.<\/span><\/p>\n<p><span style=\"font-weight: 400;\">Por su parte, la directora regional de la Unicef para Oriente Medio y Norte de \u00c1frica, Adele Khader, emiti\u00f3 que \u201cel sentimiento de impotencia y desesperaci\u00f3n es insoportable, y lo que es peor son los gritos de dolor de estos ni\u00f1os que est\u00e1n muriendo lentamente ante los ojos del mundo\u201d.<\/span><\/p>\n<p><span style=\"font-weight: 400;\">Unicef advirti\u00f3 en m\u00faltiples ocasiones que la Franja de Gaza representa el lugar m\u00e1s peligroso del mundo para los ni\u00f1os.<\/span><\/p>\n<p><b>Autor: TeleSur<\/b><\/p>\n<p><b><i>Para leer el art\u00edculo original: <\/i><\/b><a href=\"https:\/\/www.telesurtv.net\/news\/unicef-confirma-muerte-menos-ninos-franja-gaza-20240318-0030.html\"><b><i>Unicef confirma muerte de al menos 13.000 ni\u00f1os en la Franja de Gaza | Noticias | teleSUR (telesurtv.net)<\/i><\/b><\/a><\/p>\n","protected":false},"excerpt":{"rendered":"<p>La directora ejecutiva de Unicef alert\u00f3 que la hambruna es inminente en el norte de&#8230;<\/p>\n","protected":false},"author":1,"featured_media":827,"comment_status":"open","ping_status":"closed","sticky":false,"template":"","format":"standard","meta":{"footnotes":""},"categories":[56],"tags":[91,191,190],"class_list":["post-825","post","type-post","status-publish","format-standard","has-post-thumbnail","hentry","category-medios-aliados","tag-gaza","tag-muerte","tag-unicef"],"yoast_head":"<!-- This site is optimized with the Yoast SEO plugin v27.5 - https:\/\/yoast.com\/product\/yoast-seo-wordpress\/ -->\n<title>Unicef confirma muerte de al menos 13.000 ni\u00f1os en la Franja de Gaza -<\/title>\n<meta name=\"description\" content=\"El Fondo de las Naciones Unidas para la Infancia (Unicef) confirm\u00f3 este lunes que desde que inici\u00f3 la agresi\u00f3n por las fuerzas de ocupaci\u00f3n de Israel en la Franja de Gaza, el pasado 7 de octubre, han muerto al menos 13.000 menores de edad.\" \/>\n<meta name=\"robots\" content=\"index, follow, max-snippet:-1, max-image-preview:large, max-video-preview:-1\" \/>\n<link rel=\"canonical\" href=\"https:\/\/hueleaazufre.com\/wordpress_a\/index.php\/2024\/03\/20\/unicef-confirma-muerte-de-al-menos-13-000-ninos-en-la-franja-de-gaza\/\" \/>\n<meta property=\"og:locale\" content=\"es_ES\" \/>\n<meta property=\"og:type\" content=\"article\" \/>\n<meta property=\"og:title\" content=\"Unicef confirma muerte de al menos 13.000 ni\u00f1os en la Franja de Gaza -\" \/>\n<meta property=\"og:description\" content=\"El Fondo de las Naciones Unidas para la Infancia (Unicef) confirm\u00f3 este lunes que desde que inici\u00f3 la agresi\u00f3n por las fuerzas de ocupaci\u00f3n de Israel en la Franja de Gaza, el pasado 7 de octubre, han muerto al menos 13.000 menores de edad.\" \/>\n<meta property=\"og:url\" content=\"https:\/\/hueleaazufre.com\/wordpress_a\/index.php\/2024\/03\/20\/unicef-confirma-muerte-de-al-menos-13-000-ninos-en-la-franja-de-gaza\/\" \/>\n<meta property=\"article:published_time\" content=\"2024-03-20T01:37:25+00:00\" \/>\n<meta property=\"og:image\" content=\"https:\/\/hueleaazufre.com\/wordpress_a\/wp-content\/uploads\/2024\/03\/unicef-logo-E25794D769-seeklogo.com_.png\" \/>\n\t<meta property=\"og:image:width\" content=\"300\" \/>\n\t<meta property=\"og:image:height\" content=\"208\" \/>\n\t<meta property=\"og:image:type\" content=\"image\/png\" \/>\n<meta name=\"author\" content=\"Huele a azufre\" \/>\n<meta name=\"twitter:card\" content=\"summary_large_image\" \/>\n<meta name=\"twitter:label1\" content=\"Escrito por\" \/>\n\t<meta name=\"twitter:data1\" content=\"Huele a azufre\" \/>\n\t<meta name=\"twitter:label2\" content=\"Tiempo de lectura\" \/>\n\t<meta name=\"twitter:data2\" content=\"2 minutos\" \/>\n<script type=\"application\/ld+json\" class=\"yoast-schema-graph\">{\"@context\":\"https:\\\/\\\/schema.org\",\"@graph\":[{\"@type\":\"Article\",\"@id\":\"https:\\\/\\\/hueleaazufre.com\\\/wordpress_a\\\/index.php\\\/2024\\\/03\\\/20\\\/unicef-confirma-muerte-de-al-menos-13-000-ninos-en-la-franja-de-gaza\\\/#article\",\"isPartOf\":{\"@id\":\"https:\\\/\\\/hueleaazufre.com\\\/wordpress_a\\\/index.php\\\/2024\\\/03\\\/20\\\/unicef-confirma-muerte-de-al-menos-13-000-ninos-en-la-franja-de-gaza\\\/\"},\"author\":{\"name\":\"Huele a azufre\",\"@id\":\"https:\\\/\\\/hueleaazufre.com\\\/wordpress_a\\\/#\\\/schema\\\/person\\\/549dd871707ea7f9f1a686323ebe9baa\"},\"headline\":\"Unicef confirma muerte de al menos 13.000 ni\u00f1os en la Franja de Gaza\",\"datePublished\":\"2024-03-20T01:37:25+00:00\",\"mainEntityOfPage\":{\"@id\":\"https:\\\/\\\/hueleaazufre.com\\\/wordpress_a\\\/index.php\\\/2024\\\/03\\\/20\\\/unicef-confirma-muerte-de-al-menos-13-000-ninos-en-la-franja-de-gaza\\\/\"},\"wordCount\":337,\"commentCount\":0,\"image\":{\"@id\":\"https:\\\/\\\/hueleaazufre.com\\\/wordpress_a\\\/index.php\\\/2024\\\/03\\\/20\\\/unicef-confirma-muerte-de-al-menos-13-000-ninos-en-la-franja-de-gaza\\\/#primaryimage\"},\"thumbnailUrl\":\"https:\\\/\\\/hueleaazufre.com\\\/wordpress_a\\\/wp-content\\\/uploads\\\/2024\\\/03\\\/unicef-logo-E25794D769-seeklogo.com_.png\",\"keywords\":[\"Gaza\",\"muerte\",\"UNICEF\"],\"articleSection\":[\"Medios aliados\"],\"inLanguage\":\"es\",\"potentialAction\":[{\"@type\":\"CommentAction\",\"name\":\"Comment\",\"target\":[\"https:\\\/\\\/hueleaazufre.com\\\/wordpress_a\\\/index.php\\\/2024\\\/03\\\/20\\\/unicef-confirma-muerte-de-al-menos-13-000-ninos-en-la-franja-de-gaza\\\/#respond\"]}]},{\"@type\":\"WebPage\",\"@id\":\"https:\\\/\\\/hueleaazufre.com\\\/wordpress_a\\\/index.php\\\/2024\\\/03\\\/20\\\/unicef-confirma-muerte-de-al-menos-13-000-ninos-en-la-franja-de-gaza\\\/\",\"url\":\"https:\\\/\\\/hueleaazufre.com\\\/wordpress_a\\\/index.php\\\/2024\\\/03\\\/20\\\/unicef-confirma-muerte-de-al-menos-13-000-ninos-en-la-franja-de-gaza\\\/\",\"name\":\"Unicef confirma muerte de al menos 13.000 ni\u00f1os en la Franja de Gaza -\",\"isPartOf\":{\"@id\":\"https:\\\/\\\/hueleaazufre.com\\\/wordpress_a\\\/#website\"},\"primaryImageOfPage\":{\"@id\":\"https:\\\/\\\/hueleaazufre.com\\\/wordpress_a\\\/index.php\\\/2024\\\/03\\\/20\\\/unicef-confirma-muerte-de-al-menos-13-000-ninos-en-la-franja-de-gaza\\\/#primaryimage\"},\"image\":{\"@id\":\"https:\\\/\\\/hueleaazufre.com\\\/wordpress_a\\\/index.php\\\/2024\\\/03\\\/20\\\/unicef-confirma-muerte-de-al-menos-13-000-ninos-en-la-franja-de-gaza\\\/#primaryimage\"},\"thumbnailUrl\":\"https:\\\/\\\/hueleaazufre.com\\\/wordpress_a\\\/wp-content\\\/uploads\\\/2024\\\/03\\\/unicef-logo-E25794D769-seeklogo.com_.png\",\"datePublished\":\"2024-03-20T01:37:25+00:00\",\"author\":{\"@id\":\"https:\\\/\\\/hueleaazufre.com\\\/wordpress_a\\\/#\\\/schema\\\/person\\\/549dd871707ea7f9f1a686323ebe9baa\"},\"description\":\"El Fondo de las Naciones Unidas para la Infancia (Unicef) confirm\u00f3 este lunes que desde que inici\u00f3 la agresi\u00f3n por las fuerzas de ocupaci\u00f3n de Israel en la Franja de Gaza, el pasado 7 de octubre, han muerto al menos 13.000 menores de edad.\",\"breadcrumb\":{\"@id\":\"https:\\\/\\\/hueleaazufre.com\\\/wordpress_a\\\/index.php\\\/2024\\\/03\\\/20\\\/unicef-confirma-muerte-de-al-menos-13-000-ninos-en-la-franja-de-gaza\\\/#breadcrumb\"},\"inLanguage\":\"es\",\"potentialAction\":[{\"@type\":\"ReadAction\",\"target\":[\"https:\\\/\\\/hueleaazufre.com\\\/wordpress_a\\\/index.php\\\/2024\\\/03\\\/20\\\/unicef-confirma-muerte-de-al-menos-13-000-ninos-en-la-franja-de-gaza\\\/\"]}]},{\"@type\":\"ImageObject\",\"inLanguage\":\"es\",\"@id\":\"https:\\\/\\\/hueleaazufre.com\\\/wordpress_a\\\/index.php\\\/2024\\\/03\\\/20\\\/unicef-confirma-muerte-de-al-menos-13-000-ninos-en-la-franja-de-gaza\\\/#primaryimage\",\"url\":\"https:\\\/\\\/hueleaazufre.com\\\/wordpress_a\\\/wp-content\\\/uploads\\\/2024\\\/03\\\/unicef-logo-E25794D769-seeklogo.com_.png\",\"contentUrl\":\"https:\\\/\\\/hueleaazufre.com\\\/wordpress_a\\\/wp-content\\\/uploads\\\/2024\\\/03\\\/unicef-logo-E25794D769-seeklogo.com_.png\",\"width\":300,\"height\":208},{\"@type\":\"BreadcrumbList\",\"@id\":\"https:\\\/\\\/hueleaazufre.com\\\/wordpress_a\\\/index.php\\\/2024\\\/03\\\/20\\\/unicef-confirma-muerte-de-al-menos-13-000-ninos-en-la-franja-de-gaza\\\/#breadcrumb\",\"itemListElement\":[{\"@type\":\"ListItem\",\"position\":1,\"name\":\"Portada\",\"item\":\"https:\\\/\\\/hueleaazufre.com\\\/wordpress_a\\\/\"},{\"@type\":\"ListItem\",\"position\":2,\"name\":\"Unicef confirma muerte de al menos 13.000 ni\u00f1os en la Franja de Gaza\"}]},{\"@type\":\"WebSite\",\"@id\":\"https:\\\/\\\/hueleaazufre.com\\\/wordpress_a\\\/#website\",\"url\":\"https:\\\/\\\/hueleaazufre.com\\\/wordpress_a\\\/\",\"name\":\"\",\"description\":\"Huele a azufre es una plataforma digital de an\u00e1lisis geopol\u00edtico.\",\"potentialAction\":[{\"@type\":\"SearchAction\",\"target\":{\"@type\":\"EntryPoint\",\"urlTemplate\":\"https:\\\/\\\/hueleaazufre.com\\\/wordpress_a\\\/?s={search_term_string}\"},\"query-input\":{\"@type\":\"PropertyValueSpecification\",\"valueRequired\":true,\"valueName\":\"search_term_string\"}}],\"inLanguage\":\"es\"},{\"@type\":\"Person\",\"@id\":\"https:\\\/\\\/hueleaazufre.com\\\/wordpress_a\\\/#\\\/schema\\\/person\\\/549dd871707ea7f9f1a686323ebe9baa\",\"name\":\"Huele a azufre\",\"image\":{\"@type\":\"ImageObject\",\"inLanguage\":\"es\",\"@id\":\"https:\\\/\\\/secure.gravatar.com\\\/avatar\\\/e972d5c124b9bf80eb4c9d322a90dd86a59d447f5da36700a77516f13637d44e?s=96&d=mm&r=g\",\"url\":\"https:\\\/\\\/secure.gravatar.com\\\/avatar\\\/e972d5c124b9bf80eb4c9d322a90dd86a59d447f5da36700a77516f13637d44e?s=96&d=mm&r=g\",\"contentUrl\":\"https:\\\/\\\/secure.gravatar.com\\\/avatar\\\/e972d5c124b9bf80eb4c9d322a90dd86a59d447f5da36700a77516f13637d44e?s=96&d=mm&r=g\",\"caption\":\"Huele a azufre\"},\"description\":\"Huele a azufre es una plataforma digital de an\u00e1lisis geopol\u00edtico\u00a0 contrahegem\u00f3nico, que busca visibilizar las voces y los discursos silenciados por el poder medi\u00e1tico.\",\"sameAs\":[\"https:\\\/\\\/hueleaazufre.com\\\/wordpress_a\"],\"url\":\"https:\\\/\\\/hueleaazufre.com\\\/wordpress_a\\\/index.php\\\/author\\\/admin_tupapa\\\/\"}]}<\/script>\n<!-- \/ Yoast SEO plugin. -->","yoast_head_json":{"title":"Unicef confirma muerte de al menos 13.000 ni\u00f1os en la Franja de Gaza -","description":"El Fondo de las Naciones Unidas para la Infancia (Unicef) confirm\u00f3 este lunes que desde que inici\u00f3 la agresi\u00f3n por las fuerzas de ocupaci\u00f3n de Israel en la Franja de Gaza, el pasado 7 de octubre, han muerto al menos 13.000 menores de edad.","robots":{"index":"index","follow":"follow","max-snippet":"max-snippet:-1","max-image-preview":"max-image-preview:large","max-video-preview":"max-video-preview:-1"},"canonical":"https:\/\/hueleaazufre.com\/wordpress_a\/index.php\/2024\/03\/20\/unicef-confirma-muerte-de-al-menos-13-000-ninos-en-la-franja-de-gaza\/","og_locale":"es_ES","og_type":"article","og_title":"Unicef confirma muerte de al menos 13.000 ni\u00f1os en la Franja de Gaza -","og_description":"El Fondo de las Naciones Unidas para la Infancia (Unicef) confirm\u00f3 este lunes que desde que inici\u00f3 la agresi\u00f3n por las fuerzas de ocupaci\u00f3n de Israel en la Franja de Gaza, el pasado 7 de octubre, han muerto al menos 13.000 menores de edad.","og_url":"https:\/\/hueleaazufre.com\/wordpress_a\/index.php\/2024\/03\/20\/unicef-confirma-muerte-de-al-menos-13-000-ninos-en-la-franja-de-gaza\/","article_published_time":"2024-03-20T01:37:25+00:00","og_image":[{"width":300,"height":208,"url":"https:\/\/hueleaazufre.com\/wordpress_a\/wp-content\/uploads\/2024\/03\/unicef-logo-E25794D769-seeklogo.com_.png","type":"image\/png"}],"author":"Huele a azufre","twitter_card":"summary_large_image","twitter_misc":{"Escrito por":"Huele a azufre","Tiempo de lectura":"2 minutos"},"schema":{"@context":"https:\/\/schema.org","@graph":[{"@type":"Article","@id":"https:\/\/hueleaazufre.com\/wordpress_a\/index.php\/2024\/03\/20\/unicef-confirma-muerte-de-al-menos-13-000-ninos-en-la-franja-de-gaza\/#article","isPartOf":{"@id":"https:\/\/hueleaazufre.com\/wordpress_a\/index.php\/2024\/03\/20\/unicef-confirma-muerte-de-al-menos-13-000-ninos-en-la-franja-de-gaza\/"},"author":{"name":"Huele a azufre","@id":"https:\/\/hueleaazufre.com\/wordpress_a\/#\/schema\/person\/549dd871707ea7f9f1a686323ebe9baa"},"headline":"Unicef confirma muerte de al menos 13.000 ni\u00f1os en la Franja de Gaza","datePublished":"2024-03-20T01:37:25+00:00","mainEntityOfPage":{"@id":"https:\/\/hueleaazufre.com\/wordpress_a\/index.php\/2024\/03\/20\/unicef-confirma-muerte-de-al-menos-13-000-ninos-en-la-franja-de-gaza\/"},"wordCount":337,"commentCount":0,"image":{"@id":"https:\/\/hueleaazufre.com\/wordpress_a\/index.php\/2024\/03\/20\/unicef-confirma-muerte-de-al-menos-13-000-ninos-en-la-franja-de-gaza\/#primaryimage"},"thumbnailUrl":"https:\/\/hueleaazufre.com\/wordpress_a\/wp-content\/uploads\/2024\/03\/unicef-logo-E25794D769-seeklogo.com_.png","keywords":["Gaza","muerte","UNICEF"],"articleSection":["Medios aliados"],"inLanguage":"es","potentialAction":[{"@type":"CommentAction","name":"Comment","target":["https:\/\/hueleaazufre.com\/wordpress_a\/index.php\/2024\/03\/20\/unicef-confirma-muerte-de-al-menos-13-000-ninos-en-la-franja-de-gaza\/#respond"]}]},{"@type":"WebPage","@id":"https:\/\/hueleaazufre.com\/wordpress_a\/index.php\/2024\/03\/20\/unicef-confirma-muerte-de-al-menos-13-000-ninos-en-la-franja-de-gaza\/","url":"https:\/\/hueleaazufre.com\/wordpress_a\/index.php\/2024\/03\/20\/unicef-confirma-muerte-de-al-menos-13-000-ninos-en-la-franja-de-gaza\/","name":"Unicef confirma muerte de al menos 13.000 ni\u00f1os en la Franja de Gaza -","isPartOf":{"@id":"https:\/\/hueleaazufre.com\/wordpress_a\/#website"},"primaryImageOfPage":{"@id":"https:\/\/hueleaazufre.com\/wordpress_a\/index.php\/2024\/03\/20\/unicef-confirma-muerte-de-al-menos-13-000-ninos-en-la-franja-de-gaza\/#primaryimage"},"image":{"@id":"https:\/\/hueleaazufre.com\/wordpress_a\/index.php\/2024\/03\/20\/unicef-confirma-muerte-de-al-menos-13-000-ninos-en-la-franja-de-gaza\/#primaryimage"},"thumbnailUrl":"https:\/\/hueleaazufre.com\/wordpress_a\/wp-content\/uploads\/2024\/03\/unicef-logo-E25794D769-seeklogo.com_.png","datePublished":"2024-03-20T01:37:25+00:00","author":{"@id":"https:\/\/hueleaazufre.com\/wordpress_a\/#\/schema\/person\/549dd871707ea7f9f1a686323ebe9baa"},"description":"El Fondo de las Naciones Unidas para la Infancia (Unicef) confirm\u00f3 este lunes que desde que inici\u00f3 la agresi\u00f3n por las fuerzas de ocupaci\u00f3n de Israel en la Franja de Gaza, el pasado 7 de octubre, han muerto al menos 13.000 menores de edad.","breadcrumb":{"@id":"https:\/\/hueleaazufre.com\/wordpress_a\/index.php\/2024\/03\/20\/unicef-confirma-muerte-de-al-menos-13-000-ninos-en-la-franja-de-gaza\/#breadcrumb"},"inLanguage":"es","potentialAction":[{"@type":"ReadAction","target":["https:\/\/hueleaazufre.com\/wordpress_a\/index.php\/2024\/03\/20\/unicef-confirma-muerte-de-al-menos-13-000-ninos-en-la-franja-de-gaza\/"]}]},{"@type":"ImageObject","inLanguage":"es","@id":"https:\/\/hueleaazufre.com\/wordpress_a\/index.php\/2024\/03\/20\/unicef-confirma-muerte-de-al-menos-13-000-ninos-en-la-franja-de-gaza\/#primaryimage","url":"https:\/\/hueleaazufre.com\/wordpress_a\/wp-content\/uploads\/2024\/03\/unicef-logo-E25794D769-seeklogo.com_.png","contentUrl":"https:\/\/hueleaazufre.com\/wordpress_a\/wp-content\/uploads\/2024\/03\/unicef-logo-E25794D769-seeklogo.com_.png","width":300,"height":208},{"@type":"BreadcrumbList","@id":"https:\/\/hueleaazufre.com\/wordpress_a\/index.php\/2024\/03\/20\/unicef-confirma-muerte-de-al-menos-13-000-ninos-en-la-franja-de-gaza\/#breadcrumb","itemListElement":[{"@type":"ListItem","position":1,"name":"Portada","item":"https:\/\/hueleaazufre.com\/wordpress_a\/"},{"@type":"ListItem","position":2,"name":"Unicef confirma muerte de al menos 13.000 ni\u00f1os en la Franja de Gaza"}]},{"@type":"WebSite","@id":"https:\/\/hueleaazufre.com\/wordpress_a\/#website","url":"https:\/\/hueleaazufre.com\/wordpress_a\/","name":"","description":"Huele a azufre es una plataforma digital de an\u00e1lisis geopol\u00edtico.","potentialAction":[{"@type":"SearchAction","target":{"@type":"EntryPoint","urlTemplate":"https:\/\/hueleaazufre.com\/wordpress_a\/?s={search_term_string}"},"query-input":{"@type":"PropertyValueSpecification","valueRequired":true,"valueName":"search_term_string"}}],"inLanguage":"es"},{"@type":"Person","@id":"https:\/\/hueleaazufre.com\/wordpress_a\/#\/schema\/person\/549dd871707ea7f9f1a686323ebe9baa","name":"Huele a azufre","image":{"@type":"ImageObject","inLanguage":"es","@id":"https:\/\/secure.gravatar.com\/avatar\/e972d5c124b9bf80eb4c9d322a90dd86a59d447f5da36700a77516f13637d44e?s=96&d=mm&r=g","url":"https:\/\/secure.gravatar.com\/avatar\/e972d5c124b9bf80eb4c9d322a90dd86a59d447f5da36700a77516f13637d44e?s=96&d=mm&r=g","contentUrl":"https:\/\/secure.gravatar.com\/avatar\/e972d5c124b9bf80eb4c9d322a90dd86a59d447f5da36700a77516f13637d44e?s=96&d=mm&r=g","caption":"Huele a azufre"},"description":"Huele a azufre es una plataforma digital de an\u00e1lisis geopol\u00edtico\u00a0 contrahegem\u00f3nico, que busca visibilizar las voces y los discursos silenciados por el poder medi\u00e1tico.","sameAs":["https:\/\/hueleaazufre.com\/wordpress_a"],"url":"https:\/\/hueleaazufre.com\/wordpress_a\/index.php\/author\/admin_tupapa\/"}]}},"_links":{"self":[{"href":"https:\/\/hueleaazufre.com\/wordpress_a\/index.php\/wp-json\/wp\/v2\/posts\/825","targetHints":{"allow":["GET"]}}],"collection":[{"href":"https:\/\/hueleaazufre.com\/wordpress_a\/index.php\/wp-json\/wp\/v2\/posts"}],"about":[{"href":"https:\/\/hueleaazufre.com\/wordpress_a\/index.php\/wp-json\/wp\/v2\/types\/post"}],"author":[{"embeddable":true,"href":"https:\/\/hueleaazufre.com\/wordpress_a\/index.php\/wp-json\/wp\/v2\/users\/1"}],"replies":[{"embeddable":true,"href":"https:\/\/hueleaazufre.com\/wordpress_a\/index.php\/wp-json\/wp\/v2\/comments?post=825"}],"version-history":[{"count":1,"href":"https:\/\/hueleaazufre.com\/wordpress_a\/index.php\/wp-json\/wp\/v2\/posts\/825\/revisions"}],"predecessor-version":[{"id":828,"href":"https:\/\/hueleaazufre.com\/wordpress_a\/index.php\/wp-json\/wp\/v2\/posts\/825\/revisions\/828"}],"wp:featuredmedia":[{"embeddable":true,"href":"https:\/\/hueleaazufre.com\/wordpress_a\/index.php\/wp-json\/wp\/v2\/media\/827"}],"wp:attachment":[{"href":"https:\/\/hueleaazufre.com\/wordpress_a\/index.php\/wp-json\/wp\/v2\/media?parent=825"}],"wp:term":[{"taxonomy":"category","embeddable":true,"href":"https:\/\/hueleaazufre.com\/wordpress_a\/index.php\/wp-json\/wp\/v2\/categories?post=825"},{"taxonomy":"post_tag","embeddable":true,"href":"https:\/\/hueleaazufre.com\/wordpress_a\/index.php\/wp-json\/wp\/v2\/tags?post=825"}],"curies":[{"name":"wp","href":"https:\/\/api.w.org\/{rel}","templated":true}]}}