{"id":829,"date":"2024-03-20T01:44:27","date_gmt":"2024-03-20T01:44:27","guid":{"rendered":"https:\/\/hueleaazufre.com\/wordpress_a\/?p=829"},"modified":"2024-03-20T23:23:19","modified_gmt":"2024-03-20T23:23:19","slug":"circo-represivo-y-otro-golpe-al-gobierno-de-milei-sorpresivo-rechazo-del-dnu","status":"publish","type":"post","link":"https:\/\/hueleaazufre.com\/wordpress_a\/index.php\/2024\/03\/20\/circo-represivo-y-otro-golpe-al-gobierno-de-milei-sorpresivo-rechazo-del-dnu\/","title":{"rendered":"Circo represivo y otro golpe al gobierno de Milei: sorpresivo rechazo del DNU"},"content":{"rendered":"<p><b>Circo represivo y otro golpe al gobierno de Milei: sorpresivo rechazo del DNU<\/b><\/p>\n<p><span style=\"font-weight: 400;\">Tratamiento sorpresivo y rechazo del mega Decreto de Necesidad y Urgencia (DNU) en el Senado; show represivo frente al narcotr\u00e1fico en la provincia de Santa Fe; esc\u00e1ndalo por el aumento del 50% del sueldo del presidente, y la publicaci\u00f3n del \u00edndice de inflaci\u00f3n, frente a la ca\u00edda de poder adquisitivo que no da tregua al bolsillo de les trabajadores.<\/span><\/p>\n<p><span style=\"font-weight: 400;\">Una lectura de fondo es necesaria para poder comprender la acelerada coyuntura pol\u00edtica argentina. Lo que subterr\u00e1neamente estar\u00eda explicando la sucesi\u00f3n de hechos, es la profundizaci\u00f3n de la disputa entre proyectos econ\u00f3micos al interior de la fuerza en posici\u00f3n de gobierno, que golpea sobre la gobernabilidad del propio presidente Javier Milei para quedarse con las riendas del Ejecutivo.<\/span><\/p>\n<p><span style=\"font-weight: 400;\">Mientras tanto, la crisis econ\u00f3mica, pol\u00edtica y social se agudiza y las \u201cfuerzas del suelo\u201d multiplican paros y movilizaciones.<\/span><\/p>\n<p><span style=\"font-weight: 400;\">Ante el aumento de la conflictividad, el presidente, fiel a su estilo confrontativo,\u00a0 no parece dar brazo a torcer, a pesar de los esfuerzos por presentarse ante los gobernadores y las fuerzas pol\u00edticas con intenci\u00f3n de llegar a algunos consensos, desde que lanz\u00f3 el \u201cPacto de Mayo\u201d en su discurso de apertura de las sesiones legislativas el 1 de marzo. El libertario sigue abriendo frentes de batalla, que se suman a la confrontaci\u00f3n que mantiene con los gobernadores provinciales.<\/span><\/p>\n<h4><b>Cuatro claves para entender la coyuntura pol\u00edtica<\/b><\/h4>\n<p><b>Clave #1: El rechazo del mega DNU en el Senado. El golpe pol\u00edtico contra Milei<\/b><\/p>\n<p><span style=\"font-weight: 400;\">\u201cSorpresivamente\u201d, la vicepresidenta Victoria Villarruel, en calidad de presidenta del Senado, dio v\u00eda libre para el tratamiento del mega DNU vigente en la C\u00e1mara Alta. La sorpresa se la llev\u00f3 el mismo Ejecutivo: la noche anterior, lanz\u00f3 un comunicado desde la Oficina de Presidencia cuestionando la decisi\u00f3n de la vice: \u201cpreocupaci\u00f3n por la decisi\u00f3n unilateral de algunos sectores que pretenden avanzar en una agenda propia e inconsulta\u201d, reza el texto en la red X. No tardaron en llegar la lluvia de agravios a VillarruAAel de parte de los ej\u00e9rcitos de trolls libertarios.<\/span><\/p>\n<p><span style=\"font-weight: 400;\">El mismo presidente volvi\u00f3 a sus pol\u00e9micos \u201cme gusta\u201d, entre los que se destaca su aprobaci\u00f3n al posteo de un usuario donde se le\u00eda: \u201cEl DNU ser\u00e1 una 125 silenciosa. No queden pegados a esto. Los senadores que lo van a voltear no podr\u00e1n caminar por la calle\u201d. Haciendo alusi\u00f3n a la conocida Ley 125, que desat\u00f3 el conflicto mal llamado \u201ccampo vs. gobierno\u201d, y cay\u00f3 en el Senado con el voto del desempate del vicepresidente Julio Cobos, cuando Cristina Kirchner era la presidenta.<\/span><\/p>\n<p><span style=\"font-weight: 400;\">Finalmente, el 14 de marzo y luego de varias horas de sesi\u00f3n, los senadores rechazaron el DNU, con 42 votos negativos, 25 positivos y 4 abstenciones. El bloque de Uni\u00f3n por la Patria (peronista) hizo valer sus 33 bancas en la C\u00e1mara, acompa\u00f1ado por senadores patag\u00f3nicos, quienes protagonizaron uno de los cap\u00edtulos de la disputa con el Ejecutivo Nacional por los fondos provinciales.<\/span><\/p>\n<p><span style=\"font-weight: 400;\">Vot\u00f3 el rechazo tambi\u00e9n Mart\u00edn Lousteau, presidente del bloque de la Uni\u00f3n C\u00edvica Radical, a pesar de que sus correligionarios no lo siguieron. La neoliberal alianza Juntos por el Cambio es la que viene sufriendo las mayores reconfiguraciones. Los votos afirmativos al DNU provinieron mayoritariamente de los bloques completos de La Libertad Avanza y el PRO.<\/span><\/p>\n<p><span style=\"font-weight: 400;\">Desde el oficialismo intentaron cerrar filas en el intento de mostrar fortaleza institucional y apuntar las balas al kirchnerismo. Desde la Presidencia lanzaron un comunicado luego del rechazo: \u00abResulta imposible interpretar esta decisi\u00f3n de otra manera que como un intento de socavar el Pacto de Mayo, el gobierno nacional y el cambio elegido por los argentinos (\u2026) El presidente mostr\u00f3 dos alternativas: el acuerdo o la confrontaci\u00f3n. Ha llegado el momento de que la clase pol\u00edtica decida de qu\u00e9 lado de la historia quiere quedar\u00bb.<\/span><\/p>\n<p><span style=\"font-weight: 400;\">Aunque el DNU sigue vigente hasta su tratamiento en la C\u00e1mara de Diputados, lo cierto es que su rechazo en Senadores es un duro rev\u00e9s pol\u00edtico para el gobierno de Milei. La mirada debe detenerse en el accionar de la vicepresidenta, rodeada de rumores de cercan\u00eda con Mauricio Macri, quien como representante del C\u00edrculo Rojo empresario, viene golpeando sobre el presidente para ganar poder en el gobierno.<\/span><\/p>\n<p><span style=\"font-weight: 400;\">Ante estas versiones, la vicepresidenta se present\u00f3 en redes sociales como la garante de la institucionalidad, reafirmando su compromiso con Milei. Agreg\u00f3: \u201cno me voy a convertir en Cristina Fern\u00e1ndez de Kirchner\u201d, a quien vienen subiendo al ring y eligiendo como adversaria desde La Libertad Avanza. De todas maneras, la interna ya hab\u00eda sido expuesta, y el golpe, consumado.<\/span><\/p>\n<p><span style=\"font-weight: 400;\">La interrogante qued\u00f3 planteada: \u00bfMacri est\u00e1 detr\u00e1s de la \u201csorpresa\u201d que Villarruel le dio a Milei con el tratamiento del DNU? En este sentido, cabe trazar una l\u00ednea de continuidad con los hechos ocurridos en la provincia de Santa Fe, donde tom\u00f3 centralidad la ministra de Seguridad, Patricia Bullrich. La actual presidenta del PRO se ha alineado fuertemente con el presidente, en medio de la ofensiva que desat\u00f3 Macri sobre Bullrich en la carrera por recuperar el control del partido.<\/span><\/p>\n<p><span style=\"font-weight: 400;\">Otro elemento, es la disputa abierta de la ministra con la propia vicepresidenta, con la que disput\u00f3 en los inicios de la gesti\u00f3n el control de las carteras de Seguridad y Defensa, en la cual coloc\u00f3 Bullrich tambi\u00e9n un hombre de su confianza, Luis Petri.<\/span><\/p>\n<p><b>Clave #2: El \u201ccirco represivo\u201d de Bullrich contra las bandas narco en la provincia de Santa Fe<\/b><\/p>\n<p><span style=\"font-weight: 400;\">La agenda p\u00fablica de los \u00faltimos d\u00edas estuvo atravesada por el conflicto desatado en la provincia de Santa Fe, luego de que bandas asociadas al narcotr\u00e1fico acribillaran a sangre fr\u00eda a cuatro trabajadores, con amenazas directas al gobernador de Juntos por el Cambio, Maximiliano Pullaro.<\/span><\/p>\n<p><span style=\"font-weight: 400;\">La gravedad de la situaci\u00f3n desat\u00f3 la decisi\u00f3n del movimiento feminista local de suspender la masiva marcha del 8 de marzo, en el marco del paro Internacional. Distintos sectores, como transporte, taxistas y docentes decretaron un paro y la ciudad de Rosario se mostr\u00f3 des\u00e9rtica.<\/span><\/p>\n<p><span style=\"font-weight: 400;\">Inmediatamente apareci\u00f3 la abanderada del show represivo, la ministra de Seguridad Patricia Bullrich, que junto a Luis Petri, ministro de Defensa, se hicieron presentes en la provincia, anunciando un \u201cComit\u00e9 de Crisis\u201d para liderar la embestida a grupos narcos. El show ya hab\u00eda sido inaugurado en diciembre con el llamado Operativo Bandera.<\/span><\/p>\n<p><span style=\"font-weight: 400;\">El 5 de marzo, como parte del espect\u00e1culo, y como antesala de la ofensiva narco, circularon desde la cuenta oficial del Ministerio de Justicia y Seguridad provincial,\u00a0 fotos de requisas en las c\u00e1rceles santafesinas al mejor \u201cestilo Bukele\u201d, como una caricatura de lo que sucede en El Salvador.<\/span><\/p>\n<p><span style=\"font-weight: 400;\">Pero el propio ministro de Seguridad salvadore\u00f1o llam\u00f3 a Bullrich para decirle que lo de las fotos hab\u00eda sido un \u201cerror muy grave\u201d: \u201ceso solo lo pod\u00e9s hacer cuando las bandas ya est\u00e1n neutralizadas y ten\u00e9s el control total de la calle\u00bb, le recomend\u00f3 por tel\u00e9fono el domingo 10 de marzo.<\/span><\/p>\n<p><span style=\"font-weight: 400;\">Ante la situaci\u00f3n, todos los gobernadores sin excepci\u00f3n, m\u00e1s el Jefe de Gobierno de la Ciudad Aut\u00f3noma de Buenos Aires, firmaron en unidad un comunicado llamando a resolver la situaci\u00f3n y exigiendo al gobierno que asuma la responsabilidad: \u201cEl narcotr\u00e1fico es un problema federal, no porque no corresponda a una jurisdicci\u00f3n provincial sino porque<\/span> <span style=\"font-weight: 400;\">es un problema de todos\u201d, se\u00f1alaron.<\/span><\/p>\n<p><span style=\"font-weight: 400;\">Otra vez, el despliegue de la ministra fue \u201cmucho ruido y pocas nueces\u201d. El operativo prometido termin\u00f3 con un pu\u00f1ado de efectivos en algunos barrios y la detenci\u00f3n de dos varones de 19 a\u00f1os por el asesinato del playero, uno de los trabajadores. Se destac\u00f3 la figura de Axel Kicillof, gobernador de la provincia de Buenos Aires, referente de Uni\u00f3n por la Patria, que apoy\u00f3 a Santa Fe con el env\u00edo de patrulleros y helic\u00f3pteros, poniendo a\u00fan m\u00e1s en evidencia la inacci\u00f3n desde el estado nacional.<\/span><\/p>\n<p><span style=\"font-weight: 400;\">El mismo Milei se opuso a decretar el estado de sitio que exig\u00eda Bullrich, quien fue adem\u00e1s criticada por distintos sectores, por la falta de respuestas efectivas ante un problema hist\u00f3rico en la provincia de los puertos, la mayor\u00eda privados, por donde fluye el 90% de las exportaciones nacionales.<\/span><\/p>\n<p><span style=\"font-weight: 400;\">Dato importante: la Hidrov\u00eda tiene actualmente presencia militar estadounidense, ante la complicidad de actores econ\u00f3micos financieros y exportadores que habilitan por sus puertos los cargamentos del narco y el lavado de dinero que necesariamente viene asociado al negocio.<\/span><\/p>\n<p><span style=\"font-weight: 400;\">Petri y Bullrich estar\u00edan trabajando en la modificaci\u00f3n de la ley de Seguridad Interior, para habilitar a las Fuerzas Armadas a operar en conflictos internos,\u00a0 en la previa de la marcha por la Memoria, la Verdad y la Justicia del 24 de marzo, en un nuevo aniversario del \u00faltimo golpe c\u00edvico militar. Sin embargo, no tendr\u00edan el acuerdo de las propias fuerzas, previendo que ser\u00e1n quienes asuman el costo ante la Justicia en caso de accionar.<\/span><\/p>\n<p><span style=\"font-weight: 400;\">Los operadores de los medios hegem\u00f3nicos aprovecharon para sacar a la luz la relaci\u00f3n de Mariano C\u00faneo Libarona, ministro de Justicia, con las bandas narcotraficantes: el estudio del abogado es defensor de \u201cMameluco\u201d Villalba, conocido l\u00edder de una banda narco que opera en territorio bonaerense, hecho que el ministro no desminti\u00f3 pero endilg\u00f3 la responsabilidad a sus hermanos, sus socios.<\/span><\/p>\n<p><span style=\"font-weight: 400;\">C\u00faneo Libarona es un hombre del gabinete que responde a Eduardo Eurnekian, due\u00f1o de Corporaci\u00f3n Am\u00e9rica, con mucha influencia en el gobierno y quien personifica el proyecto econ\u00f3mico que se opone al grupo encabezado por Mauricio Macri, la contradicci\u00f3n principal que se dirime hoy en el gobierno.<\/span><\/p>\n<p><span style=\"font-weight: 400;\">El hecho que refuerza la hip\u00f3tesis de la profundizaci\u00f3n de las luchas internas tuvo que ver con el aumento de sueldo del presidente, una operaci\u00f3n desde \u201cadentro\u201d, a pesar de los intentos de Milei de responsabilizar a la ex presidenta Cristina Kirchner, con la que intercambi\u00f3 tuits en la red social X.<\/span><\/p>\n<p><b>Clave #3. El aumento del 50% del sueldo del presidente que no fue. El golpe desde adentro.\u00a0<\/b><\/p>\n<p><span style=\"font-weight: 400;\">En medio del agravamiento de la crisis econ\u00f3mica que golpea a los y las millones de trabajadores, Milei se \u201cautoaprob\u00f3\u201d un\u00a0 aumento del 50% del sueldo, hecho que hizo tambalear su repetido discurso contra los privilegios de la \u201ccasta pol\u00edtica\u201d. Ello catapult\u00f3 la salida del secretario de Trabajo, Omar Yas\u00edn, a pesar de haberse demostrado que no fue su decisi\u00f3n directa.<\/span><\/p>\n<p><span style=\"font-weight: 400;\">El secretario se enter\u00f3 de su despido por TV, y ya ven\u00eda en el ojo de la tormenta por los conflictos salariales con los sindicatos. Yas\u00edn, abogado laboralista del PRO, es un hombre relacionado a Mauricio Macri, ya que habr\u00eda sido puesto en el cargo por Jorge Triaca, ministro de Trabajo durante la gesti\u00f3n macrista.<\/span><\/p>\n<p><span style=\"font-weight: 400;\">El responsable directo del aumento de sueldo fue Armando Guibert, secretario de Transformaci\u00f3n del Estado y Funci\u00f3n P\u00fablica, un hombre de Nicol\u00e1s Posse, jefe de gabinete, que tambi\u00e9n se asocia a Eurnekian. Despu\u00e9s del despido de Yas\u00edn, quien suena para ocupar la secretar\u00eda de Trabajo ser\u00eda Jorge Cordero, abogado de la empresa Techint de Paolo Rocca, quien ven\u00eda desempe\u00f1\u00e1ndose como asesor ad honorem del oficialismo.<\/span><\/p>\n<p><span style=\"font-weight: 400;\">El diario Clar\u00edn, <\/span><i><span style=\"font-weight: 400;\">think tank<\/span><\/i><span style=\"font-weight: 400;\"> del C\u00edrculo Rojo, dijo el 13 de marzo: \u201cla virtual incorporaci\u00f3n de Cordero profundiz\u00f3 la cercan\u00eda del grupo empresario a un gobierno que supo nutrirse tambi\u00e9n de ex ejecutivos de la Corporaci\u00f3n Am\u00e9rica\u201d. Supondr\u00eda un punto a favor para Eurnekian y sus aliados.<\/span><\/p>\n<p><span style=\"font-weight: 400;\">La operaci\u00f3n vino desde las propias filas del gobierno, con centralidad en el rol de Posse, ganando posici\u00f3n en un lugar estrat\u00e9gico para seguir avanzando en la tan buscada Reforma Laboral por los grupos empresarios.<\/span><\/p>\n<p><b>Clave #4. Ajuste y represi\u00f3n de la clase trabajadora: el punto de acuerdo<\/b><\/p>\n<p><span style=\"font-weight: 400;\">En medio de la balacera entre proyectos econ\u00f3micos por el control del Ejecutivo, la realidad es que el plan de ajuste y saqueo a la clase trabajadora avanza, ya que es el gran marco de acuerdo entre los grupos financieros que especulan con el hambre de la gente. A la espera del tratamiento en Diputados, el DNU sigue vigente<\/span> <span style=\"font-weight: 400;\">y si el Gobierno consigue mayor\u00eda en la C\u00e1mara Baja, ser\u00e1 constitucional.<\/span><\/p>\n<p><span style=\"font-weight: 400;\">Adem\u00e1s, antes de dar inicio a la sesi\u00f3n de Senadores del 14 de<\/span><span style=\"font-weight: 400;\"> marzo, el Ejecutivo present\u00f3 el nuevo proyecto de Ley \u00d3mnibus \u201ccompactado\u201d, con el que intenta llegar a un acuerdo con los gobernadores. El nuevo proyecto contempla 9 cap\u00edtulos que van desde la Ley de Emergencia, Blanqueo Laboral, Privatizaciones, Desregulaci\u00f3n Econ\u00f3mica, y tema previsional, entre otros. En tanto, la modificaci\u00f3n del Impuesto a las Ganancias se presentar\u00eda por separado.<\/span><\/p>\n<p><span style=\"font-weight: 400;\">El PRO, por su parte, present\u00f3 el mismo d\u00eda una serie de proyectos de ley paralelos que incluyen reformas laborales, contenidas en el DNU pero pausadas hoy por fallos judiciales, como la ampliaci\u00f3n del per\u00edodo de pruebas a ocho meses, la eliminaci\u00f3n de multas por falta de registro laboral y la definici\u00f3n de determinados servicios como esenciales (educaci\u00f3n, seguridad, transprote y salud), que supone la violaci\u00f3n del derecho constitucional a huelga.<\/span><\/p>\n<p><span style=\"font-weight: 400;\">Mientras tanto, desde el Ejecutivo gobiernan por decreto, allanando el camino al ministro de Econom\u00eda Luis Caputo, que incluso en contra de los se\u00f1alamientos del FMI, busca la dolarizaci\u00f3n de la econom\u00eda, habilitando la apertura de importaciones, bajo pretexto de controlar los precios de g\u00f3ndola, pero beneficiando en realidad a los grupos concentrados y destruyendo al ya golpeado entramado PYMES.<\/span><\/p>\n<p><span style=\"font-weight: 400;\">En este contexto sale a la luz la cifra de inflaci\u00f3n del mes de febrero, alcanzando un 13,2%, y acumulando un interanual de 276,2%. Esto implica que las familias argentinas necesitan 690.901,57 pesos (unos 700 d\u00f3lares) para llegar a fin de mes, con una p\u00e9rdida del poder adquisitivo del salario y del ingreso de les trabajadores que en muchos sectores llega al 70% en tres meses, alcanzando niveles del a\u00f1o 2002.<\/span><\/p>\n<p><span style=\"font-weight: 400;\">Siete de cada 10 ni\u00f1es son pobres hoy en Argentina y les jubilades sufren las consecuencias de ser la principal variable de ajuste. Hasta los voceros del FMI vienen advirtiendo la posibilidad de un inminente estallido social si el gobierno no da respuestas inmediatas a la profunda crisis que sufre cotidianamente el pueblo argentino.<\/span><\/p>\n<p><span style=\"font-weight: 400;\">Cabe agregar que, en plena espectacularizaci\u00f3n del conflicto en la provincia de Santa Fe, el gobierno de LLA lanz\u00f3 nuevamente la discusi\u00f3n sobre la militarizaci\u00f3n de los territorios sociales, el servicio militar obligatorio, el uso de armas y la baja de la edad de imputabilidad. Es la estrategia sistem\u00e1tica de construcci\u00f3n del enemigo interno sobre antinomias que polarizan a la opini\u00f3n p\u00fablica y alimentan principalmente la criminalizaci\u00f3n de la pobreza, el flagelo de fondo. Eje en el que los grupos econ\u00f3micos concentrados tienen acuerdo.<\/span><\/p>\n<p><span style=\"font-weight: 400;\">La estrategia se completa con la estigmatizaci\u00f3n y persecuci\u00f3n de les dirigentes sindicales, pol\u00edticos, feministas y sociales, aquellos y aquellas que encabezan las iniciativas para construir una fuerza de oposici\u00f3n al programa de saqueo. Depender\u00e1 de la capacidad de movilizaci\u00f3n de las organizaciones el desenlace final del DNU vigente, y la posibilidad de frenar la ofensiva de las grandes corporaciones.<\/span><\/p>\n<p><span style=\"font-weight: 400;\">El amplio movimiento feminista demostr\u00f3 dicha capacidad desbordando las calles en el pasado 8 de marzo en todo el pa\u00eds, con consignas que reflejaron la identificaci\u00f3n del enemigo de las mayor\u00edas y la propuesta de un programa que resuelva la crisis: la salida no es ajustar por les que menos tienen, la soluci\u00f3n reside en desarmar los mecanismos por los cuales hist\u00f3ricamente tres o cuatro vivos saquean los recursos y los bolsillos de la clase trabajadora.<\/span><\/p>\n<p><b>Autora: Emilia Trabucco \/ Estrategia.la<\/b><\/p>\n<p><b><i>Para leer el art\u00edculo original:<\/i><\/b> <a href=\"https:\/\/estrategia.la\/2024\/03\/15\/circo-represivo-y-otro-golpe-al-gobierno-de-milei-sorpresivo-rechazo-del-dnu\/\"><i><span style=\"font-weight: 400;\">Circo represivo y otro golpe al gobierno de Milei: sorpresivo rechazo del DNU &#8211; CLAE (estrategia.la)<\/span><\/i><\/a><\/p>\n<p>&nbsp;<\/p>\n","protected":false},"excerpt":{"rendered":"<p>Circo represivo y otro golpe al gobierno de Milei: sorpresivo rechazo del DNU Tratamiento sorpresivo&#8230;<\/p>\n","protected":false},"author":1,"featured_media":830,"comment_status":"open","ping_status":"closed","sticky":false,"template":"","format":"standard","meta":{"footnotes":""},"categories":[56],"tags":[18,192,144,193],"class_list":["post-829","post","type-post","status-publish","format-standard","has-post-thumbnail","hentry","category-medios-aliados","tag-argentina","tag-dnu","tag-javier-milei","tag-libertad-avanza"],"yoast_head":"<!-- This site is optimized with the Yoast SEO plugin v27.5 - https:\/\/yoast.com\/product\/yoast-seo-wordpress\/ -->\n<title>Circo represivo y otro golpe al gobierno de Milei: sorpresivo rechazo del DNU -<\/title>\n<meta name=\"description\" content=\"Tratamiento sorpresivo y rechazo del mega Decreto de Necesidad y Urgencia (DNU) en el Senado; show represivo frente al narcotr\u00e1fico en la provincia de Santa Fe; esc\u00e1ndalo por el aumento del 50% del sueldo del presidente, y la publicaci\u00f3n del \u00edndice de inflaci\u00f3n, frente a la ca\u00edda de poder adquisitivo que no da tregua al bolsillo de les trabajadores.\" \/>\n<meta name=\"robots\" content=\"index, follow, max-snippet:-1, max-image-preview:large, max-video-preview:-1\" \/>\n<link rel=\"canonical\" href=\"https:\/\/hueleaazufre.com\/wordpress_a\/index.php\/2024\/03\/20\/circo-represivo-y-otro-golpe-al-gobierno-de-milei-sorpresivo-rechazo-del-dnu\/\" \/>\n<meta property=\"og:locale\" content=\"es_ES\" \/>\n<meta property=\"og:type\" content=\"article\" \/>\n<meta property=\"og:title\" content=\"Circo represivo y otro golpe al gobierno de Milei: sorpresivo rechazo del DNU -\" \/>\n<meta property=\"og:description\" content=\"Tratamiento sorpresivo y rechazo del mega Decreto de Necesidad y Urgencia (DNU) en el Senado; show represivo frente al narcotr\u00e1fico en la provincia de Santa Fe; esc\u00e1ndalo por el aumento del 50% del sueldo del presidente, y la publicaci\u00f3n del \u00edndice de inflaci\u00f3n, frente a la ca\u00edda de poder adquisitivo que no da tregua al bolsillo de les trabajadores.\" \/>\n<meta property=\"og:url\" content=\"https:\/\/hueleaazufre.com\/wordpress_a\/index.php\/2024\/03\/20\/circo-represivo-y-otro-golpe-al-gobierno-de-milei-sorpresivo-rechazo-del-dnu\/\" \/>\n<meta property=\"article:published_time\" content=\"2024-03-20T01:44:27+00:00\" \/>\n<meta property=\"article:modified_time\" content=\"2024-03-20T23:23:19+00:00\" \/>\n<meta property=\"og:image\" content=\"https:\/\/hueleaazufre.com\/wordpress_a\/wp-content\/uploads\/2024\/03\/6-322.jpg\" \/>\n\t<meta property=\"og:image:width\" content=\"806\" \/>\n\t<meta property=\"og:image:height\" content=\"551\" \/>\n\t<meta property=\"og:image:type\" content=\"image\/jpeg\" \/>\n<meta name=\"author\" content=\"Huele a azufre\" \/>\n<meta name=\"twitter:card\" content=\"summary_large_image\" \/>\n<meta name=\"twitter:label1\" content=\"Escrito por\" \/>\n\t<meta name=\"twitter:data1\" content=\"Huele a azufre\" \/>\n\t<meta name=\"twitter:label2\" content=\"Tiempo de lectura\" \/>\n\t<meta name=\"twitter:data2\" content=\"12 minutos\" \/>\n<script type=\"application\/ld+json\" class=\"yoast-schema-graph\">{\"@context\":\"https:\\\/\\\/schema.org\",\"@graph\":[{\"@type\":\"Article\",\"@id\":\"https:\\\/\\\/hueleaazufre.com\\\/wordpress_a\\\/index.php\\\/2024\\\/03\\\/20\\\/circo-represivo-y-otro-golpe-al-gobierno-de-milei-sorpresivo-rechazo-del-dnu\\\/#article\",\"isPartOf\":{\"@id\":\"https:\\\/\\\/hueleaazufre.com\\\/wordpress_a\\\/index.php\\\/2024\\\/03\\\/20\\\/circo-represivo-y-otro-golpe-al-gobierno-de-milei-sorpresivo-rechazo-del-dnu\\\/\"},\"author\":{\"name\":\"Huele a azufre\",\"@id\":\"https:\\\/\\\/hueleaazufre.com\\\/wordpress_a\\\/#\\\/schema\\\/person\\\/549dd871707ea7f9f1a686323ebe9baa\"},\"headline\":\"Circo represivo y otro golpe al gobierno de Milei: sorpresivo rechazo del DNU\",\"datePublished\":\"2024-03-20T01:44:27+00:00\",\"dateModified\":\"2024-03-20T23:23:19+00:00\",\"mainEntityOfPage\":{\"@id\":\"https:\\\/\\\/hueleaazufre.com\\\/wordpress_a\\\/index.php\\\/2024\\\/03\\\/20\\\/circo-represivo-y-otro-golpe-al-gobierno-de-milei-sorpresivo-rechazo-del-dnu\\\/\"},\"wordCount\":2716,\"commentCount\":0,\"image\":{\"@id\":\"https:\\\/\\\/hueleaazufre.com\\\/wordpress_a\\\/index.php\\\/2024\\\/03\\\/20\\\/circo-represivo-y-otro-golpe-al-gobierno-de-milei-sorpresivo-rechazo-del-dnu\\\/#primaryimage\"},\"thumbnailUrl\":\"https:\\\/\\\/hueleaazufre.com\\\/wordpress_a\\\/wp-content\\\/uploads\\\/2024\\\/03\\\/6-322.jpg\",\"keywords\":[\"Argentina\",\"DNU\",\"Javier Milei\",\"Libertad Avanza\"],\"articleSection\":[\"Medios aliados\"],\"inLanguage\":\"es\",\"potentialAction\":[{\"@type\":\"CommentAction\",\"name\":\"Comment\",\"target\":[\"https:\\\/\\\/hueleaazufre.com\\\/wordpress_a\\\/index.php\\\/2024\\\/03\\\/20\\\/circo-represivo-y-otro-golpe-al-gobierno-de-milei-sorpresivo-rechazo-del-dnu\\\/#respond\"]}]},{\"@type\":\"WebPage\",\"@id\":\"https:\\\/\\\/hueleaazufre.com\\\/wordpress_a\\\/index.php\\\/2024\\\/03\\\/20\\\/circo-represivo-y-otro-golpe-al-gobierno-de-milei-sorpresivo-rechazo-del-dnu\\\/\",\"url\":\"https:\\\/\\\/hueleaazufre.com\\\/wordpress_a\\\/index.php\\\/2024\\\/03\\\/20\\\/circo-represivo-y-otro-golpe-al-gobierno-de-milei-sorpresivo-rechazo-del-dnu\\\/\",\"name\":\"Circo represivo y otro golpe al gobierno de Milei: sorpresivo rechazo del DNU -\",\"isPartOf\":{\"@id\":\"https:\\\/\\\/hueleaazufre.com\\\/wordpress_a\\\/#website\"},\"primaryImageOfPage\":{\"@id\":\"https:\\\/\\\/hueleaazufre.com\\\/wordpress_a\\\/index.php\\\/2024\\\/03\\\/20\\\/circo-represivo-y-otro-golpe-al-gobierno-de-milei-sorpresivo-rechazo-del-dnu\\\/#primaryimage\"},\"image\":{\"@id\":\"https:\\\/\\\/hueleaazufre.com\\\/wordpress_a\\\/index.php\\\/2024\\\/03\\\/20\\\/circo-represivo-y-otro-golpe-al-gobierno-de-milei-sorpresivo-rechazo-del-dnu\\\/#primaryimage\"},\"thumbnailUrl\":\"https:\\\/\\\/hueleaazufre.com\\\/wordpress_a\\\/wp-content\\\/uploads\\\/2024\\\/03\\\/6-322.jpg\",\"datePublished\":\"2024-03-20T01:44:27+00:00\",\"dateModified\":\"2024-03-20T23:23:19+00:00\",\"author\":{\"@id\":\"https:\\\/\\\/hueleaazufre.com\\\/wordpress_a\\\/#\\\/schema\\\/person\\\/549dd871707ea7f9f1a686323ebe9baa\"},\"description\":\"Tratamiento sorpresivo y rechazo del mega Decreto de Necesidad y Urgencia (DNU) en el Senado; show represivo frente al narcotr\u00e1fico en la provincia de Santa Fe; esc\u00e1ndalo por el aumento del 50% del sueldo del presidente, y la publicaci\u00f3n del \u00edndice de inflaci\u00f3n, frente a la ca\u00edda de poder adquisitivo que no da tregua al bolsillo de les trabajadores.\",\"breadcrumb\":{\"@id\":\"https:\\\/\\\/hueleaazufre.com\\\/wordpress_a\\\/index.php\\\/2024\\\/03\\\/20\\\/circo-represivo-y-otro-golpe-al-gobierno-de-milei-sorpresivo-rechazo-del-dnu\\\/#breadcrumb\"},\"inLanguage\":\"es\",\"potentialAction\":[{\"@type\":\"ReadAction\",\"target\":[\"https:\\\/\\\/hueleaazufre.com\\\/wordpress_a\\\/index.php\\\/2024\\\/03\\\/20\\\/circo-represivo-y-otro-golpe-al-gobierno-de-milei-sorpresivo-rechazo-del-dnu\\\/\"]}]},{\"@type\":\"ImageObject\",\"inLanguage\":\"es\",\"@id\":\"https:\\\/\\\/hueleaazufre.com\\\/wordpress_a\\\/index.php\\\/2024\\\/03\\\/20\\\/circo-represivo-y-otro-golpe-al-gobierno-de-milei-sorpresivo-rechazo-del-dnu\\\/#primaryimage\",\"url\":\"https:\\\/\\\/hueleaazufre.com\\\/wordpress_a\\\/wp-content\\\/uploads\\\/2024\\\/03\\\/6-322.jpg\",\"contentUrl\":\"https:\\\/\\\/hueleaazufre.com\\\/wordpress_a\\\/wp-content\\\/uploads\\\/2024\\\/03\\\/6-322.jpg\",\"width\":806,\"height\":551},{\"@type\":\"BreadcrumbList\",\"@id\":\"https:\\\/\\\/hueleaazufre.com\\\/wordpress_a\\\/index.php\\\/2024\\\/03\\\/20\\\/circo-represivo-y-otro-golpe-al-gobierno-de-milei-sorpresivo-rechazo-del-dnu\\\/#breadcrumb\",\"itemListElement\":[{\"@type\":\"ListItem\",\"position\":1,\"name\":\"Portada\",\"item\":\"https:\\\/\\\/hueleaazufre.com\\\/wordpress_a\\\/\"},{\"@type\":\"ListItem\",\"position\":2,\"name\":\"Circo represivo y otro golpe al gobierno de Milei: sorpresivo rechazo del DNU\"}]},{\"@type\":\"WebSite\",\"@id\":\"https:\\\/\\\/hueleaazufre.com\\\/wordpress_a\\\/#website\",\"url\":\"https:\\\/\\\/hueleaazufre.com\\\/wordpress_a\\\/\",\"name\":\"\",\"description\":\"Huele a azufre es una plataforma digital de an\u00e1lisis geopol\u00edtico.\",\"potentialAction\":[{\"@type\":\"SearchAction\",\"target\":{\"@type\":\"EntryPoint\",\"urlTemplate\":\"https:\\\/\\\/hueleaazufre.com\\\/wordpress_a\\\/?s={search_term_string}\"},\"query-input\":{\"@type\":\"PropertyValueSpecification\",\"valueRequired\":true,\"valueName\":\"search_term_string\"}}],\"inLanguage\":\"es\"},{\"@type\":\"Person\",\"@id\":\"https:\\\/\\\/hueleaazufre.com\\\/wordpress_a\\\/#\\\/schema\\\/person\\\/549dd871707ea7f9f1a686323ebe9baa\",\"name\":\"Huele a azufre\",\"image\":{\"@type\":\"ImageObject\",\"inLanguage\":\"es\",\"@id\":\"https:\\\/\\\/secure.gravatar.com\\\/avatar\\\/e972d5c124b9bf80eb4c9d322a90dd86a59d447f5da36700a77516f13637d44e?s=96&d=mm&r=g\",\"url\":\"https:\\\/\\\/secure.gravatar.com\\\/avatar\\\/e972d5c124b9bf80eb4c9d322a90dd86a59d447f5da36700a77516f13637d44e?s=96&d=mm&r=g\",\"contentUrl\":\"https:\\\/\\\/secure.gravatar.com\\\/avatar\\\/e972d5c124b9bf80eb4c9d322a90dd86a59d447f5da36700a77516f13637d44e?s=96&d=mm&r=g\",\"caption\":\"Huele a azufre\"},\"description\":\"Huele a azufre es una plataforma digital de an\u00e1lisis geopol\u00edtico\u00a0 contrahegem\u00f3nico, que busca visibilizar las voces y los discursos silenciados por el poder medi\u00e1tico.\",\"sameAs\":[\"https:\\\/\\\/hueleaazufre.com\\\/wordpress_a\"],\"url\":\"https:\\\/\\\/hueleaazufre.com\\\/wordpress_a\\\/index.php\\\/author\\\/admin_tupapa\\\/\"}]}<\/script>\n<!-- \/ Yoast SEO plugin. -->","yoast_head_json":{"title":"Circo represivo y otro golpe al gobierno de Milei: sorpresivo rechazo del DNU -","description":"Tratamiento sorpresivo y rechazo del mega Decreto de Necesidad y Urgencia (DNU) en el Senado; show represivo frente al narcotr\u00e1fico en la provincia de Santa Fe; esc\u00e1ndalo por el aumento del 50% del sueldo del presidente, y la publicaci\u00f3n del \u00edndice de inflaci\u00f3n, frente a la ca\u00edda de poder adquisitivo que no da tregua al bolsillo de les trabajadores.","robots":{"index":"index","follow":"follow","max-snippet":"max-snippet:-1","max-image-preview":"max-image-preview:large","max-video-preview":"max-video-preview:-1"},"canonical":"https:\/\/hueleaazufre.com\/wordpress_a\/index.php\/2024\/03\/20\/circo-represivo-y-otro-golpe-al-gobierno-de-milei-sorpresivo-rechazo-del-dnu\/","og_locale":"es_ES","og_type":"article","og_title":"Circo represivo y otro golpe al gobierno de Milei: sorpresivo rechazo del DNU -","og_description":"Tratamiento sorpresivo y rechazo del mega Decreto de Necesidad y Urgencia (DNU) en el Senado; show represivo frente al narcotr\u00e1fico en la provincia de Santa Fe; esc\u00e1ndalo por el aumento del 50% del sueldo del presidente, y la publicaci\u00f3n del \u00edndice de inflaci\u00f3n, frente a la ca\u00edda de poder adquisitivo que no da tregua al bolsillo de les trabajadores.","og_url":"https:\/\/hueleaazufre.com\/wordpress_a\/index.php\/2024\/03\/20\/circo-represivo-y-otro-golpe-al-gobierno-de-milei-sorpresivo-rechazo-del-dnu\/","article_published_time":"2024-03-20T01:44:27+00:00","article_modified_time":"2024-03-20T23:23:19+00:00","og_image":[{"width":806,"height":551,"url":"https:\/\/hueleaazufre.com\/wordpress_a\/wp-content\/uploads\/2024\/03\/6-322.jpg","type":"image\/jpeg"}],"author":"Huele a azufre","twitter_card":"summary_large_image","twitter_misc":{"Escrito por":"Huele a azufre","Tiempo de lectura":"12 minutos"},"schema":{"@context":"https:\/\/schema.org","@graph":[{"@type":"Article","@id":"https:\/\/hueleaazufre.com\/wordpress_a\/index.php\/2024\/03\/20\/circo-represivo-y-otro-golpe-al-gobierno-de-milei-sorpresivo-rechazo-del-dnu\/#article","isPartOf":{"@id":"https:\/\/hueleaazufre.com\/wordpress_a\/index.php\/2024\/03\/20\/circo-represivo-y-otro-golpe-al-gobierno-de-milei-sorpresivo-rechazo-del-dnu\/"},"author":{"name":"Huele a azufre","@id":"https:\/\/hueleaazufre.com\/wordpress_a\/#\/schema\/person\/549dd871707ea7f9f1a686323ebe9baa"},"headline":"Circo represivo y otro golpe al gobierno de Milei: sorpresivo rechazo del DNU","datePublished":"2024-03-20T01:44:27+00:00","dateModified":"2024-03-20T23:23:19+00:00","mainEntityOfPage":{"@id":"https:\/\/hueleaazufre.com\/wordpress_a\/index.php\/2024\/03\/20\/circo-represivo-y-otro-golpe-al-gobierno-de-milei-sorpresivo-rechazo-del-dnu\/"},"wordCount":2716,"commentCount":0,"image":{"@id":"https:\/\/hueleaazufre.com\/wordpress_a\/index.php\/2024\/03\/20\/circo-represivo-y-otro-golpe-al-gobierno-de-milei-sorpresivo-rechazo-del-dnu\/#primaryimage"},"thumbnailUrl":"https:\/\/hueleaazufre.com\/wordpress_a\/wp-content\/uploads\/2024\/03\/6-322.jpg","keywords":["Argentina","DNU","Javier Milei","Libertad Avanza"],"articleSection":["Medios aliados"],"inLanguage":"es","potentialAction":[{"@type":"CommentAction","name":"Comment","target":["https:\/\/hueleaazufre.com\/wordpress_a\/index.php\/2024\/03\/20\/circo-represivo-y-otro-golpe-al-gobierno-de-milei-sorpresivo-rechazo-del-dnu\/#respond"]}]},{"@type":"WebPage","@id":"https:\/\/hueleaazufre.com\/wordpress_a\/index.php\/2024\/03\/20\/circo-represivo-y-otro-golpe-al-gobierno-de-milei-sorpresivo-rechazo-del-dnu\/","url":"https:\/\/hueleaazufre.com\/wordpress_a\/index.php\/2024\/03\/20\/circo-represivo-y-otro-golpe-al-gobierno-de-milei-sorpresivo-rechazo-del-dnu\/","name":"Circo represivo y otro golpe al gobierno de Milei: sorpresivo rechazo del DNU -","isPartOf":{"@id":"https:\/\/hueleaazufre.com\/wordpress_a\/#website"},"primaryImageOfPage":{"@id":"https:\/\/hueleaazufre.com\/wordpress_a\/index.php\/2024\/03\/20\/circo-represivo-y-otro-golpe-al-gobierno-de-milei-sorpresivo-rechazo-del-dnu\/#primaryimage"},"image":{"@id":"https:\/\/hueleaazufre.com\/wordpress_a\/index.php\/2024\/03\/20\/circo-represivo-y-otro-golpe-al-gobierno-de-milei-sorpresivo-rechazo-del-dnu\/#primaryimage"},"thumbnailUrl":"https:\/\/hueleaazufre.com\/wordpress_a\/wp-content\/uploads\/2024\/03\/6-322.jpg","datePublished":"2024-03-20T01:44:27+00:00","dateModified":"2024-03-20T23:23:19+00:00","author":{"@id":"https:\/\/hueleaazufre.com\/wordpress_a\/#\/schema\/person\/549dd871707ea7f9f1a686323ebe9baa"},"description":"Tratamiento sorpresivo y rechazo del mega Decreto de Necesidad y Urgencia (DNU) en el Senado; show represivo frente al narcotr\u00e1fico en la provincia de Santa Fe; esc\u00e1ndalo por el aumento del 50% del sueldo del presidente, y la publicaci\u00f3n del \u00edndice de inflaci\u00f3n, frente a la ca\u00edda de poder adquisitivo que no da tregua al bolsillo de les trabajadores.","breadcrumb":{"@id":"https:\/\/hueleaazufre.com\/wordpress_a\/index.php\/2024\/03\/20\/circo-represivo-y-otro-golpe-al-gobierno-de-milei-sorpresivo-rechazo-del-dnu\/#breadcrumb"},"inLanguage":"es","potentialAction":[{"@type":"ReadAction","target":["https:\/\/hueleaazufre.com\/wordpress_a\/index.php\/2024\/03\/20\/circo-represivo-y-otro-golpe-al-gobierno-de-milei-sorpresivo-rechazo-del-dnu\/"]}]},{"@type":"ImageObject","inLanguage":"es","@id":"https:\/\/hueleaazufre.com\/wordpress_a\/index.php\/2024\/03\/20\/circo-represivo-y-otro-golpe-al-gobierno-de-milei-sorpresivo-rechazo-del-dnu\/#primaryimage","url":"https:\/\/hueleaazufre.com\/wordpress_a\/wp-content\/uploads\/2024\/03\/6-322.jpg","contentUrl":"https:\/\/hueleaazufre.com\/wordpress_a\/wp-content\/uploads\/2024\/03\/6-322.jpg","width":806,"height":551},{"@type":"BreadcrumbList","@id":"https:\/\/hueleaazufre.com\/wordpress_a\/index.php\/2024\/03\/20\/circo-represivo-y-otro-golpe-al-gobierno-de-milei-sorpresivo-rechazo-del-dnu\/#breadcrumb","itemListElement":[{"@type":"ListItem","position":1,"name":"Portada","item":"https:\/\/hueleaazufre.com\/wordpress_a\/"},{"@type":"ListItem","position":2,"name":"Circo represivo y otro golpe al gobierno de Milei: sorpresivo rechazo del DNU"}]},{"@type":"WebSite","@id":"https:\/\/hueleaazufre.com\/wordpress_a\/#website","url":"https:\/\/hueleaazufre.com\/wordpress_a\/","name":"","description":"Huele a azufre es una plataforma digital de an\u00e1lisis geopol\u00edtico.","potentialAction":[{"@type":"SearchAction","target":{"@type":"EntryPoint","urlTemplate":"https:\/\/hueleaazufre.com\/wordpress_a\/?s={search_term_string}"},"query-input":{"@type":"PropertyValueSpecification","valueRequired":true,"valueName":"search_term_string"}}],"inLanguage":"es"},{"@type":"Person","@id":"https:\/\/hueleaazufre.com\/wordpress_a\/#\/schema\/person\/549dd871707ea7f9f1a686323ebe9baa","name":"Huele a azufre","image":{"@type":"ImageObject","inLanguage":"es","@id":"https:\/\/secure.gravatar.com\/avatar\/e972d5c124b9bf80eb4c9d322a90dd86a59d447f5da36700a77516f13637d44e?s=96&d=mm&r=g","url":"https:\/\/secure.gravatar.com\/avatar\/e972d5c124b9bf80eb4c9d322a90dd86a59d447f5da36700a77516f13637d44e?s=96&d=mm&r=g","contentUrl":"https:\/\/secure.gravatar.com\/avatar\/e972d5c124b9bf80eb4c9d322a90dd86a59d447f5da36700a77516f13637d44e?s=96&d=mm&r=g","caption":"Huele a azufre"},"description":"Huele a azufre es una plataforma digital de an\u00e1lisis geopol\u00edtico\u00a0 contrahegem\u00f3nico, que busca visibilizar las voces y los discursos silenciados por el poder medi\u00e1tico.","sameAs":["https:\/\/hueleaazufre.com\/wordpress_a"],"url":"https:\/\/hueleaazufre.com\/wordpress_a\/index.php\/author\/admin_tupapa\/"}]}},"_links":{"self":[{"href":"https:\/\/hueleaazufre.com\/wordpress_a\/index.php\/wp-json\/wp\/v2\/posts\/829","targetHints":{"allow":["GET"]}}],"collection":[{"href":"https:\/\/hueleaazufre.com\/wordpress_a\/index.php\/wp-json\/wp\/v2\/posts"}],"about":[{"href":"https:\/\/hueleaazufre.com\/wordpress_a\/index.php\/wp-json\/wp\/v2\/types\/post"}],"author":[{"embeddable":true,"href":"https:\/\/hueleaazufre.com\/wordpress_a\/index.php\/wp-json\/wp\/v2\/users\/1"}],"replies":[{"embeddable":true,"href":"https:\/\/hueleaazufre.com\/wordpress_a\/index.php\/wp-json\/wp\/v2\/comments?post=829"}],"version-history":[{"count":1,"href":"https:\/\/hueleaazufre.com\/wordpress_a\/index.php\/wp-json\/wp\/v2\/posts\/829\/revisions"}],"predecessor-version":[{"id":831,"href":"https:\/\/hueleaazufre.com\/wordpress_a\/index.php\/wp-json\/wp\/v2\/posts\/829\/revisions\/831"}],"wp:featuredmedia":[{"embeddable":true,"href":"https:\/\/hueleaazufre.com\/wordpress_a\/index.php\/wp-json\/wp\/v2\/media\/830"}],"wp:attachment":[{"href":"https:\/\/hueleaazufre.com\/wordpress_a\/index.php\/wp-json\/wp\/v2\/media?parent=829"}],"wp:term":[{"taxonomy":"category","embeddable":true,"href":"https:\/\/hueleaazufre.com\/wordpress_a\/index.php\/wp-json\/wp\/v2\/categories?post=829"},{"taxonomy":"post_tag","embeddable":true,"href":"https:\/\/hueleaazufre.com\/wordpress_a\/index.php\/wp-json\/wp\/v2\/tags?post=829"}],"curies":[{"name":"wp","href":"https:\/\/api.w.org\/{rel}","templated":true}]}}