{"id":872,"date":"2024-03-25T14:16:24","date_gmt":"2024-03-25T14:16:24","guid":{"rendered":"https:\/\/hueleaazufre.com\/wordpress_a\/?p=872"},"modified":"2024-03-25T14:16:24","modified_gmt":"2024-03-25T14:16:24","slug":"un-putin-reelecto-que-no-tiene-respiro-la-guerra-en-ucrania-y-el-ataque-terrorista","status":"publish","type":"post","link":"https:\/\/hueleaazufre.com\/wordpress_a\/index.php\/2024\/03\/25\/un-putin-reelecto-que-no-tiene-respiro-la-guerra-en-ucrania-y-el-ataque-terrorista\/","title":{"rendered":"Un Putin reelecto que no tiene respiro: la guerra en Ucrania y el ataque terrorista"},"content":{"rendered":"<h2><i><span style=\"font-weight: 400;\">Repaso por las problem\u00e1ticas que Vladimir Putin deber\u00e1 enfrentar en su nuevo mandato como presidente de Rusia. Los desaf\u00edos econ\u00f3micos.<\/span><\/i><\/h2>\n<p><span style=\"font-weight: 400;\">El pasado domingo 17 de marzo, la Comisi\u00f3n Electoral Central de la Federaci\u00f3n de Rusia confirm\u00f3 que, con un 87% de los votos, Vladimir Putin conquist\u00f3 su reelecci\u00f3n presidencial. El organismo inform\u00f3 tambi\u00e9n que la participaci\u00f3n electoral fue de un 73%. Nikol\u00e1i Jarit\u00f3nov, del Partido Comunista, obtuvo un 4% de los votos, seguido por Vladislav Davankov del Nuevo Partido Popular con 3,86%, y Leonid Slutski del Partido Liberal Democr\u00e1tico de Rusia, con el 3%.\u00a0<\/span><\/p>\n<p><span style=\"font-weight: 400;\">Reducidos en su volumen electoral, ninguno de las tres fuerzas pol\u00edticas de la oposici\u00f3n se oponen a la operaci\u00f3n militar especial de las Fuerzas Armadas rusas que desat\u00f3 la guerra contra la OTAN hace dos a\u00f1os atr\u00e1s, se\u00f1alando, incluso, que la legitimidad de los objetivos estrat\u00e9gicos de Putin superan a su ya apabullante caudal electoral.<\/span><\/p>\n<p><span style=\"font-weight: 400;\">En agosto de este a\u00f1o, Vladimir Putin cumplir\u00e1 un cuarto de siglo en el centro de la pol\u00edtica rusa. Ex miembro de la KGB, su primer cargo p\u00fablico fue en 1990, cuando asumi\u00f3 como director de relaciones internacionales de la Ciudad de San Petersburgo. Nueve a\u00f1os despu\u00e9s, asumir\u00eda como Primer Ministro de Boris Yeltsin. \u00c9ste \u00faltimo, acorralado por las denuncias de corrupci\u00f3n y por la grave situaci\u00f3n socioecon\u00f3mica, le dejar\u00eda a Putin la presidencia de la Federaci\u00f3n de manera interina.<\/span><\/p>\n<p><a href=\"https:\/\/www.instagram.com\/p\/C41k0xSrxyQ\/?utm_source=ig_embed&amp;ig_rid=7cf4be52-96bc-4904-b327-683c561974a9\"><span style=\"font-weight: 400;\">Se reportaron 40 muertes y m\u00e1s de 140 heridos\ud83d\udd34 \u2b55El grupo terrorista Estado Isl\u00e1mico (ISIS, por sus siglas en ingl\u00e9s) se atribuy\u00f3 la\u2026 | Instagram<\/span><\/a><\/p>\n<p><span style=\"font-weight: 400;\">La implosi\u00f3n de la Uni\u00f3n de Rep\u00fablicas Socialistas Sovi\u00e9ticas (URSS) y el cambio en el sistema sociopol\u00edtico que aconteci\u00f3 a inicios de la d\u00e9cada del noventa constituy\u00f3 una verdadera cat\u00e1strofe. Al igual que en la Alemania Oriental, el advenimiento de la \u201csociedad de mercado\u201d fue una verdadera calamidad para los millones de ciudadanos de a pie, que vivieron un brutal aumento en el costo de la vida diaria, incluida una enorme escasez de alimentos en las g\u00f3ndolas de los mercados.\u00a0<\/span><\/p>\n<p><span style=\"font-weight: 400;\">El desarme econ\u00f3mico, tecnol\u00f3gico, industrial y pol\u00edtico del gobierno de Boris Yeltsin, en l\u00ednea con las pol\u00edticas neoliberales y tratando de ser un obediente aliado de los Estados Unidos, implic\u00f3 en el ciclo 1990-1999 una ca\u00edda del 45% del PBI de la Federaci\u00f3n de Rusia.<\/span><\/p>\n<p><span style=\"font-weight: 400;\">Con la llegada de Vladimir Putin, Rusia vivi\u00f3 un refortalecimiento geopol\u00edtico. La contundente respuesta de Mosc\u00fa en la segunda Guerra de Chechenia sirvi\u00f3 como el plaf\u00f3n de legitimidad que lo llev\u00f3 a reordenar el complejo sistema pol\u00edtico ruso \u2014con 89 entidades federales\u2014 en torno a su figura y ganar sus primeras elecciones presidenciales con el 53% de los votos.\u00a0<\/span><\/p>\n<p><span style=\"font-weight: 400;\">Su mano firme y, tambi\u00e9n, su habilidad negociadora, han hecho que esos niveles de legitimidad nunca hayan sido verdaderamente puestos en cuesti\u00f3n. Hasta los m\u00e1s importantes se\u00f1ores de la guerra chechenos, musulmanes y separatistas, se han alineado en su liderazgo y han ido a Ucrania a combatir en su nombre, de indudable vinculaci\u00f3n con el cristianismo ortodoxo ruso, una de las fuentes ideol\u00f3gicas de su nacionalismo panruso. Putin no es s\u00f3lo un hombre. Putin es la personificaci\u00f3n de una fuerza social que alinea a la casi totalidad de actores econ\u00f3micos, pol\u00edticos y estrat\u00e9gicos del pa\u00eds.<\/span><\/p>\n<h2><b>Del Heartland al giro \u201csin l\u00edmites\u201d a Oriente<\/b><\/h2>\n<p><span style=\"font-weight: 400;\">A partir de su potencialidad energ\u00e9tica y militar, y de su ubicaci\u00f3n geoespacial, el proyecto econ\u00f3mico, pol\u00edtico y social que orient\u00f3 al putinismo era el de la construcci\u00f3n de la \u201cUnidad Econ\u00f3mica Euroasi\u00e1tica\u201d, una iniciativa estrat\u00e9gica vinculada a la idea de posicionar a Rusia como la Heartland de la teor\u00eda del ge\u00f3grafo y estadista brit\u00e1nico Halford John Mackinder.<\/span><\/p>\n<p><span style=\"font-weight: 400;\">All\u00ed, se visualiza a los territorios de la Federaci\u00f3n de Rusia como el pivote entre Europa Occidental \u2014Alemania\u2014 y el Extremo Oriente \u2014China\u2014 para construir el amenazante \u201cImperio de la Tierra\u201d, la \u00fanica fuerza capaz de doblegar al \u201cImperio del Mar\u201d, es decir, el espacio geopol\u00edtico del Atl\u00e1ntico Norte, dominio primigenio del Capital Angloamericano que conduce los destinos econ\u00f3micos mundiales desde hace m\u00e1s de 200 a\u00f1os.<\/span><\/p>\n<p><a href=\"http:\/\/Lo que se sabe de los autores del atentado en el Crocus City Hall - RT\"><b>Para leer sobre los perpetradores del atentado terrorista al <\/b><b>Crocus City Hall de Mosc\u00fa<\/b><\/a><\/p>\n<p><span style=\"font-weight: 400;\">A partir de sus enormes capacidades energ\u00e9ticas, respaldadas en un potente complejo militar-industrial heredado de la URSS, Putin ensay\u00f3 durante a\u00f1os un entendimiento con las potencias europeas. Pero la salida del poder de \u00c1ngela Merkel determin\u00f3 un desplazamiento de los ya tensos marcos de entendimiento con la Uni\u00f3n Europea.\u00a0<\/span><\/p>\n<p><span style=\"font-weight: 400;\">La llegada del socialdem\u00f3crata Olaf Scholz determin\u00f3 un silencioso, pero profundo, giro geopol\u00edtico en Berl\u00edn hacia Washington, mucho m\u00e1s amigable desde la llegada de Joe Biden a la Casa Blanca en 2020. El multilateralismo globalista relanz\u00f3 el G7 como el espacio para el entendimiento atlantista, y aline\u00f3 a Rusia como un importante eslab\u00f3n a atacar en la guerra por \u201cganar el siglo XXI\u201d a China.<\/span><\/p>\n<p><span style=\"font-weight: 400;\">As\u00ed, para Rusia, quedan pocas dudas. Muchos de sus analistas coinciden en afirmar que el motivo estrat\u00e9gico que determin\u00f3 la guerra en Ucrania fue extra\u00f1o a ese territorio, y tuvo que ver con la inminente puesta en marcha del gasoducto Nord Stream II, destinado a proveer desde el Mar B\u00e1ltico energ\u00eda barata al complejo industrial germano-franc\u00e9s.<\/span><\/p>\n<p><b>Autores: <\/b><b>Paula Gim\u00e9nez y Mat\u00edas Caciabue\/ El Destape<\/b><\/p>\n<p><b><i>Para leer el art\u00edculo original: <\/i><\/b><a href=\"https:\/\/www.eldestapeweb.com\/internacionales\/rusia\/un-putin-reelecto-que-no-tiene-respiro-la-guerra-en-ucrania-y-el-ataque-terrorista-202432310570\"><b><i>Un Putin reelecto que no tiene respiro: la guerra en Ucrania y el ataque terrorista | El Destape (eldestapeweb.com)<\/i><\/b><\/a><\/p>\n","protected":false},"excerpt":{"rendered":"<p>Repaso por las problem\u00e1ticas que Vladimir Putin deber\u00e1 enfrentar en su nuevo mandato como presidente&#8230;<\/p>\n","protected":false},"author":1,"featured_media":873,"comment_status":"open","ping_status":"closed","sticky":false,"template":"","format":"standard","meta":{"footnotes":""},"categories":[56,59],"tags":[200,89,121,134,162],"class_list":["post-872","post","type-post","status-publish","format-standard","has-post-thumbnail","hentry","category-medios-aliados","category-paula-gimenez","tag-ataque-terrorista","tag-ee-uu","tag-putin","tag-rusia","tag-ucrania"],"yoast_head":"<!-- This site is optimized with the Yoast SEO plugin v27.5 - https:\/\/yoast.com\/product\/yoast-seo-wordpress\/ -->\n<title>Un Putin reelecto que no tiene respiro: la guerra en Ucrania y el ataque terrorista -<\/title>\n<meta name=\"description\" content=\"Repaso por las problem\u00e1ticas que Vladimir Putin deber\u00e1 enfrentar en su nuevo mandato como presidente de Rusia. Los desaf\u00edos econ\u00f3micos.\" \/>\n<meta name=\"robots\" content=\"index, follow, max-snippet:-1, max-image-preview:large, max-video-preview:-1\" \/>\n<link rel=\"canonical\" href=\"https:\/\/hueleaazufre.com\/wordpress_a\/index.php\/2024\/03\/25\/un-putin-reelecto-que-no-tiene-respiro-la-guerra-en-ucrania-y-el-ataque-terrorista\/\" \/>\n<meta property=\"og:locale\" content=\"es_ES\" \/>\n<meta property=\"og:type\" content=\"article\" \/>\n<meta property=\"og:title\" content=\"Un Putin reelecto que no tiene respiro: la guerra en Ucrania y el ataque terrorista -\" \/>\n<meta property=\"og:description\" content=\"Repaso por las problem\u00e1ticas que Vladimir Putin deber\u00e1 enfrentar en su nuevo mandato como presidente de Rusia. Los desaf\u00edos econ\u00f3micos.\" \/>\n<meta property=\"og:url\" content=\"https:\/\/hueleaazufre.com\/wordpress_a\/index.php\/2024\/03\/25\/un-putin-reelecto-que-no-tiene-respiro-la-guerra-en-ucrania-y-el-ataque-terrorista\/\" \/>\n<meta property=\"article:published_time\" content=\"2024-03-25T14:16:24+00:00\" \/>\n<meta property=\"og:image\" content=\"https:\/\/hueleaazufre.com\/wordpress_a\/wp-content\/uploads\/2024\/03\/imagen-archivo-presidente-rusia-vladimir-putin_97.jpg\" \/>\n\t<meta property=\"og:image:width\" content=\"1312\" \/>\n\t<meta property=\"og:image:height\" content=\"900\" \/>\n\t<meta property=\"og:image:type\" content=\"image\/jpeg\" \/>\n<meta name=\"author\" content=\"Huele a azufre\" \/>\n<meta name=\"twitter:card\" content=\"summary_large_image\" \/>\n<meta name=\"twitter:label1\" content=\"Escrito por\" \/>\n\t<meta name=\"twitter:data1\" content=\"Huele a azufre\" \/>\n\t<meta name=\"twitter:label2\" content=\"Tiempo de lectura\" \/>\n\t<meta name=\"twitter:data2\" content=\"5 minutos\" \/>\n<script type=\"application\/ld+json\" class=\"yoast-schema-graph\">{\"@context\":\"https:\\\/\\\/schema.org\",\"@graph\":[{\"@type\":\"Article\",\"@id\":\"https:\\\/\\\/hueleaazufre.com\\\/wordpress_a\\\/index.php\\\/2024\\\/03\\\/25\\\/un-putin-reelecto-que-no-tiene-respiro-la-guerra-en-ucrania-y-el-ataque-terrorista\\\/#article\",\"isPartOf\":{\"@id\":\"https:\\\/\\\/hueleaazufre.com\\\/wordpress_a\\\/index.php\\\/2024\\\/03\\\/25\\\/un-putin-reelecto-que-no-tiene-respiro-la-guerra-en-ucrania-y-el-ataque-terrorista\\\/\"},\"author\":{\"name\":\"Huele a azufre\",\"@id\":\"https:\\\/\\\/hueleaazufre.com\\\/wordpress_a\\\/#\\\/schema\\\/person\\\/549dd871707ea7f9f1a686323ebe9baa\"},\"headline\":\"Un Putin reelecto que no tiene respiro: la guerra en Ucrania y el ataque terrorista\",\"datePublished\":\"2024-03-25T14:16:24+00:00\",\"mainEntityOfPage\":{\"@id\":\"https:\\\/\\\/hueleaazufre.com\\\/wordpress_a\\\/index.php\\\/2024\\\/03\\\/25\\\/un-putin-reelecto-que-no-tiene-respiro-la-guerra-en-ucrania-y-el-ataque-terrorista\\\/\"},\"wordCount\":977,\"commentCount\":0,\"image\":{\"@id\":\"https:\\\/\\\/hueleaazufre.com\\\/wordpress_a\\\/index.php\\\/2024\\\/03\\\/25\\\/un-putin-reelecto-que-no-tiene-respiro-la-guerra-en-ucrania-y-el-ataque-terrorista\\\/#primaryimage\"},\"thumbnailUrl\":\"https:\\\/\\\/hueleaazufre.com\\\/wordpress_a\\\/wp-content\\\/uploads\\\/2024\\\/03\\\/imagen-archivo-presidente-rusia-vladimir-putin_97.jpg\",\"keywords\":[\"ataque terrorista\",\"EE.UU\",\"Putin\",\"Rusia\",\"Ucrania\"],\"articleSection\":[\"Medios aliados\",\"Paula Gim\u00e9nez\"],\"inLanguage\":\"es\",\"potentialAction\":[{\"@type\":\"CommentAction\",\"name\":\"Comment\",\"target\":[\"https:\\\/\\\/hueleaazufre.com\\\/wordpress_a\\\/index.php\\\/2024\\\/03\\\/25\\\/un-putin-reelecto-que-no-tiene-respiro-la-guerra-en-ucrania-y-el-ataque-terrorista\\\/#respond\"]}]},{\"@type\":\"WebPage\",\"@id\":\"https:\\\/\\\/hueleaazufre.com\\\/wordpress_a\\\/index.php\\\/2024\\\/03\\\/25\\\/un-putin-reelecto-que-no-tiene-respiro-la-guerra-en-ucrania-y-el-ataque-terrorista\\\/\",\"url\":\"https:\\\/\\\/hueleaazufre.com\\\/wordpress_a\\\/index.php\\\/2024\\\/03\\\/25\\\/un-putin-reelecto-que-no-tiene-respiro-la-guerra-en-ucrania-y-el-ataque-terrorista\\\/\",\"name\":\"Un Putin reelecto que no tiene respiro: la guerra en Ucrania y el ataque terrorista -\",\"isPartOf\":{\"@id\":\"https:\\\/\\\/hueleaazufre.com\\\/wordpress_a\\\/#website\"},\"primaryImageOfPage\":{\"@id\":\"https:\\\/\\\/hueleaazufre.com\\\/wordpress_a\\\/index.php\\\/2024\\\/03\\\/25\\\/un-putin-reelecto-que-no-tiene-respiro-la-guerra-en-ucrania-y-el-ataque-terrorista\\\/#primaryimage\"},\"image\":{\"@id\":\"https:\\\/\\\/hueleaazufre.com\\\/wordpress_a\\\/index.php\\\/2024\\\/03\\\/25\\\/un-putin-reelecto-que-no-tiene-respiro-la-guerra-en-ucrania-y-el-ataque-terrorista\\\/#primaryimage\"},\"thumbnailUrl\":\"https:\\\/\\\/hueleaazufre.com\\\/wordpress_a\\\/wp-content\\\/uploads\\\/2024\\\/03\\\/imagen-archivo-presidente-rusia-vladimir-putin_97.jpg\",\"datePublished\":\"2024-03-25T14:16:24+00:00\",\"author\":{\"@id\":\"https:\\\/\\\/hueleaazufre.com\\\/wordpress_a\\\/#\\\/schema\\\/person\\\/549dd871707ea7f9f1a686323ebe9baa\"},\"description\":\"Repaso por las problem\u00e1ticas que Vladimir Putin deber\u00e1 enfrentar en su nuevo mandato como presidente de Rusia. Los desaf\u00edos econ\u00f3micos.\",\"breadcrumb\":{\"@id\":\"https:\\\/\\\/hueleaazufre.com\\\/wordpress_a\\\/index.php\\\/2024\\\/03\\\/25\\\/un-putin-reelecto-que-no-tiene-respiro-la-guerra-en-ucrania-y-el-ataque-terrorista\\\/#breadcrumb\"},\"inLanguage\":\"es\",\"potentialAction\":[{\"@type\":\"ReadAction\",\"target\":[\"https:\\\/\\\/hueleaazufre.com\\\/wordpress_a\\\/index.php\\\/2024\\\/03\\\/25\\\/un-putin-reelecto-que-no-tiene-respiro-la-guerra-en-ucrania-y-el-ataque-terrorista\\\/\"]}]},{\"@type\":\"ImageObject\",\"inLanguage\":\"es\",\"@id\":\"https:\\\/\\\/hueleaazufre.com\\\/wordpress_a\\\/index.php\\\/2024\\\/03\\\/25\\\/un-putin-reelecto-que-no-tiene-respiro-la-guerra-en-ucrania-y-el-ataque-terrorista\\\/#primaryimage\",\"url\":\"https:\\\/\\\/hueleaazufre.com\\\/wordpress_a\\\/wp-content\\\/uploads\\\/2024\\\/03\\\/imagen-archivo-presidente-rusia-vladimir-putin_97.jpg\",\"contentUrl\":\"https:\\\/\\\/hueleaazufre.com\\\/wordpress_a\\\/wp-content\\\/uploads\\\/2024\\\/03\\\/imagen-archivo-presidente-rusia-vladimir-putin_97.jpg\",\"width\":1312,\"height\":900},{\"@type\":\"BreadcrumbList\",\"@id\":\"https:\\\/\\\/hueleaazufre.com\\\/wordpress_a\\\/index.php\\\/2024\\\/03\\\/25\\\/un-putin-reelecto-que-no-tiene-respiro-la-guerra-en-ucrania-y-el-ataque-terrorista\\\/#breadcrumb\",\"itemListElement\":[{\"@type\":\"ListItem\",\"position\":1,\"name\":\"Portada\",\"item\":\"https:\\\/\\\/hueleaazufre.com\\\/wordpress_a\\\/\"},{\"@type\":\"ListItem\",\"position\":2,\"name\":\"Un Putin reelecto que no tiene respiro: la guerra en Ucrania y el ataque terrorista\"}]},{\"@type\":\"WebSite\",\"@id\":\"https:\\\/\\\/hueleaazufre.com\\\/wordpress_a\\\/#website\",\"url\":\"https:\\\/\\\/hueleaazufre.com\\\/wordpress_a\\\/\",\"name\":\"\",\"description\":\"Huele a azufre es una plataforma digital de an\u00e1lisis geopol\u00edtico.\",\"potentialAction\":[{\"@type\":\"SearchAction\",\"target\":{\"@type\":\"EntryPoint\",\"urlTemplate\":\"https:\\\/\\\/hueleaazufre.com\\\/wordpress_a\\\/?s={search_term_string}\"},\"query-input\":{\"@type\":\"PropertyValueSpecification\",\"valueRequired\":true,\"valueName\":\"search_term_string\"}}],\"inLanguage\":\"es\"},{\"@type\":\"Person\",\"@id\":\"https:\\\/\\\/hueleaazufre.com\\\/wordpress_a\\\/#\\\/schema\\\/person\\\/549dd871707ea7f9f1a686323ebe9baa\",\"name\":\"Huele a azufre\",\"image\":{\"@type\":\"ImageObject\",\"inLanguage\":\"es\",\"@id\":\"https:\\\/\\\/secure.gravatar.com\\\/avatar\\\/e972d5c124b9bf80eb4c9d322a90dd86a59d447f5da36700a77516f13637d44e?s=96&d=mm&r=g\",\"url\":\"https:\\\/\\\/secure.gravatar.com\\\/avatar\\\/e972d5c124b9bf80eb4c9d322a90dd86a59d447f5da36700a77516f13637d44e?s=96&d=mm&r=g\",\"contentUrl\":\"https:\\\/\\\/secure.gravatar.com\\\/avatar\\\/e972d5c124b9bf80eb4c9d322a90dd86a59d447f5da36700a77516f13637d44e?s=96&d=mm&r=g\",\"caption\":\"Huele a azufre\"},\"description\":\"Huele a azufre es una plataforma digital de an\u00e1lisis geopol\u00edtico\u00a0 contrahegem\u00f3nico, que busca visibilizar las voces y los discursos silenciados por el poder medi\u00e1tico.\",\"sameAs\":[\"https:\\\/\\\/hueleaazufre.com\\\/wordpress_a\"],\"url\":\"https:\\\/\\\/hueleaazufre.com\\\/wordpress_a\\\/index.php\\\/author\\\/admin_tupapa\\\/\"}]}<\/script>\n<!-- \/ Yoast SEO plugin. -->","yoast_head_json":{"title":"Un Putin reelecto que no tiene respiro: la guerra en Ucrania y el ataque terrorista -","description":"Repaso por las problem\u00e1ticas que Vladimir Putin deber\u00e1 enfrentar en su nuevo mandato como presidente de Rusia. Los desaf\u00edos econ\u00f3micos.","robots":{"index":"index","follow":"follow","max-snippet":"max-snippet:-1","max-image-preview":"max-image-preview:large","max-video-preview":"max-video-preview:-1"},"canonical":"https:\/\/hueleaazufre.com\/wordpress_a\/index.php\/2024\/03\/25\/un-putin-reelecto-que-no-tiene-respiro-la-guerra-en-ucrania-y-el-ataque-terrorista\/","og_locale":"es_ES","og_type":"article","og_title":"Un Putin reelecto que no tiene respiro: la guerra en Ucrania y el ataque terrorista -","og_description":"Repaso por las problem\u00e1ticas que Vladimir Putin deber\u00e1 enfrentar en su nuevo mandato como presidente de Rusia. Los desaf\u00edos econ\u00f3micos.","og_url":"https:\/\/hueleaazufre.com\/wordpress_a\/index.php\/2024\/03\/25\/un-putin-reelecto-que-no-tiene-respiro-la-guerra-en-ucrania-y-el-ataque-terrorista\/","article_published_time":"2024-03-25T14:16:24+00:00","og_image":[{"width":1312,"height":900,"url":"https:\/\/hueleaazufre.com\/wordpress_a\/wp-content\/uploads\/2024\/03\/imagen-archivo-presidente-rusia-vladimir-putin_97.jpg","type":"image\/jpeg"}],"author":"Huele a azufre","twitter_card":"summary_large_image","twitter_misc":{"Escrito por":"Huele a azufre","Tiempo de lectura":"5 minutos"},"schema":{"@context":"https:\/\/schema.org","@graph":[{"@type":"Article","@id":"https:\/\/hueleaazufre.com\/wordpress_a\/index.php\/2024\/03\/25\/un-putin-reelecto-que-no-tiene-respiro-la-guerra-en-ucrania-y-el-ataque-terrorista\/#article","isPartOf":{"@id":"https:\/\/hueleaazufre.com\/wordpress_a\/index.php\/2024\/03\/25\/un-putin-reelecto-que-no-tiene-respiro-la-guerra-en-ucrania-y-el-ataque-terrorista\/"},"author":{"name":"Huele a azufre","@id":"https:\/\/hueleaazufre.com\/wordpress_a\/#\/schema\/person\/549dd871707ea7f9f1a686323ebe9baa"},"headline":"Un Putin reelecto que no tiene respiro: la guerra en Ucrania y el ataque terrorista","datePublished":"2024-03-25T14:16:24+00:00","mainEntityOfPage":{"@id":"https:\/\/hueleaazufre.com\/wordpress_a\/index.php\/2024\/03\/25\/un-putin-reelecto-que-no-tiene-respiro-la-guerra-en-ucrania-y-el-ataque-terrorista\/"},"wordCount":977,"commentCount":0,"image":{"@id":"https:\/\/hueleaazufre.com\/wordpress_a\/index.php\/2024\/03\/25\/un-putin-reelecto-que-no-tiene-respiro-la-guerra-en-ucrania-y-el-ataque-terrorista\/#primaryimage"},"thumbnailUrl":"https:\/\/hueleaazufre.com\/wordpress_a\/wp-content\/uploads\/2024\/03\/imagen-archivo-presidente-rusia-vladimir-putin_97.jpg","keywords":["ataque terrorista","EE.UU","Putin","Rusia","Ucrania"],"articleSection":["Medios aliados","Paula Gim\u00e9nez"],"inLanguage":"es","potentialAction":[{"@type":"CommentAction","name":"Comment","target":["https:\/\/hueleaazufre.com\/wordpress_a\/index.php\/2024\/03\/25\/un-putin-reelecto-que-no-tiene-respiro-la-guerra-en-ucrania-y-el-ataque-terrorista\/#respond"]}]},{"@type":"WebPage","@id":"https:\/\/hueleaazufre.com\/wordpress_a\/index.php\/2024\/03\/25\/un-putin-reelecto-que-no-tiene-respiro-la-guerra-en-ucrania-y-el-ataque-terrorista\/","url":"https:\/\/hueleaazufre.com\/wordpress_a\/index.php\/2024\/03\/25\/un-putin-reelecto-que-no-tiene-respiro-la-guerra-en-ucrania-y-el-ataque-terrorista\/","name":"Un Putin reelecto que no tiene respiro: la guerra en Ucrania y el ataque terrorista -","isPartOf":{"@id":"https:\/\/hueleaazufre.com\/wordpress_a\/#website"},"primaryImageOfPage":{"@id":"https:\/\/hueleaazufre.com\/wordpress_a\/index.php\/2024\/03\/25\/un-putin-reelecto-que-no-tiene-respiro-la-guerra-en-ucrania-y-el-ataque-terrorista\/#primaryimage"},"image":{"@id":"https:\/\/hueleaazufre.com\/wordpress_a\/index.php\/2024\/03\/25\/un-putin-reelecto-que-no-tiene-respiro-la-guerra-en-ucrania-y-el-ataque-terrorista\/#primaryimage"},"thumbnailUrl":"https:\/\/hueleaazufre.com\/wordpress_a\/wp-content\/uploads\/2024\/03\/imagen-archivo-presidente-rusia-vladimir-putin_97.jpg","datePublished":"2024-03-25T14:16:24+00:00","author":{"@id":"https:\/\/hueleaazufre.com\/wordpress_a\/#\/schema\/person\/549dd871707ea7f9f1a686323ebe9baa"},"description":"Repaso por las problem\u00e1ticas que Vladimir Putin deber\u00e1 enfrentar en su nuevo mandato como presidente de Rusia. Los desaf\u00edos econ\u00f3micos.","breadcrumb":{"@id":"https:\/\/hueleaazufre.com\/wordpress_a\/index.php\/2024\/03\/25\/un-putin-reelecto-que-no-tiene-respiro-la-guerra-en-ucrania-y-el-ataque-terrorista\/#breadcrumb"},"inLanguage":"es","potentialAction":[{"@type":"ReadAction","target":["https:\/\/hueleaazufre.com\/wordpress_a\/index.php\/2024\/03\/25\/un-putin-reelecto-que-no-tiene-respiro-la-guerra-en-ucrania-y-el-ataque-terrorista\/"]}]},{"@type":"ImageObject","inLanguage":"es","@id":"https:\/\/hueleaazufre.com\/wordpress_a\/index.php\/2024\/03\/25\/un-putin-reelecto-que-no-tiene-respiro-la-guerra-en-ucrania-y-el-ataque-terrorista\/#primaryimage","url":"https:\/\/hueleaazufre.com\/wordpress_a\/wp-content\/uploads\/2024\/03\/imagen-archivo-presidente-rusia-vladimir-putin_97.jpg","contentUrl":"https:\/\/hueleaazufre.com\/wordpress_a\/wp-content\/uploads\/2024\/03\/imagen-archivo-presidente-rusia-vladimir-putin_97.jpg","width":1312,"height":900},{"@type":"BreadcrumbList","@id":"https:\/\/hueleaazufre.com\/wordpress_a\/index.php\/2024\/03\/25\/un-putin-reelecto-que-no-tiene-respiro-la-guerra-en-ucrania-y-el-ataque-terrorista\/#breadcrumb","itemListElement":[{"@type":"ListItem","position":1,"name":"Portada","item":"https:\/\/hueleaazufre.com\/wordpress_a\/"},{"@type":"ListItem","position":2,"name":"Un Putin reelecto que no tiene respiro: la guerra en Ucrania y el ataque terrorista"}]},{"@type":"WebSite","@id":"https:\/\/hueleaazufre.com\/wordpress_a\/#website","url":"https:\/\/hueleaazufre.com\/wordpress_a\/","name":"","description":"Huele a azufre es una plataforma digital de an\u00e1lisis geopol\u00edtico.","potentialAction":[{"@type":"SearchAction","target":{"@type":"EntryPoint","urlTemplate":"https:\/\/hueleaazufre.com\/wordpress_a\/?s={search_term_string}"},"query-input":{"@type":"PropertyValueSpecification","valueRequired":true,"valueName":"search_term_string"}}],"inLanguage":"es"},{"@type":"Person","@id":"https:\/\/hueleaazufre.com\/wordpress_a\/#\/schema\/person\/549dd871707ea7f9f1a686323ebe9baa","name":"Huele a azufre","image":{"@type":"ImageObject","inLanguage":"es","@id":"https:\/\/secure.gravatar.com\/avatar\/e972d5c124b9bf80eb4c9d322a90dd86a59d447f5da36700a77516f13637d44e?s=96&d=mm&r=g","url":"https:\/\/secure.gravatar.com\/avatar\/e972d5c124b9bf80eb4c9d322a90dd86a59d447f5da36700a77516f13637d44e?s=96&d=mm&r=g","contentUrl":"https:\/\/secure.gravatar.com\/avatar\/e972d5c124b9bf80eb4c9d322a90dd86a59d447f5da36700a77516f13637d44e?s=96&d=mm&r=g","caption":"Huele a azufre"},"description":"Huele a azufre es una plataforma digital de an\u00e1lisis geopol\u00edtico\u00a0 contrahegem\u00f3nico, que busca visibilizar las voces y los discursos silenciados por el poder medi\u00e1tico.","sameAs":["https:\/\/hueleaazufre.com\/wordpress_a"],"url":"https:\/\/hueleaazufre.com\/wordpress_a\/index.php\/author\/admin_tupapa\/"}]}},"_links":{"self":[{"href":"https:\/\/hueleaazufre.com\/wordpress_a\/index.php\/wp-json\/wp\/v2\/posts\/872","targetHints":{"allow":["GET"]}}],"collection":[{"href":"https:\/\/hueleaazufre.com\/wordpress_a\/index.php\/wp-json\/wp\/v2\/posts"}],"about":[{"href":"https:\/\/hueleaazufre.com\/wordpress_a\/index.php\/wp-json\/wp\/v2\/types\/post"}],"author":[{"embeddable":true,"href":"https:\/\/hueleaazufre.com\/wordpress_a\/index.php\/wp-json\/wp\/v2\/users\/1"}],"replies":[{"embeddable":true,"href":"https:\/\/hueleaazufre.com\/wordpress_a\/index.php\/wp-json\/wp\/v2\/comments?post=872"}],"version-history":[{"count":1,"href":"https:\/\/hueleaazufre.com\/wordpress_a\/index.php\/wp-json\/wp\/v2\/posts\/872\/revisions"}],"predecessor-version":[{"id":874,"href":"https:\/\/hueleaazufre.com\/wordpress_a\/index.php\/wp-json\/wp\/v2\/posts\/872\/revisions\/874"}],"wp:featuredmedia":[{"embeddable":true,"href":"https:\/\/hueleaazufre.com\/wordpress_a\/index.php\/wp-json\/wp\/v2\/media\/873"}],"wp:attachment":[{"href":"https:\/\/hueleaazufre.com\/wordpress_a\/index.php\/wp-json\/wp\/v2\/media?parent=872"}],"wp:term":[{"taxonomy":"category","embeddable":true,"href":"https:\/\/hueleaazufre.com\/wordpress_a\/index.php\/wp-json\/wp\/v2\/categories?post=872"},{"taxonomy":"post_tag","embeddable":true,"href":"https:\/\/hueleaazufre.com\/wordpress_a\/index.php\/wp-json\/wp\/v2\/tags?post=872"}],"curies":[{"name":"wp","href":"https:\/\/api.w.org\/{rel}","templated":true}]}}