{"id":986,"date":"2024-05-03T01:28:38","date_gmt":"2024-05-03T01:28:38","guid":{"rendered":"https:\/\/hueleaazufre.com\/wordpress_a\/?p=986"},"modified":"2024-05-03T01:38:05","modified_gmt":"2024-05-03T01:38:05","slug":"a-70-anos-de-la-batalla-de-dien-bien-phu-la-contribucion-de-vietnam-a-la-lucha-anticolonial","status":"publish","type":"post","link":"https:\/\/hueleaazufre.com\/wordpress_a\/index.php\/2024\/05\/03\/a-70-anos-de-la-batalla-de-dien-bien-phu-la-contribucion-de-vietnam-a-la-lucha-anticolonial\/","title":{"rendered":"A 70 a\u00f1os de la batalla de Dien Bien Phu: la contribuci\u00f3n de Vietnam a la lucha anticolonial"},"content":{"rendered":"<p><span style=\"font-weight: 400;\">El pr\u00f3ximo 7 de mayo se conmemorar\u00e1 el septuag\u00e9simo aniversario de la victoria del pueblo vietnamita en la batalla de Dien Bien Phu que dio al traste con el poder colonial franc\u00e9s en toda la pen\u00ednsula indochina. Esta batalla, junto a la guerra de independencia de Argelia concluida en 1962 y la batalla de Cuito Cuanavale finalizada en noviembre de 1988 por la acci\u00f3n conjunta de las fuerzas cubano-angolanas en el sur de este pa\u00eds, significaron las derrotas m\u00e1s contundentes propinadas al poder colonial europeo en la segunda mitad del siglo XX.<\/span><\/p>\n<p><span style=\"font-weight: 400;\">En diciembre de 1953, el presidente Ho Chi Minh,\u00a0 envi\u00f3 un mensaje a los cuadros y combatientes del Frente de Dien Bien Phu. En ella les dec\u00eda que ten\u00edan la misi\u00f3n de marchar hacia ese lugar donde se emplazaba un fuerte contingente franc\u00e9s al que deb\u00edan aniquilar, a fin de ampliar la resistencia y liberar a los compatriotas que a\u00fan sufr\u00edan el yugo del enemigo.<\/span><\/p>\n<p><span style=\"font-weight: 400;\">En su misiva, el presidente Ho recordaba los grandes \u00e9xitos obtenidos y las brillantes victorias de ese Frente. Ahora, despu\u00e9s de las campa\u00f1as de educaci\u00f3n pol\u00edtica e instrucci\u00f3n militar, hab\u00edan conseguido nuevos progresos. En esa situaci\u00f3n, deb\u00edan combatir con mayor valent\u00eda y a pesar de las dificultades, ten\u00edan que imponer su convicci\u00f3n inquebrantable en la victoria.<\/span><\/p>\n<p><span style=\"font-weight: 400;\">Dien Bien Phu es una ciudad ubicada en el valle Muong Thanh\u00a0en medio de una zona monta\u00f1osa al noroeste de Vietnam, a unos 320 Km de Hanoi. Es la capital de la provincia de Dien Bien y est\u00e1 situada a unos 35 Km de la frontera con Laos. El valle de Muong Thanh\u00a0est\u00e1 rodeado por una regi\u00f3n de selvas, campos de arroz y lagos.<\/span><\/p>\n<p><span style=\"font-weight: 400;\">Dos meses antes de la carta del presidente Ho a los combatientes, en octubre, el general Vo Nguyen Giap fue citado al Cuartel General del Alto Mando donde resid\u00eda el presidente Ho, para discutir el plan militar de la campa\u00f1a invierno primavera 1953-54.\u00a0<\/span><\/p>\n<p><span style=\"font-weight: 400;\">El Cuartel general se encontraba en la aldea de Khuoi Tat en la provincia Thai Nguyen, al noreste del pa\u00eds. Adem\u00e1s del presidente Ho, en la reuni\u00f3n participaron Truong Chinh y Pham Van Dong, ambos miembros del Bur\u00f3 Pol\u00edtico del Partido Comunista de Vietnam (PCV) y el general Hoang Van Thai. En enero, el general Giap fue designado comandante en jefe del Frente de Dien Bien Phu mientras que el general Hoang Van Thai\u00a0 fue nombrado jefe de Estado Mayor de ese Frente.\u00a0<\/span><\/p>\n<p><span style=\"font-weight: 400;\">Desde mayo, el ej\u00e9rcito franc\u00e9s de ocupaci\u00f3n ten\u00eda un nuevo jefe: el general Henri Navarre que se caracterizaba por su intensa actividad y una brutalidad sin l\u00edmites contra la poblaci\u00f3n civil. Su plan consist\u00eda en concentrar una enorme fuerza m\u00f3vil sin precedentes en Vietnam que sumaba a su propuesta de pacificaci\u00f3n del sur del pa\u00eds, evitando una confrontaci\u00f3n en la regi\u00f3n septentrional, fronteriza con China.\u00a0<\/span><\/p>\n<p><span style=\"font-weight: 400;\">Los franceses se planteaban mantenerse a la ofensiva, propinando golpes en la retaguardia a fin de inmovilizar y desgastar al ej\u00e9rcito popular de Vietnam. El Plan Navarre, elaborado y financiado en conjunto con el Pent\u00e1gono estadounidense, ten\u00eda como objetivo aniquilar en 18 meses al principal contingente militar vietnamita y transformar el pa\u00eds en colonia y base militar de Francia y Estados Unidos.<\/span><\/p>\n<p><span style=\"font-weight: 400;\">En la reuni\u00f3n de octubre, el presidente Ho transmitiendo serenidad dijo que el enemigo se hab\u00eda concentrado a fin de reforzarse, por lo que hab\u00eda que obligarlo a dispersarse y reducir su fuerza. Con este prop\u00f3sito, el Comit\u00e9 Central del Partido Comunista de Vietnam emiti\u00f3 una\u00a0 directiva. Con el fin de mantener y desarrollar la iniciativa, se utilizar\u00eda una parte de las fuerzas regulares para que, actuando de manera coordinada con las tropas regionales, atacar los puntos estrat\u00e9gicos que se consideraban de mayor debilidad del enemigo, oblig\u00e1ndolo a dispersarse para defenderse.\u00a0<\/span><\/p>\n<p><span style=\"font-weight: 400;\">De esta forma, se crear\u00eda una nueva situaci\u00f3n, en la que se deber\u00eda observar permanentemente la dislocaci\u00f3n del ej\u00e9rcito franc\u00e9s para que, una vez se presentara la ocasi\u00f3n, concentrar las tropas, eliminar las fuerzas m\u00e1s importantes del enemigo y cambiar el curso de la guerra.<\/span><\/p>\n<p><span style=\"font-weight: 400;\">Asimismo, se emitieron disposiciones para intensificar la guerra de guerrillas, defender las zonas liberadas con las tropas locales y estrechar la coordinaci\u00f3n con las fuerzas revolucionarias de Laos y Camboya.<\/span><\/p>\n<p><span style=\"font-weight: 400;\">En cumplimiento de esta resoluci\u00f3n, en diciembre de 1953, el ej\u00e9rcito vietnamita tom\u00f3 la iniciativa, liberando importantes zonas del noroeste del pa\u00eds, al mismo tiempo que otras zonas en el sur y el centro de Laos y el noroeste de Camboya tambi\u00e9n fueron liberadas, logrando el objetivo de dispersar las fuerzas del enemigo y oblig\u00e1ndolo a recomponer su plan al impedir que pudiera realizar operaciones en algunos territorios donde las hab\u00eda preparado, siendo impelido a retirar tropas del sur para reforzar el norte, impidiendo su plan de concentraci\u00f3n de fuerzas.\u00a0<\/span><\/p>\n<p><span style=\"font-weight: 400;\">Todo esto fue creando las condiciones para su aniquilamiento, al tener que abandonar posiciones, puestos avanzados y bases a\u00e9reas que redundaron en cuantiosas p\u00e9rdidas para el poder colonial.<\/span><\/p>\n<p><span style=\"font-weight: 400;\">Como dijo el General Giap en sus memorias:\u00a0 \u201c\u2026los franceses nunca pudieron resolver la contradicci\u00f3n concentraci\u00f3n-dispersi\u00f3n en sus fuerzas\u201d. Hacia el ahondamiento de esa contradicci\u00f3n apunt\u00f3 la ofensiva vietnamita. La misma se manifestaba por el hecho de que el ej\u00e9rcito franc\u00e9s necesitaba dispersar para ocupar todo el territorio en disputa, pero, \u201cal dispersar se encontraba en dificultades. Sus dispersas unidades se convirtieron en f\u00e1cil presa para nuestras tropas, sus fuerzas m\u00f3viles se reduc\u00edan continuamente y la escasez de efectivos se hizo m\u00e1s marcada\u2026\u201d<\/span><\/p>\n<p><a href=\"https:\/\/reporteasia.com\/politica\/2024\/04\/23\/70-anos-victoria-dien-bien-phu-entrevista-embajadora-vietnam-argentina\/\"><b>Para leer entrevista a embajadora de Vietnam en Argentina, Ngo Minh Nguyet<\/b><\/a><\/p>\n<p><span style=\"font-weight: 400;\">En esta situaci\u00f3n y con el objetivo de mantener una buena posici\u00f3n en el noroeste, los franceses, con apoyo de Estados Unidos, se dieron a la tarea de construir y reforzar con extrema rapidez una gigantesca base militar en Dien Bien Phu ubicada en una zona estrat\u00e9gica en la que concentraron una buena cantidad de fuerzas y medios para convertirla en la zona fortificada que deb\u00eda transformarse en baluarte para la aplicaci\u00f3n del Plan Navarre, extendiendo y prolongando la guerra.<\/span><\/p>\n<p><span style=\"font-weight: 400;\">En este contexto, el Bur\u00f3 Pol\u00edtico del PCV decidi\u00f3 derrotar y aniquilar al enemigo en Dien Bien Phu para lo cual dispuso una serie de medidas encaminadas a la victoria. Se impuso como tarea principal el apoyo multisectorial al ej\u00e9rcito por lo cual miles de voluntarios, tropas locales, regionales y fuerzas regulares concatenaron esfuerzos para sobrepasar la supremac\u00eda t\u00e9cnica y en armamentos del ej\u00e9rcito colonial.\u00a0<\/span><\/p>\n<p><span style=\"font-weight: 400;\">Para eso se abrieron centenares de kil\u00f3metros de caminos rurales en medio de la selva y la monta\u00f1a, trasladando por rutas casi inaccesibles el armamento, las municiones y los abastecimientos log\u00edsticos necesarios para la eventual batalla.<\/span><\/p>\n<p><span style=\"font-weight: 400;\">El 7 de mayo, despu\u00e9s de 55 d\u00edas de feroces combates, el ej\u00e9rcito vietnamita pudo destruir todo el sistema de fortificaciones de Dien Bien Phu, aniquilando o capturando hasta 16 mil efectivos enemigos incluyendo todos sus oficiales. En general, durante toda la campa\u00f1a, se liquidaron 112 mil soldados enemigos, liberando zonas estrat\u00e9gicas relevantes y recuperando las tres cuartas partes del pa\u00eds al tiempo que \u00e9xitos similares se obten\u00edan en Laos y Camboya.\u00a0<\/span><\/p>\n<p><a href=\"https:\/\/es.vietnamplus.vn\/labores-periodisticas-en-campo-de-batalla-de-dien-bien-phu-post197389.vnp\"><b>Para leer sobre la heroica labor de los periodistas vietnamitas en el frente de batalla<\/b><\/a><\/p>\n<p><span style=\"font-weight: 400;\">Ante la derrota y la posibilidad de desaparici\u00f3n total, los franceses se retiraron al sur del paralelo 18. La victoria de Dien Bien Phu signific\u00f3 la liberaci\u00f3n de todo el norte del pa\u00eds, cre\u00e1ndose condiciones para su posterior reunificaci\u00f3n que habr\u00eda de esperar 19 a\u00f1os m\u00e1s de lucha, ahora contra Estados Unidos que cre\u00f3 un gobierno t\u00edtere en el sur.<\/span><\/p>\n<p><span style=\"font-weight: 400;\">En julio de 1954 se firmaron los Acuerdos de Ginebra mediante los cuales, Francia formalizaba el retiro de sus tropas, reconoc\u00eda la independencia de Vietnam, Laos y Camboya y se establec\u00eda una l\u00ednea de demarcaci\u00f3n en el paralelo 17. De igual manera, se pact\u00f3 la realizaci\u00f3n de elecciones a efectuarse en julio de 1956 para avanzar hacia la reunificaci\u00f3n del pa\u00eds.<\/span><\/p>\n<p><span style=\"font-weight: 400;\">La victoria de Dien Bien Phu y los posteriores Acuerdos de Ginebra que de ella emanaron, expusieron una derrota total de Francia y significaron un est\u00edmulo para todos los pueblos que luchaban contra el colonialismo y el neocolonialismo. As\u00ed mismo, obligaron a posponer los planes imperialistas dise\u00f1ados en Washington para el sureste de Asia.\u00a0<\/span><\/p>\n<p><span style=\"font-weight: 400;\">Estados Unidos no cumpli\u00f3 los acuerdos, creando una nueva situaci\u00f3n que, como se dijo antes, exigieron otros 19 a\u00f1os de lucha hasta la total derrota del imperio norteamericano, logrando la ansiada reunificaci\u00f3n nacional, la paz y el inicio sostenido de la marcha del pa\u00eds hacia el socialismo bajo la conducci\u00f3n del Partido Comunista de Vietnam, fundado por Ho Chi Minh.<\/span><\/p>\n<p><b>Autor: Sergio Rodr\u00edguez Gelfenstein<\/b><\/p>\n<p><a href=\"http:\/\/www.sergioro07.blogspot.com\"><b>www.sergioro07.blogspot.com<\/b><\/a><\/p>\n","protected":false},"excerpt":{"rendered":"<p>El pr\u00f3ximo 7 de mayo se conmemorar\u00e1 el septuag\u00e9simo aniversario de la victoria del pueblo&#8230;<\/p>\n","protected":false},"author":1,"featured_media":987,"comment_status":"open","ping_status":"closed","sticky":false,"template":"","format":"standard","meta":{"footnotes":""},"categories":[70,52],"tags":[244,246,247,245,243],"class_list":["post-986","post","type-post","status-publish","format-standard","has-post-thumbnail","hentry","category-otras-voces","category-sergio-rodriguez-gelfenstein","tag-batalla","tag-camboya","tag-laos","tag-presidente-ho","tag-vietnam"],"yoast_head":"<!-- This site is optimized with the Yoast SEO plugin v27.5 - https:\/\/yoast.com\/product\/yoast-seo-wordpress\/ -->\n<title>A 70 a\u00f1os de la batalla de Dien Bien Phu: la contribuci\u00f3n de Vietnam a la lucha anticolonial -<\/title>\n<meta name=\"description\" content=\"El pr\u00f3ximo 7 de mayo se conmemorar\u00e1 el septuag\u00e9simo aniversario de la victoria del pueblo vietnamita en la batalla de Dien Bien Phu que dio al traste con el poder colonial franc\u00e9s en toda la pen\u00ednsula indochina. Esta batalla, junto a la guerra de independencia de Argelia concluida en 1962 y la batalla de Cuito Cuanavale finalizada en noviembre de 1988 por la acci\u00f3n conjunta de las fuerzas cubano-angolanas en el sur de este pa\u00eds, significaron las derrotas m\u00e1s contundentes propinadas al poder colonial europeo en la segunda mitad del siglo XX.\" \/>\n<meta name=\"robots\" content=\"index, follow, max-snippet:-1, max-image-preview:large, max-video-preview:-1\" \/>\n<link rel=\"canonical\" href=\"https:\/\/hueleaazufre.com\/wordpress_a\/index.php\/2024\/05\/03\/a-70-anos-de-la-batalla-de-dien-bien-phu-la-contribucion-de-vietnam-a-la-lucha-anticolonial\/\" \/>\n<meta property=\"og:locale\" content=\"es_ES\" \/>\n<meta property=\"og:type\" content=\"article\" \/>\n<meta property=\"og:title\" content=\"A 70 a\u00f1os de la batalla de Dien Bien Phu: la contribuci\u00f3n de Vietnam a la lucha anticolonial -\" \/>\n<meta property=\"og:description\" content=\"El pr\u00f3ximo 7 de mayo se conmemorar\u00e1 el septuag\u00e9simo aniversario de la victoria del pueblo vietnamita en la batalla de Dien Bien Phu que dio al traste con el poder colonial franc\u00e9s en toda la pen\u00ednsula indochina. Esta batalla, junto a la guerra de independencia de Argelia concluida en 1962 y la batalla de Cuito Cuanavale finalizada en noviembre de 1988 por la acci\u00f3n conjunta de las fuerzas cubano-angolanas en el sur de este pa\u00eds, significaron las derrotas m\u00e1s contundentes propinadas al poder colonial europeo en la segunda mitad del siglo XX.\" \/>\n<meta property=\"og:url\" content=\"https:\/\/hueleaazufre.com\/wordpress_a\/index.php\/2024\/05\/03\/a-70-anos-de-la-batalla-de-dien-bien-phu-la-contribucion-de-vietnam-a-la-lucha-anticolonial\/\" \/>\n<meta property=\"article:published_time\" content=\"2024-05-03T01:28:38+00:00\" \/>\n<meta property=\"article:modified_time\" content=\"2024-05-03T01:38:05+00:00\" \/>\n<meta property=\"og:image\" content=\"https:\/\/hueleaazufre.com\/wordpress_a\/wp-content\/uploads\/2024\/05\/batalla-de-dien-bien-phu-vietnam-1954-.jpeg\" \/>\n\t<meta property=\"og:image:width\" content=\"1024\" \/>\n\t<meta property=\"og:image:height\" content=\"1024\" \/>\n\t<meta property=\"og:image:type\" content=\"image\/jpeg\" \/>\n<meta name=\"author\" content=\"Huele a azufre\" \/>\n<meta name=\"twitter:card\" content=\"summary_large_image\" \/>\n<meta name=\"twitter:label1\" content=\"Escrito por\" \/>\n\t<meta name=\"twitter:data1\" content=\"Huele a azufre\" \/>\n\t<meta name=\"twitter:label2\" content=\"Tiempo de lectura\" \/>\n\t<meta name=\"twitter:data2\" content=\"7 minutos\" \/>\n<script type=\"application\/ld+json\" class=\"yoast-schema-graph\">{\"@context\":\"https:\\\/\\\/schema.org\",\"@graph\":[{\"@type\":\"Article\",\"@id\":\"https:\\\/\\\/hueleaazufre.com\\\/wordpress_a\\\/index.php\\\/2024\\\/05\\\/03\\\/a-70-anos-de-la-batalla-de-dien-bien-phu-la-contribucion-de-vietnam-a-la-lucha-anticolonial\\\/#article\",\"isPartOf\":{\"@id\":\"https:\\\/\\\/hueleaazufre.com\\\/wordpress_a\\\/index.php\\\/2024\\\/05\\\/03\\\/a-70-anos-de-la-batalla-de-dien-bien-phu-la-contribucion-de-vietnam-a-la-lucha-anticolonial\\\/\"},\"author\":{\"name\":\"Huele a azufre\",\"@id\":\"https:\\\/\\\/hueleaazufre.com\\\/wordpress_a\\\/#\\\/schema\\\/person\\\/549dd871707ea7f9f1a686323ebe9baa\"},\"headline\":\"A 70 a\u00f1os de la batalla de Dien Bien Phu: la contribuci\u00f3n de Vietnam a la lucha anticolonial\",\"datePublished\":\"2024-05-03T01:28:38+00:00\",\"dateModified\":\"2024-05-03T01:38:05+00:00\",\"mainEntityOfPage\":{\"@id\":\"https:\\\/\\\/hueleaazufre.com\\\/wordpress_a\\\/index.php\\\/2024\\\/05\\\/03\\\/a-70-anos-de-la-batalla-de-dien-bien-phu-la-contribucion-de-vietnam-a-la-lucha-anticolonial\\\/\"},\"wordCount\":1551,\"commentCount\":0,\"image\":{\"@id\":\"https:\\\/\\\/hueleaazufre.com\\\/wordpress_a\\\/index.php\\\/2024\\\/05\\\/03\\\/a-70-anos-de-la-batalla-de-dien-bien-phu-la-contribucion-de-vietnam-a-la-lucha-anticolonial\\\/#primaryimage\"},\"thumbnailUrl\":\"https:\\\/\\\/hueleaazufre.com\\\/wordpress_a\\\/wp-content\\\/uploads\\\/2024\\\/05\\\/batalla-de-dien-bien-phu-vietnam-1954-.jpeg\",\"keywords\":[\"batalla\",\"Camboya\",\"Laos\",\"presidente Ho\",\"Vietnam\"],\"articleSection\":[\"Otras voces\",\"Sergio Rodr\u00edguez Gelfenstein\"],\"inLanguage\":\"es\",\"potentialAction\":[{\"@type\":\"CommentAction\",\"name\":\"Comment\",\"target\":[\"https:\\\/\\\/hueleaazufre.com\\\/wordpress_a\\\/index.php\\\/2024\\\/05\\\/03\\\/a-70-anos-de-la-batalla-de-dien-bien-phu-la-contribucion-de-vietnam-a-la-lucha-anticolonial\\\/#respond\"]}]},{\"@type\":\"WebPage\",\"@id\":\"https:\\\/\\\/hueleaazufre.com\\\/wordpress_a\\\/index.php\\\/2024\\\/05\\\/03\\\/a-70-anos-de-la-batalla-de-dien-bien-phu-la-contribucion-de-vietnam-a-la-lucha-anticolonial\\\/\",\"url\":\"https:\\\/\\\/hueleaazufre.com\\\/wordpress_a\\\/index.php\\\/2024\\\/05\\\/03\\\/a-70-anos-de-la-batalla-de-dien-bien-phu-la-contribucion-de-vietnam-a-la-lucha-anticolonial\\\/\",\"name\":\"A 70 a\u00f1os de la batalla de Dien Bien Phu: la contribuci\u00f3n de Vietnam a la lucha anticolonial -\",\"isPartOf\":{\"@id\":\"https:\\\/\\\/hueleaazufre.com\\\/wordpress_a\\\/#website\"},\"primaryImageOfPage\":{\"@id\":\"https:\\\/\\\/hueleaazufre.com\\\/wordpress_a\\\/index.php\\\/2024\\\/05\\\/03\\\/a-70-anos-de-la-batalla-de-dien-bien-phu-la-contribucion-de-vietnam-a-la-lucha-anticolonial\\\/#primaryimage\"},\"image\":{\"@id\":\"https:\\\/\\\/hueleaazufre.com\\\/wordpress_a\\\/index.php\\\/2024\\\/05\\\/03\\\/a-70-anos-de-la-batalla-de-dien-bien-phu-la-contribucion-de-vietnam-a-la-lucha-anticolonial\\\/#primaryimage\"},\"thumbnailUrl\":\"https:\\\/\\\/hueleaazufre.com\\\/wordpress_a\\\/wp-content\\\/uploads\\\/2024\\\/05\\\/batalla-de-dien-bien-phu-vietnam-1954-.jpeg\",\"datePublished\":\"2024-05-03T01:28:38+00:00\",\"dateModified\":\"2024-05-03T01:38:05+00:00\",\"author\":{\"@id\":\"https:\\\/\\\/hueleaazufre.com\\\/wordpress_a\\\/#\\\/schema\\\/person\\\/549dd871707ea7f9f1a686323ebe9baa\"},\"description\":\"El pr\u00f3ximo 7 de mayo se conmemorar\u00e1 el septuag\u00e9simo aniversario de la victoria del pueblo vietnamita en la batalla de Dien Bien Phu que dio al traste con el poder colonial franc\u00e9s en toda la pen\u00ednsula indochina. Esta batalla, junto a la guerra de independencia de Argelia concluida en 1962 y la batalla de Cuito Cuanavale finalizada en noviembre de 1988 por la acci\u00f3n conjunta de las fuerzas cubano-angolanas en el sur de este pa\u00eds, significaron las derrotas m\u00e1s contundentes propinadas al poder colonial europeo en la segunda mitad del siglo XX.\",\"breadcrumb\":{\"@id\":\"https:\\\/\\\/hueleaazufre.com\\\/wordpress_a\\\/index.php\\\/2024\\\/05\\\/03\\\/a-70-anos-de-la-batalla-de-dien-bien-phu-la-contribucion-de-vietnam-a-la-lucha-anticolonial\\\/#breadcrumb\"},\"inLanguage\":\"es\",\"potentialAction\":[{\"@type\":\"ReadAction\",\"target\":[\"https:\\\/\\\/hueleaazufre.com\\\/wordpress_a\\\/index.php\\\/2024\\\/05\\\/03\\\/a-70-anos-de-la-batalla-de-dien-bien-phu-la-contribucion-de-vietnam-a-la-lucha-anticolonial\\\/\"]}]},{\"@type\":\"ImageObject\",\"inLanguage\":\"es\",\"@id\":\"https:\\\/\\\/hueleaazufre.com\\\/wordpress_a\\\/index.php\\\/2024\\\/05\\\/03\\\/a-70-anos-de-la-batalla-de-dien-bien-phu-la-contribucion-de-vietnam-a-la-lucha-anticolonial\\\/#primaryimage\",\"url\":\"https:\\\/\\\/hueleaazufre.com\\\/wordpress_a\\\/wp-content\\\/uploads\\\/2024\\\/05\\\/batalla-de-dien-bien-phu-vietnam-1954-.jpeg\",\"contentUrl\":\"https:\\\/\\\/hueleaazufre.com\\\/wordpress_a\\\/wp-content\\\/uploads\\\/2024\\\/05\\\/batalla-de-dien-bien-phu-vietnam-1954-.jpeg\",\"width\":1024,\"height\":1024},{\"@type\":\"BreadcrumbList\",\"@id\":\"https:\\\/\\\/hueleaazufre.com\\\/wordpress_a\\\/index.php\\\/2024\\\/05\\\/03\\\/a-70-anos-de-la-batalla-de-dien-bien-phu-la-contribucion-de-vietnam-a-la-lucha-anticolonial\\\/#breadcrumb\",\"itemListElement\":[{\"@type\":\"ListItem\",\"position\":1,\"name\":\"Portada\",\"item\":\"https:\\\/\\\/hueleaazufre.com\\\/wordpress_a\\\/\"},{\"@type\":\"ListItem\",\"position\":2,\"name\":\"A 70 a\u00f1os de la batalla de Dien Bien Phu: la contribuci\u00f3n de Vietnam a la lucha anticolonial\"}]},{\"@type\":\"WebSite\",\"@id\":\"https:\\\/\\\/hueleaazufre.com\\\/wordpress_a\\\/#website\",\"url\":\"https:\\\/\\\/hueleaazufre.com\\\/wordpress_a\\\/\",\"name\":\"\",\"description\":\"Huele a azufre es una plataforma digital de an\u00e1lisis geopol\u00edtico.\",\"potentialAction\":[{\"@type\":\"SearchAction\",\"target\":{\"@type\":\"EntryPoint\",\"urlTemplate\":\"https:\\\/\\\/hueleaazufre.com\\\/wordpress_a\\\/?s={search_term_string}\"},\"query-input\":{\"@type\":\"PropertyValueSpecification\",\"valueRequired\":true,\"valueName\":\"search_term_string\"}}],\"inLanguage\":\"es\"},{\"@type\":\"Person\",\"@id\":\"https:\\\/\\\/hueleaazufre.com\\\/wordpress_a\\\/#\\\/schema\\\/person\\\/549dd871707ea7f9f1a686323ebe9baa\",\"name\":\"Huele a azufre\",\"image\":{\"@type\":\"ImageObject\",\"inLanguage\":\"es\",\"@id\":\"https:\\\/\\\/secure.gravatar.com\\\/avatar\\\/e972d5c124b9bf80eb4c9d322a90dd86a59d447f5da36700a77516f13637d44e?s=96&d=mm&r=g\",\"url\":\"https:\\\/\\\/secure.gravatar.com\\\/avatar\\\/e972d5c124b9bf80eb4c9d322a90dd86a59d447f5da36700a77516f13637d44e?s=96&d=mm&r=g\",\"contentUrl\":\"https:\\\/\\\/secure.gravatar.com\\\/avatar\\\/e972d5c124b9bf80eb4c9d322a90dd86a59d447f5da36700a77516f13637d44e?s=96&d=mm&r=g\",\"caption\":\"Huele a azufre\"},\"description\":\"Huele a azufre es una plataforma digital de an\u00e1lisis geopol\u00edtico\u00a0 contrahegem\u00f3nico, que busca visibilizar las voces y los discursos silenciados por el poder medi\u00e1tico.\",\"sameAs\":[\"https:\\\/\\\/hueleaazufre.com\\\/wordpress_a\"],\"url\":\"https:\\\/\\\/hueleaazufre.com\\\/wordpress_a\\\/index.php\\\/author\\\/admin_tupapa\\\/\"}]}<\/script>\n<!-- \/ Yoast SEO plugin. -->","yoast_head_json":{"title":"A 70 a\u00f1os de la batalla de Dien Bien Phu: la contribuci\u00f3n de Vietnam a la lucha anticolonial -","description":"El pr\u00f3ximo 7 de mayo se conmemorar\u00e1 el septuag\u00e9simo aniversario de la victoria del pueblo vietnamita en la batalla de Dien Bien Phu que dio al traste con el poder colonial franc\u00e9s en toda la pen\u00ednsula indochina. Esta batalla, junto a la guerra de independencia de Argelia concluida en 1962 y la batalla de Cuito Cuanavale finalizada en noviembre de 1988 por la acci\u00f3n conjunta de las fuerzas cubano-angolanas en el sur de este pa\u00eds, significaron las derrotas m\u00e1s contundentes propinadas al poder colonial europeo en la segunda mitad del siglo XX.","robots":{"index":"index","follow":"follow","max-snippet":"max-snippet:-1","max-image-preview":"max-image-preview:large","max-video-preview":"max-video-preview:-1"},"canonical":"https:\/\/hueleaazufre.com\/wordpress_a\/index.php\/2024\/05\/03\/a-70-anos-de-la-batalla-de-dien-bien-phu-la-contribucion-de-vietnam-a-la-lucha-anticolonial\/","og_locale":"es_ES","og_type":"article","og_title":"A 70 a\u00f1os de la batalla de Dien Bien Phu: la contribuci\u00f3n de Vietnam a la lucha anticolonial -","og_description":"El pr\u00f3ximo 7 de mayo se conmemorar\u00e1 el septuag\u00e9simo aniversario de la victoria del pueblo vietnamita en la batalla de Dien Bien Phu que dio al traste con el poder colonial franc\u00e9s en toda la pen\u00ednsula indochina. Esta batalla, junto a la guerra de independencia de Argelia concluida en 1962 y la batalla de Cuito Cuanavale finalizada en noviembre de 1988 por la acci\u00f3n conjunta de las fuerzas cubano-angolanas en el sur de este pa\u00eds, significaron las derrotas m\u00e1s contundentes propinadas al poder colonial europeo en la segunda mitad del siglo XX.","og_url":"https:\/\/hueleaazufre.com\/wordpress_a\/index.php\/2024\/05\/03\/a-70-anos-de-la-batalla-de-dien-bien-phu-la-contribucion-de-vietnam-a-la-lucha-anticolonial\/","article_published_time":"2024-05-03T01:28:38+00:00","article_modified_time":"2024-05-03T01:38:05+00:00","og_image":[{"width":1024,"height":1024,"url":"https:\/\/hueleaazufre.com\/wordpress_a\/wp-content\/uploads\/2024\/05\/batalla-de-dien-bien-phu-vietnam-1954-.jpeg","type":"image\/jpeg"}],"author":"Huele a azufre","twitter_card":"summary_large_image","twitter_misc":{"Escrito por":"Huele a azufre","Tiempo de lectura":"7 minutos"},"schema":{"@context":"https:\/\/schema.org","@graph":[{"@type":"Article","@id":"https:\/\/hueleaazufre.com\/wordpress_a\/index.php\/2024\/05\/03\/a-70-anos-de-la-batalla-de-dien-bien-phu-la-contribucion-de-vietnam-a-la-lucha-anticolonial\/#article","isPartOf":{"@id":"https:\/\/hueleaazufre.com\/wordpress_a\/index.php\/2024\/05\/03\/a-70-anos-de-la-batalla-de-dien-bien-phu-la-contribucion-de-vietnam-a-la-lucha-anticolonial\/"},"author":{"name":"Huele a azufre","@id":"https:\/\/hueleaazufre.com\/wordpress_a\/#\/schema\/person\/549dd871707ea7f9f1a686323ebe9baa"},"headline":"A 70 a\u00f1os de la batalla de Dien Bien Phu: la contribuci\u00f3n de Vietnam a la lucha anticolonial","datePublished":"2024-05-03T01:28:38+00:00","dateModified":"2024-05-03T01:38:05+00:00","mainEntityOfPage":{"@id":"https:\/\/hueleaazufre.com\/wordpress_a\/index.php\/2024\/05\/03\/a-70-anos-de-la-batalla-de-dien-bien-phu-la-contribucion-de-vietnam-a-la-lucha-anticolonial\/"},"wordCount":1551,"commentCount":0,"image":{"@id":"https:\/\/hueleaazufre.com\/wordpress_a\/index.php\/2024\/05\/03\/a-70-anos-de-la-batalla-de-dien-bien-phu-la-contribucion-de-vietnam-a-la-lucha-anticolonial\/#primaryimage"},"thumbnailUrl":"https:\/\/hueleaazufre.com\/wordpress_a\/wp-content\/uploads\/2024\/05\/batalla-de-dien-bien-phu-vietnam-1954-.jpeg","keywords":["batalla","Camboya","Laos","presidente Ho","Vietnam"],"articleSection":["Otras voces","Sergio Rodr\u00edguez Gelfenstein"],"inLanguage":"es","potentialAction":[{"@type":"CommentAction","name":"Comment","target":["https:\/\/hueleaazufre.com\/wordpress_a\/index.php\/2024\/05\/03\/a-70-anos-de-la-batalla-de-dien-bien-phu-la-contribucion-de-vietnam-a-la-lucha-anticolonial\/#respond"]}]},{"@type":"WebPage","@id":"https:\/\/hueleaazufre.com\/wordpress_a\/index.php\/2024\/05\/03\/a-70-anos-de-la-batalla-de-dien-bien-phu-la-contribucion-de-vietnam-a-la-lucha-anticolonial\/","url":"https:\/\/hueleaazufre.com\/wordpress_a\/index.php\/2024\/05\/03\/a-70-anos-de-la-batalla-de-dien-bien-phu-la-contribucion-de-vietnam-a-la-lucha-anticolonial\/","name":"A 70 a\u00f1os de la batalla de Dien Bien Phu: la contribuci\u00f3n de Vietnam a la lucha anticolonial -","isPartOf":{"@id":"https:\/\/hueleaazufre.com\/wordpress_a\/#website"},"primaryImageOfPage":{"@id":"https:\/\/hueleaazufre.com\/wordpress_a\/index.php\/2024\/05\/03\/a-70-anos-de-la-batalla-de-dien-bien-phu-la-contribucion-de-vietnam-a-la-lucha-anticolonial\/#primaryimage"},"image":{"@id":"https:\/\/hueleaazufre.com\/wordpress_a\/index.php\/2024\/05\/03\/a-70-anos-de-la-batalla-de-dien-bien-phu-la-contribucion-de-vietnam-a-la-lucha-anticolonial\/#primaryimage"},"thumbnailUrl":"https:\/\/hueleaazufre.com\/wordpress_a\/wp-content\/uploads\/2024\/05\/batalla-de-dien-bien-phu-vietnam-1954-.jpeg","datePublished":"2024-05-03T01:28:38+00:00","dateModified":"2024-05-03T01:38:05+00:00","author":{"@id":"https:\/\/hueleaazufre.com\/wordpress_a\/#\/schema\/person\/549dd871707ea7f9f1a686323ebe9baa"},"description":"El pr\u00f3ximo 7 de mayo se conmemorar\u00e1 el septuag\u00e9simo aniversario de la victoria del pueblo vietnamita en la batalla de Dien Bien Phu que dio al traste con el poder colonial franc\u00e9s en toda la pen\u00ednsula indochina. Esta batalla, junto a la guerra de independencia de Argelia concluida en 1962 y la batalla de Cuito Cuanavale finalizada en noviembre de 1988 por la acci\u00f3n conjunta de las fuerzas cubano-angolanas en el sur de este pa\u00eds, significaron las derrotas m\u00e1s contundentes propinadas al poder colonial europeo en la segunda mitad del siglo XX.","breadcrumb":{"@id":"https:\/\/hueleaazufre.com\/wordpress_a\/index.php\/2024\/05\/03\/a-70-anos-de-la-batalla-de-dien-bien-phu-la-contribucion-de-vietnam-a-la-lucha-anticolonial\/#breadcrumb"},"inLanguage":"es","potentialAction":[{"@type":"ReadAction","target":["https:\/\/hueleaazufre.com\/wordpress_a\/index.php\/2024\/05\/03\/a-70-anos-de-la-batalla-de-dien-bien-phu-la-contribucion-de-vietnam-a-la-lucha-anticolonial\/"]}]},{"@type":"ImageObject","inLanguage":"es","@id":"https:\/\/hueleaazufre.com\/wordpress_a\/index.php\/2024\/05\/03\/a-70-anos-de-la-batalla-de-dien-bien-phu-la-contribucion-de-vietnam-a-la-lucha-anticolonial\/#primaryimage","url":"https:\/\/hueleaazufre.com\/wordpress_a\/wp-content\/uploads\/2024\/05\/batalla-de-dien-bien-phu-vietnam-1954-.jpeg","contentUrl":"https:\/\/hueleaazufre.com\/wordpress_a\/wp-content\/uploads\/2024\/05\/batalla-de-dien-bien-phu-vietnam-1954-.jpeg","width":1024,"height":1024},{"@type":"BreadcrumbList","@id":"https:\/\/hueleaazufre.com\/wordpress_a\/index.php\/2024\/05\/03\/a-70-anos-de-la-batalla-de-dien-bien-phu-la-contribucion-de-vietnam-a-la-lucha-anticolonial\/#breadcrumb","itemListElement":[{"@type":"ListItem","position":1,"name":"Portada","item":"https:\/\/hueleaazufre.com\/wordpress_a\/"},{"@type":"ListItem","position":2,"name":"A 70 a\u00f1os de la batalla de Dien Bien Phu: la contribuci\u00f3n de Vietnam a la lucha anticolonial"}]},{"@type":"WebSite","@id":"https:\/\/hueleaazufre.com\/wordpress_a\/#website","url":"https:\/\/hueleaazufre.com\/wordpress_a\/","name":"","description":"Huele a azufre es una plataforma digital de an\u00e1lisis geopol\u00edtico.","potentialAction":[{"@type":"SearchAction","target":{"@type":"EntryPoint","urlTemplate":"https:\/\/hueleaazufre.com\/wordpress_a\/?s={search_term_string}"},"query-input":{"@type":"PropertyValueSpecification","valueRequired":true,"valueName":"search_term_string"}}],"inLanguage":"es"},{"@type":"Person","@id":"https:\/\/hueleaazufre.com\/wordpress_a\/#\/schema\/person\/549dd871707ea7f9f1a686323ebe9baa","name":"Huele a azufre","image":{"@type":"ImageObject","inLanguage":"es","@id":"https:\/\/secure.gravatar.com\/avatar\/e972d5c124b9bf80eb4c9d322a90dd86a59d447f5da36700a77516f13637d44e?s=96&d=mm&r=g","url":"https:\/\/secure.gravatar.com\/avatar\/e972d5c124b9bf80eb4c9d322a90dd86a59d447f5da36700a77516f13637d44e?s=96&d=mm&r=g","contentUrl":"https:\/\/secure.gravatar.com\/avatar\/e972d5c124b9bf80eb4c9d322a90dd86a59d447f5da36700a77516f13637d44e?s=96&d=mm&r=g","caption":"Huele a azufre"},"description":"Huele a azufre es una plataforma digital de an\u00e1lisis geopol\u00edtico\u00a0 contrahegem\u00f3nico, que busca visibilizar las voces y los discursos silenciados por el poder medi\u00e1tico.","sameAs":["https:\/\/hueleaazufre.com\/wordpress_a"],"url":"https:\/\/hueleaazufre.com\/wordpress_a\/index.php\/author\/admin_tupapa\/"}]}},"_links":{"self":[{"href":"https:\/\/hueleaazufre.com\/wordpress_a\/index.php\/wp-json\/wp\/v2\/posts\/986","targetHints":{"allow":["GET"]}}],"collection":[{"href":"https:\/\/hueleaazufre.com\/wordpress_a\/index.php\/wp-json\/wp\/v2\/posts"}],"about":[{"href":"https:\/\/hueleaazufre.com\/wordpress_a\/index.php\/wp-json\/wp\/v2\/types\/post"}],"author":[{"embeddable":true,"href":"https:\/\/hueleaazufre.com\/wordpress_a\/index.php\/wp-json\/wp\/v2\/users\/1"}],"replies":[{"embeddable":true,"href":"https:\/\/hueleaazufre.com\/wordpress_a\/index.php\/wp-json\/wp\/v2\/comments?post=986"}],"version-history":[{"count":3,"href":"https:\/\/hueleaazufre.com\/wordpress_a\/index.php\/wp-json\/wp\/v2\/posts\/986\/revisions"}],"predecessor-version":[{"id":990,"href":"https:\/\/hueleaazufre.com\/wordpress_a\/index.php\/wp-json\/wp\/v2\/posts\/986\/revisions\/990"}],"wp:featuredmedia":[{"embeddable":true,"href":"https:\/\/hueleaazufre.com\/wordpress_a\/index.php\/wp-json\/wp\/v2\/media\/987"}],"wp:attachment":[{"href":"https:\/\/hueleaazufre.com\/wordpress_a\/index.php\/wp-json\/wp\/v2\/media?parent=986"}],"wp:term":[{"taxonomy":"category","embeddable":true,"href":"https:\/\/hueleaazufre.com\/wordpress_a\/index.php\/wp-json\/wp\/v2\/categories?post=986"},{"taxonomy":"post_tag","embeddable":true,"href":"https:\/\/hueleaazufre.com\/wordpress_a\/index.php\/wp-json\/wp\/v2\/tags?post=986"}],"curies":[{"name":"wp","href":"https:\/\/api.w.org\/{rel}","templated":true}]}}